{"id":1028,"date":"2012-07-18T05:03:02","date_gmt":"2012-07-18T03:03:02","guid":{"rendered":"http:\/\/252373706c.url-de-test.ws\/arepo\/2012\/07\/18\/cuando-los-ministros-de-agricultura-de-baviera-y-emilia-romana-se-reunen-son-dos-de-las-mayores-regiones-agricolas-de-europa-que-comparten-sus-puntos-de-vista-sobre-la-calidad-futura-de-la-politica-a\/"},"modified":"2021-07-30T11:39:41","modified_gmt":"2021-07-30T09:39:41","slug":"cuando-los-ministros-de-agricultura-de-baviera-y-emilia-romana-se-reunen-son-dos-de-las-mayores-regiones-agricolas-de-europa-que-comparten-sus-puntos-de-vista-sobre-la-calidad-futura-de-la-politica-a","status":"publish","type":"post","link":"https:\/\/www.arepoquality.eu\/es\/2012\/07\/18\/cuando-los-ministros-de-agricultura-de-baviera-y-emilia-romana-se-reunen-son-dos-de-las-mayores-regiones-agricolas-de-europa-que-comparten-sus-puntos-de-vista-sobre-la-calidad-futura-de-la-politica-a\/","title":{"rendered":"Cuando los Ministros de Agricultura de Baviera y Emilia-Roma\u00f1a se reunen, son dos de las mayores regiones agr\u00edcolas de Europa que comparten sus puntos de vista sobre la calidad futura de la pol\u00edtica agr\u00edcola"},"content":{"rendered":"<p>Tiberio Rabboni, Ministro de Agricultura de la regi\u00f3n Emilia-Roma\u00f1a y presidente de AREPO, fue recibido en M\u00fanich por Helmut Brunner, Ministro de Agricultura de Baviera, un miembro observador de la AREPO. Fue una oportunidad para que estos dos funcionarios de alto nivel intercambiaran puntos de vista sobre la reforma de la PAC, el paquete calidad, el reconocimiento del termino monta\u00f1a, la pol\u00edtica de promoci\u00f3n de los productos agr\u00edcolas, el desarrollo de la agricultura ecol\u00f3gica y de lo productos locales.<\/p>\n<p>Esta reuni\u00f3n permiti\u00f3 comprobar su convergencia en los objetivos generales de una pol\u00edtica agr\u00edcola sostenible:<\/p>\n<p>\u2022 aumentar el valor a\u00f1adido de la producci\u00f3n agr\u00edcola para los productores<\/p>\n<p>\u2022 permitir el desarrollo equilibrado de las regiones, incluyendo el desarrollo de los mercados locales.<\/p>\n<p>Se trata de dos importantes regiones agr\u00edcolas europeas, en particular en t\u00e9rminos de calidad: por un lado Emilia-Romagna, sede hist\u00f3rica de algunas de las mayores producciones de origen como el Parmigiano Reggiano y el Jam\u00f3n de Parma, y por otro lado de Baviera, cuyas especialidades agr\u00edcolas y alimentarias fueron tradicionalmente valorizadas por marcas, per que tambi\u00e9n cuenta con 15 IGP y DOP incluyendo la cerveza b\u00e1vara de fama mundial.<\/p>\n<p>Se debati\u00f3 sobre la petici\u00f3n de los productores de IGP y DOP para poder intervenir en la gesti\u00f3n de los vol\u00famenes de producci\u00f3n. Esta demanda siempre bloqueado la conclusi\u00f3n del tr\u00edlogo con respecto al reglamento sobre sistemas de calidad. Finalmente fue trasladada al proyecto de informe sobre la OCM \u00fanica del diputado Michel Dantin. Helmut Brunner est\u00e1 interesado en comprender c\u00f3mo dicha propuesta no obstaculizar\u00e1 el desarrollo de cadenas de calidad y no ser\u00e1 impuesta a los productores que a\u00fan no han comenzado la producci\u00f3n. AREPO, como todas las otras organizaciones que apoyan la solicitud, deber\u00e1 continuar explicando el mecanismo propuesto. No debe ser contrario a las leyes de la competencia. Hay que hacer un paralelo con el dispositivo adoptado en el paquete leche. Por definici\u00f3n no hay productos similares a las IGP y DOP. Su gesti\u00f3n colectiva no puede por lo tanto generar distorsiones de la competencia con productos gen\u00e9ricos.<\/p>\n<p>Por su parte, el ministro Helmut Brunner hizo hincapi\u00e9 en la diferencia en el reconocimiento por los consumidores alemanes e italianos de los sistemas europeos de calidad. Los logos IGP y DOP son relativamente desconocidos en Alemania. Baviera por lo tanto sostiene que la promoci\u00f3n del origen regional tambi\u00e9n deber\u00eda ser posible, incluso con el apoyo de Europa y espera que una gran mayor\u00eda de los miembros de AREPO pueda identificarse con el enfoque propuesto por Baviera y el apoyarlo.<\/p>\n<p>Adem\u00e1s de reunirse con el ministro de Helmut Brunner, en el programa de la visita de Tiberio Rabboni, hubo reuniones con Harald Ulmer, director de la Asociaci\u00f3n de Agricultura Org\u00e1nica del Estado de Baviera, con los representantes de la Asociaci\u00f3n para la Protecci\u00f3n del origen agr\u00edcola y alimentaria (HAL) y Theodor Weber, Director General del Ministerio de Agricultura y Bosques de Baviera.<\/p>\n<p>En el plano bilateral, las dos regiones decidieron fortalecer su colaboraci\u00f3n en el desarrollo de la agricultura org\u00e1nica, incluyendo la investigaci\u00f3n, la innovaci\u00f3n y la promoci\u00f3n.<br \/>\nHelmut Brunner tambi\u00e9n invit\u00f3 Tiberio Rabboni a hablar en una conferencia sobre mercados locales, que se celebrar\u00e1 en Munich el 8 de octubre como parte de la Oktoberfest.<\/p>\n","protected":false},"excerpt":{"rendered":"<p>Tiberio Rabboni, Ministro de Agricultura de la regi\u00f3n Emilia-Roma\u00f1a y presidente de AREPO, fue recibido en M\u00fanich por Helmut Brunner, Ministro de Agricultura de Baviera, un miembro observador de la AREPO. Fue una oportunidad para que estos dos funcionarios de alto nivel intercambiaran puntos de vista sobre la reforma de la PAC, el paquete calidad, [&hellip;]<\/p>\n","protected":false},"author":3,"featured_media":0,"comment_status":"closed","ping_status":"closed","sticky":false,"template":"","format":"standard","meta":{"_acf_changed":false,"footnotes":""},"categories":[259,136,126],"tags":[],"class_list":["post-1028","post","type-post","status-publish","format-standard","hentry","category-rural-development-es","category-investigacion-e-innovacion","category-sistemas-de-calidad-es"],"acf":[],"yoast_head":"<!-- This site is optimized with the Yoast SEO plugin v27.5 - https:\/\/yoast.com\/product\/yoast-seo-wordpress\/ -->\n<title>Cuando los Ministros de Agricultura de Baviera y Emilia-Roma\u00f1a se reunen, son dos de las mayores regiones agr\u00edcolas de Europa que comparten sus puntos de vista sobre la calidad futura de la pol\u00edtica agr\u00edcola - AREPO<\/title>\n<meta name=\"robots\" content=\"index, follow, max-snippet:-1, max-image-preview:large, max-video-preview:-1\" \/>\n<link rel=\"canonical\" href=\"https:\/\/www.arepoquality.eu\/es\/2012\/07\/18\/cuando-los-ministros-de-agricultura-de-baviera-y-emilia-romana-se-reunen-son-dos-de-las-mayores-regiones-agricolas-de-europa-que-comparten-sus-puntos-de-vista-sobre-la-calidad-futura-de-la-politica-a\/\" \/>\n<meta property=\"og:locale\" content=\"es_ES\" \/>\n<meta property=\"og:type\" content=\"article\" \/>\n<meta property=\"og:title\" content=\"Cuando los Ministros de Agricultura de Baviera y Emilia-Roma\u00f1a se reunen, son dos de las mayores regiones agr\u00edcolas de Europa que comparten sus puntos de vista sobre la calidad futura de la pol\u00edtica agr\u00edcola - AREPO\" \/>\n<meta property=\"og:description\" content=\"Tiberio Rabboni, Ministro de Agricultura de la regi\u00f3n Emilia-Roma\u00f1a y presidente de AREPO, fue recibido en M\u00fanich por Helmut Brunner, Ministro de Agricultura de Baviera, un miembro observador de la AREPO. Fue una oportunidad para que estos dos funcionarios de alto nivel intercambiaran puntos de vista sobre la reforma de la PAC, el paquete calidad, [&hellip;]\" \/>\n<meta property=\"og:url\" content=\"https:\/\/www.arepoquality.eu\/es\/2012\/07\/18\/cuando-los-ministros-de-agricultura-de-baviera-y-emilia-romana-se-reunen-son-dos-de-las-mayores-regiones-agricolas-de-europa-que-comparten-sus-puntos-de-vista-sobre-la-calidad-futura-de-la-politica-a\/\" \/>\n<meta property=\"og:site_name\" content=\"AREPO\" \/>\n<meta property=\"article:publisher\" content=\"https:\/\/www.facebook.com\/arepoquality\/\" \/>\n<meta property=\"article:published_time\" content=\"2012-07-18T03:03:02+00:00\" \/>\n<meta property=\"article:modified_time\" content=\"2021-07-30T09:39:41+00:00\" \/>\n<meta name=\"author\" content=\"Francesca Alampi\" \/>\n<meta name=\"twitter:card\" content=\"summary_large_image\" \/>\n<meta name=\"twitter:creator\" content=\"@arepoquality_eu\" \/>\n<meta name=\"twitter:site\" content=\"@arepoquality_eu\" \/>\n<meta name=\"twitter:label1\" content=\"Escrito por\" \/>\n\t<meta name=\"twitter:data1\" content=\"Francesca Alampi\" \/>\n\t<meta name=\"twitter:label2\" content=\"Tiempo de lectura\" \/>\n\t<meta name=\"twitter:data2\" content=\"3 minutos\" \/>\n<script type=\"application\/ld+json\" class=\"yoast-schema-graph\">{\"@context\":\"https:\\\/\\\/schema.org\",\"@graph\":[{\"@type\":\"Article\",\"@id\":\"https:\\\/\\\/www.arepoquality.eu\\\/es\\\/2012\\\/07\\\/18\\\/cuando-los-ministros-de-agricultura-de-baviera-y-emilia-romana-se-reunen-son-dos-de-las-mayores-regiones-agricolas-de-europa-que-comparten-sus-puntos-de-vista-sobre-la-calidad-futura-de-la-politica-a\\\/#article\",\"isPartOf\":{\"@id\":\"https:\\\/\\\/www.arepoquality.eu\\\/es\\\/2012\\\/07\\\/18\\\/cuando-los-ministros-de-agricultura-de-baviera-y-emilia-romana-se-reunen-son-dos-de-las-mayores-regiones-agricolas-de-europa-que-comparten-sus-puntos-de-vista-sobre-la-calidad-futura-de-la-politica-a\\\/\"},\"author\":{\"name\":\"Francesca Alampi\",\"@id\":\"https:\\\/\\\/www.arepoquality.eu\\\/#\\\/schema\\\/person\\\/15f7c6b22cbe9706c69d5201712ded97\"},\"headline\":\"Cuando los Ministros de Agricultura de Baviera y Emilia-Roma\u00f1a se reunen, son dos de las mayores regiones agr\u00edcolas de Europa que comparten sus puntos de vista sobre la calidad futura de la pol\u00edtica agr\u00edcola\",\"datePublished\":\"2012-07-18T03:03:02+00:00\",\"dateModified\":\"2021-07-30T09:39:41+00:00\",\"mainEntityOfPage\":{\"@id\":\"https:\\\/\\\/www.arepoquality.eu\\\/es\\\/2012\\\/07\\\/18\\\/cuando-los-ministros-de-agricultura-de-baviera-y-emilia-romana-se-reunen-son-dos-de-las-mayores-regiones-agricolas-de-europa-que-comparten-sus-puntos-de-vista-sobre-la-calidad-futura-de-la-politica-a\\\/\"},\"wordCount\":620,\"publisher\":{\"@id\":\"https:\\\/\\\/www.arepoquality.eu\\\/#organization\"},\"articleSection\":[\"Desarrollo rural\",\"Investigaci\u00f3n e Innovaci\u00f3n\",\"Reg\u00edmenes de calidad\"],\"inLanguage\":\"es\"},{\"@type\":\"WebPage\",\"@id\":\"https:\\\/\\\/www.arepoquality.eu\\\/es\\\/2012\\\/07\\\/18\\\/cuando-los-ministros-de-agricultura-de-baviera-y-emilia-romana-se-reunen-son-dos-de-las-mayores-regiones-agricolas-de-europa-que-comparten-sus-puntos-de-vista-sobre-la-calidad-futura-de-la-politica-a\\\/\",\"url\":\"https:\\\/\\\/www.arepoquality.eu\\\/es\\\/2012\\\/07\\\/18\\\/cuando-los-ministros-de-agricultura-de-baviera-y-emilia-romana-se-reunen-son-dos-de-las-mayores-regiones-agricolas-de-europa-que-comparten-sus-puntos-de-vista-sobre-la-calidad-futura-de-la-politica-a\\\/\",\"name\":\"Cuando los Ministros de Agricultura de Baviera y Emilia-Roma\u00f1a se reunen, son dos de las mayores regiones agr\u00edcolas de Europa que comparten sus puntos de vista sobre la calidad futura de la pol\u00edtica agr\u00edcola - AREPO\",\"isPartOf\":{\"@id\":\"https:\\\/\\\/www.arepoquality.eu\\\/#website\"},\"datePublished\":\"2012-07-18T03:03:02+00:00\",\"dateModified\":\"2021-07-30T09:39:41+00:00\",\"breadcrumb\":{\"@id\":\"https:\\\/\\\/www.arepoquality.eu\\\/es\\\/2012\\\/07\\\/18\\\/cuando-los-ministros-de-agricultura-de-baviera-y-emilia-romana-se-reunen-son-dos-de-las-mayores-regiones-agricolas-de-europa-que-comparten-sus-puntos-de-vista-sobre-la-calidad-futura-de-la-politica-a\\\/#breadcrumb\"},\"inLanguage\":\"es\",\"potentialAction\":[{\"@type\":\"ReadAction\",\"target\":[\"https:\\\/\\\/www.arepoquality.eu\\\/es\\\/2012\\\/07\\\/18\\\/cuando-los-ministros-de-agricultura-de-baviera-y-emilia-romana-se-reunen-son-dos-de-las-mayores-regiones-agricolas-de-europa-que-comparten-sus-puntos-de-vista-sobre-la-calidad-futura-de-la-politica-a\\\/\"]}]},{\"@type\":\"BreadcrumbList\",\"@id\":\"https:\\\/\\\/www.arepoquality.eu\\\/es\\\/2012\\\/07\\\/18\\\/cuando-los-ministros-de-agricultura-de-baviera-y-emilia-romana-se-reunen-son-dos-de-las-mayores-regiones-agricolas-de-europa-que-comparten-sus-puntos-de-vista-sobre-la-calidad-futura-de-la-politica-a\\\/#breadcrumb\",\"itemListElement\":[{\"@type\":\"ListItem\",\"position\":1,\"name\":\"Home\",\"item\":\"https:\\\/\\\/www.arepoquality.eu\\\/\"},{\"@type\":\"ListItem\",\"position\":2,\"name\":\"Cuando los Ministros de Agricultura de Baviera y Emilia-Roma\u00f1a se reunen, son dos de las mayores regiones agr\u00edcolas de Europa que comparten sus puntos de vista sobre la calidad futura de la pol\u00edtica agr\u00edcola\"}]},{\"@type\":\"WebSite\",\"@id\":\"https:\\\/\\\/www.arepoquality.eu\\\/#website\",\"url\":\"https:\\\/\\\/www.arepoquality.eu\\\/\",\"name\":\"AREPO\",\"description\":\"\",\"publisher\":{\"@id\":\"https:\\\/\\\/www.arepoquality.eu\\\/#organization\"},\"potentialAction\":[{\"@type\":\"SearchAction\",\"target\":{\"@type\":\"EntryPoint\",\"urlTemplate\":\"https:\\\/\\\/www.arepoquality.eu\\\/?s={search_term_string}\"},\"query-input\":{\"@type\":\"PropertyValueSpecification\",\"valueRequired\":true,\"valueName\":\"search_term_string\"}}],\"inLanguage\":\"es\"},{\"@type\":\"Organization\",\"@id\":\"https:\\\/\\\/www.arepoquality.eu\\\/#organization\",\"name\":\"AREPO\",\"url\":\"https:\\\/\\\/www.arepoquality.eu\\\/\",\"logo\":{\"@type\":\"ImageObject\",\"inLanguage\":\"es\",\"@id\":\"https:\\\/\\\/www.arepoquality.eu\\\/#\\\/schema\\\/logo\\\/image\\\/\",\"url\":\"https:\\\/\\\/www.arepoquality.eu\\\/wp-content\\\/uploads\\\/2024\\\/05\\\/arepo.jpg\",\"contentUrl\":\"https:\\\/\\\/www.arepoquality.eu\\\/wp-content\\\/uploads\\\/2024\\\/05\\\/arepo.jpg\",\"width\":1113,\"height\":705,\"caption\":\"AREPO\"},\"image\":{\"@id\":\"https:\\\/\\\/www.arepoquality.eu\\\/#\\\/schema\\\/logo\\\/image\\\/\"},\"sameAs\":[\"https:\\\/\\\/www.facebook.com\\\/arepoquality\\\/\",\"https:\\\/\\\/x.com\\\/arepoquality_eu\",\"https:\\\/\\\/www.linkedin.com\\\/company\\\/arepoquality\\\/?viewAsMember=true\"]},{\"@type\":\"Person\",\"@id\":\"https:\\\/\\\/www.arepoquality.eu\\\/#\\\/schema\\\/person\\\/15f7c6b22cbe9706c69d5201712ded97\",\"name\":\"Francesca Alampi\",\"url\":\"https:\\\/\\\/www.arepoquality.eu\\\/es\\\/author\\\/francesca-alampi\\\/\"}]}<\/script>\n<!-- \/ Yoast SEO plugin. -->","yoast_head_json":{"title":"Cuando los Ministros de Agricultura de Baviera y Emilia-Roma\u00f1a se reunen, son dos de las mayores regiones agr\u00edcolas de Europa que comparten sus puntos de vista sobre la calidad futura de la pol\u00edtica agr\u00edcola - AREPO","robots":{"index":"index","follow":"follow","max-snippet":"max-snippet:-1","max-image-preview":"max-image-preview:large","max-video-preview":"max-video-preview:-1"},"canonical":"https:\/\/www.arepoquality.eu\/es\/2012\/07\/18\/cuando-los-ministros-de-agricultura-de-baviera-y-emilia-romana-se-reunen-son-dos-de-las-mayores-regiones-agricolas-de-europa-que-comparten-sus-puntos-de-vista-sobre-la-calidad-futura-de-la-politica-a\/","og_locale":"es_ES","og_type":"article","og_title":"Cuando los Ministros de Agricultura de Baviera y Emilia-Roma\u00f1a se reunen, son dos de las mayores regiones agr\u00edcolas de Europa que comparten sus puntos de vista sobre la calidad futura de la pol\u00edtica agr\u00edcola - AREPO","og_description":"Tiberio Rabboni, Ministro de Agricultura de la regi\u00f3n Emilia-Roma\u00f1a y presidente de AREPO, fue recibido en M\u00fanich por Helmut Brunner, Ministro de Agricultura de Baviera, un miembro observador de la AREPO. Fue una oportunidad para que estos dos funcionarios de alto nivel intercambiaran puntos de vista sobre la reforma de la PAC, el paquete calidad, [&hellip;]","og_url":"https:\/\/www.arepoquality.eu\/es\/2012\/07\/18\/cuando-los-ministros-de-agricultura-de-baviera-y-emilia-romana-se-reunen-son-dos-de-las-mayores-regiones-agricolas-de-europa-que-comparten-sus-puntos-de-vista-sobre-la-calidad-futura-de-la-politica-a\/","og_site_name":"AREPO","article_publisher":"https:\/\/www.facebook.com\/arepoquality\/","article_published_time":"2012-07-18T03:03:02+00:00","article_modified_time":"2021-07-30T09:39:41+00:00","author":"Francesca Alampi","twitter_card":"summary_large_image","twitter_creator":"@arepoquality_eu","twitter_site":"@arepoquality_eu","twitter_misc":{"Escrito por":"Francesca Alampi","Tiempo de lectura":"3 minutos"},"schema":{"@context":"https:\/\/schema.org","@graph":[{"@type":"Article","@id":"https:\/\/www.arepoquality.eu\/es\/2012\/07\/18\/cuando-los-ministros-de-agricultura-de-baviera-y-emilia-romana-se-reunen-son-dos-de-las-mayores-regiones-agricolas-de-europa-que-comparten-sus-puntos-de-vista-sobre-la-calidad-futura-de-la-politica-a\/#article","isPartOf":{"@id":"https:\/\/www.arepoquality.eu\/es\/2012\/07\/18\/cuando-los-ministros-de-agricultura-de-baviera-y-emilia-romana-se-reunen-son-dos-de-las-mayores-regiones-agricolas-de-europa-que-comparten-sus-puntos-de-vista-sobre-la-calidad-futura-de-la-politica-a\/"},"author":{"name":"Francesca Alampi","@id":"https:\/\/www.arepoquality.eu\/#\/schema\/person\/15f7c6b22cbe9706c69d5201712ded97"},"headline":"Cuando los Ministros de Agricultura de Baviera y Emilia-Roma\u00f1a se reunen, son dos de las mayores regiones agr\u00edcolas de Europa que comparten sus puntos de vista sobre la calidad futura de la pol\u00edtica agr\u00edcola","datePublished":"2012-07-18T03:03:02+00:00","dateModified":"2021-07-30T09:39:41+00:00","mainEntityOfPage":{"@id":"https:\/\/www.arepoquality.eu\/es\/2012\/07\/18\/cuando-los-ministros-de-agricultura-de-baviera-y-emilia-romana-se-reunen-son-dos-de-las-mayores-regiones-agricolas-de-europa-que-comparten-sus-puntos-de-vista-sobre-la-calidad-futura-de-la-politica-a\/"},"wordCount":620,"publisher":{"@id":"https:\/\/www.arepoquality.eu\/#organization"},"articleSection":["Desarrollo rural","Investigaci\u00f3n e Innovaci\u00f3n","Reg\u00edmenes de calidad"],"inLanguage":"es"},{"@type":"WebPage","@id":"https:\/\/www.arepoquality.eu\/es\/2012\/07\/18\/cuando-los-ministros-de-agricultura-de-baviera-y-emilia-romana-se-reunen-son-dos-de-las-mayores-regiones-agricolas-de-europa-que-comparten-sus-puntos-de-vista-sobre-la-calidad-futura-de-la-politica-a\/","url":"https:\/\/www.arepoquality.eu\/es\/2012\/07\/18\/cuando-los-ministros-de-agricultura-de-baviera-y-emilia-romana-se-reunen-son-dos-de-las-mayores-regiones-agricolas-de-europa-que-comparten-sus-puntos-de-vista-sobre-la-calidad-futura-de-la-politica-a\/","name":"Cuando los Ministros de Agricultura de Baviera y Emilia-Roma\u00f1a se reunen, son dos de las mayores regiones agr\u00edcolas de Europa que comparten sus puntos de vista sobre la calidad futura de la pol\u00edtica agr\u00edcola - AREPO","isPartOf":{"@id":"https:\/\/www.arepoquality.eu\/#website"},"datePublished":"2012-07-18T03:03:02+00:00","dateModified":"2021-07-30T09:39:41+00:00","breadcrumb":{"@id":"https:\/\/www.arepoquality.eu\/es\/2012\/07\/18\/cuando-los-ministros-de-agricultura-de-baviera-y-emilia-romana-se-reunen-son-dos-de-las-mayores-regiones-agricolas-de-europa-que-comparten-sus-puntos-de-vista-sobre-la-calidad-futura-de-la-politica-a\/#breadcrumb"},"inLanguage":"es","potentialAction":[{"@type":"ReadAction","target":["https:\/\/www.arepoquality.eu\/es\/2012\/07\/18\/cuando-los-ministros-de-agricultura-de-baviera-y-emilia-romana-se-reunen-son-dos-de-las-mayores-regiones-agricolas-de-europa-que-comparten-sus-puntos-de-vista-sobre-la-calidad-futura-de-la-politica-a\/"]}]},{"@type":"BreadcrumbList","@id":"https:\/\/www.arepoquality.eu\/es\/2012\/07\/18\/cuando-los-ministros-de-agricultura-de-baviera-y-emilia-romana-se-reunen-son-dos-de-las-mayores-regiones-agricolas-de-europa-que-comparten-sus-puntos-de-vista-sobre-la-calidad-futura-de-la-politica-a\/#breadcrumb","itemListElement":[{"@type":"ListItem","position":1,"name":"Home","item":"https:\/\/www.arepoquality.eu\/"},{"@type":"ListItem","position":2,"name":"Cuando los Ministros de Agricultura de Baviera y Emilia-Roma\u00f1a se reunen, son dos de las mayores regiones agr\u00edcolas de Europa que comparten sus puntos de vista sobre la calidad futura de la pol\u00edtica agr\u00edcola"}]},{"@type":"WebSite","@id":"https:\/\/www.arepoquality.eu\/#website","url":"https:\/\/www.arepoquality.eu\/","name":"AREPO","description":"","publisher":{"@id":"https:\/\/www.arepoquality.eu\/#organization"},"potentialAction":[{"@type":"SearchAction","target":{"@type":"EntryPoint","urlTemplate":"https:\/\/www.arepoquality.eu\/?s={search_term_string}"},"query-input":{"@type":"PropertyValueSpecification","valueRequired":true,"valueName":"search_term_string"}}],"inLanguage":"es"},{"@type":"Organization","@id":"https:\/\/www.arepoquality.eu\/#organization","name":"AREPO","url":"https:\/\/www.arepoquality.eu\/","logo":{"@type":"ImageObject","inLanguage":"es","@id":"https:\/\/www.arepoquality.eu\/#\/schema\/logo\/image\/","url":"https:\/\/www.arepoquality.eu\/wp-content\/uploads\/2024\/05\/arepo.jpg","contentUrl":"https:\/\/www.arepoquality.eu\/wp-content\/uploads\/2024\/05\/arepo.jpg","width":1113,"height":705,"caption":"AREPO"},"image":{"@id":"https:\/\/www.arepoquality.eu\/#\/schema\/logo\/image\/"},"sameAs":["https:\/\/www.facebook.com\/arepoquality\/","https:\/\/x.com\/arepoquality_eu","https:\/\/www.linkedin.com\/company\/arepoquality\/?viewAsMember=true"]},{"@type":"Person","@id":"https:\/\/www.arepoquality.eu\/#\/schema\/person\/15f7c6b22cbe9706c69d5201712ded97","name":"Francesca Alampi","url":"https:\/\/www.arepoquality.eu\/es\/author\/francesca-alampi\/"}]}},"_links":{"self":[{"href":"https:\/\/www.arepoquality.eu\/es\/wp-json\/wp\/v2\/posts\/1028","targetHints":{"allow":["GET"]}}],"collection":[{"href":"https:\/\/www.arepoquality.eu\/es\/wp-json\/wp\/v2\/posts"}],"about":[{"href":"https:\/\/www.arepoquality.eu\/es\/wp-json\/wp\/v2\/types\/post"}],"author":[{"embeddable":true,"href":"https:\/\/www.arepoquality.eu\/es\/wp-json\/wp\/v2\/users\/3"}],"replies":[{"embeddable":true,"href":"https:\/\/www.arepoquality.eu\/es\/wp-json\/wp\/v2\/comments?post=1028"}],"version-history":[{"count":1,"href":"https:\/\/www.arepoquality.eu\/es\/wp-json\/wp\/v2\/posts\/1028\/revisions"}],"predecessor-version":[{"id":3406,"href":"https:\/\/www.arepoquality.eu\/es\/wp-json\/wp\/v2\/posts\/1028\/revisions\/3406"}],"wp:attachment":[{"href":"https:\/\/www.arepoquality.eu\/es\/wp-json\/wp\/v2\/media?parent=1028"}],"wp:term":[{"taxonomy":"category","embeddable":true,"href":"https:\/\/www.arepoquality.eu\/es\/wp-json\/wp\/v2\/categories?post=1028"},{"taxonomy":"post_tag","embeddable":true,"href":"https:\/\/www.arepoquality.eu\/es\/wp-json\/wp\/v2\/tags?post=1028"}],"curies":[{"name":"wp","href":"https:\/\/api.w.org\/{rel}","templated":true}]}}