{"id":1034,"date":"2013-02-07T17:07:22","date_gmt":"2013-02-07T16:07:22","guid":{"rendered":"http:\/\/252373706c.url-de-test.ws\/arepo\/2013\/02\/07\/registro-de-la-denominacion-gruyere-como-indicacion-geografica-protegida\/"},"modified":"2013-02-07T17:07:22","modified_gmt":"2013-02-07T16:07:22","slug":"registro-de-la-denominacion-gruyere-como-indicacion-geografica-protegida","status":"publish","type":"post","link":"https:\/\/www.arepoquality.eu\/es\/2013\/02\/07\/registro-de-la-denominacion-gruyere-como-indicacion-geografica-protegida\/","title":{"rendered":"Registro de la denominaci\u00f3n \u00abGruy\u00e8re\u00bb como Indicaci\u00f3n Geogr\u00e1fica Protegida"},"content":{"rendered":"<p><span id=\"result_box\" lang=\"es\"><span class=\"hps\">La Comisi&oacute;n Europea<\/span> <span class=\"hps\">ha a&ntilde;adido<\/span> <span class=\"hps atn\">el nombre de &quot;<\/span><span>Gruy&egrave;re<\/span><span>&quot; a la lista<\/span> <span class=\"hps\">de indicaciones geogr&aacute;ficas protegidas<\/span> <span class=\"hps\">(IGP).<\/span> <span class=\"hps\">Dado que este<\/span> <span class=\"hps\">queso tiene una <\/span><\/span><span id=\"result_box\" lang=\"es\"><span class=\"hps\">origen<\/span><\/span><span id=\"result_box\" lang=\"es\"> <span class=\"hps\">com&uacute;n<\/span> <span class=\"hps atn\">franco-<\/span><span>suiza<\/span><span class=\"hps\"> ,<\/span> <span class=\"hps atn\">el nombre &quot;<\/span><span>Gruy&egrave;re<\/span><span>&quot; (Francia)<\/span> <span class=\"hps\">coexistir&aacute;<\/span> <span class=\"hps atn\">con el de &quot;<\/span><span>Gruy&egrave;re<\/span><span>&quot; (Suiza<\/span><span>),<\/span> <span class=\"hps\">protegido dentro de<\/span> <span class=\"hps\">la Uni&oacute;n en el<\/span> <span class=\"hps\">marco del Acuerdo<\/span> <span class=\"hps\">UE<\/span><span>-Suiza<\/span> <span class=\"hps\">de<\/span> <span class=\"hps\">2011, relativo a<\/span> <span class=\"hps\">las indicaciones geogr&aacute;ficas.<\/span> <span class=\"hps\">Para evitar confusiones<\/span> <span class=\"hps\">Entre<\/span> <span class=\"hps\">los nombres<\/span> <span class=\"hps\">y<\/span> <span class=\"hps\">para asegurar<\/span> <span class=\"hps\">la correcta y completa informaci&oacute;n del consumidor<\/span><span>, <\/span><\/span><span id=\"result_box\" lang=\"es\"><span class=\"hps\">se planificaron<\/span> <span class=\"hps\">medidas de <\/span><\/span><span id=\"result_box\" lang=\"es\"><span>etiquetado<\/span> <span class=\"hps\">adicional<\/span><span>, previa consulta con<\/span> <span class=\"hps\">Suiza<\/span> <span class=\"hps\">y Francia.<\/span> <span class=\"hps\">El pa&iacute;s de<\/span> <span class=\"hps\">origen, en este<\/span> <span class=\"hps\">caso Francia,<\/span> <span class=\"hps\">deber&iacute;a<\/span> <span class=\"hps\">estar indicado<\/span> <span class=\"hps\">en el mismo campo<\/span> <span class=\"hps\">visual que la<\/span> <span class=\"hps atn\">denominaci&oacute;n &quot;<\/span><span>Gruy&egrave;re<\/span><span>&quot; en letras<\/span> <span class=\"hps\">del<\/span> <span class=\"hps\">mismo tama&ntilde;o.<\/span> <span class=\"hps\">Adem&aacute;s<\/span><span>, el uso de<\/span> <span class=\"hps\">cualquier bandera<\/span><span>, emblema,<\/span> <span class=\"hps\">signo<\/span> <span class=\"hps\">u otra representaci&oacute;n gr&aacute;fica<\/span> que pueda <span class=\"hps\">inducir a error<\/span> <span class=\"hps\">est&aacute; prohibido<\/span><span class=\"hps\">.<\/span><\/p>\n<p>\t<span class=\"hps\">Fuente<\/span><span>: Comisi&oacute;n Europea,<\/span> <span class=\"hps\">Direcci&oacute;n General de Agricultura<\/span> <span class=\"hps\">y Desarrollo Rural<\/span><\/span><\/p>\n","protected":false},"excerpt":{"rendered":"<p>La Comisi&oacute;n Europea ha a&ntilde;adido el nombre de &quot;Gruy&egrave;re&quot; a la lista de indicaciones geogr&aacute;ficas protegidas (IGP). Dado que este queso tiene una origen com&uacute;n franco-suiza , el nombre &quot;Gruy&egrave;re&quot; (Francia) coexistir&aacute; con el de &quot;Gruy&egrave;re&quot; (Suiza), protegido dentro de la Uni&oacute;n en el marco del Acuerdo UE-Suiza de 2011, relativo a las indicaciones geogr&aacute;ficas. [&hellip;]<\/p>\n","protected":false},"author":2,"featured_media":0,"comment_status":"closed","ping_status":"closed","sticky":false,"template":"","format":"standard","meta":{"_acf_changed":false,"footnotes":""},"categories":[41,97],"tags":[],"class_list":["post-1034","post","type-post","status-publish","format-standard","hentry","category-pol","category-politica-de-promocion"],"acf":[],"yoast_head":"<!-- This site is optimized with the Yoast SEO plugin v27.4 - https:\/\/yoast.com\/product\/yoast-seo-wordpress\/ -->\n<title>Registro de la denominaci\u00f3n &quot;Gruy\u00e8re&quot; como Indicaci\u00f3n Geogr\u00e1fica Protegida - AREPO<\/title>\n<meta name=\"robots\" content=\"index, follow, max-snippet:-1, max-image-preview:large, max-video-preview:-1\" \/>\n<link rel=\"canonical\" href=\"https:\/\/www.arepoquality.eu\/es\/2013\/02\/07\/registro-de-la-denominacion-gruyere-como-indicacion-geografica-protegida\/\" \/>\n<meta property=\"og:locale\" content=\"es_ES\" \/>\n<meta property=\"og:type\" content=\"article\" \/>\n<meta property=\"og:title\" content=\"Registro de la denominaci\u00f3n &quot;Gruy\u00e8re&quot; como Indicaci\u00f3n Geogr\u00e1fica Protegida - AREPO\" \/>\n<meta property=\"og:description\" content=\"La Comisi&oacute;n Europea ha a&ntilde;adido el nombre de &quot;Gruy&egrave;re&quot; a la lista de indicaciones geogr&aacute;ficas protegidas (IGP). Dado que este queso tiene una origen com&uacute;n franco-suiza , el nombre &quot;Gruy&egrave;re&quot; (Francia) coexistir&aacute; con el de &quot;Gruy&egrave;re&quot; (Suiza), protegido dentro de la Uni&oacute;n en el marco del Acuerdo UE-Suiza de 2011, relativo a las indicaciones geogr&aacute;ficas. [&hellip;]\" \/>\n<meta property=\"og:url\" content=\"https:\/\/www.arepoquality.eu\/es\/2013\/02\/07\/registro-de-la-denominacion-gruyere-como-indicacion-geografica-protegida\/\" \/>\n<meta property=\"og:site_name\" content=\"AREPO\" \/>\n<meta property=\"article:publisher\" content=\"https:\/\/www.facebook.com\/arepoquality\/\" \/>\n<meta property=\"article:published_time\" content=\"2013-02-07T16:07:22+00:00\" \/>\n<meta name=\"author\" content=\"Giulia Scaglioni\" \/>\n<meta name=\"twitter:card\" content=\"summary_large_image\" \/>\n<meta name=\"twitter:creator\" content=\"@arepoquality_eu\" \/>\n<meta name=\"twitter:site\" content=\"@arepoquality_eu\" \/>\n<meta name=\"twitter:label1\" content=\"Escrito por\" \/>\n\t<meta name=\"twitter:data1\" content=\"Giulia Scaglioni\" \/>\n\t<meta name=\"twitter:label2\" content=\"Tiempo de lectura\" \/>\n\t<meta name=\"twitter:data2\" content=\"1 minuto\" \/>\n<script type=\"application\/ld+json\" class=\"yoast-schema-graph\">{\"@context\":\"https:\\\/\\\/schema.org\",\"@graph\":[{\"@type\":\"Article\",\"@id\":\"https:\\\/\\\/www.arepoquality.eu\\\/es\\\/2013\\\/02\\\/07\\\/registro-de-la-denominacion-gruyere-como-indicacion-geografica-protegida\\\/#article\",\"isPartOf\":{\"@id\":\"https:\\\/\\\/www.arepoquality.eu\\\/es\\\/2013\\\/02\\\/07\\\/registro-de-la-denominacion-gruyere-como-indicacion-geografica-protegida\\\/\"},\"author\":{\"name\":\"Giulia Scaglioni\",\"@id\":\"https:\\\/\\\/www.arepoquality.eu\\\/#\\\/schema\\\/person\\\/45550165fffb5c0705e14a58767af5a2\"},\"headline\":\"Registro de la denominaci\u00f3n \u00abGruy\u00e8re\u00bb como Indicaci\u00f3n Geogr\u00e1fica Protegida\",\"datePublished\":\"2013-02-07T16:07:22+00:00\",\"mainEntityOfPage\":{\"@id\":\"https:\\\/\\\/www.arepoquality.eu\\\/es\\\/2013\\\/02\\\/07\\\/registro-de-la-denominacion-gruyere-como-indicacion-geografica-protegida\\\/\"},\"wordCount\":200,\"publisher\":{\"@id\":\"https:\\\/\\\/www.arepoquality.eu\\\/#organization\"},\"articleSection\":[\"Pol\u00edtica de calidad\",\"Pol\u00edtica de promoci\u00f3n\"],\"inLanguage\":\"es\"},{\"@type\":\"WebPage\",\"@id\":\"https:\\\/\\\/www.arepoquality.eu\\\/es\\\/2013\\\/02\\\/07\\\/registro-de-la-denominacion-gruyere-como-indicacion-geografica-protegida\\\/\",\"url\":\"https:\\\/\\\/www.arepoquality.eu\\\/es\\\/2013\\\/02\\\/07\\\/registro-de-la-denominacion-gruyere-como-indicacion-geografica-protegida\\\/\",\"name\":\"Registro de la denominaci\u00f3n \\\"Gruy\u00e8re\\\" como Indicaci\u00f3n Geogr\u00e1fica Protegida - AREPO\",\"isPartOf\":{\"@id\":\"https:\\\/\\\/www.arepoquality.eu\\\/#website\"},\"datePublished\":\"2013-02-07T16:07:22+00:00\",\"breadcrumb\":{\"@id\":\"https:\\\/\\\/www.arepoquality.eu\\\/es\\\/2013\\\/02\\\/07\\\/registro-de-la-denominacion-gruyere-como-indicacion-geografica-protegida\\\/#breadcrumb\"},\"inLanguage\":\"es\",\"potentialAction\":[{\"@type\":\"ReadAction\",\"target\":[\"https:\\\/\\\/www.arepoquality.eu\\\/es\\\/2013\\\/02\\\/07\\\/registro-de-la-denominacion-gruyere-como-indicacion-geografica-protegida\\\/\"]}]},{\"@type\":\"BreadcrumbList\",\"@id\":\"https:\\\/\\\/www.arepoquality.eu\\\/es\\\/2013\\\/02\\\/07\\\/registro-de-la-denominacion-gruyere-como-indicacion-geografica-protegida\\\/#breadcrumb\",\"itemListElement\":[{\"@type\":\"ListItem\",\"position\":1,\"name\":\"Home\",\"item\":\"https:\\\/\\\/www.arepoquality.eu\\\/\"},{\"@type\":\"ListItem\",\"position\":2,\"name\":\"Registro de la denominaci\u00f3n \u00abGruy\u00e8re\u00bb como Indicaci\u00f3n Geogr\u00e1fica Protegida\"}]},{\"@type\":\"WebSite\",\"@id\":\"https:\\\/\\\/www.arepoquality.eu\\\/#website\",\"url\":\"https:\\\/\\\/www.arepoquality.eu\\\/\",\"name\":\"AREPO\",\"description\":\"\",\"publisher\":{\"@id\":\"https:\\\/\\\/www.arepoquality.eu\\\/#organization\"},\"potentialAction\":[{\"@type\":\"SearchAction\",\"target\":{\"@type\":\"EntryPoint\",\"urlTemplate\":\"https:\\\/\\\/www.arepoquality.eu\\\/?s={search_term_string}\"},\"query-input\":{\"@type\":\"PropertyValueSpecification\",\"valueRequired\":true,\"valueName\":\"search_term_string\"}}],\"inLanguage\":\"es\"},{\"@type\":\"Organization\",\"@id\":\"https:\\\/\\\/www.arepoquality.eu\\\/#organization\",\"name\":\"AREPO\",\"url\":\"https:\\\/\\\/www.arepoquality.eu\\\/\",\"logo\":{\"@type\":\"ImageObject\",\"inLanguage\":\"es\",\"@id\":\"https:\\\/\\\/www.arepoquality.eu\\\/#\\\/schema\\\/logo\\\/image\\\/\",\"url\":\"https:\\\/\\\/www.arepoquality.eu\\\/wp-content\\\/uploads\\\/2024\\\/05\\\/arepo.jpg\",\"contentUrl\":\"https:\\\/\\\/www.arepoquality.eu\\\/wp-content\\\/uploads\\\/2024\\\/05\\\/arepo.jpg\",\"width\":1113,\"height\":705,\"caption\":\"AREPO\"},\"image\":{\"@id\":\"https:\\\/\\\/www.arepoquality.eu\\\/#\\\/schema\\\/logo\\\/image\\\/\"},\"sameAs\":[\"https:\\\/\\\/www.facebook.com\\\/arepoquality\\\/\",\"https:\\\/\\\/x.com\\\/arepoquality_eu\",\"https:\\\/\\\/www.linkedin.com\\\/company\\\/arepoquality\\\/?viewAsMember=true\"]},{\"@type\":\"Person\",\"@id\":\"https:\\\/\\\/www.arepoquality.eu\\\/#\\\/schema\\\/person\\\/45550165fffb5c0705e14a58767af5a2\",\"name\":\"Giulia Scaglioni\",\"url\":\"https:\\\/\\\/www.arepoquality.eu\\\/es\\\/author\\\/giulia-scaglioni\\\/\"}]}<\/script>\n<!-- \/ Yoast SEO plugin. -->","yoast_head_json":{"title":"Registro de la denominaci\u00f3n \"Gruy\u00e8re\" como Indicaci\u00f3n Geogr\u00e1fica Protegida - AREPO","robots":{"index":"index","follow":"follow","max-snippet":"max-snippet:-1","max-image-preview":"max-image-preview:large","max-video-preview":"max-video-preview:-1"},"canonical":"https:\/\/www.arepoquality.eu\/es\/2013\/02\/07\/registro-de-la-denominacion-gruyere-como-indicacion-geografica-protegida\/","og_locale":"es_ES","og_type":"article","og_title":"Registro de la denominaci\u00f3n \"Gruy\u00e8re\" como Indicaci\u00f3n Geogr\u00e1fica Protegida - AREPO","og_description":"La Comisi&oacute;n Europea ha a&ntilde;adido el nombre de &quot;Gruy&egrave;re&quot; a la lista de indicaciones geogr&aacute;ficas protegidas (IGP). Dado que este queso tiene una origen com&uacute;n franco-suiza , el nombre &quot;Gruy&egrave;re&quot; (Francia) coexistir&aacute; con el de &quot;Gruy&egrave;re&quot; (Suiza), protegido dentro de la Uni&oacute;n en el marco del Acuerdo UE-Suiza de 2011, relativo a las indicaciones geogr&aacute;ficas. [&hellip;]","og_url":"https:\/\/www.arepoquality.eu\/es\/2013\/02\/07\/registro-de-la-denominacion-gruyere-como-indicacion-geografica-protegida\/","og_site_name":"AREPO","article_publisher":"https:\/\/www.facebook.com\/arepoquality\/","article_published_time":"2013-02-07T16:07:22+00:00","author":"Giulia Scaglioni","twitter_card":"summary_large_image","twitter_creator":"@arepoquality_eu","twitter_site":"@arepoquality_eu","twitter_misc":{"Escrito por":"Giulia Scaglioni","Tiempo de lectura":"1 minuto"},"schema":{"@context":"https:\/\/schema.org","@graph":[{"@type":"Article","@id":"https:\/\/www.arepoquality.eu\/es\/2013\/02\/07\/registro-de-la-denominacion-gruyere-como-indicacion-geografica-protegida\/#article","isPartOf":{"@id":"https:\/\/www.arepoquality.eu\/es\/2013\/02\/07\/registro-de-la-denominacion-gruyere-como-indicacion-geografica-protegida\/"},"author":{"name":"Giulia Scaglioni","@id":"https:\/\/www.arepoquality.eu\/#\/schema\/person\/45550165fffb5c0705e14a58767af5a2"},"headline":"Registro de la denominaci\u00f3n \u00abGruy\u00e8re\u00bb como Indicaci\u00f3n Geogr\u00e1fica Protegida","datePublished":"2013-02-07T16:07:22+00:00","mainEntityOfPage":{"@id":"https:\/\/www.arepoquality.eu\/es\/2013\/02\/07\/registro-de-la-denominacion-gruyere-como-indicacion-geografica-protegida\/"},"wordCount":200,"publisher":{"@id":"https:\/\/www.arepoquality.eu\/#organization"},"articleSection":["Pol\u00edtica de calidad","Pol\u00edtica de promoci\u00f3n"],"inLanguage":"es"},{"@type":"WebPage","@id":"https:\/\/www.arepoquality.eu\/es\/2013\/02\/07\/registro-de-la-denominacion-gruyere-como-indicacion-geografica-protegida\/","url":"https:\/\/www.arepoquality.eu\/es\/2013\/02\/07\/registro-de-la-denominacion-gruyere-como-indicacion-geografica-protegida\/","name":"Registro de la denominaci\u00f3n \"Gruy\u00e8re\" como Indicaci\u00f3n Geogr\u00e1fica Protegida - AREPO","isPartOf":{"@id":"https:\/\/www.arepoquality.eu\/#website"},"datePublished":"2013-02-07T16:07:22+00:00","breadcrumb":{"@id":"https:\/\/www.arepoquality.eu\/es\/2013\/02\/07\/registro-de-la-denominacion-gruyere-como-indicacion-geografica-protegida\/#breadcrumb"},"inLanguage":"es","potentialAction":[{"@type":"ReadAction","target":["https:\/\/www.arepoquality.eu\/es\/2013\/02\/07\/registro-de-la-denominacion-gruyere-como-indicacion-geografica-protegida\/"]}]},{"@type":"BreadcrumbList","@id":"https:\/\/www.arepoquality.eu\/es\/2013\/02\/07\/registro-de-la-denominacion-gruyere-como-indicacion-geografica-protegida\/#breadcrumb","itemListElement":[{"@type":"ListItem","position":1,"name":"Home","item":"https:\/\/www.arepoquality.eu\/"},{"@type":"ListItem","position":2,"name":"Registro de la denominaci\u00f3n \u00abGruy\u00e8re\u00bb como Indicaci\u00f3n Geogr\u00e1fica Protegida"}]},{"@type":"WebSite","@id":"https:\/\/www.arepoquality.eu\/#website","url":"https:\/\/www.arepoquality.eu\/","name":"AREPO","description":"","publisher":{"@id":"https:\/\/www.arepoquality.eu\/#organization"},"potentialAction":[{"@type":"SearchAction","target":{"@type":"EntryPoint","urlTemplate":"https:\/\/www.arepoquality.eu\/?s={search_term_string}"},"query-input":{"@type":"PropertyValueSpecification","valueRequired":true,"valueName":"search_term_string"}}],"inLanguage":"es"},{"@type":"Organization","@id":"https:\/\/www.arepoquality.eu\/#organization","name":"AREPO","url":"https:\/\/www.arepoquality.eu\/","logo":{"@type":"ImageObject","inLanguage":"es","@id":"https:\/\/www.arepoquality.eu\/#\/schema\/logo\/image\/","url":"https:\/\/www.arepoquality.eu\/wp-content\/uploads\/2024\/05\/arepo.jpg","contentUrl":"https:\/\/www.arepoquality.eu\/wp-content\/uploads\/2024\/05\/arepo.jpg","width":1113,"height":705,"caption":"AREPO"},"image":{"@id":"https:\/\/www.arepoquality.eu\/#\/schema\/logo\/image\/"},"sameAs":["https:\/\/www.facebook.com\/arepoquality\/","https:\/\/x.com\/arepoquality_eu","https:\/\/www.linkedin.com\/company\/arepoquality\/?viewAsMember=true"]},{"@type":"Person","@id":"https:\/\/www.arepoquality.eu\/#\/schema\/person\/45550165fffb5c0705e14a58767af5a2","name":"Giulia Scaglioni","url":"https:\/\/www.arepoquality.eu\/es\/author\/giulia-scaglioni\/"}]}},"_links":{"self":[{"href":"https:\/\/www.arepoquality.eu\/es\/wp-json\/wp\/v2\/posts\/1034","targetHints":{"allow":["GET"]}}],"collection":[{"href":"https:\/\/www.arepoquality.eu\/es\/wp-json\/wp\/v2\/posts"}],"about":[{"href":"https:\/\/www.arepoquality.eu\/es\/wp-json\/wp\/v2\/types\/post"}],"author":[{"embeddable":true,"href":"https:\/\/www.arepoquality.eu\/es\/wp-json\/wp\/v2\/users\/2"}],"replies":[{"embeddable":true,"href":"https:\/\/www.arepoquality.eu\/es\/wp-json\/wp\/v2\/comments?post=1034"}],"version-history":[{"count":0,"href":"https:\/\/www.arepoquality.eu\/es\/wp-json\/wp\/v2\/posts\/1034\/revisions"}],"wp:attachment":[{"href":"https:\/\/www.arepoquality.eu\/es\/wp-json\/wp\/v2\/media?parent=1034"}],"wp:term":[{"taxonomy":"category","embeddable":true,"href":"https:\/\/www.arepoquality.eu\/es\/wp-json\/wp\/v2\/categories?post=1034"},{"taxonomy":"post_tag","embeddable":true,"href":"https:\/\/www.arepoquality.eu\/es\/wp-json\/wp\/v2\/tags?post=1034"}],"curies":[{"name":"wp","href":"https:\/\/api.w.org\/{rel}","templated":true}]}}