{"id":1035,"date":"2013-02-07T16:41:57","date_gmt":"2013-02-07T15:41:57","guid":{"rendered":"http:\/\/252373706c.url-de-test.ws\/arepo\/2013\/02\/07\/un-estudio-de-la-comision-analiza-el-utilizo-del-termino-producto-de-montana\/"},"modified":"2013-02-07T16:41:57","modified_gmt":"2013-02-07T15:41:57","slug":"un-estudio-de-la-comision-analiza-el-utilizo-del-termino-producto-de-montana","status":"publish","type":"post","link":"https:\/\/www.arepoquality.eu\/es\/2013\/02\/07\/un-estudio-de-la-comision-analiza-el-utilizo-del-termino-producto-de-montana\/","title":{"rendered":"Un estudio de la Comisi\u00f3n analiza el utilizo del t\u00e9rmino \u00abproducto de monta\u00f1a\u00bb"},"content":{"rendered":"<p><span style=\"font-size:11px;\"><span style=\"font-family: arial,helvetica,sans-serif;\"><span id=\"result_box\" lang=\"es\"><span class=\"hps\">La Comisi&oacute;n Europea<\/span> <span class=\"hps\">ha publicado el primero de <\/span><span class=\"hps\">Febrero<\/span> <span class=\"hps\">un estudio sobre el<\/span> <span class=\"hps\">&quot;Etiquetado de los<\/span> <span class=\"hps\">productos agr&iacute;colas y alimenticios<\/span> <span class=\"hps\">de<\/span> <span class=\"hps\">la agricultura de monta&ntilde;a<\/span><span>&quot;, que analiza la agricultura&nbsp;<\/span><span class=\"hps\">en<\/span> <span class=\"hps\">las zonas de monta&ntilde;a<\/span><span>. Las <\/span><\/span>regiones de AREPO contribuyeron a la realizacion del estudio.<\/span><\/span><\/p>\n","protected":false},"excerpt":{"rendered":"<p>La Comisi&oacute;n Europea ha publicado el primero de Febrero un estudio sobre el &quot;Etiquetado de los productos agr&iacute;colas y alimenticios de la agricultura de monta&ntilde;a&quot;, que analiza la agricultura&nbsp;en las zonas de monta&ntilde;a. Las regiones de AREPO contribuyeron a la realizacion del estudio.<\/p>\n","protected":false},"author":2,"featured_media":0,"comment_status":"closed","ping_status":"closed","sticky":false,"template":"","format":"standard","meta":{"_acf_changed":false,"footnotes":""},"categories":[234,262],"tags":[],"class_list":["post-1035","post","type-post","status-publish","format-standard","hentry","category-arepo-participations-es","category-mountain-policy-es"],"acf":[],"yoast_head":"<!-- This site is optimized with the Yoast SEO plugin v27.4 - https:\/\/yoast.com\/product\/yoast-seo-wordpress\/ -->\n<title>Un estudio de la Comisi\u00f3n analiza el utilizo del t\u00e9rmino \u00abproducto de monta\u00f1a\u00bb - AREPO<\/title>\n<meta name=\"robots\" content=\"index, follow, max-snippet:-1, max-image-preview:large, max-video-preview:-1\" \/>\n<link rel=\"canonical\" href=\"https:\/\/www.arepoquality.eu\/es\/2013\/02\/07\/un-estudio-de-la-comision-analiza-el-utilizo-del-termino-producto-de-montana\/\" \/>\n<meta property=\"og:locale\" content=\"es_ES\" \/>\n<meta property=\"og:type\" content=\"article\" \/>\n<meta property=\"og:title\" content=\"Un estudio de la Comisi\u00f3n analiza el utilizo del t\u00e9rmino \u00abproducto de monta\u00f1a\u00bb - AREPO\" \/>\n<meta property=\"og:description\" content=\"La Comisi&oacute;n Europea ha publicado el primero de Febrero un estudio sobre el &quot;Etiquetado de los productos agr&iacute;colas y alimenticios de la agricultura de monta&ntilde;a&quot;, que analiza la agricultura&nbsp;en las zonas de monta&ntilde;a. Las regiones de AREPO contribuyeron a la realizacion del estudio.\" \/>\n<meta property=\"og:url\" content=\"https:\/\/www.arepoquality.eu\/es\/2013\/02\/07\/un-estudio-de-la-comision-analiza-el-utilizo-del-termino-producto-de-montana\/\" \/>\n<meta property=\"og:site_name\" content=\"AREPO\" \/>\n<meta property=\"article:publisher\" content=\"https:\/\/www.facebook.com\/arepoquality\/\" \/>\n<meta property=\"article:published_time\" content=\"2013-02-07T15:41:57+00:00\" \/>\n<meta name=\"author\" content=\"Giulia Scaglioni\" \/>\n<meta name=\"twitter:card\" content=\"summary_large_image\" \/>\n<meta name=\"twitter:creator\" content=\"@arepoquality_eu\" \/>\n<meta name=\"twitter:site\" content=\"@arepoquality_eu\" \/>\n<meta name=\"twitter:label1\" content=\"Escrito por\" \/>\n\t<meta name=\"twitter:data1\" content=\"Giulia Scaglioni\" \/>\n<script type=\"application\/ld+json\" class=\"yoast-schema-graph\">{\"@context\":\"https:\\\/\\\/schema.org\",\"@graph\":[{\"@type\":\"Article\",\"@id\":\"https:\\\/\\\/www.arepoquality.eu\\\/es\\\/2013\\\/02\\\/07\\\/un-estudio-de-la-comision-analiza-el-utilizo-del-termino-producto-de-montana\\\/#article\",\"isPartOf\":{\"@id\":\"https:\\\/\\\/www.arepoquality.eu\\\/es\\\/2013\\\/02\\\/07\\\/un-estudio-de-la-comision-analiza-el-utilizo-del-termino-producto-de-montana\\\/\"},\"author\":{\"name\":\"Giulia Scaglioni\",\"@id\":\"https:\\\/\\\/www.arepoquality.eu\\\/#\\\/schema\\\/person\\\/45550165fffb5c0705e14a58767af5a2\"},\"headline\":\"Un estudio de la Comisi\u00f3n analiza el utilizo del t\u00e9rmino \u00abproducto de monta\u00f1a\u00bb\",\"datePublished\":\"2013-02-07T15:41:57+00:00\",\"mainEntityOfPage\":{\"@id\":\"https:\\\/\\\/www.arepoquality.eu\\\/es\\\/2013\\\/02\\\/07\\\/un-estudio-de-la-comision-analiza-el-utilizo-del-termino-producto-de-montana\\\/\"},\"wordCount\":71,\"publisher\":{\"@id\":\"https:\\\/\\\/www.arepoquality.eu\\\/#organization\"},\"articleSection\":[\"Participaci\u00f3n AREPO\",\"Pol\u00edtica de monta\u00f1a\"],\"inLanguage\":\"es\"},{\"@type\":\"WebPage\",\"@id\":\"https:\\\/\\\/www.arepoquality.eu\\\/es\\\/2013\\\/02\\\/07\\\/un-estudio-de-la-comision-analiza-el-utilizo-del-termino-producto-de-montana\\\/\",\"url\":\"https:\\\/\\\/www.arepoquality.eu\\\/es\\\/2013\\\/02\\\/07\\\/un-estudio-de-la-comision-analiza-el-utilizo-del-termino-producto-de-montana\\\/\",\"name\":\"Un estudio de la Comisi\u00f3n analiza el utilizo del t\u00e9rmino \u00abproducto de monta\u00f1a\u00bb - AREPO\",\"isPartOf\":{\"@id\":\"https:\\\/\\\/www.arepoquality.eu\\\/#website\"},\"datePublished\":\"2013-02-07T15:41:57+00:00\",\"breadcrumb\":{\"@id\":\"https:\\\/\\\/www.arepoquality.eu\\\/es\\\/2013\\\/02\\\/07\\\/un-estudio-de-la-comision-analiza-el-utilizo-del-termino-producto-de-montana\\\/#breadcrumb\"},\"inLanguage\":\"es\",\"potentialAction\":[{\"@type\":\"ReadAction\",\"target\":[\"https:\\\/\\\/www.arepoquality.eu\\\/es\\\/2013\\\/02\\\/07\\\/un-estudio-de-la-comision-analiza-el-utilizo-del-termino-producto-de-montana\\\/\"]}]},{\"@type\":\"BreadcrumbList\",\"@id\":\"https:\\\/\\\/www.arepoquality.eu\\\/es\\\/2013\\\/02\\\/07\\\/un-estudio-de-la-comision-analiza-el-utilizo-del-termino-producto-de-montana\\\/#breadcrumb\",\"itemListElement\":[{\"@type\":\"ListItem\",\"position\":1,\"name\":\"Home\",\"item\":\"https:\\\/\\\/www.arepoquality.eu\\\/\"},{\"@type\":\"ListItem\",\"position\":2,\"name\":\"Un estudio de la Comisi\u00f3n analiza el utilizo del t\u00e9rmino \u00abproducto de monta\u00f1a\u00bb\"}]},{\"@type\":\"WebSite\",\"@id\":\"https:\\\/\\\/www.arepoquality.eu\\\/#website\",\"url\":\"https:\\\/\\\/www.arepoquality.eu\\\/\",\"name\":\"AREPO\",\"description\":\"\",\"publisher\":{\"@id\":\"https:\\\/\\\/www.arepoquality.eu\\\/#organization\"},\"potentialAction\":[{\"@type\":\"SearchAction\",\"target\":{\"@type\":\"EntryPoint\",\"urlTemplate\":\"https:\\\/\\\/www.arepoquality.eu\\\/?s={search_term_string}\"},\"query-input\":{\"@type\":\"PropertyValueSpecification\",\"valueRequired\":true,\"valueName\":\"search_term_string\"}}],\"inLanguage\":\"es\"},{\"@type\":\"Organization\",\"@id\":\"https:\\\/\\\/www.arepoquality.eu\\\/#organization\",\"name\":\"AREPO\",\"url\":\"https:\\\/\\\/www.arepoquality.eu\\\/\",\"logo\":{\"@type\":\"ImageObject\",\"inLanguage\":\"es\",\"@id\":\"https:\\\/\\\/www.arepoquality.eu\\\/#\\\/schema\\\/logo\\\/image\\\/\",\"url\":\"https:\\\/\\\/www.arepoquality.eu\\\/wp-content\\\/uploads\\\/2024\\\/05\\\/arepo.jpg\",\"contentUrl\":\"https:\\\/\\\/www.arepoquality.eu\\\/wp-content\\\/uploads\\\/2024\\\/05\\\/arepo.jpg\",\"width\":1113,\"height\":705,\"caption\":\"AREPO\"},\"image\":{\"@id\":\"https:\\\/\\\/www.arepoquality.eu\\\/#\\\/schema\\\/logo\\\/image\\\/\"},\"sameAs\":[\"https:\\\/\\\/www.facebook.com\\\/arepoquality\\\/\",\"https:\\\/\\\/x.com\\\/arepoquality_eu\",\"https:\\\/\\\/www.linkedin.com\\\/company\\\/arepoquality\\\/?viewAsMember=true\"]},{\"@type\":\"Person\",\"@id\":\"https:\\\/\\\/www.arepoquality.eu\\\/#\\\/schema\\\/person\\\/45550165fffb5c0705e14a58767af5a2\",\"name\":\"Giulia Scaglioni\",\"url\":\"https:\\\/\\\/www.arepoquality.eu\\\/es\\\/author\\\/giulia-scaglioni\\\/\"}]}<\/script>\n<!-- \/ Yoast SEO plugin. -->","yoast_head_json":{"title":"Un estudio de la Comisi\u00f3n analiza el utilizo del t\u00e9rmino \u00abproducto de monta\u00f1a\u00bb - AREPO","robots":{"index":"index","follow":"follow","max-snippet":"max-snippet:-1","max-image-preview":"max-image-preview:large","max-video-preview":"max-video-preview:-1"},"canonical":"https:\/\/www.arepoquality.eu\/es\/2013\/02\/07\/un-estudio-de-la-comision-analiza-el-utilizo-del-termino-producto-de-montana\/","og_locale":"es_ES","og_type":"article","og_title":"Un estudio de la Comisi\u00f3n analiza el utilizo del t\u00e9rmino \u00abproducto de monta\u00f1a\u00bb - AREPO","og_description":"La Comisi&oacute;n Europea ha publicado el primero de Febrero un estudio sobre el &quot;Etiquetado de los productos agr&iacute;colas y alimenticios de la agricultura de monta&ntilde;a&quot;, que analiza la agricultura&nbsp;en las zonas de monta&ntilde;a. Las regiones de AREPO contribuyeron a la realizacion del estudio.","og_url":"https:\/\/www.arepoquality.eu\/es\/2013\/02\/07\/un-estudio-de-la-comision-analiza-el-utilizo-del-termino-producto-de-montana\/","og_site_name":"AREPO","article_publisher":"https:\/\/www.facebook.com\/arepoquality\/","article_published_time":"2013-02-07T15:41:57+00:00","author":"Giulia Scaglioni","twitter_card":"summary_large_image","twitter_creator":"@arepoquality_eu","twitter_site":"@arepoquality_eu","twitter_misc":{"Escrito por":"Giulia Scaglioni"},"schema":{"@context":"https:\/\/schema.org","@graph":[{"@type":"Article","@id":"https:\/\/www.arepoquality.eu\/es\/2013\/02\/07\/un-estudio-de-la-comision-analiza-el-utilizo-del-termino-producto-de-montana\/#article","isPartOf":{"@id":"https:\/\/www.arepoquality.eu\/es\/2013\/02\/07\/un-estudio-de-la-comision-analiza-el-utilizo-del-termino-producto-de-montana\/"},"author":{"name":"Giulia Scaglioni","@id":"https:\/\/www.arepoquality.eu\/#\/schema\/person\/45550165fffb5c0705e14a58767af5a2"},"headline":"Un estudio de la Comisi\u00f3n analiza el utilizo del t\u00e9rmino \u00abproducto de monta\u00f1a\u00bb","datePublished":"2013-02-07T15:41:57+00:00","mainEntityOfPage":{"@id":"https:\/\/www.arepoquality.eu\/es\/2013\/02\/07\/un-estudio-de-la-comision-analiza-el-utilizo-del-termino-producto-de-montana\/"},"wordCount":71,"publisher":{"@id":"https:\/\/www.arepoquality.eu\/#organization"},"articleSection":["Participaci\u00f3n AREPO","Pol\u00edtica de monta\u00f1a"],"inLanguage":"es"},{"@type":"WebPage","@id":"https:\/\/www.arepoquality.eu\/es\/2013\/02\/07\/un-estudio-de-la-comision-analiza-el-utilizo-del-termino-producto-de-montana\/","url":"https:\/\/www.arepoquality.eu\/es\/2013\/02\/07\/un-estudio-de-la-comision-analiza-el-utilizo-del-termino-producto-de-montana\/","name":"Un estudio de la Comisi\u00f3n analiza el utilizo del t\u00e9rmino \u00abproducto de monta\u00f1a\u00bb - AREPO","isPartOf":{"@id":"https:\/\/www.arepoquality.eu\/#website"},"datePublished":"2013-02-07T15:41:57+00:00","breadcrumb":{"@id":"https:\/\/www.arepoquality.eu\/es\/2013\/02\/07\/un-estudio-de-la-comision-analiza-el-utilizo-del-termino-producto-de-montana\/#breadcrumb"},"inLanguage":"es","potentialAction":[{"@type":"ReadAction","target":["https:\/\/www.arepoquality.eu\/es\/2013\/02\/07\/un-estudio-de-la-comision-analiza-el-utilizo-del-termino-producto-de-montana\/"]}]},{"@type":"BreadcrumbList","@id":"https:\/\/www.arepoquality.eu\/es\/2013\/02\/07\/un-estudio-de-la-comision-analiza-el-utilizo-del-termino-producto-de-montana\/#breadcrumb","itemListElement":[{"@type":"ListItem","position":1,"name":"Home","item":"https:\/\/www.arepoquality.eu\/"},{"@type":"ListItem","position":2,"name":"Un estudio de la Comisi\u00f3n analiza el utilizo del t\u00e9rmino \u00abproducto de monta\u00f1a\u00bb"}]},{"@type":"WebSite","@id":"https:\/\/www.arepoquality.eu\/#website","url":"https:\/\/www.arepoquality.eu\/","name":"AREPO","description":"","publisher":{"@id":"https:\/\/www.arepoquality.eu\/#organization"},"potentialAction":[{"@type":"SearchAction","target":{"@type":"EntryPoint","urlTemplate":"https:\/\/www.arepoquality.eu\/?s={search_term_string}"},"query-input":{"@type":"PropertyValueSpecification","valueRequired":true,"valueName":"search_term_string"}}],"inLanguage":"es"},{"@type":"Organization","@id":"https:\/\/www.arepoquality.eu\/#organization","name":"AREPO","url":"https:\/\/www.arepoquality.eu\/","logo":{"@type":"ImageObject","inLanguage":"es","@id":"https:\/\/www.arepoquality.eu\/#\/schema\/logo\/image\/","url":"https:\/\/www.arepoquality.eu\/wp-content\/uploads\/2024\/05\/arepo.jpg","contentUrl":"https:\/\/www.arepoquality.eu\/wp-content\/uploads\/2024\/05\/arepo.jpg","width":1113,"height":705,"caption":"AREPO"},"image":{"@id":"https:\/\/www.arepoquality.eu\/#\/schema\/logo\/image\/"},"sameAs":["https:\/\/www.facebook.com\/arepoquality\/","https:\/\/x.com\/arepoquality_eu","https:\/\/www.linkedin.com\/company\/arepoquality\/?viewAsMember=true"]},{"@type":"Person","@id":"https:\/\/www.arepoquality.eu\/#\/schema\/person\/45550165fffb5c0705e14a58767af5a2","name":"Giulia Scaglioni","url":"https:\/\/www.arepoquality.eu\/es\/author\/giulia-scaglioni\/"}]}},"_links":{"self":[{"href":"https:\/\/www.arepoquality.eu\/es\/wp-json\/wp\/v2\/posts\/1035","targetHints":{"allow":["GET"]}}],"collection":[{"href":"https:\/\/www.arepoquality.eu\/es\/wp-json\/wp\/v2\/posts"}],"about":[{"href":"https:\/\/www.arepoquality.eu\/es\/wp-json\/wp\/v2\/types\/post"}],"author":[{"embeddable":true,"href":"https:\/\/www.arepoquality.eu\/es\/wp-json\/wp\/v2\/users\/2"}],"replies":[{"embeddable":true,"href":"https:\/\/www.arepoquality.eu\/es\/wp-json\/wp\/v2\/comments?post=1035"}],"version-history":[{"count":0,"href":"https:\/\/www.arepoquality.eu\/es\/wp-json\/wp\/v2\/posts\/1035\/revisions"}],"wp:attachment":[{"href":"https:\/\/www.arepoquality.eu\/es\/wp-json\/wp\/v2\/media?parent=1035"}],"wp:term":[{"taxonomy":"category","embeddable":true,"href":"https:\/\/www.arepoquality.eu\/es\/wp-json\/wp\/v2\/categories?post=1035"},{"taxonomy":"post_tag","embeddable":true,"href":"https:\/\/www.arepoquality.eu\/es\/wp-json\/wp\/v2\/tags?post=1035"}],"curies":[{"name":"wp","href":"https:\/\/api.w.org\/{rel}","templated":true}]}}