{"id":1045,"date":"2013-09-10T10:19:19","date_gmt":"2013-09-10T08:19:19","guid":{"rendered":"http:\/\/252373706c.url-de-test.ws\/arepo\/2013\/09\/10\/ciolos-agradece-rabboni-para-la-contribucion-de-arepo-al-debate-sobre-los-productos-de-montana\/"},"modified":"2013-09-10T10:19:19","modified_gmt":"2013-09-10T08:19:19","slug":"ciolos-agradece-rabboni-para-la-contribucion-de-arepo-al-debate-sobre-los-productos-de-montana","status":"publish","type":"post","link":"https:\/\/www.arepoquality.eu\/es\/2013\/09\/10\/ciolos-agradece-rabboni-para-la-contribucion-de-arepo-al-debate-sobre-los-productos-de-montana\/","title":{"rendered":"Ciolos agradece Rabboni para la contribuci\u00f3n de AREPO al debate sobre los \u201cproductos de monta\u00f1a\u201d"},"content":{"rendered":"<p>El Comisario Europeo de Agricultura, Dacian Ciolo\u015f, ha declarado en una carta dirigida a AREPO que la Comisi&oacute;n Europea tendr&aacute; en cuenta de los elementos de an&aacute;lisis y de las propuestas formuladas por el Presidente de AREPO (Asociaci&oacute;n de las Regiones Europeas para los Productos de Origen), Tiberio Rabboni, para la preparaci&oacute;n del acto delegado relativo a los &quot;productos de monta&ntilde;a&quot;. Ciolo\u015f est&aacute; agradecido por la contribuci&oacute;n de AREPO, que pide una mayor flexibilidad para ciertas etapas del proceso de transformaci&oacute;n que no es siempre posible realizar en las zonas de monta&ntilde;a, como la matanza u otras similares. Las exigencias de flexibilidad se justifican por el hecho de que determinadas instalaciones de procesamiento, debido a sus altos costos de inversi&oacute;n, casi siempre se localizan en la llanura o en las proximidades de las zonas urbanas para permitir de procesar el volumen adecuado de productos. Rabboni expresa la esperanza de que estas solicitudes sean efectivamente acordadas, ya que de ellas depende la aplicabilidad de la indicaci&oacute;n facultativa &quot;monta&ntilde;a&quot; en las zonas agr&iacute;colas de monta&ntilde;a desfavorecidas que carecen de infraestructuras.<\/p>\n","protected":false},"excerpt":{"rendered":"<p>El Comisario Europeo de Agricultura, Dacian Ciolo\u015f, ha declarado en una carta dirigida a AREPO que la Comisi&oacute;n Europea tendr&aacute; en cuenta de los elementos de an&aacute;lisis y de las propuestas formuladas por el Presidente de AREPO (Asociaci&oacute;n de las Regiones Europeas para los Productos de Origen), Tiberio Rabboni, para la preparaci&oacute;n del acto delegado [&hellip;]<\/p>\n","protected":false},"author":2,"featured_media":0,"comment_status":"closed","ping_status":"closed","sticky":false,"template":"","format":"standard","meta":{"_acf_changed":false,"footnotes":""},"categories":[234,262],"tags":[],"class_list":["post-1045","post","type-post","status-publish","format-standard","hentry","category-arepo-participations-es","category-mountain-policy-es"],"acf":[],"yoast_head":"<!-- This site is optimized with the Yoast SEO plugin v27.4 - https:\/\/yoast.com\/product\/yoast-seo-wordpress\/ -->\n<title>Ciolos agradece Rabboni para la contribuci\u00f3n de AREPO al debate sobre los \u201cproductos de monta\u00f1a\u201d - AREPO<\/title>\n<meta name=\"robots\" content=\"index, follow, max-snippet:-1, max-image-preview:large, max-video-preview:-1\" \/>\n<link rel=\"canonical\" href=\"https:\/\/www.arepoquality.eu\/es\/2013\/09\/10\/ciolos-agradece-rabboni-para-la-contribucion-de-arepo-al-debate-sobre-los-productos-de-montana\/\" \/>\n<meta property=\"og:locale\" content=\"es_ES\" \/>\n<meta property=\"og:type\" content=\"article\" \/>\n<meta property=\"og:title\" content=\"Ciolos agradece Rabboni para la contribuci\u00f3n de AREPO al debate sobre los \u201cproductos de monta\u00f1a\u201d - AREPO\" \/>\n<meta property=\"og:description\" content=\"El Comisario Europeo de Agricultura, Dacian Ciolo\u015f, ha declarado en una carta dirigida a AREPO que la Comisi&oacute;n Europea tendr&aacute; en cuenta de los elementos de an&aacute;lisis y de las propuestas formuladas por el Presidente de AREPO (Asociaci&oacute;n de las Regiones Europeas para los Productos de Origen), Tiberio Rabboni, para la preparaci&oacute;n del acto delegado [&hellip;]\" \/>\n<meta property=\"og:url\" content=\"https:\/\/www.arepoquality.eu\/es\/2013\/09\/10\/ciolos-agradece-rabboni-para-la-contribucion-de-arepo-al-debate-sobre-los-productos-de-montana\/\" \/>\n<meta property=\"og:site_name\" content=\"AREPO\" \/>\n<meta property=\"article:publisher\" content=\"https:\/\/www.facebook.com\/arepoquality\/\" \/>\n<meta property=\"article:published_time\" content=\"2013-09-10T08:19:19+00:00\" \/>\n<meta name=\"author\" content=\"Giulia Scaglioni\" \/>\n<meta name=\"twitter:card\" content=\"summary_large_image\" \/>\n<meta name=\"twitter:creator\" content=\"@arepoquality_eu\" \/>\n<meta name=\"twitter:site\" content=\"@arepoquality_eu\" \/>\n<meta name=\"twitter:label1\" content=\"Escrito por\" \/>\n\t<meta name=\"twitter:data1\" content=\"Giulia Scaglioni\" \/>\n\t<meta name=\"twitter:label2\" content=\"Tiempo de lectura\" \/>\n\t<meta name=\"twitter:data2\" content=\"1 minuto\" \/>\n<script type=\"application\/ld+json\" class=\"yoast-schema-graph\">{\"@context\":\"https:\\\/\\\/schema.org\",\"@graph\":[{\"@type\":\"Article\",\"@id\":\"https:\\\/\\\/www.arepoquality.eu\\\/es\\\/2013\\\/09\\\/10\\\/ciolos-agradece-rabboni-para-la-contribucion-de-arepo-al-debate-sobre-los-productos-de-montana\\\/#article\",\"isPartOf\":{\"@id\":\"https:\\\/\\\/www.arepoquality.eu\\\/es\\\/2013\\\/09\\\/10\\\/ciolos-agradece-rabboni-para-la-contribucion-de-arepo-al-debate-sobre-los-productos-de-montana\\\/\"},\"author\":{\"name\":\"Giulia Scaglioni\",\"@id\":\"https:\\\/\\\/www.arepoquality.eu\\\/#\\\/schema\\\/person\\\/45550165fffb5c0705e14a58767af5a2\"},\"headline\":\"Ciolos agradece Rabboni para la contribuci\u00f3n de AREPO al debate sobre los \u201cproductos de monta\u00f1a\u201d\",\"datePublished\":\"2013-09-10T08:19:19+00:00\",\"mainEntityOfPage\":{\"@id\":\"https:\\\/\\\/www.arepoquality.eu\\\/es\\\/2013\\\/09\\\/10\\\/ciolos-agradece-rabboni-para-la-contribucion-de-arepo-al-debate-sobre-los-productos-de-montana\\\/\"},\"wordCount\":227,\"publisher\":{\"@id\":\"https:\\\/\\\/www.arepoquality.eu\\\/#organization\"},\"articleSection\":[\"Participaci\u00f3n AREPO\",\"Pol\u00edtica de monta\u00f1a\"],\"inLanguage\":\"es\"},{\"@type\":\"WebPage\",\"@id\":\"https:\\\/\\\/www.arepoquality.eu\\\/es\\\/2013\\\/09\\\/10\\\/ciolos-agradece-rabboni-para-la-contribucion-de-arepo-al-debate-sobre-los-productos-de-montana\\\/\",\"url\":\"https:\\\/\\\/www.arepoquality.eu\\\/es\\\/2013\\\/09\\\/10\\\/ciolos-agradece-rabboni-para-la-contribucion-de-arepo-al-debate-sobre-los-productos-de-montana\\\/\",\"name\":\"Ciolos agradece Rabboni para la contribuci\u00f3n de AREPO al debate sobre los \u201cproductos de monta\u00f1a\u201d - AREPO\",\"isPartOf\":{\"@id\":\"https:\\\/\\\/www.arepoquality.eu\\\/#website\"},\"datePublished\":\"2013-09-10T08:19:19+00:00\",\"breadcrumb\":{\"@id\":\"https:\\\/\\\/www.arepoquality.eu\\\/es\\\/2013\\\/09\\\/10\\\/ciolos-agradece-rabboni-para-la-contribucion-de-arepo-al-debate-sobre-los-productos-de-montana\\\/#breadcrumb\"},\"inLanguage\":\"es\",\"potentialAction\":[{\"@type\":\"ReadAction\",\"target\":[\"https:\\\/\\\/www.arepoquality.eu\\\/es\\\/2013\\\/09\\\/10\\\/ciolos-agradece-rabboni-para-la-contribucion-de-arepo-al-debate-sobre-los-productos-de-montana\\\/\"]}]},{\"@type\":\"BreadcrumbList\",\"@id\":\"https:\\\/\\\/www.arepoquality.eu\\\/es\\\/2013\\\/09\\\/10\\\/ciolos-agradece-rabboni-para-la-contribucion-de-arepo-al-debate-sobre-los-productos-de-montana\\\/#breadcrumb\",\"itemListElement\":[{\"@type\":\"ListItem\",\"position\":1,\"name\":\"Home\",\"item\":\"https:\\\/\\\/www.arepoquality.eu\\\/\"},{\"@type\":\"ListItem\",\"position\":2,\"name\":\"Ciolos agradece Rabboni para la contribuci\u00f3n de AREPO al debate sobre los \u201cproductos de monta\u00f1a\u201d\"}]},{\"@type\":\"WebSite\",\"@id\":\"https:\\\/\\\/www.arepoquality.eu\\\/#website\",\"url\":\"https:\\\/\\\/www.arepoquality.eu\\\/\",\"name\":\"AREPO\",\"description\":\"\",\"publisher\":{\"@id\":\"https:\\\/\\\/www.arepoquality.eu\\\/#organization\"},\"potentialAction\":[{\"@type\":\"SearchAction\",\"target\":{\"@type\":\"EntryPoint\",\"urlTemplate\":\"https:\\\/\\\/www.arepoquality.eu\\\/?s={search_term_string}\"},\"query-input\":{\"@type\":\"PropertyValueSpecification\",\"valueRequired\":true,\"valueName\":\"search_term_string\"}}],\"inLanguage\":\"es\"},{\"@type\":\"Organization\",\"@id\":\"https:\\\/\\\/www.arepoquality.eu\\\/#organization\",\"name\":\"AREPO\",\"url\":\"https:\\\/\\\/www.arepoquality.eu\\\/\",\"logo\":{\"@type\":\"ImageObject\",\"inLanguage\":\"es\",\"@id\":\"https:\\\/\\\/www.arepoquality.eu\\\/#\\\/schema\\\/logo\\\/image\\\/\",\"url\":\"https:\\\/\\\/www.arepoquality.eu\\\/wp-content\\\/uploads\\\/2024\\\/05\\\/arepo.jpg\",\"contentUrl\":\"https:\\\/\\\/www.arepoquality.eu\\\/wp-content\\\/uploads\\\/2024\\\/05\\\/arepo.jpg\",\"width\":1113,\"height\":705,\"caption\":\"AREPO\"},\"image\":{\"@id\":\"https:\\\/\\\/www.arepoquality.eu\\\/#\\\/schema\\\/logo\\\/image\\\/\"},\"sameAs\":[\"https:\\\/\\\/www.facebook.com\\\/arepoquality\\\/\",\"https:\\\/\\\/x.com\\\/arepoquality_eu\",\"https:\\\/\\\/www.linkedin.com\\\/company\\\/arepoquality\\\/?viewAsMember=true\"]},{\"@type\":\"Person\",\"@id\":\"https:\\\/\\\/www.arepoquality.eu\\\/#\\\/schema\\\/person\\\/45550165fffb5c0705e14a58767af5a2\",\"name\":\"Giulia Scaglioni\",\"url\":\"https:\\\/\\\/www.arepoquality.eu\\\/es\\\/author\\\/giulia-scaglioni\\\/\"}]}<\/script>\n<!-- \/ Yoast SEO plugin. -->","yoast_head_json":{"title":"Ciolos agradece Rabboni para la contribuci\u00f3n de AREPO al debate sobre los \u201cproductos de monta\u00f1a\u201d - AREPO","robots":{"index":"index","follow":"follow","max-snippet":"max-snippet:-1","max-image-preview":"max-image-preview:large","max-video-preview":"max-video-preview:-1"},"canonical":"https:\/\/www.arepoquality.eu\/es\/2013\/09\/10\/ciolos-agradece-rabboni-para-la-contribucion-de-arepo-al-debate-sobre-los-productos-de-montana\/","og_locale":"es_ES","og_type":"article","og_title":"Ciolos agradece Rabboni para la contribuci\u00f3n de AREPO al debate sobre los \u201cproductos de monta\u00f1a\u201d - AREPO","og_description":"El Comisario Europeo de Agricultura, Dacian Ciolo\u015f, ha declarado en una carta dirigida a AREPO que la Comisi&oacute;n Europea tendr&aacute; en cuenta de los elementos de an&aacute;lisis y de las propuestas formuladas por el Presidente de AREPO (Asociaci&oacute;n de las Regiones Europeas para los Productos de Origen), Tiberio Rabboni, para la preparaci&oacute;n del acto delegado [&hellip;]","og_url":"https:\/\/www.arepoquality.eu\/es\/2013\/09\/10\/ciolos-agradece-rabboni-para-la-contribucion-de-arepo-al-debate-sobre-los-productos-de-montana\/","og_site_name":"AREPO","article_publisher":"https:\/\/www.facebook.com\/arepoquality\/","article_published_time":"2013-09-10T08:19:19+00:00","author":"Giulia Scaglioni","twitter_card":"summary_large_image","twitter_creator":"@arepoquality_eu","twitter_site":"@arepoquality_eu","twitter_misc":{"Escrito por":"Giulia Scaglioni","Tiempo de lectura":"1 minuto"},"schema":{"@context":"https:\/\/schema.org","@graph":[{"@type":"Article","@id":"https:\/\/www.arepoquality.eu\/es\/2013\/09\/10\/ciolos-agradece-rabboni-para-la-contribucion-de-arepo-al-debate-sobre-los-productos-de-montana\/#article","isPartOf":{"@id":"https:\/\/www.arepoquality.eu\/es\/2013\/09\/10\/ciolos-agradece-rabboni-para-la-contribucion-de-arepo-al-debate-sobre-los-productos-de-montana\/"},"author":{"name":"Giulia Scaglioni","@id":"https:\/\/www.arepoquality.eu\/#\/schema\/person\/45550165fffb5c0705e14a58767af5a2"},"headline":"Ciolos agradece Rabboni para la contribuci\u00f3n de AREPO al debate sobre los \u201cproductos de monta\u00f1a\u201d","datePublished":"2013-09-10T08:19:19+00:00","mainEntityOfPage":{"@id":"https:\/\/www.arepoquality.eu\/es\/2013\/09\/10\/ciolos-agradece-rabboni-para-la-contribucion-de-arepo-al-debate-sobre-los-productos-de-montana\/"},"wordCount":227,"publisher":{"@id":"https:\/\/www.arepoquality.eu\/#organization"},"articleSection":["Participaci\u00f3n AREPO","Pol\u00edtica de monta\u00f1a"],"inLanguage":"es"},{"@type":"WebPage","@id":"https:\/\/www.arepoquality.eu\/es\/2013\/09\/10\/ciolos-agradece-rabboni-para-la-contribucion-de-arepo-al-debate-sobre-los-productos-de-montana\/","url":"https:\/\/www.arepoquality.eu\/es\/2013\/09\/10\/ciolos-agradece-rabboni-para-la-contribucion-de-arepo-al-debate-sobre-los-productos-de-montana\/","name":"Ciolos agradece Rabboni para la contribuci\u00f3n de AREPO al debate sobre los \u201cproductos de monta\u00f1a\u201d - AREPO","isPartOf":{"@id":"https:\/\/www.arepoquality.eu\/#website"},"datePublished":"2013-09-10T08:19:19+00:00","breadcrumb":{"@id":"https:\/\/www.arepoquality.eu\/es\/2013\/09\/10\/ciolos-agradece-rabboni-para-la-contribucion-de-arepo-al-debate-sobre-los-productos-de-montana\/#breadcrumb"},"inLanguage":"es","potentialAction":[{"@type":"ReadAction","target":["https:\/\/www.arepoquality.eu\/es\/2013\/09\/10\/ciolos-agradece-rabboni-para-la-contribucion-de-arepo-al-debate-sobre-los-productos-de-montana\/"]}]},{"@type":"BreadcrumbList","@id":"https:\/\/www.arepoquality.eu\/es\/2013\/09\/10\/ciolos-agradece-rabboni-para-la-contribucion-de-arepo-al-debate-sobre-los-productos-de-montana\/#breadcrumb","itemListElement":[{"@type":"ListItem","position":1,"name":"Home","item":"https:\/\/www.arepoquality.eu\/"},{"@type":"ListItem","position":2,"name":"Ciolos agradece Rabboni para la contribuci\u00f3n de AREPO al debate sobre los \u201cproductos de monta\u00f1a\u201d"}]},{"@type":"WebSite","@id":"https:\/\/www.arepoquality.eu\/#website","url":"https:\/\/www.arepoquality.eu\/","name":"AREPO","description":"","publisher":{"@id":"https:\/\/www.arepoquality.eu\/#organization"},"potentialAction":[{"@type":"SearchAction","target":{"@type":"EntryPoint","urlTemplate":"https:\/\/www.arepoquality.eu\/?s={search_term_string}"},"query-input":{"@type":"PropertyValueSpecification","valueRequired":true,"valueName":"search_term_string"}}],"inLanguage":"es"},{"@type":"Organization","@id":"https:\/\/www.arepoquality.eu\/#organization","name":"AREPO","url":"https:\/\/www.arepoquality.eu\/","logo":{"@type":"ImageObject","inLanguage":"es","@id":"https:\/\/www.arepoquality.eu\/#\/schema\/logo\/image\/","url":"https:\/\/www.arepoquality.eu\/wp-content\/uploads\/2024\/05\/arepo.jpg","contentUrl":"https:\/\/www.arepoquality.eu\/wp-content\/uploads\/2024\/05\/arepo.jpg","width":1113,"height":705,"caption":"AREPO"},"image":{"@id":"https:\/\/www.arepoquality.eu\/#\/schema\/logo\/image\/"},"sameAs":["https:\/\/www.facebook.com\/arepoquality\/","https:\/\/x.com\/arepoquality_eu","https:\/\/www.linkedin.com\/company\/arepoquality\/?viewAsMember=true"]},{"@type":"Person","@id":"https:\/\/www.arepoquality.eu\/#\/schema\/person\/45550165fffb5c0705e14a58767af5a2","name":"Giulia Scaglioni","url":"https:\/\/www.arepoquality.eu\/es\/author\/giulia-scaglioni\/"}]}},"_links":{"self":[{"href":"https:\/\/www.arepoquality.eu\/es\/wp-json\/wp\/v2\/posts\/1045","targetHints":{"allow":["GET"]}}],"collection":[{"href":"https:\/\/www.arepoquality.eu\/es\/wp-json\/wp\/v2\/posts"}],"about":[{"href":"https:\/\/www.arepoquality.eu\/es\/wp-json\/wp\/v2\/types\/post"}],"author":[{"embeddable":true,"href":"https:\/\/www.arepoquality.eu\/es\/wp-json\/wp\/v2\/users\/2"}],"replies":[{"embeddable":true,"href":"https:\/\/www.arepoquality.eu\/es\/wp-json\/wp\/v2\/comments?post=1045"}],"version-history":[{"count":0,"href":"https:\/\/www.arepoquality.eu\/es\/wp-json\/wp\/v2\/posts\/1045\/revisions"}],"wp:attachment":[{"href":"https:\/\/www.arepoquality.eu\/es\/wp-json\/wp\/v2\/media?parent=1045"}],"wp:term":[{"taxonomy":"category","embeddable":true,"href":"https:\/\/www.arepoquality.eu\/es\/wp-json\/wp\/v2\/categories?post=1045"},{"taxonomy":"post_tag","embeddable":true,"href":"https:\/\/www.arepoquality.eu\/es\/wp-json\/wp\/v2\/tags?post=1045"}],"curies":[{"name":"wp","href":"https:\/\/api.w.org\/{rel}","templated":true}]}}