{"id":12190,"date":"2022-05-11T19:26:55","date_gmt":"2022-05-11T17:26:55","guid":{"rendered":"http:\/\/www.arepoquality.eu\/?p=12190"},"modified":"2022-05-25T16:44:55","modified_gmt":"2022-05-25T14:44:55","slug":"arepo-y-moving","status":"publish","type":"post","link":"https:\/\/www.arepoquality.eu\/es\/2022\/05\/11\/arepo-y-moving\/","title":{"rendered":"\u00a1AREPO y MOVING!"},"content":{"rendered":"\n<figure class=\"wp-block-image is-resized\"><img loading=\"lazy\" decoding=\"async\" src=\"https:\/\/www.arepoquality.eu\/wp-content\/uploads\/2022\/05\/moving_vertical.png\" alt=\"\" class=\"wp-image-11985\" width=\"251\" height=\"251\" srcset=\"https:\/\/www.arepoquality.eu\/wp-content\/uploads\/2022\/05\/moving_vertical.png 501w, https:\/\/www.arepoquality.eu\/wp-content\/uploads\/2022\/05\/moving_vertical-150x150.png 150w, https:\/\/www.arepoquality.eu\/wp-content\/uploads\/2022\/05\/moving_vertical-300x300.png 300w, https:\/\/www.arepoquality.eu\/wp-content\/uploads\/2022\/05\/moving_vertical-320x320.png 320w\" sizes=\"auto, (max-width: 251px) 100vw, 251px\" \/><figcaption><br><\/figcaption><\/figure>\n\n\n\n<p>La primera Asamblea General 2022 de AREPO, que tuvo lugar el jueves 28 de abril en Bruselas, fue una oportunidad para presentar a las regiones miembros de AREPO y a las organizaciones asociadas los avances y los primeros resultados del proyecto <a href=\"https:\/\/www.moving-h2020.eu\/\">MOVING <\/a>de Horizonte 2020, que resumimos a continuaci\u00f3n.<\/p>\n\n\n\n<p>El equipo de AREPO tambi\u00e9n aprovech\u00f3 esta AG para presentar las pr\u00f3ximas actividades del proyecto en el que AREPO est\u00e1 involucrado y en particular la organizaci\u00f3n del <strong>2\u00ba webinar de promoci\u00f3n de MOVING y el MAP de la UE<\/strong>, que se celebrar\u00e1 en oto\u00f1o de 2022, y que tendr\u00e1 como tema :<\/p>\n\n\n\n<p style=\"text-align:center\"><em><strong>\u00abLos sistemas de calidad europeos y su valor a\u00f1adido para las cadenas de valor de la monta\u00f1a para las cadenas de valor de la monta\u00f1a\u00bb.<\/strong><\/em><\/p>\n\n\n\n<p>Este seminario web tendr\u00e1 como objetivo :<\/p>\n\n\n\n<ul class=\"wp-block-list\"><li><strong>Presentar el proyecto MOVING y dar a conocer la Plataforma Europea Multiparticipativa (EU MAP)<\/strong> (<em>m\u00e1s informaci\u00f3n a continuaci\u00f3n<\/em>);<\/li><li>Ofrecer una <strong>actualizaci\u00f3n sobre la nueva pol\u00edtica de calidad de la UE<\/strong>, seg\u00fan la propuesta legislativa de la CE, y las implicaciones para las cadenas de valor de las monta\u00f1as;<\/li><li>Informar sobre la aplicaci\u00f3n y el <strong>valor a\u00f1adido de los reg\u00edmenes de calidad de la UE<\/strong> y las implicaciones para las cadenas de valor de las monta\u00f1as;<\/li><li><strong>Mejorar el intercambio, el aprendizaje y la interacci\u00f3n<\/strong> a nivel de la UE sobre la heterogeneidad y la innovaci\u00f3n de las cadenas de valor de las monta\u00f1as. <\/li><\/ul>\n\n\n\n<p style=\"text-align:center\"><strong><em><span style=\"color:#F27F00\" class=\"color\">Pronto habr\u00e1 m\u00e1s informaci\u00f3n, \u00a1est\u00e9n atentos!<\/span><\/em><\/strong><\/p>\n\n\n\n<h2 class=\"wp-block-heading\"><span style=\"color:#F27F00\" class=\"color\">El proyecto MOVING<\/span><\/h2>\n\n\n\n<p>Como recordatorio, MOVING es un proyecto de investigaci\u00f3n e innovaci\u00f3n de <a href=\"https:\/\/ec.europa.eu\/info\/research-and-innovation\/funding\/funding-opportunities\/funding-programmes-and-open-calls\/horizon-2020_en\">Horizonte 2020 <\/a>de cuatro a\u00f1os de duraci\u00f3n que comenz\u00f3 en septiembre de 2020 y en el que participan 23 socios. El proyecto est\u00e1 coordinado por la <strong>Universidad de C\u00f3rdoba<\/strong>, Espa\u00f1a.<\/p>\n\n\n\n<p>El<strong> objetivo general<\/strong> de MOVING es codesarrollar marcos pol\u00edticos en toda Europa para el <strong>establecimiento de cadenas de valor que contribuyan a la resiliencia y sostenibilidad de las zonas de monta\u00f1a ante el cambio clim\u00e1tico<\/strong>. Para lograr este objetivo, MOVING ha realizado un inventario de <strong>400 cadenas de valor <\/strong>en toda Europa y ha seleccionado <strong>23 para su an\u00e1lisis<\/strong>.<\/p>\n\n\n\n<p>El proyecto tambi\u00e9n ha iniciado un proceso participativo ascendente con los actores de la cadena de valor que forman la <a href=\"https:\/\/www.moving-h2020.eu\/community-of-practice\/\">Comunidad de Pr\u00e1ctica (CoP).<\/a><\/p>\n\n\n\n<p>La CoP es un elemento esencial del proyecto. Consiste en una <strong>interfaz Ciencia-Sociedad-Pol\u00edtica<\/strong> a escala europea para involucrar a las diferentes partes interesadas en torno a la resiliencia de las cadenas de valor de las monta\u00f1as al cambio clim\u00e1tico.<\/p>\n\n\n\n<p>La CoP de MOVING se ha materializado en forma de plataformas multipartitas (MAP):<\/p>\n\n\n\n<ul class=\"wp-block-list\"><li><strong>23 plataformas regionales de m\u00faltiples partes interesadas (MAPs regionales)<\/strong>: permitir\u00e1n el intercambio de conocimientos locales entre las partes interesadas de estas regiones. Para saber m\u00e1s sobre los MAPs regionales, <a href=\"https:\/\/www.moving-h2020.eu\/reference-regions\/\">haga clic aqu\u00ed<\/a>.<\/li><li><strong>1 Plataforma europea de m\u00faltiples partes interesadas (EU MAP):<\/strong> proporcionar\u00e1 un espacio dedicado a las partes interesadas en intercambiar y aprender sobre la resiliencia de las cadenas de valor de las monta\u00f1as al cambio clim\u00e1tico a nivel europeo. \u00bfEst\u00e1 interesado en unirse al MAP de la UE? Para saber m\u00e1s, <a href=\"https:\/\/www.moving-h2020.eu\/eu-multi-actor-platform\/\">haga clic aqu\u00ed.<\/a><\/li><\/ul>\n\n\n\n<p>AREPO desempe\u00f1ar\u00e1 un papel importante en la <strong>evaluaci\u00f3n de las recomendaciones pol\u00edticas <\/strong>formuladas por el proyecto y en<strong> la difusi\u00f3n del proyecto y sus resultados.<\/strong><\/p>\n\n\n\n<div class=\"wp-block-image\"><figure class=\"alignleft\"><img decoding=\"async\" src=\"https:\/\/www.arepoquality.eu\/wp-content\/uploads\/2022\/05\/image.png\" alt=\"This image has an empty alt attribute; its file name is image.png\"\/><\/figure><\/div>\n\n\n\n<p class=\"has-small-font-size\"><em>MOVING est\u00e1 financiado por el programa de I+D Horizonte 2020 de la Uni\u00f3n Europea. El contenido de este art\u00edculo no refleja la opini\u00f3n oficial de la Uni\u00f3n Europea. La responsabilidad de la informaci\u00f3n y las opiniones expresadas en ella recae enteramente en el autor o autores.<\/em><\/p>\n","protected":false},"excerpt":{"rendered":"<p>La primera Asamblea General 2022 de AREPO, que tuvo lugar el jueves 28 de abril en Bruselas, fue una oportunidad para presentar a las regiones miembros de AREPO y a las organizaciones asociadas los avances y los primeros resultados del proyecto MOVING de Horizonte 2020, que resumimos a continuaci\u00f3n. El equipo de AREPO tambi\u00e9n aprovech\u00f3 [&hellip;]<\/p>\n","protected":false},"author":3,"featured_media":11994,"comment_status":"open","ping_status":"open","sticky":false,"template":"","format":"standard","meta":{"_acf_changed":false,"footnotes":""},"categories":[162,149,344],"tags":[],"class_list":["post-12190","post","type-post","status-publish","format-standard","has-post-thumbnail","hentry","category-eventos-arepo","category-moving-es","category-proyecto-europeo"],"acf":[],"yoast_head":"<!-- This site is optimized with the Yoast SEO plugin v27.5 - https:\/\/yoast.com\/product\/yoast-seo-wordpress\/ -->\n<title>\u00a1AREPO y MOVING! - AREPO<\/title>\n<meta name=\"robots\" content=\"index, follow, max-snippet:-1, max-image-preview:large, max-video-preview:-1\" \/>\n<link rel=\"canonical\" href=\"https:\/\/www.arepoquality.eu\/es\/2022\/05\/11\/arepo-y-moving\/\" \/>\n<meta property=\"og:locale\" content=\"es_ES\" \/>\n<meta property=\"og:type\" content=\"article\" \/>\n<meta property=\"og:title\" content=\"\u00a1AREPO y MOVING! - AREPO\" \/>\n<meta property=\"og:description\" content=\"La primera Asamblea General 2022 de AREPO, que tuvo lugar el jueves 28 de abril en Bruselas, fue una oportunidad para presentar a las regiones miembros de AREPO y a las organizaciones asociadas los avances y los primeros resultados del proyecto MOVING de Horizonte 2020, que resumimos a continuaci\u00f3n. El equipo de AREPO tambi\u00e9n aprovech\u00f3 [&hellip;]\" \/>\n<meta property=\"og:url\" content=\"https:\/\/www.arepoquality.eu\/es\/2022\/05\/11\/arepo-y-moving\/\" \/>\n<meta property=\"og:site_name\" content=\"AREPO\" \/>\n<meta property=\"article:publisher\" content=\"https:\/\/www.facebook.com\/arepoquality\/\" \/>\n<meta property=\"article:published_time\" content=\"2022-05-11T17:26:55+00:00\" \/>\n<meta property=\"article:modified_time\" content=\"2022-05-25T14:44:55+00:00\" \/>\n<meta property=\"og:image\" content=\"https:\/\/www.arepoquality.eu\/wp-content\/uploads\/2022\/05\/1-1-1024x675.jpg\" \/>\n\t<meta property=\"og:image:width\" content=\"1024\" \/>\n\t<meta property=\"og:image:height\" content=\"675\" \/>\n\t<meta property=\"og:image:type\" content=\"image\/jpeg\" \/>\n<meta name=\"author\" content=\"Francesca Alampi\" \/>\n<meta name=\"twitter:card\" content=\"summary_large_image\" \/>\n<meta name=\"twitter:creator\" content=\"@arepoquality_eu\" \/>\n<meta name=\"twitter:site\" content=\"@arepoquality_eu\" \/>\n<meta name=\"twitter:label1\" content=\"Escrito por\" \/>\n\t<meta name=\"twitter:data1\" content=\"Francesca Alampi\" \/>\n\t<meta name=\"twitter:label2\" content=\"Tiempo de lectura\" \/>\n\t<meta name=\"twitter:data2\" content=\"3 minutos\" \/>\n<script type=\"application\/ld+json\" class=\"yoast-schema-graph\">{\"@context\":\"https:\\\/\\\/schema.org\",\"@graph\":[{\"@type\":\"Article\",\"@id\":\"https:\\\/\\\/www.arepoquality.eu\\\/es\\\/2022\\\/05\\\/11\\\/arepo-y-moving\\\/#article\",\"isPartOf\":{\"@id\":\"https:\\\/\\\/www.arepoquality.eu\\\/es\\\/2022\\\/05\\\/11\\\/arepo-y-moving\\\/\"},\"author\":{\"name\":\"Francesca Alampi\",\"@id\":\"https:\\\/\\\/www.arepoquality.eu\\\/#\\\/schema\\\/person\\\/15f7c6b22cbe9706c69d5201712ded97\"},\"headline\":\"\u00a1AREPO y MOVING!\",\"datePublished\":\"2022-05-11T17:26:55+00:00\",\"dateModified\":\"2022-05-25T14:44:55+00:00\",\"mainEntityOfPage\":{\"@id\":\"https:\\\/\\\/www.arepoquality.eu\\\/es\\\/2022\\\/05\\\/11\\\/arepo-y-moving\\\/\"},\"wordCount\":622,\"commentCount\":0,\"publisher\":{\"@id\":\"https:\\\/\\\/www.arepoquality.eu\\\/#organization\"},\"image\":{\"@id\":\"https:\\\/\\\/www.arepoquality.eu\\\/es\\\/2022\\\/05\\\/11\\\/arepo-y-moving\\\/#primaryimage\"},\"thumbnailUrl\":\"https:\\\/\\\/www.arepoquality.eu\\\/wp-content\\\/uploads\\\/2022\\\/05\\\/1-1.jpg\",\"articleSection\":[\"Evento AREPO\",\"MOVING\",\"Proyecto UE\"],\"inLanguage\":\"es\",\"potentialAction\":[{\"@type\":\"CommentAction\",\"name\":\"Comment\",\"target\":[\"https:\\\/\\\/www.arepoquality.eu\\\/es\\\/2022\\\/05\\\/11\\\/arepo-y-moving\\\/#respond\"]}]},{\"@type\":\"WebPage\",\"@id\":\"https:\\\/\\\/www.arepoquality.eu\\\/es\\\/2022\\\/05\\\/11\\\/arepo-y-moving\\\/\",\"url\":\"https:\\\/\\\/www.arepoquality.eu\\\/es\\\/2022\\\/05\\\/11\\\/arepo-y-moving\\\/\",\"name\":\"\u00a1AREPO y MOVING! - AREPO\",\"isPartOf\":{\"@id\":\"https:\\\/\\\/www.arepoquality.eu\\\/#website\"},\"primaryImageOfPage\":{\"@id\":\"https:\\\/\\\/www.arepoquality.eu\\\/es\\\/2022\\\/05\\\/11\\\/arepo-y-moving\\\/#primaryimage\"},\"image\":{\"@id\":\"https:\\\/\\\/www.arepoquality.eu\\\/es\\\/2022\\\/05\\\/11\\\/arepo-y-moving\\\/#primaryimage\"},\"thumbnailUrl\":\"https:\\\/\\\/www.arepoquality.eu\\\/wp-content\\\/uploads\\\/2022\\\/05\\\/1-1.jpg\",\"datePublished\":\"2022-05-11T17:26:55+00:00\",\"dateModified\":\"2022-05-25T14:44:55+00:00\",\"breadcrumb\":{\"@id\":\"https:\\\/\\\/www.arepoquality.eu\\\/es\\\/2022\\\/05\\\/11\\\/arepo-y-moving\\\/#breadcrumb\"},\"inLanguage\":\"es\",\"potentialAction\":[{\"@type\":\"ReadAction\",\"target\":[\"https:\\\/\\\/www.arepoquality.eu\\\/es\\\/2022\\\/05\\\/11\\\/arepo-y-moving\\\/\"]}]},{\"@type\":\"ImageObject\",\"inLanguage\":\"es\",\"@id\":\"https:\\\/\\\/www.arepoquality.eu\\\/es\\\/2022\\\/05\\\/11\\\/arepo-y-moving\\\/#primaryimage\",\"url\":\"https:\\\/\\\/www.arepoquality.eu\\\/wp-content\\\/uploads\\\/2022\\\/05\\\/1-1.jpg\",\"contentUrl\":\"https:\\\/\\\/www.arepoquality.eu\\\/wp-content\\\/uploads\\\/2022\\\/05\\\/1-1.jpg\",\"width\":3968,\"height\":2614},{\"@type\":\"BreadcrumbList\",\"@id\":\"https:\\\/\\\/www.arepoquality.eu\\\/es\\\/2022\\\/05\\\/11\\\/arepo-y-moving\\\/#breadcrumb\",\"itemListElement\":[{\"@type\":\"ListItem\",\"position\":1,\"name\":\"Home\",\"item\":\"https:\\\/\\\/www.arepoquality.eu\\\/\"},{\"@type\":\"ListItem\",\"position\":2,\"name\":\"\u00a1AREPO y MOVING!\"}]},{\"@type\":\"WebSite\",\"@id\":\"https:\\\/\\\/www.arepoquality.eu\\\/#website\",\"url\":\"https:\\\/\\\/www.arepoquality.eu\\\/\",\"name\":\"AREPO\",\"description\":\"\",\"publisher\":{\"@id\":\"https:\\\/\\\/www.arepoquality.eu\\\/#organization\"},\"potentialAction\":[{\"@type\":\"SearchAction\",\"target\":{\"@type\":\"EntryPoint\",\"urlTemplate\":\"https:\\\/\\\/www.arepoquality.eu\\\/?s={search_term_string}\"},\"query-input\":{\"@type\":\"PropertyValueSpecification\",\"valueRequired\":true,\"valueName\":\"search_term_string\"}}],\"inLanguage\":\"es\"},{\"@type\":\"Organization\",\"@id\":\"https:\\\/\\\/www.arepoquality.eu\\\/#organization\",\"name\":\"AREPO\",\"url\":\"https:\\\/\\\/www.arepoquality.eu\\\/\",\"logo\":{\"@type\":\"ImageObject\",\"inLanguage\":\"es\",\"@id\":\"https:\\\/\\\/www.arepoquality.eu\\\/#\\\/schema\\\/logo\\\/image\\\/\",\"url\":\"https:\\\/\\\/www.arepoquality.eu\\\/wp-content\\\/uploads\\\/2024\\\/05\\\/arepo.jpg\",\"contentUrl\":\"https:\\\/\\\/www.arepoquality.eu\\\/wp-content\\\/uploads\\\/2024\\\/05\\\/arepo.jpg\",\"width\":1113,\"height\":705,\"caption\":\"AREPO\"},\"image\":{\"@id\":\"https:\\\/\\\/www.arepoquality.eu\\\/#\\\/schema\\\/logo\\\/image\\\/\"},\"sameAs\":[\"https:\\\/\\\/www.facebook.com\\\/arepoquality\\\/\",\"https:\\\/\\\/x.com\\\/arepoquality_eu\",\"https:\\\/\\\/www.linkedin.com\\\/company\\\/arepoquality\\\/?viewAsMember=true\"]},{\"@type\":\"Person\",\"@id\":\"https:\\\/\\\/www.arepoquality.eu\\\/#\\\/schema\\\/person\\\/15f7c6b22cbe9706c69d5201712ded97\",\"name\":\"Francesca Alampi\",\"url\":\"https:\\\/\\\/www.arepoquality.eu\\\/es\\\/author\\\/francesca-alampi\\\/\"}]}<\/script>\n<!-- \/ Yoast SEO plugin. -->","yoast_head_json":{"title":"\u00a1AREPO y MOVING! - AREPO","robots":{"index":"index","follow":"follow","max-snippet":"max-snippet:-1","max-image-preview":"max-image-preview:large","max-video-preview":"max-video-preview:-1"},"canonical":"https:\/\/www.arepoquality.eu\/es\/2022\/05\/11\/arepo-y-moving\/","og_locale":"es_ES","og_type":"article","og_title":"\u00a1AREPO y MOVING! - AREPO","og_description":"La primera Asamblea General 2022 de AREPO, que tuvo lugar el jueves 28 de abril en Bruselas, fue una oportunidad para presentar a las regiones miembros de AREPO y a las organizaciones asociadas los avances y los primeros resultados del proyecto MOVING de Horizonte 2020, que resumimos a continuaci\u00f3n. El equipo de AREPO tambi\u00e9n aprovech\u00f3 [&hellip;]","og_url":"https:\/\/www.arepoquality.eu\/es\/2022\/05\/11\/arepo-y-moving\/","og_site_name":"AREPO","article_publisher":"https:\/\/www.facebook.com\/arepoquality\/","article_published_time":"2022-05-11T17:26:55+00:00","article_modified_time":"2022-05-25T14:44:55+00:00","og_image":[{"width":1024,"height":675,"url":"https:\/\/www.arepoquality.eu\/wp-content\/uploads\/2022\/05\/1-1-1024x675.jpg","type":"image\/jpeg"}],"author":"Francesca Alampi","twitter_card":"summary_large_image","twitter_creator":"@arepoquality_eu","twitter_site":"@arepoquality_eu","twitter_misc":{"Escrito por":"Francesca Alampi","Tiempo de lectura":"3 minutos"},"schema":{"@context":"https:\/\/schema.org","@graph":[{"@type":"Article","@id":"https:\/\/www.arepoquality.eu\/es\/2022\/05\/11\/arepo-y-moving\/#article","isPartOf":{"@id":"https:\/\/www.arepoquality.eu\/es\/2022\/05\/11\/arepo-y-moving\/"},"author":{"name":"Francesca Alampi","@id":"https:\/\/www.arepoquality.eu\/#\/schema\/person\/15f7c6b22cbe9706c69d5201712ded97"},"headline":"\u00a1AREPO y MOVING!","datePublished":"2022-05-11T17:26:55+00:00","dateModified":"2022-05-25T14:44:55+00:00","mainEntityOfPage":{"@id":"https:\/\/www.arepoquality.eu\/es\/2022\/05\/11\/arepo-y-moving\/"},"wordCount":622,"commentCount":0,"publisher":{"@id":"https:\/\/www.arepoquality.eu\/#organization"},"image":{"@id":"https:\/\/www.arepoquality.eu\/es\/2022\/05\/11\/arepo-y-moving\/#primaryimage"},"thumbnailUrl":"https:\/\/www.arepoquality.eu\/wp-content\/uploads\/2022\/05\/1-1.jpg","articleSection":["Evento AREPO","MOVING","Proyecto UE"],"inLanguage":"es","potentialAction":[{"@type":"CommentAction","name":"Comment","target":["https:\/\/www.arepoquality.eu\/es\/2022\/05\/11\/arepo-y-moving\/#respond"]}]},{"@type":"WebPage","@id":"https:\/\/www.arepoquality.eu\/es\/2022\/05\/11\/arepo-y-moving\/","url":"https:\/\/www.arepoquality.eu\/es\/2022\/05\/11\/arepo-y-moving\/","name":"\u00a1AREPO y MOVING! - AREPO","isPartOf":{"@id":"https:\/\/www.arepoquality.eu\/#website"},"primaryImageOfPage":{"@id":"https:\/\/www.arepoquality.eu\/es\/2022\/05\/11\/arepo-y-moving\/#primaryimage"},"image":{"@id":"https:\/\/www.arepoquality.eu\/es\/2022\/05\/11\/arepo-y-moving\/#primaryimage"},"thumbnailUrl":"https:\/\/www.arepoquality.eu\/wp-content\/uploads\/2022\/05\/1-1.jpg","datePublished":"2022-05-11T17:26:55+00:00","dateModified":"2022-05-25T14:44:55+00:00","breadcrumb":{"@id":"https:\/\/www.arepoquality.eu\/es\/2022\/05\/11\/arepo-y-moving\/#breadcrumb"},"inLanguage":"es","potentialAction":[{"@type":"ReadAction","target":["https:\/\/www.arepoquality.eu\/es\/2022\/05\/11\/arepo-y-moving\/"]}]},{"@type":"ImageObject","inLanguage":"es","@id":"https:\/\/www.arepoquality.eu\/es\/2022\/05\/11\/arepo-y-moving\/#primaryimage","url":"https:\/\/www.arepoquality.eu\/wp-content\/uploads\/2022\/05\/1-1.jpg","contentUrl":"https:\/\/www.arepoquality.eu\/wp-content\/uploads\/2022\/05\/1-1.jpg","width":3968,"height":2614},{"@type":"BreadcrumbList","@id":"https:\/\/www.arepoquality.eu\/es\/2022\/05\/11\/arepo-y-moving\/#breadcrumb","itemListElement":[{"@type":"ListItem","position":1,"name":"Home","item":"https:\/\/www.arepoquality.eu\/"},{"@type":"ListItem","position":2,"name":"\u00a1AREPO y MOVING!"}]},{"@type":"WebSite","@id":"https:\/\/www.arepoquality.eu\/#website","url":"https:\/\/www.arepoquality.eu\/","name":"AREPO","description":"","publisher":{"@id":"https:\/\/www.arepoquality.eu\/#organization"},"potentialAction":[{"@type":"SearchAction","target":{"@type":"EntryPoint","urlTemplate":"https:\/\/www.arepoquality.eu\/?s={search_term_string}"},"query-input":{"@type":"PropertyValueSpecification","valueRequired":true,"valueName":"search_term_string"}}],"inLanguage":"es"},{"@type":"Organization","@id":"https:\/\/www.arepoquality.eu\/#organization","name":"AREPO","url":"https:\/\/www.arepoquality.eu\/","logo":{"@type":"ImageObject","inLanguage":"es","@id":"https:\/\/www.arepoquality.eu\/#\/schema\/logo\/image\/","url":"https:\/\/www.arepoquality.eu\/wp-content\/uploads\/2024\/05\/arepo.jpg","contentUrl":"https:\/\/www.arepoquality.eu\/wp-content\/uploads\/2024\/05\/arepo.jpg","width":1113,"height":705,"caption":"AREPO"},"image":{"@id":"https:\/\/www.arepoquality.eu\/#\/schema\/logo\/image\/"},"sameAs":["https:\/\/www.facebook.com\/arepoquality\/","https:\/\/x.com\/arepoquality_eu","https:\/\/www.linkedin.com\/company\/arepoquality\/?viewAsMember=true"]},{"@type":"Person","@id":"https:\/\/www.arepoquality.eu\/#\/schema\/person\/15f7c6b22cbe9706c69d5201712ded97","name":"Francesca Alampi","url":"https:\/\/www.arepoquality.eu\/es\/author\/francesca-alampi\/"}]}},"_links":{"self":[{"href":"https:\/\/www.arepoquality.eu\/es\/wp-json\/wp\/v2\/posts\/12190","targetHints":{"allow":["GET"]}}],"collection":[{"href":"https:\/\/www.arepoquality.eu\/es\/wp-json\/wp\/v2\/posts"}],"about":[{"href":"https:\/\/www.arepoquality.eu\/es\/wp-json\/wp\/v2\/types\/post"}],"author":[{"embeddable":true,"href":"https:\/\/www.arepoquality.eu\/es\/wp-json\/wp\/v2\/users\/3"}],"replies":[{"embeddable":true,"href":"https:\/\/www.arepoquality.eu\/es\/wp-json\/wp\/v2\/comments?post=12190"}],"version-history":[{"count":6,"href":"https:\/\/www.arepoquality.eu\/es\/wp-json\/wp\/v2\/posts\/12190\/revisions"}],"predecessor-version":[{"id":12273,"href":"https:\/\/www.arepoquality.eu\/es\/wp-json\/wp\/v2\/posts\/12190\/revisions\/12273"}],"wp:featuredmedia":[{"embeddable":true,"href":"https:\/\/www.arepoquality.eu\/es\/wp-json\/wp\/v2\/media\/11994"}],"wp:attachment":[{"href":"https:\/\/www.arepoquality.eu\/es\/wp-json\/wp\/v2\/media?parent=12190"}],"wp:term":[{"taxonomy":"category","embeddable":true,"href":"https:\/\/www.arepoquality.eu\/es\/wp-json\/wp\/v2\/categories?post=12190"},{"taxonomy":"post_tag","embeddable":true,"href":"https:\/\/www.arepoquality.eu\/es\/wp-json\/wp\/v2\/tags?post=12190"}],"curies":[{"name":"wp","href":"https:\/\/api.w.org\/{rel}","templated":true}]}}