{"id":12925,"date":"2022-10-11T13:05:35","date_gmt":"2022-10-11T11:05:35","guid":{"rendered":"http:\/\/www.arepoquality.eu\/?p=12925"},"modified":"2022-10-12T09:18:58","modified_gmt":"2022-10-12T07:18:58","slug":"new-on-moving-blog-the-eu-cap-network-the-platform-where-moving-contributions-and-the-new-cap-objectives-can-meet","status":"publish","type":"post","link":"https:\/\/www.arepoquality.eu\/es\/2022\/10\/11\/new-on-moving-blog-the-eu-cap-network-the-platform-where-moving-contributions-and-the-new-cap-objectives-can-meet\/","title":{"rendered":"NUEVO EN EL BLOG DE MOVING: La Red de la PAC de la UE, la plataforma en la que pueden confluir las contribuciones de MOVING y los nuevos objetivos de la PAC"},"content":{"rendered":"\n<p>El lanzamiento de la <a href=\"https:\/\/eu-cap-network.ec.europa.eu\/index_en\"><strong>Red de la PAC de la<\/strong><\/a> UE tuvo lugar el 6 de octubre, 2022 en Bruselas. Esta nueva red pretende alcanzar el <strong>objetivo de la nueva Pol\u00edtica Agr\u00edcola Com\u00fan (PAC)<\/strong>, mediante la <strong>aplicaci\u00f3n de <\/strong>los nuevos planes estrat\u00e9gicos, la <strong>innovaci\u00f3n en la <\/strong>agricultura, la silvicultura y las zonas rurales, as\u00ed como el <strong>seguimiento y la evaluaci\u00f3n de <\/strong>la nueva PAC.<\/p>\n\n\n\n<p>De hecho, la Red de la PAC de la UE reunir\u00e1 en una\nsola red a nivel de la UE a las partes interesadas actuales que cubren la <a href=\"https:\/\/eu-cap-network.ec.europa.eu\/support\/innovation-knowledge-exchange-eip-agri_en\">innovaci\u00f3n<\/a>, la <a href=\"https:\/\/eu-cap-network.ec.europa.eu\/support\/cap-implementation-contact-point_en\">aplicaci\u00f3n<\/a> y la <a href=\"https:\/\/eu-cap-network.ec.europa.eu\/support\/european-evaluation-helpdesk_en\">evaluaci\u00f3n<\/a>, y\ntambi\u00e9n implicar\u00e1 a otras nuevas. Servir\u00e1 de plataforma para el intercambio de\nconocimientos e informaci\u00f3n, para el aprendizaje entre iguales y para compartir\nexperiencias y buenas pr\u00e1cticas en la aplicaci\u00f3n de la PAC.<\/p>\n\n\n\n<p>El acto de presentaci\u00f3n\nse articul\u00f3 en torno a sesiones interactivas y otras actividades, incluida la <a href=\"https:\/\/enrd.ec.europa.eu\/news-events\/events\/rural-inspiration-awards\/rural-inspiration-awards-2022-the-future-is-youth_en\">ceremonia de entrega de <\/a><a href=\"https:\/\/enrd.ec.europa.eu\/news-events\/events\/rural-inspiration-awards\/rural-inspiration-awards-2022-the-future-is-youth_en\">los Premios a la Inspiraci\u00f3n Rural (RIA) 2022<\/a>. <\/p>\n\n\n\n<p>En honor al <a href=\"https:\/\/europa.eu\/youth\/year-of-youth_en\" target=\"_blank\" rel=\"noreferrer noopener\">A\u00f1o Europeo de la Juventud<\/a>, el tema de la RIA de este a\u00f1o fue \u00ab<strong>El futuro es la juventud<\/strong>\u00ab,\ncon el fin de promover la <strong>importancia de\nla juventud europea para construir un futuro mejor. <\/strong>El Jefe de Gabinete del\nComisario de Agricultura, Maciej Golubiewski, anunci\u00f3 los ganadores,\nseleccionados en las siguientes categor\u00edas tem\u00e1ticas Futuros verdes, Futuros\ndigitales, Futuros resilientes y Futuros socialmente inclusivos e innovadores.<\/p>\n\n\n\n<figure class=\"wp-block-image\"><img decoding=\"async\" src=\"https:\/\/www.moving-h2020.eu\/wp-content\/uploads\/2022\/10\/MOVING-news-web-1600-%C3%97-900-px-4-1024x538.png\" alt=\"\" class=\"wp-image-4394547\"\/><\/figure>\n\n\n\n<p>\u00ab<a href=\"https:\/\/enrd.ec.europa.eu\/projects-practice\/red-cow-breed_en\">Red Cow Breed<\/a>\u00ab, ganador de la categor\u00eda \u00abResilient Futures\u00bb, es\nespecialmente interesante desde el punto de vista de las actividades de <a href=\"https:\/\/www.moving-h2020.eu\/\">MOVING<\/a>. Situado en una zona\nmonta\u00f1osa del norte de Grecia, el proyecto pretend\u00eda recuperar una raza local\nde vacas (la Kastoria-Kristallopigi roja griega) estableciendo una\ncertificaci\u00f3n de pedigr\u00ed para resaltar la calidad de la carne y crear demanda\nentre los consumidores. \u00bfQuiere <strong>saber\nm\u00e1s sobre estos inspiradores proyectos? Consulte la lista completa de proyectos\nfinalistas <\/strong><a href=\"https:\/\/enrd.ec.europa.eu\/news-events\/events\/rural-inspiration-awards\/rural-inspiration-awards-2022-the-future-is-youth_en\"><strong>aqu\u00ed<\/strong><\/a><strong>.<\/strong><strong><em><\/em><\/strong><\/p>\n\n\n\n<p>Durante la jornada, se invit\u00f3 a los participantes a\nparticipar en diferentes talleres sobre aplicaci\u00f3n, innovaci\u00f3n, evaluaci\u00f3n y\ncomunicaci\u00f3n. El socio de MOVING, la Asociaci\u00f3n de Regiones Europeas de\nProductos de Origen (<a href=\"https:\/\/www.moving-h2020.eu\/partners\/association-of-european-regions-for-products-of-origin\/\">AREPO<\/a>), se\nuni\u00f3 a las sesiones interactivas para contribuir a la fundaci\u00f3n de la nueva\nred, compartiendo experiencias y buenas pr\u00e1cticas.<\/p>\n\n\n\n<p>Como se destac\u00f3 en un <a href=\"https:\/\/www.moving-h2020.eu\/moving-contributes-to-the-eu-long-term-vision-for-rural-areas-ltvra\/\">art\u00edculo<\/a> anterior\n<a href=\"https:\/\/www.moving-h2020.eu\/moving-contributes-to-the-eu-long-term-vision-for-rural-areas-ltvra\/\">del blog<\/a>, se\nespera que los resultados de MOVING contribuyan a varios aspectos de la visi\u00f3n\na largo plazo de la UE para las zonas rurales. La red de la PAC de la UE\nrepresenta una gran oportunidad para difundir estos resultados y garantizar su\naceptaci\u00f3n a nivel nacional y local.<\/p>\n\n\n\n<p>Por \u00faltimo, el evento sigui\u00f3 a la \u00faltima Asamblea de\nlas actuales Redes Rurales, celebrada el 5 de octubre de 2022. Esta fue la\nocasi\u00f3n de poner al d\u00eda a los participantes sobre los \u00faltimos avances en la\nreforma de la PAC, la aprobaci\u00f3n de los planes estrat\u00e9gicos de la PAC de los\nEstados miembros y otras iniciativas pol\u00edticas relevantes de la UE, incluyendo <a href=\"https:\/\/ec.europa.eu\/info\/strategy\/priorities-2019-2024\/new-push-european-democracy\/long-term-vision-rural-areas_en\">Una\nvisi\u00f3n a largo plazo para las zonas rurales de la UE<\/a>,\nHorizonte Europa y los resultados de la <a href=\"https:\/\/ec.europa.eu\/info\/events\/the-rural-pact-conference-2022-jun-15_en\">Conferencia\ndel Pacto Rural<\/a>.<\/p>\n\n\n\n<figure class=\"wp-block-embed-youtube wp-block-embed is-type-video is-provider-youtube wp-embed-aspect-16-9 wp-has-aspect-ratio\"><div class=\"wp-block-embed__wrapper\">\n<iframe loading=\"lazy\" title=\"EU CAP Network - #Bloomtogether\" width=\"500\" height=\"281\" src=\"https:\/\/www.youtube.com\/embed\/xiES0H2bn7U?feature=oembed\" frameborder=\"0\" allow=\"accelerometer; autoplay; clipboard-write; encrypted-media; gyroscope; picture-in-picture; web-share\" referrerpolicy=\"strict-origin-when-cross-origin\" allowfullscreen><\/iframe>\n<\/div><\/figure>\n\n\n\n<p><strong>\u00bfEst\u00e1 interesado en saber m\u00e1s sobre el pr\u00f3ximo evento de MOVING? <\/strong>No se pierda el <a rel=\"noreferrer noopener\" href=\"https:\/\/www.moving-h2020.eu\/event_categories\/moving\/\" target=\"_blank\">pr\u00f3ximo seminario web de la Plataforma Europea Multiactores (EU MAP)<\/a> el <strong>8 de noviembre de 2022, de 9.30 a 1.15 (CET)<\/strong>, sobre los sistemas europeos de calidad: el valor a\u00f1adido para las cadenas de valor de las monta\u00f1as. V\u00e9ase el <strong>borrador del orden del d\u00eda<\/strong>, <a rel=\"noreferrer noopener\" href=\"https:\/\/www.moving-h2020.eu\/wp-content\/uploads\/2022\/09\/MOVING_Agenda_EU_MAPwebinar_Quality.pdf\" target=\"_blank\">aqu\u00ed<\/a>. Para participar, puede rellenar el <strong>formulario de inscripci\u00f3n, <\/strong><a href=\"https:\/\/mailchi.mp\/moving-h2020\/8ocq6xb8xy\">aqu\u00ed<\/a>.<\/p>\n\n\n\n<p><\/p>\n\n\n\n<div class=\"wp-block-image\"><figure class=\"alignleft\"><img loading=\"lazy\" decoding=\"async\" width=\"96\" height=\"65\" src=\"https:\/\/www.arepoquality.eu\/wp-content\/uploads\/2022\/10\/image-1.png\" alt=\"\" class=\"wp-image-12934\"\/><\/figure><\/div>\n\n\n\n<p style=\"font-size:12px\"><em>MOVING receives funding from the European Union\u2019s Horizon 2020 research and innovation programme under grant agreement No. 862739<\/em><\/p>\n","protected":false},"excerpt":{"rendered":"<p>El lanzamiento de la Red de la PAC de la UE tuvo lugar el 6 de octubre, 2022 en Bruselas. Esta nueva red pretende alcanzar el objetivo de la nueva Pol\u00edtica Agr\u00edcola Com\u00fan (PAC), mediante la aplicaci\u00f3n de los nuevos planes estrat\u00e9gicos, la innovaci\u00f3n en la agricultura, la silvicultura y las zonas rurales, as\u00ed como [&hellip;]<\/p>\n","protected":false},"author":3,"featured_media":12919,"comment_status":"open","ping_status":"open","sticky":false,"template":"","format":"standard","meta":{"_acf_changed":false,"footnotes":""},"categories":[149,45],"tags":[],"class_list":["post-12925","post","type-post","status-publish","format-standard","has-post-thumbnail","hentry","category-moving-es","category-pac-es"],"acf":[],"yoast_head":"<!-- This site is optimized with the Yoast SEO plugin v27.5 - https:\/\/yoast.com\/product\/yoast-seo-wordpress\/ -->\n<title>NUEVO EN EL BLOG DE MOVING: La Red de la PAC de la UE, la plataforma en la que pueden confluir las contribuciones de MOVING y los nuevos objetivos de la PAC - AREPO<\/title>\n<meta name=\"robots\" content=\"index, follow, max-snippet:-1, max-image-preview:large, max-video-preview:-1\" \/>\n<link rel=\"canonical\" href=\"https:\/\/www.arepoquality.eu\/es\/2022\/10\/11\/new-on-moving-blog-the-eu-cap-network-the-platform-where-moving-contributions-and-the-new-cap-objectives-can-meet\/\" \/>\n<meta property=\"og:locale\" content=\"es_ES\" \/>\n<meta property=\"og:type\" content=\"article\" \/>\n<meta property=\"og:title\" content=\"NUEVO EN EL BLOG DE MOVING: La Red de la PAC de la UE, la plataforma en la que pueden confluir las contribuciones de MOVING y los nuevos objetivos de la PAC - AREPO\" \/>\n<meta property=\"og:description\" content=\"El lanzamiento de la Red de la PAC de la UE tuvo lugar el 6 de octubre, 2022 en Bruselas. Esta nueva red pretende alcanzar el objetivo de la nueva Pol\u00edtica Agr\u00edcola Com\u00fan (PAC), mediante la aplicaci\u00f3n de los nuevos planes estrat\u00e9gicos, la innovaci\u00f3n en la agricultura, la silvicultura y las zonas rurales, as\u00ed como [&hellip;]\" \/>\n<meta property=\"og:url\" content=\"https:\/\/www.arepoquality.eu\/es\/2022\/10\/11\/new-on-moving-blog-the-eu-cap-network-the-platform-where-moving-contributions-and-the-new-cap-objectives-can-meet\/\" \/>\n<meta property=\"og:site_name\" content=\"AREPO\" \/>\n<meta property=\"article:publisher\" content=\"https:\/\/www.facebook.com\/arepoquality\/\" \/>\n<meta property=\"article:published_time\" content=\"2022-10-11T11:05:35+00:00\" \/>\n<meta property=\"article:modified_time\" content=\"2022-10-12T07:18:58+00:00\" \/>\n<meta property=\"og:image\" content=\"https:\/\/www.arepoquality.eu\/wp-content\/uploads\/2022\/10\/fexoxa1waaaax2h-scaled-e1665400786179.jpg\" \/>\n\t<meta property=\"og:image:width\" content=\"2368\" \/>\n\t<meta property=\"og:image:height\" content=\"1190\" \/>\n\t<meta property=\"og:image:type\" content=\"image\/jpeg\" \/>\n<meta name=\"author\" content=\"Francesca Alampi\" \/>\n<meta name=\"twitter:card\" content=\"summary_large_image\" \/>\n<meta name=\"twitter:creator\" content=\"@arepoquality_eu\" \/>\n<meta name=\"twitter:site\" content=\"@arepoquality_eu\" \/>\n<meta name=\"twitter:label1\" content=\"Escrito por\" \/>\n\t<meta name=\"twitter:data1\" content=\"Francesca Alampi\" \/>\n\t<meta name=\"twitter:label2\" content=\"Tiempo de lectura\" \/>\n\t<meta name=\"twitter:data2\" content=\"3 minutos\" \/>\n<script type=\"application\/ld+json\" class=\"yoast-schema-graph\">{\"@context\":\"https:\\\/\\\/schema.org\",\"@graph\":[{\"@type\":\"Article\",\"@id\":\"https:\\\/\\\/www.arepoquality.eu\\\/es\\\/2022\\\/10\\\/11\\\/new-on-moving-blog-the-eu-cap-network-the-platform-where-moving-contributions-and-the-new-cap-objectives-can-meet\\\/#article\",\"isPartOf\":{\"@id\":\"https:\\\/\\\/www.arepoquality.eu\\\/es\\\/2022\\\/10\\\/11\\\/new-on-moving-blog-the-eu-cap-network-the-platform-where-moving-contributions-and-the-new-cap-objectives-can-meet\\\/\"},\"author\":{\"name\":\"Francesca Alampi\",\"@id\":\"https:\\\/\\\/www.arepoquality.eu\\\/#\\\/schema\\\/person\\\/15f7c6b22cbe9706c69d5201712ded97\"},\"headline\":\"NUEVO EN EL BLOG DE MOVING: La Red de la PAC de la UE, la plataforma en la que pueden confluir las contribuciones de MOVING y los nuevos objetivos de la PAC\",\"datePublished\":\"2022-10-11T11:05:35+00:00\",\"dateModified\":\"2022-10-12T07:18:58+00:00\",\"mainEntityOfPage\":{\"@id\":\"https:\\\/\\\/www.arepoquality.eu\\\/es\\\/2022\\\/10\\\/11\\\/new-on-moving-blog-the-eu-cap-network-the-platform-where-moving-contributions-and-the-new-cap-objectives-can-meet\\\/\"},\"wordCount\":670,\"commentCount\":0,\"publisher\":{\"@id\":\"https:\\\/\\\/www.arepoquality.eu\\\/#organization\"},\"image\":{\"@id\":\"https:\\\/\\\/www.arepoquality.eu\\\/es\\\/2022\\\/10\\\/11\\\/new-on-moving-blog-the-eu-cap-network-the-platform-where-moving-contributions-and-the-new-cap-objectives-can-meet\\\/#primaryimage\"},\"thumbnailUrl\":\"https:\\\/\\\/www.arepoquality.eu\\\/wp-content\\\/uploads\\\/2022\\\/10\\\/fexoxa1waaaax2h-scaled-e1665400786179.jpg\",\"articleSection\":[\"MOVING\",\"PAC\"],\"inLanguage\":\"es\",\"potentialAction\":[{\"@type\":\"CommentAction\",\"name\":\"Comment\",\"target\":[\"https:\\\/\\\/www.arepoquality.eu\\\/es\\\/2022\\\/10\\\/11\\\/new-on-moving-blog-the-eu-cap-network-the-platform-where-moving-contributions-and-the-new-cap-objectives-can-meet\\\/#respond\"]}]},{\"@type\":\"WebPage\",\"@id\":\"https:\\\/\\\/www.arepoquality.eu\\\/es\\\/2022\\\/10\\\/11\\\/new-on-moving-blog-the-eu-cap-network-the-platform-where-moving-contributions-and-the-new-cap-objectives-can-meet\\\/\",\"url\":\"https:\\\/\\\/www.arepoquality.eu\\\/es\\\/2022\\\/10\\\/11\\\/new-on-moving-blog-the-eu-cap-network-the-platform-where-moving-contributions-and-the-new-cap-objectives-can-meet\\\/\",\"name\":\"NUEVO EN EL BLOG DE MOVING: La Red de la PAC de la UE, la plataforma en la que pueden confluir las contribuciones de MOVING y los nuevos objetivos de la PAC - AREPO\",\"isPartOf\":{\"@id\":\"https:\\\/\\\/www.arepoquality.eu\\\/#website\"},\"primaryImageOfPage\":{\"@id\":\"https:\\\/\\\/www.arepoquality.eu\\\/es\\\/2022\\\/10\\\/11\\\/new-on-moving-blog-the-eu-cap-network-the-platform-where-moving-contributions-and-the-new-cap-objectives-can-meet\\\/#primaryimage\"},\"image\":{\"@id\":\"https:\\\/\\\/www.arepoquality.eu\\\/es\\\/2022\\\/10\\\/11\\\/new-on-moving-blog-the-eu-cap-network-the-platform-where-moving-contributions-and-the-new-cap-objectives-can-meet\\\/#primaryimage\"},\"thumbnailUrl\":\"https:\\\/\\\/www.arepoquality.eu\\\/wp-content\\\/uploads\\\/2022\\\/10\\\/fexoxa1waaaax2h-scaled-e1665400786179.jpg\",\"datePublished\":\"2022-10-11T11:05:35+00:00\",\"dateModified\":\"2022-10-12T07:18:58+00:00\",\"breadcrumb\":{\"@id\":\"https:\\\/\\\/www.arepoquality.eu\\\/es\\\/2022\\\/10\\\/11\\\/new-on-moving-blog-the-eu-cap-network-the-platform-where-moving-contributions-and-the-new-cap-objectives-can-meet\\\/#breadcrumb\"},\"inLanguage\":\"es\",\"potentialAction\":[{\"@type\":\"ReadAction\",\"target\":[\"https:\\\/\\\/www.arepoquality.eu\\\/es\\\/2022\\\/10\\\/11\\\/new-on-moving-blog-the-eu-cap-network-the-platform-where-moving-contributions-and-the-new-cap-objectives-can-meet\\\/\"]}]},{\"@type\":\"ImageObject\",\"inLanguage\":\"es\",\"@id\":\"https:\\\/\\\/www.arepoquality.eu\\\/es\\\/2022\\\/10\\\/11\\\/new-on-moving-blog-the-eu-cap-network-the-platform-where-moving-contributions-and-the-new-cap-objectives-can-meet\\\/#primaryimage\",\"url\":\"https:\\\/\\\/www.arepoquality.eu\\\/wp-content\\\/uploads\\\/2022\\\/10\\\/fexoxa1waaaax2h-scaled-e1665400786179.jpg\",\"contentUrl\":\"https:\\\/\\\/www.arepoquality.eu\\\/wp-content\\\/uploads\\\/2022\\\/10\\\/fexoxa1waaaax2h-scaled-e1665400786179.jpg\",\"width\":2368,\"height\":1190},{\"@type\":\"BreadcrumbList\",\"@id\":\"https:\\\/\\\/www.arepoquality.eu\\\/es\\\/2022\\\/10\\\/11\\\/new-on-moving-blog-the-eu-cap-network-the-platform-where-moving-contributions-and-the-new-cap-objectives-can-meet\\\/#breadcrumb\",\"itemListElement\":[{\"@type\":\"ListItem\",\"position\":1,\"name\":\"Home\",\"item\":\"https:\\\/\\\/www.arepoquality.eu\\\/\"},{\"@type\":\"ListItem\",\"position\":2,\"name\":\"NUEVO EN EL BLOG DE MOVING: La Red de la PAC de la UE, la plataforma en la que pueden confluir las contribuciones de MOVING y los nuevos objetivos de la PAC\"}]},{\"@type\":\"WebSite\",\"@id\":\"https:\\\/\\\/www.arepoquality.eu\\\/#website\",\"url\":\"https:\\\/\\\/www.arepoquality.eu\\\/\",\"name\":\"AREPO\",\"description\":\"\",\"publisher\":{\"@id\":\"https:\\\/\\\/www.arepoquality.eu\\\/#organization\"},\"potentialAction\":[{\"@type\":\"SearchAction\",\"target\":{\"@type\":\"EntryPoint\",\"urlTemplate\":\"https:\\\/\\\/www.arepoquality.eu\\\/?s={search_term_string}\"},\"query-input\":{\"@type\":\"PropertyValueSpecification\",\"valueRequired\":true,\"valueName\":\"search_term_string\"}}],\"inLanguage\":\"es\"},{\"@type\":\"Organization\",\"@id\":\"https:\\\/\\\/www.arepoquality.eu\\\/#organization\",\"name\":\"AREPO\",\"url\":\"https:\\\/\\\/www.arepoquality.eu\\\/\",\"logo\":{\"@type\":\"ImageObject\",\"inLanguage\":\"es\",\"@id\":\"https:\\\/\\\/www.arepoquality.eu\\\/#\\\/schema\\\/logo\\\/image\\\/\",\"url\":\"https:\\\/\\\/www.arepoquality.eu\\\/wp-content\\\/uploads\\\/2024\\\/05\\\/arepo.jpg\",\"contentUrl\":\"https:\\\/\\\/www.arepoquality.eu\\\/wp-content\\\/uploads\\\/2024\\\/05\\\/arepo.jpg\",\"width\":1113,\"height\":705,\"caption\":\"AREPO\"},\"image\":{\"@id\":\"https:\\\/\\\/www.arepoquality.eu\\\/#\\\/schema\\\/logo\\\/image\\\/\"},\"sameAs\":[\"https:\\\/\\\/www.facebook.com\\\/arepoquality\\\/\",\"https:\\\/\\\/x.com\\\/arepoquality_eu\",\"https:\\\/\\\/www.linkedin.com\\\/company\\\/arepoquality\\\/?viewAsMember=true\"]},{\"@type\":\"Person\",\"@id\":\"https:\\\/\\\/www.arepoquality.eu\\\/#\\\/schema\\\/person\\\/15f7c6b22cbe9706c69d5201712ded97\",\"name\":\"Francesca Alampi\",\"url\":\"https:\\\/\\\/www.arepoquality.eu\\\/es\\\/author\\\/francesca-alampi\\\/\"}]}<\/script>\n<!-- \/ Yoast SEO plugin. -->","yoast_head_json":{"title":"NUEVO EN EL BLOG DE MOVING: La Red de la PAC de la UE, la plataforma en la que pueden confluir las contribuciones de MOVING y los nuevos objetivos de la PAC - AREPO","robots":{"index":"index","follow":"follow","max-snippet":"max-snippet:-1","max-image-preview":"max-image-preview:large","max-video-preview":"max-video-preview:-1"},"canonical":"https:\/\/www.arepoquality.eu\/es\/2022\/10\/11\/new-on-moving-blog-the-eu-cap-network-the-platform-where-moving-contributions-and-the-new-cap-objectives-can-meet\/","og_locale":"es_ES","og_type":"article","og_title":"NUEVO EN EL BLOG DE MOVING: La Red de la PAC de la UE, la plataforma en la que pueden confluir las contribuciones de MOVING y los nuevos objetivos de la PAC - AREPO","og_description":"El lanzamiento de la Red de la PAC de la UE tuvo lugar el 6 de octubre, 2022 en Bruselas. Esta nueva red pretende alcanzar el objetivo de la nueva Pol\u00edtica Agr\u00edcola Com\u00fan (PAC), mediante la aplicaci\u00f3n de los nuevos planes estrat\u00e9gicos, la innovaci\u00f3n en la agricultura, la silvicultura y las zonas rurales, as\u00ed como [&hellip;]","og_url":"https:\/\/www.arepoquality.eu\/es\/2022\/10\/11\/new-on-moving-blog-the-eu-cap-network-the-platform-where-moving-contributions-and-the-new-cap-objectives-can-meet\/","og_site_name":"AREPO","article_publisher":"https:\/\/www.facebook.com\/arepoquality\/","article_published_time":"2022-10-11T11:05:35+00:00","article_modified_time":"2022-10-12T07:18:58+00:00","og_image":[{"width":2368,"height":1190,"url":"https:\/\/www.arepoquality.eu\/wp-content\/uploads\/2022\/10\/fexoxa1waaaax2h-scaled-e1665400786179.jpg","type":"image\/jpeg"}],"author":"Francesca Alampi","twitter_card":"summary_large_image","twitter_creator":"@arepoquality_eu","twitter_site":"@arepoquality_eu","twitter_misc":{"Escrito por":"Francesca Alampi","Tiempo de lectura":"3 minutos"},"schema":{"@context":"https:\/\/schema.org","@graph":[{"@type":"Article","@id":"https:\/\/www.arepoquality.eu\/es\/2022\/10\/11\/new-on-moving-blog-the-eu-cap-network-the-platform-where-moving-contributions-and-the-new-cap-objectives-can-meet\/#article","isPartOf":{"@id":"https:\/\/www.arepoquality.eu\/es\/2022\/10\/11\/new-on-moving-blog-the-eu-cap-network-the-platform-where-moving-contributions-and-the-new-cap-objectives-can-meet\/"},"author":{"name":"Francesca Alampi","@id":"https:\/\/www.arepoquality.eu\/#\/schema\/person\/15f7c6b22cbe9706c69d5201712ded97"},"headline":"NUEVO EN EL BLOG DE MOVING: La Red de la PAC de la UE, la plataforma en la que pueden confluir las contribuciones de MOVING y los nuevos objetivos de la PAC","datePublished":"2022-10-11T11:05:35+00:00","dateModified":"2022-10-12T07:18:58+00:00","mainEntityOfPage":{"@id":"https:\/\/www.arepoquality.eu\/es\/2022\/10\/11\/new-on-moving-blog-the-eu-cap-network-the-platform-where-moving-contributions-and-the-new-cap-objectives-can-meet\/"},"wordCount":670,"commentCount":0,"publisher":{"@id":"https:\/\/www.arepoquality.eu\/#organization"},"image":{"@id":"https:\/\/www.arepoquality.eu\/es\/2022\/10\/11\/new-on-moving-blog-the-eu-cap-network-the-platform-where-moving-contributions-and-the-new-cap-objectives-can-meet\/#primaryimage"},"thumbnailUrl":"https:\/\/www.arepoquality.eu\/wp-content\/uploads\/2022\/10\/fexoxa1waaaax2h-scaled-e1665400786179.jpg","articleSection":["MOVING","PAC"],"inLanguage":"es","potentialAction":[{"@type":"CommentAction","name":"Comment","target":["https:\/\/www.arepoquality.eu\/es\/2022\/10\/11\/new-on-moving-blog-the-eu-cap-network-the-platform-where-moving-contributions-and-the-new-cap-objectives-can-meet\/#respond"]}]},{"@type":"WebPage","@id":"https:\/\/www.arepoquality.eu\/es\/2022\/10\/11\/new-on-moving-blog-the-eu-cap-network-the-platform-where-moving-contributions-and-the-new-cap-objectives-can-meet\/","url":"https:\/\/www.arepoquality.eu\/es\/2022\/10\/11\/new-on-moving-blog-the-eu-cap-network-the-platform-where-moving-contributions-and-the-new-cap-objectives-can-meet\/","name":"NUEVO EN EL BLOG DE MOVING: La Red de la PAC de la UE, la plataforma en la que pueden confluir las contribuciones de MOVING y los nuevos objetivos de la PAC - AREPO","isPartOf":{"@id":"https:\/\/www.arepoquality.eu\/#website"},"primaryImageOfPage":{"@id":"https:\/\/www.arepoquality.eu\/es\/2022\/10\/11\/new-on-moving-blog-the-eu-cap-network-the-platform-where-moving-contributions-and-the-new-cap-objectives-can-meet\/#primaryimage"},"image":{"@id":"https:\/\/www.arepoquality.eu\/es\/2022\/10\/11\/new-on-moving-blog-the-eu-cap-network-the-platform-where-moving-contributions-and-the-new-cap-objectives-can-meet\/#primaryimage"},"thumbnailUrl":"https:\/\/www.arepoquality.eu\/wp-content\/uploads\/2022\/10\/fexoxa1waaaax2h-scaled-e1665400786179.jpg","datePublished":"2022-10-11T11:05:35+00:00","dateModified":"2022-10-12T07:18:58+00:00","breadcrumb":{"@id":"https:\/\/www.arepoquality.eu\/es\/2022\/10\/11\/new-on-moving-blog-the-eu-cap-network-the-platform-where-moving-contributions-and-the-new-cap-objectives-can-meet\/#breadcrumb"},"inLanguage":"es","potentialAction":[{"@type":"ReadAction","target":["https:\/\/www.arepoquality.eu\/es\/2022\/10\/11\/new-on-moving-blog-the-eu-cap-network-the-platform-where-moving-contributions-and-the-new-cap-objectives-can-meet\/"]}]},{"@type":"ImageObject","inLanguage":"es","@id":"https:\/\/www.arepoquality.eu\/es\/2022\/10\/11\/new-on-moving-blog-the-eu-cap-network-the-platform-where-moving-contributions-and-the-new-cap-objectives-can-meet\/#primaryimage","url":"https:\/\/www.arepoquality.eu\/wp-content\/uploads\/2022\/10\/fexoxa1waaaax2h-scaled-e1665400786179.jpg","contentUrl":"https:\/\/www.arepoquality.eu\/wp-content\/uploads\/2022\/10\/fexoxa1waaaax2h-scaled-e1665400786179.jpg","width":2368,"height":1190},{"@type":"BreadcrumbList","@id":"https:\/\/www.arepoquality.eu\/es\/2022\/10\/11\/new-on-moving-blog-the-eu-cap-network-the-platform-where-moving-contributions-and-the-new-cap-objectives-can-meet\/#breadcrumb","itemListElement":[{"@type":"ListItem","position":1,"name":"Home","item":"https:\/\/www.arepoquality.eu\/"},{"@type":"ListItem","position":2,"name":"NUEVO EN EL BLOG DE MOVING: La Red de la PAC de la UE, la plataforma en la que pueden confluir las contribuciones de MOVING y los nuevos objetivos de la PAC"}]},{"@type":"WebSite","@id":"https:\/\/www.arepoquality.eu\/#website","url":"https:\/\/www.arepoquality.eu\/","name":"AREPO","description":"","publisher":{"@id":"https:\/\/www.arepoquality.eu\/#organization"},"potentialAction":[{"@type":"SearchAction","target":{"@type":"EntryPoint","urlTemplate":"https:\/\/www.arepoquality.eu\/?s={search_term_string}"},"query-input":{"@type":"PropertyValueSpecification","valueRequired":true,"valueName":"search_term_string"}}],"inLanguage":"es"},{"@type":"Organization","@id":"https:\/\/www.arepoquality.eu\/#organization","name":"AREPO","url":"https:\/\/www.arepoquality.eu\/","logo":{"@type":"ImageObject","inLanguage":"es","@id":"https:\/\/www.arepoquality.eu\/#\/schema\/logo\/image\/","url":"https:\/\/www.arepoquality.eu\/wp-content\/uploads\/2024\/05\/arepo.jpg","contentUrl":"https:\/\/www.arepoquality.eu\/wp-content\/uploads\/2024\/05\/arepo.jpg","width":1113,"height":705,"caption":"AREPO"},"image":{"@id":"https:\/\/www.arepoquality.eu\/#\/schema\/logo\/image\/"},"sameAs":["https:\/\/www.facebook.com\/arepoquality\/","https:\/\/x.com\/arepoquality_eu","https:\/\/www.linkedin.com\/company\/arepoquality\/?viewAsMember=true"]},{"@type":"Person","@id":"https:\/\/www.arepoquality.eu\/#\/schema\/person\/15f7c6b22cbe9706c69d5201712ded97","name":"Francesca Alampi","url":"https:\/\/www.arepoquality.eu\/es\/author\/francesca-alampi\/"}]}},"_links":{"self":[{"href":"https:\/\/www.arepoquality.eu\/es\/wp-json\/wp\/v2\/posts\/12925","targetHints":{"allow":["GET"]}}],"collection":[{"href":"https:\/\/www.arepoquality.eu\/es\/wp-json\/wp\/v2\/posts"}],"about":[{"href":"https:\/\/www.arepoquality.eu\/es\/wp-json\/wp\/v2\/types\/post"}],"author":[{"embeddable":true,"href":"https:\/\/www.arepoquality.eu\/es\/wp-json\/wp\/v2\/users\/3"}],"replies":[{"embeddable":true,"href":"https:\/\/www.arepoquality.eu\/es\/wp-json\/wp\/v2\/comments?post=12925"}],"version-history":[{"count":3,"href":"https:\/\/www.arepoquality.eu\/es\/wp-json\/wp\/v2\/posts\/12925\/revisions"}],"predecessor-version":[{"id":12943,"href":"https:\/\/www.arepoquality.eu\/es\/wp-json\/wp\/v2\/posts\/12925\/revisions\/12943"}],"wp:featuredmedia":[{"embeddable":true,"href":"https:\/\/www.arepoquality.eu\/es\/wp-json\/wp\/v2\/media\/12919"}],"wp:attachment":[{"href":"https:\/\/www.arepoquality.eu\/es\/wp-json\/wp\/v2\/media?parent=12925"}],"wp:term":[{"taxonomy":"category","embeddable":true,"href":"https:\/\/www.arepoquality.eu\/es\/wp-json\/wp\/v2\/categories?post=12925"},{"taxonomy":"post_tag","embeddable":true,"href":"https:\/\/www.arepoquality.eu\/es\/wp-json\/wp\/v2\/tags?post=12925"}],"curies":[{"name":"wp","href":"https:\/\/api.w.org\/{rel}","templated":true}]}}