{"id":1845,"date":"2021-06-17T16:10:29","date_gmt":"2021-06-17T14:10:29","guid":{"rendered":"http:\/\/252373706c.url-de-test.ws\/arepo\/?p=1845"},"modified":"2021-06-29T11:43:03","modified_gmt":"2021-06-29T09:43:03","slug":"la-ue-y-ee-uu-acuerdan-suspender-la-aplicacion-de-aranceles-a-las-exportaciones","status":"publish","type":"post","link":"https:\/\/www.arepoquality.eu\/es\/2021\/06\/17\/la-ue-y-ee-uu-acuerdan-suspender-la-aplicacion-de-aranceles-a-las-exportaciones\/","title":{"rendered":"La UE y EE.UU. acuerdan suspender la aplicaci\u00f3n de aranceles a las exportaciones"},"content":{"rendered":"\n<p>Tras casi 17 a\u00f1os de disputas comerciales derivadas del sector de los grandes aviones civiles, la UE y Estados Unidos llegaron a un&nbsp;<a href=\"https:\/\/trade.ec.europa.eu\/doclib\/docs\/2021\/june\/tradoc_159645.pdf\">acuerdo<\/a>&nbsp;sobre el litigio Airbus-Boeing el 15 de junio.<\/p>\n\n\n\n<p>Iniciado en 2004, el litigio comercial m\u00e1s largo de la historia de la OMC vio c\u00f3mo EE.UU. y la UE se acusaban mutuamente de conceder subvenciones ilegales a los fabricantes de grandes aviones civiles Airbus (EU) y Boeing (EE.UU).<\/p>\n\n\n\n<p>Esto ha iniciado una serie de aranceles de represalia sobre las exportaciones reciprocas.<\/p>\n\n\n\n<p>Los EE.UU., en octubre de 2019, impusieron<strong>&nbsp;7.500 millones de d\u00f3lares en aranceles a varios productos de la UE, incluidas sus indicaciones geogr\u00e1ficas.<\/strong>&nbsp;La UE, en noviembre de 2020, impuso aranceles punitivos&nbsp;<strong>de hasta 4.000 millones de d\u00f3lares a productos estadounidenses.&nbsp;&nbsp;<\/strong>Como resultado, el comercio entre ambas partes se ha visto afectado por un valor de 11.500 millones de d\u00f3lares.<\/p>\n\n\n\n<p>La v\u00eda de la cooperaci\u00f3n se abri\u00f3 el 5 de marzo de 2021, cuando la UE y EE.UU. acordaron suspender durante un per\u00edodo de cuatro meses todos los aranceles de represalia sobre las exportaciones de la otra parte.<\/p>\n\n\n\n<p>El 15 de junio,&nbsp;<strong>las dos partes firmaron un acuerdo de cinco a\u00f1os por el que se comprometen a suspender los aranceles adicionales a la espera de un acuerdo a largo plazo.<\/strong>&nbsp;El objetivo es cerrar definitivamente el asunto que ha perjudicado las exportaciones de varios sectores de la econom\u00eda y crear una plataforma de colaboraci\u00f3n para evitar futuros litigios y preservar la igualdad de condiciones entre los dos fabricantes de aviones.<\/p>\n\n\n\n<p>Mas informaci\u00f3n: <a href=\"https:\/\/ec.europa.eu\/commission\/presscorner\/detail\/es\/IP_21_3001\">https:\/\/ec.europa.eu\/commission\/presscorner\/detail\/es\/IP_21_3001<\/a><\/p>\n","protected":false},"excerpt":{"rendered":"<p>Tras casi 17 a\u00f1os de disputas comerciales derivadas del sector de los grandes aviones civiles, la UE y Estados Unidos llegaron a un&nbsp;acuerdo&nbsp;sobre el litigio Airbus-Boeing el 15 de junio. Iniciado en 2004, el litigio comercial m\u00e1s largo de la historia de la OMC vio c\u00f3mo EE.UU. y la UE se acusaban mutuamente de conceder [&hellip;]<\/p>\n","protected":false},"author":3,"featured_media":1835,"comment_status":"open","ping_status":"open","sticky":false,"template":"","format":"standard","meta":{"_acf_changed":false,"footnotes":""},"categories":[114],"tags":[],"class_list":["post-1845","post","type-post","status-publish","format-standard","has-post-thumbnail","hentry","category-politica-comercial-es"],"acf":[],"yoast_head":"<!-- This site is optimized with the Yoast SEO plugin v27.4 - https:\/\/yoast.com\/product\/yoast-seo-wordpress\/ -->\n<title>La UE y EE.UU. acuerdan suspender la aplicaci\u00f3n de aranceles a las exportaciones - AREPO<\/title>\n<meta name=\"robots\" content=\"index, follow, max-snippet:-1, max-image-preview:large, max-video-preview:-1\" \/>\n<link rel=\"canonical\" href=\"https:\/\/www.arepoquality.eu\/es\/2021\/06\/17\/la-ue-y-ee-uu-acuerdan-suspender-la-aplicacion-de-aranceles-a-las-exportaciones\/\" \/>\n<meta property=\"og:locale\" content=\"es_ES\" \/>\n<meta property=\"og:type\" content=\"article\" \/>\n<meta property=\"og:title\" content=\"La UE y EE.UU. acuerdan suspender la aplicaci\u00f3n de aranceles a las exportaciones - AREPO\" \/>\n<meta property=\"og:description\" content=\"Tras casi 17 a\u00f1os de disputas comerciales derivadas del sector de los grandes aviones civiles, la UE y Estados Unidos llegaron a un&nbsp;acuerdo&nbsp;sobre el litigio Airbus-Boeing el 15 de junio. Iniciado en 2004, el litigio comercial m\u00e1s largo de la historia de la OMC vio c\u00f3mo EE.UU. y la UE se acusaban mutuamente de conceder [&hellip;]\" \/>\n<meta property=\"og:url\" content=\"https:\/\/www.arepoquality.eu\/es\/2021\/06\/17\/la-ue-y-ee-uu-acuerdan-suspender-la-aplicacion-de-aranceles-a-las-exportaciones\/\" \/>\n<meta property=\"og:site_name\" content=\"AREPO\" \/>\n<meta property=\"article:publisher\" content=\"https:\/\/www.facebook.com\/arepoquality\/\" \/>\n<meta property=\"article:published_time\" content=\"2021-06-17T14:10:29+00:00\" \/>\n<meta property=\"article:modified_time\" content=\"2021-06-29T09:43:03+00:00\" \/>\n<meta property=\"og:image\" content=\"https:\/\/www.arepoquality.eu\/wp-content\/uploads\/2021\/06\/eu_us_0.jpg\" \/>\n\t<meta property=\"og:image:width\" content=\"220\" \/>\n\t<meta property=\"og:image:height\" content=\"146\" \/>\n\t<meta property=\"og:image:type\" content=\"image\/jpeg\" \/>\n<meta name=\"author\" content=\"Francesca Alampi\" \/>\n<meta name=\"twitter:card\" content=\"summary_large_image\" \/>\n<meta name=\"twitter:creator\" content=\"@arepoquality_eu\" \/>\n<meta name=\"twitter:site\" content=\"@arepoquality_eu\" \/>\n<meta name=\"twitter:label1\" content=\"Escrito por\" \/>\n\t<meta name=\"twitter:data1\" content=\"Francesca Alampi\" \/>\n\t<meta name=\"twitter:label2\" content=\"Tiempo de lectura\" \/>\n\t<meta name=\"twitter:data2\" content=\"1 minuto\" \/>\n<script type=\"application\/ld+json\" class=\"yoast-schema-graph\">{\"@context\":\"https:\\\/\\\/schema.org\",\"@graph\":[{\"@type\":\"Article\",\"@id\":\"https:\\\/\\\/www.arepoquality.eu\\\/es\\\/2021\\\/06\\\/17\\\/la-ue-y-ee-uu-acuerdan-suspender-la-aplicacion-de-aranceles-a-las-exportaciones\\\/#article\",\"isPartOf\":{\"@id\":\"https:\\\/\\\/www.arepoquality.eu\\\/es\\\/2021\\\/06\\\/17\\\/la-ue-y-ee-uu-acuerdan-suspender-la-aplicacion-de-aranceles-a-las-exportaciones\\\/\"},\"author\":{\"name\":\"Francesca Alampi\",\"@id\":\"https:\\\/\\\/www.arepoquality.eu\\\/#\\\/schema\\\/person\\\/15f7c6b22cbe9706c69d5201712ded97\"},\"headline\":\"La UE y EE.UU. acuerdan suspender la aplicaci\u00f3n de aranceles a las exportaciones\",\"datePublished\":\"2021-06-17T14:10:29+00:00\",\"dateModified\":\"2021-06-29T09:43:03+00:00\",\"mainEntityOfPage\":{\"@id\":\"https:\\\/\\\/www.arepoquality.eu\\\/es\\\/2021\\\/06\\\/17\\\/la-ue-y-ee-uu-acuerdan-suspender-la-aplicacion-de-aranceles-a-las-exportaciones\\\/\"},\"wordCount\":296,\"commentCount\":0,\"publisher\":{\"@id\":\"https:\\\/\\\/www.arepoquality.eu\\\/#organization\"},\"image\":{\"@id\":\"https:\\\/\\\/www.arepoquality.eu\\\/es\\\/2021\\\/06\\\/17\\\/la-ue-y-ee-uu-acuerdan-suspender-la-aplicacion-de-aranceles-a-las-exportaciones\\\/#primaryimage\"},\"thumbnailUrl\":\"https:\\\/\\\/www.arepoquality.eu\\\/wp-content\\\/uploads\\\/2021\\\/06\\\/eu_us_0.jpg\",\"articleSection\":[\"Pol\u00edtica comercial\"],\"inLanguage\":\"es\",\"potentialAction\":[{\"@type\":\"CommentAction\",\"name\":\"Comment\",\"target\":[\"https:\\\/\\\/www.arepoquality.eu\\\/es\\\/2021\\\/06\\\/17\\\/la-ue-y-ee-uu-acuerdan-suspender-la-aplicacion-de-aranceles-a-las-exportaciones\\\/#respond\"]}]},{\"@type\":\"WebPage\",\"@id\":\"https:\\\/\\\/www.arepoquality.eu\\\/es\\\/2021\\\/06\\\/17\\\/la-ue-y-ee-uu-acuerdan-suspender-la-aplicacion-de-aranceles-a-las-exportaciones\\\/\",\"url\":\"https:\\\/\\\/www.arepoquality.eu\\\/es\\\/2021\\\/06\\\/17\\\/la-ue-y-ee-uu-acuerdan-suspender-la-aplicacion-de-aranceles-a-las-exportaciones\\\/\",\"name\":\"La UE y EE.UU. acuerdan suspender la aplicaci\u00f3n de aranceles a las exportaciones - AREPO\",\"isPartOf\":{\"@id\":\"https:\\\/\\\/www.arepoquality.eu\\\/#website\"},\"primaryImageOfPage\":{\"@id\":\"https:\\\/\\\/www.arepoquality.eu\\\/es\\\/2021\\\/06\\\/17\\\/la-ue-y-ee-uu-acuerdan-suspender-la-aplicacion-de-aranceles-a-las-exportaciones\\\/#primaryimage\"},\"image\":{\"@id\":\"https:\\\/\\\/www.arepoquality.eu\\\/es\\\/2021\\\/06\\\/17\\\/la-ue-y-ee-uu-acuerdan-suspender-la-aplicacion-de-aranceles-a-las-exportaciones\\\/#primaryimage\"},\"thumbnailUrl\":\"https:\\\/\\\/www.arepoquality.eu\\\/wp-content\\\/uploads\\\/2021\\\/06\\\/eu_us_0.jpg\",\"datePublished\":\"2021-06-17T14:10:29+00:00\",\"dateModified\":\"2021-06-29T09:43:03+00:00\",\"breadcrumb\":{\"@id\":\"https:\\\/\\\/www.arepoquality.eu\\\/es\\\/2021\\\/06\\\/17\\\/la-ue-y-ee-uu-acuerdan-suspender-la-aplicacion-de-aranceles-a-las-exportaciones\\\/#breadcrumb\"},\"inLanguage\":\"es\",\"potentialAction\":[{\"@type\":\"ReadAction\",\"target\":[\"https:\\\/\\\/www.arepoquality.eu\\\/es\\\/2021\\\/06\\\/17\\\/la-ue-y-ee-uu-acuerdan-suspender-la-aplicacion-de-aranceles-a-las-exportaciones\\\/\"]}]},{\"@type\":\"ImageObject\",\"inLanguage\":\"es\",\"@id\":\"https:\\\/\\\/www.arepoquality.eu\\\/es\\\/2021\\\/06\\\/17\\\/la-ue-y-ee-uu-acuerdan-suspender-la-aplicacion-de-aranceles-a-las-exportaciones\\\/#primaryimage\",\"url\":\"https:\\\/\\\/www.arepoquality.eu\\\/wp-content\\\/uploads\\\/2021\\\/06\\\/eu_us_0.jpg\",\"contentUrl\":\"https:\\\/\\\/www.arepoquality.eu\\\/wp-content\\\/uploads\\\/2021\\\/06\\\/eu_us_0.jpg\",\"width\":220,\"height\":146},{\"@type\":\"BreadcrumbList\",\"@id\":\"https:\\\/\\\/www.arepoquality.eu\\\/es\\\/2021\\\/06\\\/17\\\/la-ue-y-ee-uu-acuerdan-suspender-la-aplicacion-de-aranceles-a-las-exportaciones\\\/#breadcrumb\",\"itemListElement\":[{\"@type\":\"ListItem\",\"position\":1,\"name\":\"Home\",\"item\":\"https:\\\/\\\/www.arepoquality.eu\\\/\"},{\"@type\":\"ListItem\",\"position\":2,\"name\":\"La UE y EE.UU. acuerdan suspender la aplicaci\u00f3n de aranceles a las exportaciones\"}]},{\"@type\":\"WebSite\",\"@id\":\"https:\\\/\\\/www.arepoquality.eu\\\/#website\",\"url\":\"https:\\\/\\\/www.arepoquality.eu\\\/\",\"name\":\"AREPO\",\"description\":\"\",\"publisher\":{\"@id\":\"https:\\\/\\\/www.arepoquality.eu\\\/#organization\"},\"potentialAction\":[{\"@type\":\"SearchAction\",\"target\":{\"@type\":\"EntryPoint\",\"urlTemplate\":\"https:\\\/\\\/www.arepoquality.eu\\\/?s={search_term_string}\"},\"query-input\":{\"@type\":\"PropertyValueSpecification\",\"valueRequired\":true,\"valueName\":\"search_term_string\"}}],\"inLanguage\":\"es\"},{\"@type\":\"Organization\",\"@id\":\"https:\\\/\\\/www.arepoquality.eu\\\/#organization\",\"name\":\"AREPO\",\"url\":\"https:\\\/\\\/www.arepoquality.eu\\\/\",\"logo\":{\"@type\":\"ImageObject\",\"inLanguage\":\"es\",\"@id\":\"https:\\\/\\\/www.arepoquality.eu\\\/#\\\/schema\\\/logo\\\/image\\\/\",\"url\":\"https:\\\/\\\/www.arepoquality.eu\\\/wp-content\\\/uploads\\\/2024\\\/05\\\/arepo.jpg\",\"contentUrl\":\"https:\\\/\\\/www.arepoquality.eu\\\/wp-content\\\/uploads\\\/2024\\\/05\\\/arepo.jpg\",\"width\":1113,\"height\":705,\"caption\":\"AREPO\"},\"image\":{\"@id\":\"https:\\\/\\\/www.arepoquality.eu\\\/#\\\/schema\\\/logo\\\/image\\\/\"},\"sameAs\":[\"https:\\\/\\\/www.facebook.com\\\/arepoquality\\\/\",\"https:\\\/\\\/x.com\\\/arepoquality_eu\",\"https:\\\/\\\/www.linkedin.com\\\/company\\\/arepoquality\\\/?viewAsMember=true\"]},{\"@type\":\"Person\",\"@id\":\"https:\\\/\\\/www.arepoquality.eu\\\/#\\\/schema\\\/person\\\/15f7c6b22cbe9706c69d5201712ded97\",\"name\":\"Francesca Alampi\",\"url\":\"https:\\\/\\\/www.arepoquality.eu\\\/es\\\/author\\\/francesca-alampi\\\/\"}]}<\/script>\n<!-- \/ Yoast SEO plugin. -->","yoast_head_json":{"title":"La UE y EE.UU. acuerdan suspender la aplicaci\u00f3n de aranceles a las exportaciones - AREPO","robots":{"index":"index","follow":"follow","max-snippet":"max-snippet:-1","max-image-preview":"max-image-preview:large","max-video-preview":"max-video-preview:-1"},"canonical":"https:\/\/www.arepoquality.eu\/es\/2021\/06\/17\/la-ue-y-ee-uu-acuerdan-suspender-la-aplicacion-de-aranceles-a-las-exportaciones\/","og_locale":"es_ES","og_type":"article","og_title":"La UE y EE.UU. acuerdan suspender la aplicaci\u00f3n de aranceles a las exportaciones - AREPO","og_description":"Tras casi 17 a\u00f1os de disputas comerciales derivadas del sector de los grandes aviones civiles, la UE y Estados Unidos llegaron a un&nbsp;acuerdo&nbsp;sobre el litigio Airbus-Boeing el 15 de junio. Iniciado en 2004, el litigio comercial m\u00e1s largo de la historia de la OMC vio c\u00f3mo EE.UU. y la UE se acusaban mutuamente de conceder [&hellip;]","og_url":"https:\/\/www.arepoquality.eu\/es\/2021\/06\/17\/la-ue-y-ee-uu-acuerdan-suspender-la-aplicacion-de-aranceles-a-las-exportaciones\/","og_site_name":"AREPO","article_publisher":"https:\/\/www.facebook.com\/arepoquality\/","article_published_time":"2021-06-17T14:10:29+00:00","article_modified_time":"2021-06-29T09:43:03+00:00","og_image":[{"width":220,"height":146,"url":"https:\/\/www.arepoquality.eu\/wp-content\/uploads\/2021\/06\/eu_us_0.jpg","type":"image\/jpeg"}],"author":"Francesca Alampi","twitter_card":"summary_large_image","twitter_creator":"@arepoquality_eu","twitter_site":"@arepoquality_eu","twitter_misc":{"Escrito por":"Francesca Alampi","Tiempo de lectura":"1 minuto"},"schema":{"@context":"https:\/\/schema.org","@graph":[{"@type":"Article","@id":"https:\/\/www.arepoquality.eu\/es\/2021\/06\/17\/la-ue-y-ee-uu-acuerdan-suspender-la-aplicacion-de-aranceles-a-las-exportaciones\/#article","isPartOf":{"@id":"https:\/\/www.arepoquality.eu\/es\/2021\/06\/17\/la-ue-y-ee-uu-acuerdan-suspender-la-aplicacion-de-aranceles-a-las-exportaciones\/"},"author":{"name":"Francesca Alampi","@id":"https:\/\/www.arepoquality.eu\/#\/schema\/person\/15f7c6b22cbe9706c69d5201712ded97"},"headline":"La UE y EE.UU. acuerdan suspender la aplicaci\u00f3n de aranceles a las exportaciones","datePublished":"2021-06-17T14:10:29+00:00","dateModified":"2021-06-29T09:43:03+00:00","mainEntityOfPage":{"@id":"https:\/\/www.arepoquality.eu\/es\/2021\/06\/17\/la-ue-y-ee-uu-acuerdan-suspender-la-aplicacion-de-aranceles-a-las-exportaciones\/"},"wordCount":296,"commentCount":0,"publisher":{"@id":"https:\/\/www.arepoquality.eu\/#organization"},"image":{"@id":"https:\/\/www.arepoquality.eu\/es\/2021\/06\/17\/la-ue-y-ee-uu-acuerdan-suspender-la-aplicacion-de-aranceles-a-las-exportaciones\/#primaryimage"},"thumbnailUrl":"https:\/\/www.arepoquality.eu\/wp-content\/uploads\/2021\/06\/eu_us_0.jpg","articleSection":["Pol\u00edtica comercial"],"inLanguage":"es","potentialAction":[{"@type":"CommentAction","name":"Comment","target":["https:\/\/www.arepoquality.eu\/es\/2021\/06\/17\/la-ue-y-ee-uu-acuerdan-suspender-la-aplicacion-de-aranceles-a-las-exportaciones\/#respond"]}]},{"@type":"WebPage","@id":"https:\/\/www.arepoquality.eu\/es\/2021\/06\/17\/la-ue-y-ee-uu-acuerdan-suspender-la-aplicacion-de-aranceles-a-las-exportaciones\/","url":"https:\/\/www.arepoquality.eu\/es\/2021\/06\/17\/la-ue-y-ee-uu-acuerdan-suspender-la-aplicacion-de-aranceles-a-las-exportaciones\/","name":"La UE y EE.UU. acuerdan suspender la aplicaci\u00f3n de aranceles a las exportaciones - AREPO","isPartOf":{"@id":"https:\/\/www.arepoquality.eu\/#website"},"primaryImageOfPage":{"@id":"https:\/\/www.arepoquality.eu\/es\/2021\/06\/17\/la-ue-y-ee-uu-acuerdan-suspender-la-aplicacion-de-aranceles-a-las-exportaciones\/#primaryimage"},"image":{"@id":"https:\/\/www.arepoquality.eu\/es\/2021\/06\/17\/la-ue-y-ee-uu-acuerdan-suspender-la-aplicacion-de-aranceles-a-las-exportaciones\/#primaryimage"},"thumbnailUrl":"https:\/\/www.arepoquality.eu\/wp-content\/uploads\/2021\/06\/eu_us_0.jpg","datePublished":"2021-06-17T14:10:29+00:00","dateModified":"2021-06-29T09:43:03+00:00","breadcrumb":{"@id":"https:\/\/www.arepoquality.eu\/es\/2021\/06\/17\/la-ue-y-ee-uu-acuerdan-suspender-la-aplicacion-de-aranceles-a-las-exportaciones\/#breadcrumb"},"inLanguage":"es","potentialAction":[{"@type":"ReadAction","target":["https:\/\/www.arepoquality.eu\/es\/2021\/06\/17\/la-ue-y-ee-uu-acuerdan-suspender-la-aplicacion-de-aranceles-a-las-exportaciones\/"]}]},{"@type":"ImageObject","inLanguage":"es","@id":"https:\/\/www.arepoquality.eu\/es\/2021\/06\/17\/la-ue-y-ee-uu-acuerdan-suspender-la-aplicacion-de-aranceles-a-las-exportaciones\/#primaryimage","url":"https:\/\/www.arepoquality.eu\/wp-content\/uploads\/2021\/06\/eu_us_0.jpg","contentUrl":"https:\/\/www.arepoquality.eu\/wp-content\/uploads\/2021\/06\/eu_us_0.jpg","width":220,"height":146},{"@type":"BreadcrumbList","@id":"https:\/\/www.arepoquality.eu\/es\/2021\/06\/17\/la-ue-y-ee-uu-acuerdan-suspender-la-aplicacion-de-aranceles-a-las-exportaciones\/#breadcrumb","itemListElement":[{"@type":"ListItem","position":1,"name":"Home","item":"https:\/\/www.arepoquality.eu\/"},{"@type":"ListItem","position":2,"name":"La UE y EE.UU. acuerdan suspender la aplicaci\u00f3n de aranceles a las exportaciones"}]},{"@type":"WebSite","@id":"https:\/\/www.arepoquality.eu\/#website","url":"https:\/\/www.arepoquality.eu\/","name":"AREPO","description":"","publisher":{"@id":"https:\/\/www.arepoquality.eu\/#organization"},"potentialAction":[{"@type":"SearchAction","target":{"@type":"EntryPoint","urlTemplate":"https:\/\/www.arepoquality.eu\/?s={search_term_string}"},"query-input":{"@type":"PropertyValueSpecification","valueRequired":true,"valueName":"search_term_string"}}],"inLanguage":"es"},{"@type":"Organization","@id":"https:\/\/www.arepoquality.eu\/#organization","name":"AREPO","url":"https:\/\/www.arepoquality.eu\/","logo":{"@type":"ImageObject","inLanguage":"es","@id":"https:\/\/www.arepoquality.eu\/#\/schema\/logo\/image\/","url":"https:\/\/www.arepoquality.eu\/wp-content\/uploads\/2024\/05\/arepo.jpg","contentUrl":"https:\/\/www.arepoquality.eu\/wp-content\/uploads\/2024\/05\/arepo.jpg","width":1113,"height":705,"caption":"AREPO"},"image":{"@id":"https:\/\/www.arepoquality.eu\/#\/schema\/logo\/image\/"},"sameAs":["https:\/\/www.facebook.com\/arepoquality\/","https:\/\/x.com\/arepoquality_eu","https:\/\/www.linkedin.com\/company\/arepoquality\/?viewAsMember=true"]},{"@type":"Person","@id":"https:\/\/www.arepoquality.eu\/#\/schema\/person\/15f7c6b22cbe9706c69d5201712ded97","name":"Francesca Alampi","url":"https:\/\/www.arepoquality.eu\/es\/author\/francesca-alampi\/"}]}},"_links":{"self":[{"href":"https:\/\/www.arepoquality.eu\/es\/wp-json\/wp\/v2\/posts\/1845","targetHints":{"allow":["GET"]}}],"collection":[{"href":"https:\/\/www.arepoquality.eu\/es\/wp-json\/wp\/v2\/posts"}],"about":[{"href":"https:\/\/www.arepoquality.eu\/es\/wp-json\/wp\/v2\/types\/post"}],"author":[{"embeddable":true,"href":"https:\/\/www.arepoquality.eu\/es\/wp-json\/wp\/v2\/users\/3"}],"replies":[{"embeddable":true,"href":"https:\/\/www.arepoquality.eu\/es\/wp-json\/wp\/v2\/comments?post=1845"}],"version-history":[{"count":1,"href":"https:\/\/www.arepoquality.eu\/es\/wp-json\/wp\/v2\/posts\/1845\/revisions"}],"predecessor-version":[{"id":1846,"href":"https:\/\/www.arepoquality.eu\/es\/wp-json\/wp\/v2\/posts\/1845\/revisions\/1846"}],"wp:featuredmedia":[{"embeddable":true,"href":"https:\/\/www.arepoquality.eu\/es\/wp-json\/wp\/v2\/media\/1835"}],"wp:attachment":[{"href":"https:\/\/www.arepoquality.eu\/es\/wp-json\/wp\/v2\/media?parent=1845"}],"wp:term":[{"taxonomy":"category","embeddable":true,"href":"https:\/\/www.arepoquality.eu\/es\/wp-json\/wp\/v2\/categories?post=1845"},{"taxonomy":"post_tag","embeddable":true,"href":"https:\/\/www.arepoquality.eu\/es\/wp-json\/wp\/v2\/tags?post=1845"}],"curies":[{"name":"wp","href":"https:\/\/api.w.org\/{rel}","templated":true}]}}