{"id":18638,"date":"2026-04-30T12:57:11","date_gmt":"2026-04-30T10:57:11","guid":{"rendered":"https:\/\/www.arepoquality.eu\/?p=18638"},"modified":"2026-04-30T12:57:11","modified_gmt":"2026-04-30T10:57:11","slug":"6o-evento-europeo-de-arepo-sobre-productos-de-calidad-y-de-origen-puesta-en-valor-de-las-indicaciones-geograficas-en-toda-europa","status":"publish","type":"post","link":"https:\/\/www.arepoquality.eu\/es\/2026\/04\/30\/6o-evento-europeo-de-arepo-sobre-productos-de-calidad-y-de-origen-puesta-en-valor-de-las-indicaciones-geograficas-en-toda-europa\/","title":{"rendered":"6\u00ba Evento Europeo de AREPO sobre Productos de Calidad y de Origen: Puesta en valor de las indicaciones geogr\u00e1ficas en toda Europa"},"content":{"rendered":"\n<p class=\"has-text-align-left\">Tras tres a\u00f1os, el&nbsp;<strong>Evento Europeo&nbsp;de&nbsp;AREPO sobre Productos de Calidad y de Origen&nbsp;<\/strong>regres\u00f3 para su&nbsp;<strong>sexta edici\u00f3n&nbsp;<\/strong>el 23 de abril de 2026 en la Casa Com\u00fan de Hessen, Emilia-Romagna,&nbsp;Nouvelle-Aquitaine&nbsp;y&nbsp;Wielkopolska.&nbsp;Organizado&nbsp;en&nbsp;colaboraci\u00f3n con el&nbsp;<strong>proyecto&nbsp;<\/strong><a href=\"https:\/\/www.gismart.eu\/\" target=\"_blank\" rel=\"noreferrer noopener\"><strong>GI SMART<\/strong><\/a><strong>&nbsp;de Horizonte Europa<\/strong>, el evento tambi\u00e9n supuso la tercera reuni\u00f3n del GI SMART EU MAP.<\/p>\n\n\n\n<p>A lo largo de los a\u00f1os, este encuentro ha reunido a instituciones de la UE, autoridades regionales, productores de&nbsp;Indicaciones Geogr\u00e1ficas (IG)&nbsp;y partes interesadas en fruct\u00edferos debates sobre la importancia de las&nbsp;IG&nbsp;en el sector agroalimentario. En esta edici\u00f3n, una conferencia de alto nivel fue seguida de una degustaci\u00f3n de productos con IG procedentes de 24 regiones&nbsp;socias&nbsp;de AREPO. La degustaci\u00f3n represent\u00f3 un momento clave de descubrimiento y valorizaci\u00f3n territorial.&nbsp;&nbsp;<\/p>\n\n\n\n<p>La conferencia, titulada&nbsp;<strong><em>\u00abDe la investigaci\u00f3n a la acci\u00f3n: orientar las futuras pol\u00edticas de la UE para potenciar el impacto territorial de las indicaciones geogr\u00e1ficas\u00bb<\/em><\/strong><strong>,&nbsp;<\/strong>se estructur\u00f3 en torno a dos mesas redondas moderadas por&nbsp;<strong>la Sra. Juliane Sch\u00e4fer&nbsp;<\/strong>(gestora de cuentas de&nbsp;Givaudan&nbsp;y viticultora de sexta generaci\u00f3n de&nbsp;Weingut&nbsp;Klosterhof). Cada sesi\u00f3n se inaugur\u00f3 con una presentaci\u00f3n de GI SMART que tend\u00eda un puente entre la evidencia cient\u00edfica y el debate pol\u00edtico. Partiendo de esta base, los ponentes&nbsp;<strong>presentaron propuestas concretas para reforzar la contribuci\u00f3n de las IG al desarrollo socioecon\u00f3mico regional<\/strong><\/p>\n\n\n\n<p>La reuni\u00f3n comenz\u00f3 con un mensaje en v\u00eddeo del vicepresidente ejecutivo de Cohesi\u00f3n y Reforma de la Comisi\u00f3n Europea,&nbsp;<strong>Raffaele&nbsp;Fitto,&nbsp;<\/strong>quien subray\u00f3 que&nbsp;<em>\u00ablas indicaciones geogr\u00e1ficas no son una parte marginal de nuestras pol\u00edticas; encarnan nuestra identidad europea, impulsan el crecimiento econ\u00f3mico y act\u00faan como puente entre regiones, comunidades y mercados globales\u00bb.&nbsp;<\/em><strong>Reafirm\u00f3 el compromiso de la Comisi\u00f3n Europea de fortalecer y promover este patrimonio en toda Europa y en todo el mundo.<\/strong>&nbsp;<em>\u00abJuntos, podemos convertir este impulso en un impacto duradero para nuestras regiones y para las generaciones futuras\u00bb.\u202f\u202f<\/em>&nbsp;<\/p>\n\n\n\n<figure class=\"wp-block-video\"><video height=\"360\" style=\"aspect-ratio: 640 \/ 360;\" width=\"640\" controls src=\"https:\/\/www.arepoquality.eu\/wp-content\/uploads\/2026\/04\/2.-video-fitto-3.mov\"><\/video><\/figure>\n\n\n\n<div style=\"height:63px\" aria-hidden=\"true\" class=\"wp-block-spacer\"><\/div>\n\n\n\n<p><strong>El Sr. Alessandro&nbsp;Beduschi,&nbsp;<\/strong>presidente de AREPO y consejero regional de Agricultura, Soberan\u00eda Alimentaria y Silvicultura de Lombard\u00eda, prosigui\u00f3 con unas palabras de bienvenida, recordando que&nbsp;<em>\u00ablas indicaciones geogr\u00e1ficas suelen ser cuestionadas y est\u00e1n sujetas a presiones comerciales, lo que hace a\u00fan m\u00e1s necesario reforzar su reconocimiento y protecci\u00f3n.&nbsp;<\/em><strong><em>Por lo tanto, es esencial promover un enfoque com\u00fan que destaque su importancia econ\u00f3mica, cultural y territorial\u00bb.\u202f\u202f<\/em><\/strong>&nbsp;<a id=\"_msocom_1\"><\/a><\/p>\n\n\n\n<h2 class=\"wp-block-heading\"><mark style=\"background-color:rgba(0, 0, 0, 0)\" class=\"has-inline-color has-orange-color\"><strong><strong>De las pr\u00e1cticas de sostenibilidad a la percepci\u00f3n de los consumidores<\/strong>&nbsp;<\/strong>&nbsp;<\/mark><\/h2>\n\n\n\n<p>La primera sesi\u00f3n&nbsp;se inaugur\u00f3 con una presentaci\u00f3n cient\u00edfica del&nbsp;<strong>Dr. Matthew&nbsp;Gorton&nbsp;<\/strong>(profesor de Marketing de la Universidad de Newcastle<strong>,&nbsp;<\/strong>socio de GI SMART). El proyecto identific\u00f3 459 pr\u00e1cticas sostenibles implementadas en los sistemas de IG europeos, lo que demuestra que los productores de IG est\u00e1n haciendo m\u00e1s por la sostenibilidad de lo que la mayor\u00eda de los consumidores creen. Para salvar esta brecha de comunicaci\u00f3n, el proyecto desarroll\u00f3 el \u00abWorld&nbsp;Caf\u00e9\u00bb, un enfoque innovador dise\u00f1ado para fomentar el di\u00e1logo entre consumidores y productores.&nbsp;&nbsp;&nbsp;&nbsp;<\/p>\n\n\n<div class=\"wp-block-image\">\n<figure class=\"alignleft size-large is-resized\"><img loading=\"lazy\" decoding=\"async\" width=\"1024\" height=\"684\" src=\"https:\/\/www.arepoquality.eu\/wp-content\/uploads\/2026\/04\/20260423-arepo-europeanevent140-allgp-2048pix-pye_9543-1-1-1024x684.jpg\" alt=\"\" class=\"wp-image-18540\" style=\"aspect-ratio:1.4970925110132158;width:431px;height:auto\" srcset=\"https:\/\/www.arepoquality.eu\/wp-content\/uploads\/2026\/04\/20260423-arepo-europeanevent140-allgp-2048pix-pye_9543-1-1-1024x684.jpg 1024w, https:\/\/www.arepoquality.eu\/wp-content\/uploads\/2026\/04\/20260423-arepo-europeanevent140-allgp-2048pix-pye_9543-1-1-300x200.jpg 300w, https:\/\/www.arepoquality.eu\/wp-content\/uploads\/2026\/04\/20260423-arepo-europeanevent140-allgp-2048pix-pye_9543-1-1-768x513.jpg 768w, https:\/\/www.arepoquality.eu\/wp-content\/uploads\/2026\/04\/20260423-arepo-europeanevent140-allgp-2048pix-pye_9543-1-1-1536x1025.jpg 1536w, https:\/\/www.arepoquality.eu\/wp-content\/uploads\/2026\/04\/20260423-arepo-europeanevent140-allgp-2048pix-pye_9543-1-1-320x214.jpg 320w, https:\/\/www.arepoquality.eu\/wp-content\/uploads\/2026\/04\/20260423-arepo-europeanevent140-allgp-2048pix-pye_9543-1-1-640x427.jpg 640w, https:\/\/www.arepoquality.eu\/wp-content\/uploads\/2026\/04\/20260423-arepo-europeanevent140-allgp-2048pix-pye_9543-1-1-1280x854.jpg 1280w, https:\/\/www.arepoquality.eu\/wp-content\/uploads\/2026\/04\/20260423-arepo-europeanevent140-allgp-2048pix-pye_9543-1-1-1920x1282.jpg 1920w, https:\/\/www.arepoquality.eu\/wp-content\/uploads\/2026\/04\/20260423-arepo-europeanevent140-allgp-2048pix-pye_9543-1-1.jpg 2048w\" sizes=\"auto, (max-width: 1024px) 100vw, 1024px\" \/><\/figure>\n<\/div>\n\n\n<p>El Sr.\u00a0<strong>Luigi\u00a0Tozzi\u00a0<\/strong>(subdirector de SAFE, socio de GI SMART)\u00a0rompi\u00f3 el hielo en\u00a0la\u00a0<strong>segunda mesa redonda\u00a0<\/strong>se\u00f1alando que la concienciaci\u00f3n de los consumidores var\u00eda seg\u00fan los mercados. Si bien el origen se valora cada vez m\u00e1s, especialmente en determinados mercados, los grupos de consumidores emergentes y diversos requieren estrategias de educaci\u00f3n y comunicaci\u00f3n espec\u00edficas.\u00a0<strong>La Sra. Cristina Rueda\u00a0Catry\u00a0<\/strong>(jefa de la Unidad F.1 de Pol\u00edtica de Comunicaci\u00f3n Externa y Promoci\u00f3n, DG AGRI, Comisi\u00f3n Europea) record\u00f3 que la promoci\u00f3n es un objetivo clave del Reglamento de las IG y destac\u00f3 la importancia de programas de promoci\u00f3n continuos y orientados a la demanda, que incluyan v\u00ednculos s\u00f3lidos con la pol\u00edtica comercial\u00a0de la UE\u00a0y las estrategias de exportaci\u00f3n.\u00a0<strong>La Sra. Katerina\u00a0Zografou\u00a0<\/strong>(vicegobernadora de la Unidad Regional de\u00a0Halkidiki, Regi\u00f3n de Macedonia Central) describi\u00f3 los esfuerzos regionales para vincular las IG con\u00a0el turismo, la gastronom\u00eda y la investigaci\u00f3n cient\u00edfica, a trav\u00e9s de colaboraciones con minoristas y universidades. En representaci\u00f3n de la perspectiva de los productores<strong>, el Sr. Klaus Hoffman\u00a0<\/strong>(Bayerisches\u00a0Bier\u00a0IGP,\u00a0M\u00fcnchener\u00a0Bier\u00a0IGP y\u00a0Oktoberfestbier\u00a0IGP) subray\u00f3 que la sostenibilidad de las IG\u00a0debe entenderse en sus tres dimensiones \u2014ambiental, social y econ\u00f3mica\u2014\u00a0y<strong>\u00a0<\/strong>destac\u00f3 el papel de los sistemas de calidad en el apoyo al empleo local, las empresas familiares y la competitividad de las exportaciones. Para concluir la sesi\u00f3n,\u00a0<strong>la Sra. Julia De Castro\u00a0<\/strong>(directora de proyectos, CNAOL) destac\u00f3 su labor de comunicaci\u00f3n dirigida al grupo de edad de 25 a 40 a\u00f1os, cuya confianza en los logotipos de las indicaciones geogr\u00e1ficas sigue siendo comparativamente menor.\u00a0\u00a0<\/p>\n\n\n\n<h2 class=\"wp-block-heading\"><mark style=\"background-color:rgba(0, 0, 0, 0)\" class=\"has-inline-color has-orange-color\"><strong>Pol\u00edticas p\u00fablicas, desarrollo territorial e indicaciones geogr\u00e1ficas<\/strong>&nbsp;<\/mark><\/h2>\n\n\n\n<p>La ponencia cient\u00edfica de&nbsp;<strong>la Dra.&nbsp;Armelle&nbsp;Maz\u00e9&nbsp;<\/strong>(investigadora s\u00e9nior en Econom\u00eda del INRAE y socia principal de GI SMART) sent\u00f3 las bases para&nbsp;<strong>el debate de la segunda mesa redonda<\/strong>. La Dra.&nbsp;Maz\u00e9&nbsp;present\u00f3 el trabajo del proyecto en la identificaci\u00f3n de indicadores sociales, econ\u00f3micos y medioambientales para evaluar la sostenibilidad y orientar las pol\u00edticas p\u00fablicas. El proyecto tambi\u00e9n compara las estrategias nacionales y los marcos institucionales que regulan las indicaciones geogr\u00e1ficas con el fin de identificar las mejores pr\u00e1cticas y respaldar un enfoque com\u00fan a escala de la UE.&nbsp;&nbsp;&nbsp;<\/p>\n\n\n\n<p>A continuaci\u00f3n, el debate se centr\u00f3 en&nbsp;<strong>c\u00f3mo las pol\u00edticas a nivel de la UE, nacional y regional pueden&nbsp;apoyar&nbsp;eficazmente&nbsp;las IG&nbsp;y potenciar su impacto territorial<\/strong>, especialmente con vistas al pr\u00f3ximo Plan de Acci\u00f3n de la UE sobre las IG y la PAC despu\u00e9s de 2027.&nbsp;&nbsp;<\/p>\n\n\n<div class=\"wp-block-image\">\n<figure class=\"alignright size-large is-resized\"><img loading=\"lazy\" decoding=\"async\" width=\"1024\" height=\"684\" src=\"https:\/\/www.arepoquality.eu\/wp-content\/uploads\/2026\/04\/20260423-arepo-europeanevent316-allgp-2048pix-pye_9940-1-1-1024x684.jpg\" alt=\"\" class=\"wp-image-18544\" style=\"aspect-ratio:1.4970973249857713;width:405px;height:auto\" srcset=\"https:\/\/www.arepoquality.eu\/wp-content\/uploads\/2026\/04\/20260423-arepo-europeanevent316-allgp-2048pix-pye_9940-1-1-1024x684.jpg 1024w, https:\/\/www.arepoquality.eu\/wp-content\/uploads\/2026\/04\/20260423-arepo-europeanevent316-allgp-2048pix-pye_9940-1-1-300x200.jpg 300w, https:\/\/www.arepoquality.eu\/wp-content\/uploads\/2026\/04\/20260423-arepo-europeanevent316-allgp-2048pix-pye_9940-1-1-768x513.jpg 768w, https:\/\/www.arepoquality.eu\/wp-content\/uploads\/2026\/04\/20260423-arepo-europeanevent316-allgp-2048pix-pye_9940-1-1-1536x1025.jpg 1536w, https:\/\/www.arepoquality.eu\/wp-content\/uploads\/2026\/04\/20260423-arepo-europeanevent316-allgp-2048pix-pye_9940-1-1-320x214.jpg 320w, https:\/\/www.arepoquality.eu\/wp-content\/uploads\/2026\/04\/20260423-arepo-europeanevent316-allgp-2048pix-pye_9940-1-1-640x427.jpg 640w, https:\/\/www.arepoquality.eu\/wp-content\/uploads\/2026\/04\/20260423-arepo-europeanevent316-allgp-2048pix-pye_9940-1-1-1280x854.jpg 1280w, https:\/\/www.arepoquality.eu\/wp-content\/uploads\/2026\/04\/20260423-arepo-europeanevent316-allgp-2048pix-pye_9940-1-1-1920x1282.jpg 1920w, https:\/\/www.arepoquality.eu\/wp-content\/uploads\/2026\/04\/20260423-arepo-europeanevent316-allgp-2048pix-pye_9940-1-1.jpg 2048w\" sizes=\"auto, (max-width: 1024px) 100vw, 1024px\" \/><\/figure>\n<\/div>\n\n\n<p><strong>El Sr. Jo\u00e3o Onofre&nbsp;<\/strong>(jefe de la Unidad F.3 de Indicaciones Geogr\u00e1ficas, DG AGRI, Comisi\u00f3n Europea) destac\u00f3 el gran valor econ\u00f3mico de las IG y confirm\u00f3 el compromiso de la Comisi\u00f3n de presentar un Plan de Acci\u00f3n sobre las IG para 2027,&nbsp;al tiempo que dej\u00f3 claro que no se asignar\u00e1 ning\u00fan presupuesto adicional para apoyar su implementaci\u00f3n.&nbsp;<strong>La Sra.&nbsp;Temanuata&nbsp;Girard&nbsp;<\/strong>(tesorera de AREPO y vicepresidenta de Agricultura y Alimentaci\u00f3n de Centre-Val de Loire) subray\u00f3 que las estrategias de atractivo deben basarse en programas de colaboraci\u00f3n en los que participen los productores y sus conocimientos t\u00e9cnicos.&nbsp;<strong>El Sr. Alessio&nbsp;Mammi&nbsp;<\/strong>(consejero regional de Agricultura y Agroalimentaci\u00f3n y de Relaciones con la UE de Emilia-Roma\u00f1a) abog\u00f3 por pol\u00edticas s\u00f3lidas de desarrollo rural, una PAC adecuada y un plan de acci\u00f3n ambicioso para preservar la diversidad alimentaria y el patrimonio cultural de las IG.&nbsp;&nbsp;<strong>El Sr. Francesco&nbsp;Paolicelli&nbsp;<\/strong>(consejero regional de Agricultura y Desarrollo Rural de Apulia) subray\u00f3 el papel estrat\u00e9gico del turismo en la promoci\u00f3n de los productos con IG y el impulso de las econom\u00edas regionales.&nbsp;<strong>El Sr. Charles&nbsp;Deparis&nbsp;<\/strong>(presidente de&nbsp;oriGIn&nbsp;EU y productor de leche cruda para las DOP \u00abPont-l&#8217;\u00c9v\u00eaque\u00bb y \u00abCamembert de&nbsp;Normandie\u00bb) concluy\u00f3 la mesa redonda haciendo un llamamiento a favor de sistemas y pol\u00edticas de protecci\u00f3n s\u00f3lidos que preserven la autenticidad y eviten una estandarizaci\u00f3n excesiva.&nbsp;&nbsp;<\/p>\n\n\n\n<h2 class=\"wp-block-heading\"><strong><mark style=\"background-color:rgba(0, 0, 0, 0)\" class=\"has-inline-color has-orange-color\"><strong>Conclusi\u00f3n e inauguraci\u00f3n de la degustaci\u00f3n de IG<\/strong>&nbsp;<\/mark><\/strong><\/h2>\n\n\n\n<p><strong>El Sr. C\u00e9sar Salda\u00f1a&nbsp;<\/strong>(vicepresidente de AREPO y presidente de la Conferencia Andaluza de DOP e IGP &#8211; CADO) pronunci\u00f3 las palabras de clausura, en las que pidi\u00f3 que las IG se integraran en el enfoque estrat\u00e9gico de la Comisi\u00f3n Europea en materia de investigaci\u00f3n e innovaci\u00f3n agr\u00edcolas, tal y como demuestra GI SMART,&nbsp;<strong>mediante la definici\u00f3n de prioridades espec\u00edficas destinadas a reforzar su contribuci\u00f3n a la producci\u00f3n de bienes p\u00fablicos<\/strong>.<strong>&nbsp;<\/strong>A&nbsp;continuaci\u00f3n&nbsp;se proyect\u00f3 un mensaje en v\u00eddeo del&nbsp;<strong>eurodiputado Carlo&nbsp;Fidanza&nbsp;<\/strong>(vicepresidente del&nbsp;Intergrupo&nbsp;sobre Vino, Productos Alimenticios de Calidad y Bebidas Espirituosas del Parlamento Europeo), quien subray\u00f3 la capacidad de las IG para actuar como motores del desarrollo regional y como potente palanca para la competitividad.&nbsp;<strong>El eurodiputado Benoit&nbsp;Cassart&nbsp;<\/strong>(miembro del&nbsp;Intergrupo&nbsp;\u00abVino, Productos Alimenticios de Calidad y Bebidas Espirituosas\u00bb del Parlamento Europeo) destac\u00f3 el papel de las IG como herramientas de poder blando, que ejercen un impacto transversal en los territorios a trav\u00e9s de la cooperaci\u00f3n, las cadenas de suministro locales y las pr\u00e1cticas sostenibles. Este mensaje fue secundado por&nbsp;<strong>el eurodiputado&nbsp;Herbert&nbsp;Dorfmann&nbsp;<\/strong>(miembro del&nbsp;Intergrupo&nbsp;sobre Vino, Productos&nbsp;Alimenticios de Calidad y Bebidas Espirituosas&nbsp;del Parlamento Europeo), quien reafirm\u00f3 el compromiso del Parlamento&nbsp;Europeo&nbsp;de impulsar la legislaci\u00f3n y los acuerdos internacionales que protejan de forma coherente los productos europeos de calidad.&nbsp;<\/p>\n\n\n\n<p>A continuaci\u00f3n,&nbsp;<strong>el Sr. Alessandro&nbsp;Beduschi&nbsp;<\/strong>(presidente de AREPO),&nbsp;<strong>la Sra.&nbsp;Temanuata&nbsp;Girard&nbsp;<\/strong>(tesorera de AREPO),&nbsp;<strong>Benoit&nbsp;Cassart&nbsp;y Herbert&nbsp;Dorfmann&nbsp;<\/strong>(diputados al Parlamento Europeo)<strong>, el Sr. Jo\u00e3o Onofre&nbsp;<\/strong>y&nbsp;<strong>la Sra. Cristina Rueda&nbsp;Catry&nbsp;<\/strong>(Comisi\u00f3n Europea) inauguraron oficialmente&nbsp;la cata de productos de calidad y de origen de las regiones miembros de AREPO.\u202f\u202f&nbsp;&nbsp;<\/p>\n\n\n\n<p>La cata volvi\u00f3 a ser el&nbsp;plato fuerte&nbsp;del evento, atrayendo una gran participaci\u00f3n e inter\u00e9s tanto de representantes institucionales como de las partes interesadas.&nbsp;Al reunir una amplia variedad de productos con indicaci\u00f3n geogr\u00e1fica, foment\u00f3 el intercambio directo con los productores y&nbsp;reforz\u00f3&nbsp;el objetivo principal del evento: promover el valor de las indicaciones geogr\u00e1ficas para el desarrollo regional y el sector agroalimentario. \u202f&nbsp;<strong>&nbsp;<\/strong>\u202f&nbsp;\u202f<\/p>\n\n\n\n<div class=\"wp-block-columns is-layout-flex wp-container-core-columns-is-layout-9d6595d7 wp-block-columns-is-layout-flex\">\n<div class=\"wp-block-column is-layout-flow wp-block-column-is-layout-flow\" style=\"flex-basis:100%\">\n<div class=\"wp-block-columns is-layout-flex wp-container-core-columns-is-layout-9d6595d7 wp-block-columns-is-layout-flex\">\n<div class=\"wp-block-column is-layout-flow wp-block-column-is-layout-flow\">\n<figure class=\"wp-block-image size-large\"><img loading=\"lazy\" decoding=\"async\" width=\"1024\" height=\"684\" src=\"https:\/\/www.arepoquality.eu\/wp-content\/uploads\/2026\/04\/20260423-arepo-europeanevent564-allgp-2048pix-pye_0311-1-6-1024x684.jpg\" alt=\"\" class=\"wp-image-18607\" srcset=\"https:\/\/www.arepoquality.eu\/wp-content\/uploads\/2026\/04\/20260423-arepo-europeanevent564-allgp-2048pix-pye_0311-1-6-1024x684.jpg 1024w, https:\/\/www.arepoquality.eu\/wp-content\/uploads\/2026\/04\/20260423-arepo-europeanevent564-allgp-2048pix-pye_0311-1-6-300x200.jpg 300w, https:\/\/www.arepoquality.eu\/wp-content\/uploads\/2026\/04\/20260423-arepo-europeanevent564-allgp-2048pix-pye_0311-1-6-768x513.jpg 768w, https:\/\/www.arepoquality.eu\/wp-content\/uploads\/2026\/04\/20260423-arepo-europeanevent564-allgp-2048pix-pye_0311-1-6-1536x1025.jpg 1536w, https:\/\/www.arepoquality.eu\/wp-content\/uploads\/2026\/04\/20260423-arepo-europeanevent564-allgp-2048pix-pye_0311-1-6-320x214.jpg 320w, https:\/\/www.arepoquality.eu\/wp-content\/uploads\/2026\/04\/20260423-arepo-europeanevent564-allgp-2048pix-pye_0311-1-6-640x427.jpg 640w, https:\/\/www.arepoquality.eu\/wp-content\/uploads\/2026\/04\/20260423-arepo-europeanevent564-allgp-2048pix-pye_0311-1-6-1280x854.jpg 1280w, https:\/\/www.arepoquality.eu\/wp-content\/uploads\/2026\/04\/20260423-arepo-europeanevent564-allgp-2048pix-pye_0311-1-6-1920x1282.jpg 1920w, https:\/\/www.arepoquality.eu\/wp-content\/uploads\/2026\/04\/20260423-arepo-europeanevent564-allgp-2048pix-pye_0311-1-6.jpg 2048w\" sizes=\"auto, (max-width: 1024px) 100vw, 1024px\" \/><\/figure>\n<\/div>\n\n\n\n<div class=\"wp-block-column is-layout-flow wp-block-column-is-layout-flow\">\n<figure class=\"wp-block-image size-large\"><img loading=\"lazy\" decoding=\"async\" width=\"1024\" height=\"684\" src=\"https:\/\/www.arepoquality.eu\/wp-content\/uploads\/2026\/04\/20260423-arepo-europeanevent487-allgp-2048pix-pye_7170-1-3-1024x684.jpg\" alt=\"\" class=\"wp-image-18611\" srcset=\"https:\/\/www.arepoquality.eu\/wp-content\/uploads\/2026\/04\/20260423-arepo-europeanevent487-allgp-2048pix-pye_7170-1-3-1024x684.jpg 1024w, https:\/\/www.arepoquality.eu\/wp-content\/uploads\/2026\/04\/20260423-arepo-europeanevent487-allgp-2048pix-pye_7170-1-3-300x200.jpg 300w, https:\/\/www.arepoquality.eu\/wp-content\/uploads\/2026\/04\/20260423-arepo-europeanevent487-allgp-2048pix-pye_7170-1-3-768x513.jpg 768w, https:\/\/www.arepoquality.eu\/wp-content\/uploads\/2026\/04\/20260423-arepo-europeanevent487-allgp-2048pix-pye_7170-1-3-1536x1025.jpg 1536w, https:\/\/www.arepoquality.eu\/wp-content\/uploads\/2026\/04\/20260423-arepo-europeanevent487-allgp-2048pix-pye_7170-1-3-320x214.jpg 320w, https:\/\/www.arepoquality.eu\/wp-content\/uploads\/2026\/04\/20260423-arepo-europeanevent487-allgp-2048pix-pye_7170-1-3-640x427.jpg 640w, https:\/\/www.arepoquality.eu\/wp-content\/uploads\/2026\/04\/20260423-arepo-europeanevent487-allgp-2048pix-pye_7170-1-3-1280x854.jpg 1280w, https:\/\/www.arepoquality.eu\/wp-content\/uploads\/2026\/04\/20260423-arepo-europeanevent487-allgp-2048pix-pye_7170-1-3-1920x1282.jpg 1920w, https:\/\/www.arepoquality.eu\/wp-content\/uploads\/2026\/04\/20260423-arepo-europeanevent487-allgp-2048pix-pye_7170-1-3.jpg 2048w\" sizes=\"auto, (max-width: 1024px) 100vw, 1024px\" \/><\/figure>\n<\/div>\n<\/div>\n<\/div>\n<\/div>\n\n\n<div class=\"wp-block-image\">\n<figure class=\"aligncenter size-large is-resized\"><img loading=\"lazy\" decoding=\"async\" width=\"1024\" height=\"684\" src=\"https:\/\/www.arepoquality.eu\/wp-content\/uploads\/2026\/04\/20260423-arepo-europeanevent433-allgp-2048pix-pye_7043-1-1-1024x684.jpg\" alt=\"\" class=\"wp-image-18648\" style=\"width:606px;height:auto\" srcset=\"https:\/\/www.arepoquality.eu\/wp-content\/uploads\/2026\/04\/20260423-arepo-europeanevent433-allgp-2048pix-pye_7043-1-1-1024x684.jpg 1024w, https:\/\/www.arepoquality.eu\/wp-content\/uploads\/2026\/04\/20260423-arepo-europeanevent433-allgp-2048pix-pye_7043-1-1-300x200.jpg 300w, https:\/\/www.arepoquality.eu\/wp-content\/uploads\/2026\/04\/20260423-arepo-europeanevent433-allgp-2048pix-pye_7043-1-1-768x513.jpg 768w, https:\/\/www.arepoquality.eu\/wp-content\/uploads\/2026\/04\/20260423-arepo-europeanevent433-allgp-2048pix-pye_7043-1-1-1536x1025.jpg 1536w, https:\/\/www.arepoquality.eu\/wp-content\/uploads\/2026\/04\/20260423-arepo-europeanevent433-allgp-2048pix-pye_7043-1-1-320x214.jpg 320w, https:\/\/www.arepoquality.eu\/wp-content\/uploads\/2026\/04\/20260423-arepo-europeanevent433-allgp-2048pix-pye_7043-1-1-640x427.jpg 640w, https:\/\/www.arepoquality.eu\/wp-content\/uploads\/2026\/04\/20260423-arepo-europeanevent433-allgp-2048pix-pye_7043-1-1-1280x854.jpg 1280w, https:\/\/www.arepoquality.eu\/wp-content\/uploads\/2026\/04\/20260423-arepo-europeanevent433-allgp-2048pix-pye_7043-1-1-1920x1282.jpg 1920w, https:\/\/www.arepoquality.eu\/wp-content\/uploads\/2026\/04\/20260423-arepo-europeanevent433-allgp-2048pix-pye_7043-1-1.jpg 2048w\" sizes=\"auto, (max-width: 1024px) 100vw, 1024px\" \/><\/figure>\n<\/div>\n\n\n<div style=\"height:55px\" aria-hidden=\"true\" class=\"wp-block-spacer\"><\/div>\n\n\n\n<p>Photos &#8211; Copyright \u00a9 Eric Berghen<\/p>\n\n\n\n<p><\/p>\n","protected":false},"excerpt":{"rendered":"<p>Tras tres a\u00f1os, el&nbsp;Evento Europeo&nbsp;de&nbsp;AREPO sobre Productos de Calidad y de Origen&nbsp;regres\u00f3 para su&nbsp;sexta edici\u00f3n&nbsp;el 23 de abril de 2026 en la Casa Com\u00fan de Hessen, Emilia-Romagna,&nbsp;Nouvelle-Aquitaine&nbsp;y&nbsp;Wielkopolska.&nbsp;Organizado&nbsp;en&nbsp;colaboraci\u00f3n con el&nbsp;proyecto&nbsp;GI SMART&nbsp;de Horizonte Europa, el evento tambi\u00e9n supuso la tercera reuni\u00f3n del GI SMART EU MAP. A lo largo de los a\u00f1os, este encuentro ha reunido a [&hellip;]<\/p>\n","protected":false},"author":3,"featured_media":18642,"comment_status":"closed","ping_status":"closed","sticky":false,"template":"","format":"standard","meta":{"_acf_changed":false,"footnotes":""},"categories":[162,687],"tags":[],"class_list":["post-18638","post","type-post","status-publish","format-standard","has-post-thumbnail","hentry","category-eventos-arepo","category-gi-smart-2-es"],"acf":[],"yoast_head":"<!-- This site is optimized with the Yoast SEO plugin v27.5 - https:\/\/yoast.com\/product\/yoast-seo-wordpress\/ -->\n<title>6\u00ba Evento Europeo de AREPO sobre Productos de Calidad y de Origen: Puesta en valor de las indicaciones geogr\u00e1ficas en toda Europa - AREPO<\/title>\n<meta name=\"robots\" content=\"index, follow, max-snippet:-1, max-image-preview:large, max-video-preview:-1\" \/>\n<link rel=\"canonical\" href=\"https:\/\/www.arepoquality.eu\/es\/2026\/04\/30\/6o-evento-europeo-de-arepo-sobre-productos-de-calidad-y-de-origen-puesta-en-valor-de-las-indicaciones-geograficas-en-toda-europa\/\" \/>\n<meta property=\"og:locale\" content=\"es_ES\" \/>\n<meta property=\"og:type\" content=\"article\" \/>\n<meta property=\"og:title\" content=\"6\u00ba Evento Europeo de AREPO sobre Productos de Calidad y de Origen: Puesta en valor de las indicaciones geogr\u00e1ficas en toda Europa - AREPO\" \/>\n<meta property=\"og:description\" content=\"Tras tres a\u00f1os, el&nbsp;Evento Europeo&nbsp;de&nbsp;AREPO sobre Productos de Calidad y de Origen&nbsp;regres\u00f3 para su&nbsp;sexta edici\u00f3n&nbsp;el 23 de abril de 2026 en la Casa Com\u00fan de Hessen, Emilia-Romagna,&nbsp;Nouvelle-Aquitaine&nbsp;y&nbsp;Wielkopolska.&nbsp;Organizado&nbsp;en&nbsp;colaboraci\u00f3n con el&nbsp;proyecto&nbsp;GI SMART&nbsp;de Horizonte Europa, el evento tambi\u00e9n supuso la tercera reuni\u00f3n del GI SMART EU MAP. A lo largo de los a\u00f1os, este encuentro ha reunido a [&hellip;]\" \/>\n<meta property=\"og:url\" content=\"https:\/\/www.arepoquality.eu\/es\/2026\/04\/30\/6o-evento-europeo-de-arepo-sobre-productos-de-calidad-y-de-origen-puesta-en-valor-de-las-indicaciones-geograficas-en-toda-europa\/\" \/>\n<meta property=\"og:site_name\" content=\"AREPO\" \/>\n<meta property=\"article:publisher\" content=\"https:\/\/www.facebook.com\/arepoquality\/\" \/>\n<meta property=\"article:published_time\" content=\"2026-04-30T10:57:11+00:00\" \/>\n<meta property=\"og:image\" content=\"https:\/\/www.arepoquality.eu\/wp-content\/uploads\/2026\/04\/20260423-arepo-europeanevent077-allgp-2048pix-pye_6704-.jpg\" \/>\n\t<meta property=\"og:image:width\" content=\"2048\" \/>\n\t<meta property=\"og:image:height\" content=\"1367\" \/>\n\t<meta property=\"og:image:type\" content=\"image\/jpeg\" \/>\n<meta name=\"author\" content=\"Francesca Alampi\" \/>\n<meta name=\"twitter:card\" content=\"summary_large_image\" \/>\n<meta name=\"twitter:creator\" content=\"@arepoquality_eu\" \/>\n<meta name=\"twitter:site\" content=\"@arepoquality_eu\" \/>\n<meta name=\"twitter:label1\" content=\"Escrito por\" \/>\n\t<meta name=\"twitter:data1\" content=\"Francesca Alampi\" \/>\n\t<meta name=\"twitter:label2\" content=\"Tiempo de lectura\" \/>\n\t<meta name=\"twitter:data2\" content=\"8 minutos\" \/>\n<script type=\"application\/ld+json\" class=\"yoast-schema-graph\">{\"@context\":\"https:\\\/\\\/schema.org\",\"@graph\":[{\"@type\":\"Article\",\"@id\":\"https:\\\/\\\/www.arepoquality.eu\\\/es\\\/2026\\\/04\\\/30\\\/6o-evento-europeo-de-arepo-sobre-productos-de-calidad-y-de-origen-puesta-en-valor-de-las-indicaciones-geograficas-en-toda-europa\\\/#article\",\"isPartOf\":{\"@id\":\"https:\\\/\\\/www.arepoquality.eu\\\/es\\\/2026\\\/04\\\/30\\\/6o-evento-europeo-de-arepo-sobre-productos-de-calidad-y-de-origen-puesta-en-valor-de-las-indicaciones-geograficas-en-toda-europa\\\/\"},\"author\":{\"name\":\"Francesca Alampi\",\"@id\":\"https:\\\/\\\/www.arepoquality.eu\\\/#\\\/schema\\\/person\\\/15f7c6b22cbe9706c69d5201712ded97\"},\"headline\":\"6\u00ba Evento Europeo de AREPO sobre Productos de Calidad y de Origen: Puesta en valor de las indicaciones geogr\u00e1ficas en toda Europa\",\"datePublished\":\"2026-04-30T10:57:11+00:00\",\"mainEntityOfPage\":{\"@id\":\"https:\\\/\\\/www.arepoquality.eu\\\/es\\\/2026\\\/04\\\/30\\\/6o-evento-europeo-de-arepo-sobre-productos-de-calidad-y-de-origen-puesta-en-valor-de-las-indicaciones-geograficas-en-toda-europa\\\/\"},\"wordCount\":1785,\"publisher\":{\"@id\":\"https:\\\/\\\/www.arepoquality.eu\\\/#organization\"},\"image\":{\"@id\":\"https:\\\/\\\/www.arepoquality.eu\\\/es\\\/2026\\\/04\\\/30\\\/6o-evento-europeo-de-arepo-sobre-productos-de-calidad-y-de-origen-puesta-en-valor-de-las-indicaciones-geograficas-en-toda-europa\\\/#primaryimage\"},\"thumbnailUrl\":\"https:\\\/\\\/www.arepoquality.eu\\\/wp-content\\\/uploads\\\/2026\\\/04\\\/20260423-arepo-europeanevent077-allgp-2048pix-pye_6704-.jpg\",\"articleSection\":[\"Evento AREPO\",\"GI-SMART\"],\"inLanguage\":\"es\"},{\"@type\":\"WebPage\",\"@id\":\"https:\\\/\\\/www.arepoquality.eu\\\/es\\\/2026\\\/04\\\/30\\\/6o-evento-europeo-de-arepo-sobre-productos-de-calidad-y-de-origen-puesta-en-valor-de-las-indicaciones-geograficas-en-toda-europa\\\/\",\"url\":\"https:\\\/\\\/www.arepoquality.eu\\\/es\\\/2026\\\/04\\\/30\\\/6o-evento-europeo-de-arepo-sobre-productos-de-calidad-y-de-origen-puesta-en-valor-de-las-indicaciones-geograficas-en-toda-europa\\\/\",\"name\":\"6\u00ba Evento Europeo de AREPO sobre Productos de Calidad y de Origen: Puesta en valor de las indicaciones geogr\u00e1ficas en toda Europa - AREPO\",\"isPartOf\":{\"@id\":\"https:\\\/\\\/www.arepoquality.eu\\\/#website\"},\"primaryImageOfPage\":{\"@id\":\"https:\\\/\\\/www.arepoquality.eu\\\/es\\\/2026\\\/04\\\/30\\\/6o-evento-europeo-de-arepo-sobre-productos-de-calidad-y-de-origen-puesta-en-valor-de-las-indicaciones-geograficas-en-toda-europa\\\/#primaryimage\"},\"image\":{\"@id\":\"https:\\\/\\\/www.arepoquality.eu\\\/es\\\/2026\\\/04\\\/30\\\/6o-evento-europeo-de-arepo-sobre-productos-de-calidad-y-de-origen-puesta-en-valor-de-las-indicaciones-geograficas-en-toda-europa\\\/#primaryimage\"},\"thumbnailUrl\":\"https:\\\/\\\/www.arepoquality.eu\\\/wp-content\\\/uploads\\\/2026\\\/04\\\/20260423-arepo-europeanevent077-allgp-2048pix-pye_6704-.jpg\",\"datePublished\":\"2026-04-30T10:57:11+00:00\",\"breadcrumb\":{\"@id\":\"https:\\\/\\\/www.arepoquality.eu\\\/es\\\/2026\\\/04\\\/30\\\/6o-evento-europeo-de-arepo-sobre-productos-de-calidad-y-de-origen-puesta-en-valor-de-las-indicaciones-geograficas-en-toda-europa\\\/#breadcrumb\"},\"inLanguage\":\"es\",\"potentialAction\":[{\"@type\":\"ReadAction\",\"target\":[\"https:\\\/\\\/www.arepoquality.eu\\\/es\\\/2026\\\/04\\\/30\\\/6o-evento-europeo-de-arepo-sobre-productos-de-calidad-y-de-origen-puesta-en-valor-de-las-indicaciones-geograficas-en-toda-europa\\\/\"]}]},{\"@type\":\"ImageObject\",\"inLanguage\":\"es\",\"@id\":\"https:\\\/\\\/www.arepoquality.eu\\\/es\\\/2026\\\/04\\\/30\\\/6o-evento-europeo-de-arepo-sobre-productos-de-calidad-y-de-origen-puesta-en-valor-de-las-indicaciones-geograficas-en-toda-europa\\\/#primaryimage\",\"url\":\"https:\\\/\\\/www.arepoquality.eu\\\/wp-content\\\/uploads\\\/2026\\\/04\\\/20260423-arepo-europeanevent077-allgp-2048pix-pye_6704-.jpg\",\"contentUrl\":\"https:\\\/\\\/www.arepoquality.eu\\\/wp-content\\\/uploads\\\/2026\\\/04\\\/20260423-arepo-europeanevent077-allgp-2048pix-pye_6704-.jpg\",\"width\":2048,\"height\":1367,\"caption\":\"CopyrightEricBerghen-AllRightsReserv\"},{\"@type\":\"BreadcrumbList\",\"@id\":\"https:\\\/\\\/www.arepoquality.eu\\\/es\\\/2026\\\/04\\\/30\\\/6o-evento-europeo-de-arepo-sobre-productos-de-calidad-y-de-origen-puesta-en-valor-de-las-indicaciones-geograficas-en-toda-europa\\\/#breadcrumb\",\"itemListElement\":[{\"@type\":\"ListItem\",\"position\":1,\"name\":\"Home\",\"item\":\"https:\\\/\\\/www.arepoquality.eu\\\/\"},{\"@type\":\"ListItem\",\"position\":2,\"name\":\"6\u00ba Evento Europeo de AREPO sobre Productos de Calidad y de Origen: Puesta en valor de las indicaciones geogr\u00e1ficas en toda Europa\"}]},{\"@type\":\"WebSite\",\"@id\":\"https:\\\/\\\/www.arepoquality.eu\\\/#website\",\"url\":\"https:\\\/\\\/www.arepoquality.eu\\\/\",\"name\":\"AREPO\",\"description\":\"\",\"publisher\":{\"@id\":\"https:\\\/\\\/www.arepoquality.eu\\\/#organization\"},\"potentialAction\":[{\"@type\":\"SearchAction\",\"target\":{\"@type\":\"EntryPoint\",\"urlTemplate\":\"https:\\\/\\\/www.arepoquality.eu\\\/?s={search_term_string}\"},\"query-input\":{\"@type\":\"PropertyValueSpecification\",\"valueRequired\":true,\"valueName\":\"search_term_string\"}}],\"inLanguage\":\"es\"},{\"@type\":\"Organization\",\"@id\":\"https:\\\/\\\/www.arepoquality.eu\\\/#organization\",\"name\":\"AREPO\",\"url\":\"https:\\\/\\\/www.arepoquality.eu\\\/\",\"logo\":{\"@type\":\"ImageObject\",\"inLanguage\":\"es\",\"@id\":\"https:\\\/\\\/www.arepoquality.eu\\\/#\\\/schema\\\/logo\\\/image\\\/\",\"url\":\"https:\\\/\\\/www.arepoquality.eu\\\/wp-content\\\/uploads\\\/2024\\\/05\\\/arepo.jpg\",\"contentUrl\":\"https:\\\/\\\/www.arepoquality.eu\\\/wp-content\\\/uploads\\\/2024\\\/05\\\/arepo.jpg\",\"width\":1113,\"height\":705,\"caption\":\"AREPO\"},\"image\":{\"@id\":\"https:\\\/\\\/www.arepoquality.eu\\\/#\\\/schema\\\/logo\\\/image\\\/\"},\"sameAs\":[\"https:\\\/\\\/www.facebook.com\\\/arepoquality\\\/\",\"https:\\\/\\\/x.com\\\/arepoquality_eu\",\"https:\\\/\\\/www.linkedin.com\\\/company\\\/arepoquality\\\/?viewAsMember=true\"]},{\"@type\":\"Person\",\"@id\":\"https:\\\/\\\/www.arepoquality.eu\\\/#\\\/schema\\\/person\\\/15f7c6b22cbe9706c69d5201712ded97\",\"name\":\"Francesca Alampi\",\"url\":\"https:\\\/\\\/www.arepoquality.eu\\\/es\\\/author\\\/francesca-alampi\\\/\"}]}<\/script>\n<!-- \/ Yoast SEO plugin. -->","yoast_head_json":{"title":"6\u00ba Evento Europeo de AREPO sobre Productos de Calidad y de Origen: Puesta en valor de las indicaciones geogr\u00e1ficas en toda Europa - AREPO","robots":{"index":"index","follow":"follow","max-snippet":"max-snippet:-1","max-image-preview":"max-image-preview:large","max-video-preview":"max-video-preview:-1"},"canonical":"https:\/\/www.arepoquality.eu\/es\/2026\/04\/30\/6o-evento-europeo-de-arepo-sobre-productos-de-calidad-y-de-origen-puesta-en-valor-de-las-indicaciones-geograficas-en-toda-europa\/","og_locale":"es_ES","og_type":"article","og_title":"6\u00ba Evento Europeo de AREPO sobre Productos de Calidad y de Origen: Puesta en valor de las indicaciones geogr\u00e1ficas en toda Europa - AREPO","og_description":"Tras tres a\u00f1os, el&nbsp;Evento Europeo&nbsp;de&nbsp;AREPO sobre Productos de Calidad y de Origen&nbsp;regres\u00f3 para su&nbsp;sexta edici\u00f3n&nbsp;el 23 de abril de 2026 en la Casa Com\u00fan de Hessen, Emilia-Romagna,&nbsp;Nouvelle-Aquitaine&nbsp;y&nbsp;Wielkopolska.&nbsp;Organizado&nbsp;en&nbsp;colaboraci\u00f3n con el&nbsp;proyecto&nbsp;GI SMART&nbsp;de Horizonte Europa, el evento tambi\u00e9n supuso la tercera reuni\u00f3n del GI SMART EU MAP. A lo largo de los a\u00f1os, este encuentro ha reunido a [&hellip;]","og_url":"https:\/\/www.arepoquality.eu\/es\/2026\/04\/30\/6o-evento-europeo-de-arepo-sobre-productos-de-calidad-y-de-origen-puesta-en-valor-de-las-indicaciones-geograficas-en-toda-europa\/","og_site_name":"AREPO","article_publisher":"https:\/\/www.facebook.com\/arepoquality\/","article_published_time":"2026-04-30T10:57:11+00:00","og_image":[{"width":2048,"height":1367,"url":"https:\/\/www.arepoquality.eu\/wp-content\/uploads\/2026\/04\/20260423-arepo-europeanevent077-allgp-2048pix-pye_6704-.jpg","type":"image\/jpeg"}],"author":"Francesca Alampi","twitter_card":"summary_large_image","twitter_creator":"@arepoquality_eu","twitter_site":"@arepoquality_eu","twitter_misc":{"Escrito por":"Francesca Alampi","Tiempo de lectura":"8 minutos"},"schema":{"@context":"https:\/\/schema.org","@graph":[{"@type":"Article","@id":"https:\/\/www.arepoquality.eu\/es\/2026\/04\/30\/6o-evento-europeo-de-arepo-sobre-productos-de-calidad-y-de-origen-puesta-en-valor-de-las-indicaciones-geograficas-en-toda-europa\/#article","isPartOf":{"@id":"https:\/\/www.arepoquality.eu\/es\/2026\/04\/30\/6o-evento-europeo-de-arepo-sobre-productos-de-calidad-y-de-origen-puesta-en-valor-de-las-indicaciones-geograficas-en-toda-europa\/"},"author":{"name":"Francesca Alampi","@id":"https:\/\/www.arepoquality.eu\/#\/schema\/person\/15f7c6b22cbe9706c69d5201712ded97"},"headline":"6\u00ba Evento Europeo de AREPO sobre Productos de Calidad y de Origen: Puesta en valor de las indicaciones geogr\u00e1ficas en toda Europa","datePublished":"2026-04-30T10:57:11+00:00","mainEntityOfPage":{"@id":"https:\/\/www.arepoquality.eu\/es\/2026\/04\/30\/6o-evento-europeo-de-arepo-sobre-productos-de-calidad-y-de-origen-puesta-en-valor-de-las-indicaciones-geograficas-en-toda-europa\/"},"wordCount":1785,"publisher":{"@id":"https:\/\/www.arepoquality.eu\/#organization"},"image":{"@id":"https:\/\/www.arepoquality.eu\/es\/2026\/04\/30\/6o-evento-europeo-de-arepo-sobre-productos-de-calidad-y-de-origen-puesta-en-valor-de-las-indicaciones-geograficas-en-toda-europa\/#primaryimage"},"thumbnailUrl":"https:\/\/www.arepoquality.eu\/wp-content\/uploads\/2026\/04\/20260423-arepo-europeanevent077-allgp-2048pix-pye_6704-.jpg","articleSection":["Evento AREPO","GI-SMART"],"inLanguage":"es"},{"@type":"WebPage","@id":"https:\/\/www.arepoquality.eu\/es\/2026\/04\/30\/6o-evento-europeo-de-arepo-sobre-productos-de-calidad-y-de-origen-puesta-en-valor-de-las-indicaciones-geograficas-en-toda-europa\/","url":"https:\/\/www.arepoquality.eu\/es\/2026\/04\/30\/6o-evento-europeo-de-arepo-sobre-productos-de-calidad-y-de-origen-puesta-en-valor-de-las-indicaciones-geograficas-en-toda-europa\/","name":"6\u00ba Evento Europeo de AREPO sobre Productos de Calidad y de Origen: Puesta en valor de las indicaciones geogr\u00e1ficas en toda Europa - AREPO","isPartOf":{"@id":"https:\/\/www.arepoquality.eu\/#website"},"primaryImageOfPage":{"@id":"https:\/\/www.arepoquality.eu\/es\/2026\/04\/30\/6o-evento-europeo-de-arepo-sobre-productos-de-calidad-y-de-origen-puesta-en-valor-de-las-indicaciones-geograficas-en-toda-europa\/#primaryimage"},"image":{"@id":"https:\/\/www.arepoquality.eu\/es\/2026\/04\/30\/6o-evento-europeo-de-arepo-sobre-productos-de-calidad-y-de-origen-puesta-en-valor-de-las-indicaciones-geograficas-en-toda-europa\/#primaryimage"},"thumbnailUrl":"https:\/\/www.arepoquality.eu\/wp-content\/uploads\/2026\/04\/20260423-arepo-europeanevent077-allgp-2048pix-pye_6704-.jpg","datePublished":"2026-04-30T10:57:11+00:00","breadcrumb":{"@id":"https:\/\/www.arepoquality.eu\/es\/2026\/04\/30\/6o-evento-europeo-de-arepo-sobre-productos-de-calidad-y-de-origen-puesta-en-valor-de-las-indicaciones-geograficas-en-toda-europa\/#breadcrumb"},"inLanguage":"es","potentialAction":[{"@type":"ReadAction","target":["https:\/\/www.arepoquality.eu\/es\/2026\/04\/30\/6o-evento-europeo-de-arepo-sobre-productos-de-calidad-y-de-origen-puesta-en-valor-de-las-indicaciones-geograficas-en-toda-europa\/"]}]},{"@type":"ImageObject","inLanguage":"es","@id":"https:\/\/www.arepoquality.eu\/es\/2026\/04\/30\/6o-evento-europeo-de-arepo-sobre-productos-de-calidad-y-de-origen-puesta-en-valor-de-las-indicaciones-geograficas-en-toda-europa\/#primaryimage","url":"https:\/\/www.arepoquality.eu\/wp-content\/uploads\/2026\/04\/20260423-arepo-europeanevent077-allgp-2048pix-pye_6704-.jpg","contentUrl":"https:\/\/www.arepoquality.eu\/wp-content\/uploads\/2026\/04\/20260423-arepo-europeanevent077-allgp-2048pix-pye_6704-.jpg","width":2048,"height":1367,"caption":"CopyrightEricBerghen-AllRightsReserv"},{"@type":"BreadcrumbList","@id":"https:\/\/www.arepoquality.eu\/es\/2026\/04\/30\/6o-evento-europeo-de-arepo-sobre-productos-de-calidad-y-de-origen-puesta-en-valor-de-las-indicaciones-geograficas-en-toda-europa\/#breadcrumb","itemListElement":[{"@type":"ListItem","position":1,"name":"Home","item":"https:\/\/www.arepoquality.eu\/"},{"@type":"ListItem","position":2,"name":"6\u00ba Evento Europeo de AREPO sobre Productos de Calidad y de Origen: Puesta en valor de las indicaciones geogr\u00e1ficas en toda Europa"}]},{"@type":"WebSite","@id":"https:\/\/www.arepoquality.eu\/#website","url":"https:\/\/www.arepoquality.eu\/","name":"AREPO","description":"","publisher":{"@id":"https:\/\/www.arepoquality.eu\/#organization"},"potentialAction":[{"@type":"SearchAction","target":{"@type":"EntryPoint","urlTemplate":"https:\/\/www.arepoquality.eu\/?s={search_term_string}"},"query-input":{"@type":"PropertyValueSpecification","valueRequired":true,"valueName":"search_term_string"}}],"inLanguage":"es"},{"@type":"Organization","@id":"https:\/\/www.arepoquality.eu\/#organization","name":"AREPO","url":"https:\/\/www.arepoquality.eu\/","logo":{"@type":"ImageObject","inLanguage":"es","@id":"https:\/\/www.arepoquality.eu\/#\/schema\/logo\/image\/","url":"https:\/\/www.arepoquality.eu\/wp-content\/uploads\/2024\/05\/arepo.jpg","contentUrl":"https:\/\/www.arepoquality.eu\/wp-content\/uploads\/2024\/05\/arepo.jpg","width":1113,"height":705,"caption":"AREPO"},"image":{"@id":"https:\/\/www.arepoquality.eu\/#\/schema\/logo\/image\/"},"sameAs":["https:\/\/www.facebook.com\/arepoquality\/","https:\/\/x.com\/arepoquality_eu","https:\/\/www.linkedin.com\/company\/arepoquality\/?viewAsMember=true"]},{"@type":"Person","@id":"https:\/\/www.arepoquality.eu\/#\/schema\/person\/15f7c6b22cbe9706c69d5201712ded97","name":"Francesca Alampi","url":"https:\/\/www.arepoquality.eu\/es\/author\/francesca-alampi\/"}]}},"_links":{"self":[{"href":"https:\/\/www.arepoquality.eu\/es\/wp-json\/wp\/v2\/posts\/18638","targetHints":{"allow":["GET"]}}],"collection":[{"href":"https:\/\/www.arepoquality.eu\/es\/wp-json\/wp\/v2\/posts"}],"about":[{"href":"https:\/\/www.arepoquality.eu\/es\/wp-json\/wp\/v2\/types\/post"}],"author":[{"embeddable":true,"href":"https:\/\/www.arepoquality.eu\/es\/wp-json\/wp\/v2\/users\/3"}],"replies":[{"embeddable":true,"href":"https:\/\/www.arepoquality.eu\/es\/wp-json\/wp\/v2\/comments?post=18638"}],"version-history":[{"count":9,"href":"https:\/\/www.arepoquality.eu\/es\/wp-json\/wp\/v2\/posts\/18638\/revisions"}],"predecessor-version":[{"id":18686,"href":"https:\/\/www.arepoquality.eu\/es\/wp-json\/wp\/v2\/posts\/18638\/revisions\/18686"}],"wp:featuredmedia":[{"embeddable":true,"href":"https:\/\/www.arepoquality.eu\/es\/wp-json\/wp\/v2\/media\/18642"}],"wp:attachment":[{"href":"https:\/\/www.arepoquality.eu\/es\/wp-json\/wp\/v2\/media?parent=18638"}],"wp:term":[{"taxonomy":"category","embeddable":true,"href":"https:\/\/www.arepoquality.eu\/es\/wp-json\/wp\/v2\/categories?post=18638"},{"taxonomy":"post_tag","embeddable":true,"href":"https:\/\/www.arepoquality.eu\/es\/wp-json\/wp\/v2\/tags?post=18638"}],"curies":[{"name":"wp","href":"https:\/\/api.w.org\/{rel}","templated":true}]}}