{"id":3761,"date":"2016-04-25T17:06:06","date_gmt":"2016-04-25T15:06:06","guid":{"rendered":"http:\/\/252373706c.url-de-test.ws\/arepo\/?p=3761"},"modified":"2021-07-31T17:06:35","modified_gmt":"2021-07-31T15:06:35","slug":"arepo-pide-un-amplio-reconocimiento-y-una-fuerte-proteccion-de-las-ig-en-el-ttip","status":"publish","type":"post","link":"https:\/\/www.arepoquality.eu\/es\/2016\/04\/25\/arepo-pide-un-amplio-reconocimiento-y-una-fuerte-proteccion-de-las-ig-en-el-ttip\/","title":{"rendered":"AREPO pide un amplio reconocimiento y una fuerte protecci\u00f3n de las IG en el TTIP"},"content":{"rendered":"\n<p>El 14 de abril de 2016, la Asamblea General de la Asociaci\u00f3n de las Regiones Europeas para los Productos de Origen (AREPO) ha adoptado una posici\u00f3n com\u00fan sobre las negociaciones para el TTIP, tras la publicaci\u00f3n de los documentos de negociaci\u00f3n por parte de la Comisi\u00f3n europea en marzo de 2016.&nbsp;<strong>AREPO se opone al principio de una lista limitada&nbsp;<em>a priori<\/em>&nbsp;de Indicaciones Geogr\u00e1ficas (IG) y pide a la Comisi\u00f3n europea de trabajar para obtener un amplio reconocimiento y una fuerte protecci\u00f3n de las IG en el TTIP.<\/strong><\/p>\n\n\n\n<p>Las 1.300 IG agroalimentarias registradas por la Comisi\u00f3n europea representan derechos inalienables de propiedad intelectual colectiva, reconocidos por la legislaci\u00f3n europea. Estos productos, representan una parte fundamental no solamente de la cultura agr\u00edcola y alimentaria europea, sino tambi\u00e9n de la econom\u00eda rural, con un volumen de negocios anual de al menos 60 millardos de euros. Adem\u00e1s, se estima que el valor de las exportaciones de las IG europeas es de 15 millardos de euros y los EEUU son el principal destino de las IG europeas, representando el 30% del total de las exportaciones de la UE.<\/p>\n\n\n\n<p><strong>Por esta raz\u00f3n AREPO recuerda que las IG representan un inter\u00e9s clave de la UE y que todas las IG registradas tienen que ser protegidas en todos los acuerdos comerciales firmados por la UE.<\/strong><\/p>\n\n\n\n<p>AREPO cuestiona los m\u00e9todos del proceso democr\u00e1tico que ha llevado a la redacci\u00f3n de la lista limitada publicada por la CE. Los miembros de AREPO afirman que&nbsp;<strong>un n\u00famero significativo de IG con ambiciones o problemas de naturaleza comercial en los territorios de los Estados Unidos no aparecen en la lista publicada por la CE.<\/strong><\/p>\n\n\n\n<p>En todo caso, si las negociaciones entre la UE y las autoridades de los EEUU sobre el TTIP se concluir\u00e1n con una propuesta&nbsp;<em>a posteriori<\/em>&nbsp;de una lista limitada, las IG incluidas deben seleccionarse a trav\u00e9s de un proceso concertado.&nbsp;<strong>Por lo tanto, AREPO pide que la CE comience urgentemente una consultaci\u00f3n general de las IG europeas para averiguar su voluntad a ser protegidas bajo el TTIP<\/strong>. Adem\u00e1s, AREPO considera esencial que el proceso de inscripci\u00f3n en un eventual registro bilateral permanezca abierto a las futuras IG.<\/p>\n\n\n\n<p>Finalmente, AREPO exige que los EEUU dejen de considerar las IG vin\u00edcolas europeas como semi-gen\u00e9ricas y dejen de utilizar sus nombres. Las DOP en cuesti\u00f3n son productos t\u00edpicos, expresiones de sus territorios de origen, con sus espec\u00edficas condiciones naturales y conocimientos locales. Por lo tanto no pueden en ning\u00fan caso considerarse como semi-gen\u00e9ricas.<\/p>\n\n\n\n<p><strong>Descarga el comunicado de prensa:<\/strong><strong>\u200b&nbsp;<a href=\"http:\/\/www.arepoquality.eu\/sites\/arepoquality.eu\/files\/press\/AREPO%20TTIP%20EN.pdf\">EN<\/a>&nbsp;&nbsp;<a href=\"http:\/\/www.arepoquality.eu\/sites\/arepoquality.eu\/files\/press\/AREPO%20TTIP%20ES.pdf\">ES<\/a>&nbsp;&nbsp;<a href=\"http:\/\/www.arepoquality.eu\/sites\/arepoquality.eu\/files\/press\/AREPO%20TTIP%20FR.pdf\">FR<\/a>&nbsp;&nbsp;<a href=\"http:\/\/www.arepoquality.eu\/sites\/arepoquality.eu\/files\/press\/AREPO%20TTIP%20IT.pdf\">IT<\/a><\/strong><\/p>\n\n\n\n<p><strong>Consulte aqu\u00ed el texto de la posici\u00f3n completa de AREPO:&nbsp;<a href=\"http:\/\/www.arepoquality.eu\/sites\/arepoquality.eu\/files\/press\/Position_AREPO_TTIP_EN.pdf\">EN<\/a>&nbsp;&nbsp;<a href=\"http:\/\/www.arepoquality.eu\/sites\/arepoquality.eu\/files\/press\/Position_AREPO_TTIP_ES.pdf\">ES<\/a>&nbsp;&nbsp;<a href=\"http:\/\/www.arepoquality.eu\/sites\/arepoquality.eu\/files\/press\/Position_AREPO_TTIP_FR.pdf\">FR<\/a>&nbsp;&nbsp;<a href=\"http:\/\/www.arepoquality.eu\/sites\/arepoquality.eu\/files\/press\/Position_AREPO_TTIP_IT.pdf\">IT<\/a><\/strong><\/p>\n","protected":false},"excerpt":{"rendered":"<p>El 14 de abril de 2016, la Asamblea General de la Asociaci\u00f3n de las Regiones Europeas para los Productos de Origen (AREPO) ha adoptado una posici\u00f3n com\u00fan sobre las negociaciones para el TTIP, tras la publicaci\u00f3n de los documentos de negociaci\u00f3n por parte de la Comisi\u00f3n europea en marzo de 2016.&nbsp;AREPO se opone al principio [&hellip;]<\/p>\n","protected":false},"author":3,"featured_media":0,"comment_status":"open","ping_status":"open","sticky":false,"template":"","format":"standard","meta":{"_acf_changed":false,"footnotes":""},"categories":[234,114],"tags":[],"class_list":["post-3761","post","type-post","status-publish","format-standard","hentry","category-arepo-participations-es","category-politica-comercial-es"],"acf":[],"yoast_head":"<!-- This site is optimized with the Yoast SEO plugin v27.4 - https:\/\/yoast.com\/product\/yoast-seo-wordpress\/ -->\n<title>AREPO pide un amplio reconocimiento y una fuerte protecci\u00f3n de las IG en el TTIP - AREPO<\/title>\n<meta name=\"robots\" content=\"index, follow, max-snippet:-1, max-image-preview:large, max-video-preview:-1\" \/>\n<link rel=\"canonical\" href=\"https:\/\/www.arepoquality.eu\/es\/2016\/04\/25\/arepo-pide-un-amplio-reconocimiento-y-una-fuerte-proteccion-de-las-ig-en-el-ttip\/\" \/>\n<meta property=\"og:locale\" content=\"es_ES\" \/>\n<meta property=\"og:type\" content=\"article\" \/>\n<meta property=\"og:title\" content=\"AREPO pide un amplio reconocimiento y una fuerte protecci\u00f3n de las IG en el TTIP - AREPO\" \/>\n<meta property=\"og:description\" content=\"El 14 de abril de 2016, la Asamblea General de la Asociaci\u00f3n de las Regiones Europeas para los Productos de Origen (AREPO) ha adoptado una posici\u00f3n com\u00fan sobre las negociaciones para el TTIP, tras la publicaci\u00f3n de los documentos de negociaci\u00f3n por parte de la Comisi\u00f3n europea en marzo de 2016.&nbsp;AREPO se opone al principio [&hellip;]\" \/>\n<meta property=\"og:url\" content=\"https:\/\/www.arepoquality.eu\/es\/2016\/04\/25\/arepo-pide-un-amplio-reconocimiento-y-una-fuerte-proteccion-de-las-ig-en-el-ttip\/\" \/>\n<meta property=\"og:site_name\" content=\"AREPO\" \/>\n<meta property=\"article:publisher\" content=\"https:\/\/www.facebook.com\/arepoquality\/\" \/>\n<meta property=\"article:published_time\" content=\"2016-04-25T15:06:06+00:00\" \/>\n<meta property=\"article:modified_time\" content=\"2021-07-31T15:06:35+00:00\" \/>\n<meta name=\"author\" content=\"Francesca Alampi\" \/>\n<meta name=\"twitter:card\" content=\"summary_large_image\" \/>\n<meta name=\"twitter:creator\" content=\"@arepoquality_eu\" \/>\n<meta name=\"twitter:site\" content=\"@arepoquality_eu\" \/>\n<meta name=\"twitter:label1\" content=\"Escrito por\" \/>\n\t<meta name=\"twitter:data1\" content=\"Francesca Alampi\" \/>\n\t<meta name=\"twitter:label2\" content=\"Tiempo de lectura\" \/>\n\t<meta name=\"twitter:data2\" content=\"2 minutos\" \/>\n<script type=\"application\/ld+json\" class=\"yoast-schema-graph\">{\"@context\":\"https:\\\/\\\/schema.org\",\"@graph\":[{\"@type\":\"Article\",\"@id\":\"https:\\\/\\\/www.arepoquality.eu\\\/es\\\/2016\\\/04\\\/25\\\/arepo-pide-un-amplio-reconocimiento-y-una-fuerte-proteccion-de-las-ig-en-el-ttip\\\/#article\",\"isPartOf\":{\"@id\":\"https:\\\/\\\/www.arepoquality.eu\\\/es\\\/2016\\\/04\\\/25\\\/arepo-pide-un-amplio-reconocimiento-y-una-fuerte-proteccion-de-las-ig-en-el-ttip\\\/\"},\"author\":{\"name\":\"Francesca Alampi\",\"@id\":\"https:\\\/\\\/www.arepoquality.eu\\\/#\\\/schema\\\/person\\\/15f7c6b22cbe9706c69d5201712ded97\"},\"headline\":\"AREPO pide un amplio reconocimiento y una fuerte protecci\u00f3n de las IG en el TTIP\",\"datePublished\":\"2016-04-25T15:06:06+00:00\",\"dateModified\":\"2021-07-31T15:06:35+00:00\",\"mainEntityOfPage\":{\"@id\":\"https:\\\/\\\/www.arepoquality.eu\\\/es\\\/2016\\\/04\\\/25\\\/arepo-pide-un-amplio-reconocimiento-y-una-fuerte-proteccion-de-las-ig-en-el-ttip\\\/\"},\"wordCount\":501,\"commentCount\":0,\"publisher\":{\"@id\":\"https:\\\/\\\/www.arepoquality.eu\\\/#organization\"},\"articleSection\":[\"Participaci\u00f3n AREPO\",\"Pol\u00edtica comercial\"],\"inLanguage\":\"es\",\"potentialAction\":[{\"@type\":\"CommentAction\",\"name\":\"Comment\",\"target\":[\"https:\\\/\\\/www.arepoquality.eu\\\/es\\\/2016\\\/04\\\/25\\\/arepo-pide-un-amplio-reconocimiento-y-una-fuerte-proteccion-de-las-ig-en-el-ttip\\\/#respond\"]}]},{\"@type\":\"WebPage\",\"@id\":\"https:\\\/\\\/www.arepoquality.eu\\\/es\\\/2016\\\/04\\\/25\\\/arepo-pide-un-amplio-reconocimiento-y-una-fuerte-proteccion-de-las-ig-en-el-ttip\\\/\",\"url\":\"https:\\\/\\\/www.arepoquality.eu\\\/es\\\/2016\\\/04\\\/25\\\/arepo-pide-un-amplio-reconocimiento-y-una-fuerte-proteccion-de-las-ig-en-el-ttip\\\/\",\"name\":\"AREPO pide un amplio reconocimiento y una fuerte protecci\u00f3n de las IG en el TTIP - AREPO\",\"isPartOf\":{\"@id\":\"https:\\\/\\\/www.arepoquality.eu\\\/#website\"},\"datePublished\":\"2016-04-25T15:06:06+00:00\",\"dateModified\":\"2021-07-31T15:06:35+00:00\",\"breadcrumb\":{\"@id\":\"https:\\\/\\\/www.arepoquality.eu\\\/es\\\/2016\\\/04\\\/25\\\/arepo-pide-un-amplio-reconocimiento-y-una-fuerte-proteccion-de-las-ig-en-el-ttip\\\/#breadcrumb\"},\"inLanguage\":\"es\",\"potentialAction\":[{\"@type\":\"ReadAction\",\"target\":[\"https:\\\/\\\/www.arepoquality.eu\\\/es\\\/2016\\\/04\\\/25\\\/arepo-pide-un-amplio-reconocimiento-y-una-fuerte-proteccion-de-las-ig-en-el-ttip\\\/\"]}]},{\"@type\":\"BreadcrumbList\",\"@id\":\"https:\\\/\\\/www.arepoquality.eu\\\/es\\\/2016\\\/04\\\/25\\\/arepo-pide-un-amplio-reconocimiento-y-una-fuerte-proteccion-de-las-ig-en-el-ttip\\\/#breadcrumb\",\"itemListElement\":[{\"@type\":\"ListItem\",\"position\":1,\"name\":\"Home\",\"item\":\"https:\\\/\\\/www.arepoquality.eu\\\/\"},{\"@type\":\"ListItem\",\"position\":2,\"name\":\"AREPO pide un amplio reconocimiento y una fuerte protecci\u00f3n de las IG en el TTIP\"}]},{\"@type\":\"WebSite\",\"@id\":\"https:\\\/\\\/www.arepoquality.eu\\\/#website\",\"url\":\"https:\\\/\\\/www.arepoquality.eu\\\/\",\"name\":\"AREPO\",\"description\":\"\",\"publisher\":{\"@id\":\"https:\\\/\\\/www.arepoquality.eu\\\/#organization\"},\"potentialAction\":[{\"@type\":\"SearchAction\",\"target\":{\"@type\":\"EntryPoint\",\"urlTemplate\":\"https:\\\/\\\/www.arepoquality.eu\\\/?s={search_term_string}\"},\"query-input\":{\"@type\":\"PropertyValueSpecification\",\"valueRequired\":true,\"valueName\":\"search_term_string\"}}],\"inLanguage\":\"es\"},{\"@type\":\"Organization\",\"@id\":\"https:\\\/\\\/www.arepoquality.eu\\\/#organization\",\"name\":\"AREPO\",\"url\":\"https:\\\/\\\/www.arepoquality.eu\\\/\",\"logo\":{\"@type\":\"ImageObject\",\"inLanguage\":\"es\",\"@id\":\"https:\\\/\\\/www.arepoquality.eu\\\/#\\\/schema\\\/logo\\\/image\\\/\",\"url\":\"https:\\\/\\\/www.arepoquality.eu\\\/wp-content\\\/uploads\\\/2024\\\/05\\\/arepo.jpg\",\"contentUrl\":\"https:\\\/\\\/www.arepoquality.eu\\\/wp-content\\\/uploads\\\/2024\\\/05\\\/arepo.jpg\",\"width\":1113,\"height\":705,\"caption\":\"AREPO\"},\"image\":{\"@id\":\"https:\\\/\\\/www.arepoquality.eu\\\/#\\\/schema\\\/logo\\\/image\\\/\"},\"sameAs\":[\"https:\\\/\\\/www.facebook.com\\\/arepoquality\\\/\",\"https:\\\/\\\/x.com\\\/arepoquality_eu\",\"https:\\\/\\\/www.linkedin.com\\\/company\\\/arepoquality\\\/?viewAsMember=true\"]},{\"@type\":\"Person\",\"@id\":\"https:\\\/\\\/www.arepoquality.eu\\\/#\\\/schema\\\/person\\\/15f7c6b22cbe9706c69d5201712ded97\",\"name\":\"Francesca Alampi\",\"url\":\"https:\\\/\\\/www.arepoquality.eu\\\/es\\\/author\\\/francesca-alampi\\\/\"}]}<\/script>\n<!-- \/ Yoast SEO plugin. -->","yoast_head_json":{"title":"AREPO pide un amplio reconocimiento y una fuerte protecci\u00f3n de las IG en el TTIP - AREPO","robots":{"index":"index","follow":"follow","max-snippet":"max-snippet:-1","max-image-preview":"max-image-preview:large","max-video-preview":"max-video-preview:-1"},"canonical":"https:\/\/www.arepoquality.eu\/es\/2016\/04\/25\/arepo-pide-un-amplio-reconocimiento-y-una-fuerte-proteccion-de-las-ig-en-el-ttip\/","og_locale":"es_ES","og_type":"article","og_title":"AREPO pide un amplio reconocimiento y una fuerte protecci\u00f3n de las IG en el TTIP - AREPO","og_description":"El 14 de abril de 2016, la Asamblea General de la Asociaci\u00f3n de las Regiones Europeas para los Productos de Origen (AREPO) ha adoptado una posici\u00f3n com\u00fan sobre las negociaciones para el TTIP, tras la publicaci\u00f3n de los documentos de negociaci\u00f3n por parte de la Comisi\u00f3n europea en marzo de 2016.&nbsp;AREPO se opone al principio [&hellip;]","og_url":"https:\/\/www.arepoquality.eu\/es\/2016\/04\/25\/arepo-pide-un-amplio-reconocimiento-y-una-fuerte-proteccion-de-las-ig-en-el-ttip\/","og_site_name":"AREPO","article_publisher":"https:\/\/www.facebook.com\/arepoquality\/","article_published_time":"2016-04-25T15:06:06+00:00","article_modified_time":"2021-07-31T15:06:35+00:00","author":"Francesca Alampi","twitter_card":"summary_large_image","twitter_creator":"@arepoquality_eu","twitter_site":"@arepoquality_eu","twitter_misc":{"Escrito por":"Francesca Alampi","Tiempo de lectura":"2 minutos"},"schema":{"@context":"https:\/\/schema.org","@graph":[{"@type":"Article","@id":"https:\/\/www.arepoquality.eu\/es\/2016\/04\/25\/arepo-pide-un-amplio-reconocimiento-y-una-fuerte-proteccion-de-las-ig-en-el-ttip\/#article","isPartOf":{"@id":"https:\/\/www.arepoquality.eu\/es\/2016\/04\/25\/arepo-pide-un-amplio-reconocimiento-y-una-fuerte-proteccion-de-las-ig-en-el-ttip\/"},"author":{"name":"Francesca Alampi","@id":"https:\/\/www.arepoquality.eu\/#\/schema\/person\/15f7c6b22cbe9706c69d5201712ded97"},"headline":"AREPO pide un amplio reconocimiento y una fuerte protecci\u00f3n de las IG en el TTIP","datePublished":"2016-04-25T15:06:06+00:00","dateModified":"2021-07-31T15:06:35+00:00","mainEntityOfPage":{"@id":"https:\/\/www.arepoquality.eu\/es\/2016\/04\/25\/arepo-pide-un-amplio-reconocimiento-y-una-fuerte-proteccion-de-las-ig-en-el-ttip\/"},"wordCount":501,"commentCount":0,"publisher":{"@id":"https:\/\/www.arepoquality.eu\/#organization"},"articleSection":["Participaci\u00f3n AREPO","Pol\u00edtica comercial"],"inLanguage":"es","potentialAction":[{"@type":"CommentAction","name":"Comment","target":["https:\/\/www.arepoquality.eu\/es\/2016\/04\/25\/arepo-pide-un-amplio-reconocimiento-y-una-fuerte-proteccion-de-las-ig-en-el-ttip\/#respond"]}]},{"@type":"WebPage","@id":"https:\/\/www.arepoquality.eu\/es\/2016\/04\/25\/arepo-pide-un-amplio-reconocimiento-y-una-fuerte-proteccion-de-las-ig-en-el-ttip\/","url":"https:\/\/www.arepoquality.eu\/es\/2016\/04\/25\/arepo-pide-un-amplio-reconocimiento-y-una-fuerte-proteccion-de-las-ig-en-el-ttip\/","name":"AREPO pide un amplio reconocimiento y una fuerte protecci\u00f3n de las IG en el TTIP - AREPO","isPartOf":{"@id":"https:\/\/www.arepoquality.eu\/#website"},"datePublished":"2016-04-25T15:06:06+00:00","dateModified":"2021-07-31T15:06:35+00:00","breadcrumb":{"@id":"https:\/\/www.arepoquality.eu\/es\/2016\/04\/25\/arepo-pide-un-amplio-reconocimiento-y-una-fuerte-proteccion-de-las-ig-en-el-ttip\/#breadcrumb"},"inLanguage":"es","potentialAction":[{"@type":"ReadAction","target":["https:\/\/www.arepoquality.eu\/es\/2016\/04\/25\/arepo-pide-un-amplio-reconocimiento-y-una-fuerte-proteccion-de-las-ig-en-el-ttip\/"]}]},{"@type":"BreadcrumbList","@id":"https:\/\/www.arepoquality.eu\/es\/2016\/04\/25\/arepo-pide-un-amplio-reconocimiento-y-una-fuerte-proteccion-de-las-ig-en-el-ttip\/#breadcrumb","itemListElement":[{"@type":"ListItem","position":1,"name":"Home","item":"https:\/\/www.arepoquality.eu\/"},{"@type":"ListItem","position":2,"name":"AREPO pide un amplio reconocimiento y una fuerte protecci\u00f3n de las IG en el TTIP"}]},{"@type":"WebSite","@id":"https:\/\/www.arepoquality.eu\/#website","url":"https:\/\/www.arepoquality.eu\/","name":"AREPO","description":"","publisher":{"@id":"https:\/\/www.arepoquality.eu\/#organization"},"potentialAction":[{"@type":"SearchAction","target":{"@type":"EntryPoint","urlTemplate":"https:\/\/www.arepoquality.eu\/?s={search_term_string}"},"query-input":{"@type":"PropertyValueSpecification","valueRequired":true,"valueName":"search_term_string"}}],"inLanguage":"es"},{"@type":"Organization","@id":"https:\/\/www.arepoquality.eu\/#organization","name":"AREPO","url":"https:\/\/www.arepoquality.eu\/","logo":{"@type":"ImageObject","inLanguage":"es","@id":"https:\/\/www.arepoquality.eu\/#\/schema\/logo\/image\/","url":"https:\/\/www.arepoquality.eu\/wp-content\/uploads\/2024\/05\/arepo.jpg","contentUrl":"https:\/\/www.arepoquality.eu\/wp-content\/uploads\/2024\/05\/arepo.jpg","width":1113,"height":705,"caption":"AREPO"},"image":{"@id":"https:\/\/www.arepoquality.eu\/#\/schema\/logo\/image\/"},"sameAs":["https:\/\/www.facebook.com\/arepoquality\/","https:\/\/x.com\/arepoquality_eu","https:\/\/www.linkedin.com\/company\/arepoquality\/?viewAsMember=true"]},{"@type":"Person","@id":"https:\/\/www.arepoquality.eu\/#\/schema\/person\/15f7c6b22cbe9706c69d5201712ded97","name":"Francesca Alampi","url":"https:\/\/www.arepoquality.eu\/es\/author\/francesca-alampi\/"}]}},"_links":{"self":[{"href":"https:\/\/www.arepoquality.eu\/es\/wp-json\/wp\/v2\/posts\/3761","targetHints":{"allow":["GET"]}}],"collection":[{"href":"https:\/\/www.arepoquality.eu\/es\/wp-json\/wp\/v2\/posts"}],"about":[{"href":"https:\/\/www.arepoquality.eu\/es\/wp-json\/wp\/v2\/types\/post"}],"author":[{"embeddable":true,"href":"https:\/\/www.arepoquality.eu\/es\/wp-json\/wp\/v2\/users\/3"}],"replies":[{"embeddable":true,"href":"https:\/\/www.arepoquality.eu\/es\/wp-json\/wp\/v2\/comments?post=3761"}],"version-history":[{"count":1,"href":"https:\/\/www.arepoquality.eu\/es\/wp-json\/wp\/v2\/posts\/3761\/revisions"}],"predecessor-version":[{"id":3762,"href":"https:\/\/www.arepoquality.eu\/es\/wp-json\/wp\/v2\/posts\/3761\/revisions\/3762"}],"wp:attachment":[{"href":"https:\/\/www.arepoquality.eu\/es\/wp-json\/wp\/v2\/media?parent=3761"}],"wp:term":[{"taxonomy":"category","embeddable":true,"href":"https:\/\/www.arepoquality.eu\/es\/wp-json\/wp\/v2\/categories?post=3761"},{"taxonomy":"post_tag","embeddable":true,"href":"https:\/\/www.arepoquality.eu\/es\/wp-json\/wp\/v2\/tags?post=3761"}],"curies":[{"name":"wp","href":"https:\/\/api.w.org\/{rel}","templated":true}]}}