{"id":3878,"date":"2016-09-08T18:00:29","date_gmt":"2016-09-08T16:00:29","guid":{"rendered":"http:\/\/252373706c.url-de-test.ws\/arepo\/?p=3878"},"modified":"2021-07-31T18:00:58","modified_gmt":"2021-07-31T16:00:58","slug":"arepo-ha-participado-a-la-conferencia-cork-2-0-sobre-el-desarrollo-rural","status":"publish","type":"post","link":"https:\/\/www.arepoquality.eu\/es\/2016\/09\/08\/arepo-ha-participado-a-la-conferencia-cork-2-0-sobre-el-desarrollo-rural\/","title":{"rendered":"AREPO ha participado a la conferencia Cork 2.0 sobre el Desarrollo Rural"},"content":{"rendered":"\n<p>El 6 de septiembre, una nueva declaraci\u00f3n de Cork intitulada \u201c<a href=\"http:\/\/ec.europa.eu\/agriculture\/events\/2016\/rural-development\/cork-declaration-2-0_en.pdf\">Una vida mejor en las zonas rurales<\/a>\u201d ha sido redactada como resultado de dos d\u00edas de conferencia que ha reunido los actores del sector del desarrollo rural. AREPO ha participado a la Conferencia Cork 2.0 para contribuir a la discusi\u00f3n, subrayando el potencial de los productos de calidad y origen para el desarrollo rural.<\/p>\n\n\n\n<p>Organizada exactamente 20 a\u00f1os despu\u00e9s la primera conferencia, Cork 2.0 ha reunido alrededor de 300 actores en una serie de seminarios, finalizados a redactar una nueva declaraci\u00f3n que pueda tener en cuenta de los nuevos desaf\u00edos del siglo XXI.<\/p>\n\n\n\n<p>El Comisario europeo Phil Hogan abri\u00f3 y concluy\u00f3 el evento, con otros ponentes como el Presidente de la Comisi\u00f3n Agricultura del PE, Czes\u0142aw Siekierski, la Ministra eslovaca y actual Presidente de Consejo AGRIFISH, Gabrielea Mate\u010dn\u00e1, y los ex-Comisarios europeos Janesz Poto\u010dnik y Franz Fischler.<\/p>\n\n\n\n<p>La declaraci\u00f3n pide una pol\u00edtica rural y agr\u00edcola de la UE innovadora, integrada e inclusiva. Adem\u00e1s, el documento define 10 orientaciones pol\u00edticas para lograr este objetivo, favoreciendo la prosperidad y vitalidad rural, fortaleciendo las cadenas de valor rurales, preservando el medio ambiente y los recursos naturales, fomentando las acciones clim\u00e1ticas, estimulando el conocimiento y la innovaci\u00f3n y mejorando la gobernanza rural. &nbsp;Estas orientaciones subrayan adem\u00e1s la necesidad de mejorar la implementaci\u00f3n y simplificaci\u00f3n de las pol\u00edticas, as\u00ed como sus resultados y responsabilidad.<\/p>\n\n\n\n<p>La declaraci\u00f3n afirma tambi\u00e9n que deber\u00edamos responder a la demanda de productos de calidad y reconocer el importante papel de la identidad alimentaria.<\/p>\n\n\n\n<p>El Comisario europeo Phil Hogan concluy\u00f3 la conferencia aprobando la demanda de un mejor reconocimiento del potencial de las zonas rurales en ofrecer soluciones innovadoras, sostenibles e inclusivas para los retos sociales actuales. Finalmente, cogi\u00f3 la solicitud a comprobar el impacto de todas las pol\u00edticas de la UE en las zonas rurales.<\/p>\n\n\n\n<p><strong>Para mayores detalles, consultar el&nbsp;<\/strong><strong><a href=\"http:\/\/ec.europa.eu\/agriculture\/events\/rural-development-2016_en.htm\">sitio web de la conferencia<\/a><\/strong><strong>.<\/strong><\/p>\n\n\n\n<p><a href=\"http:\/\/ec.europa.eu\/agriculture\/events\/2016\/rural-development\/cork-declaration-2-0_en.pdf\">Clicar aqu\u00ed para leer el contenido integral de la declaraci\u00f3n \u201c<strong>A Better Life in Rural Areas\u201d.&nbsp;<\/strong><\/a><\/p>\n","protected":false},"excerpt":{"rendered":"<p>El 6 de septiembre, una nueva declaraci\u00f3n de Cork intitulada \u201cUna vida mejor en las zonas rurales\u201d ha sido redactada como resultado de dos d\u00edas de conferencia que ha reunido los actores del sector del desarrollo rural. AREPO ha participado a la Conferencia Cork 2.0 para contribuir a la discusi\u00f3n, subrayando el potencial de los [&hellip;]<\/p>\n","protected":false},"author":3,"featured_media":0,"comment_status":"open","ping_status":"open","sticky":false,"template":"","format":"standard","meta":{"_acf_changed":false,"footnotes":""},"categories":[234,41],"tags":[],"class_list":["post-3878","post","type-post","status-publish","format-standard","hentry","category-arepo-participations-es","category-pol"],"acf":[],"yoast_head":"<!-- This site is optimized with the Yoast SEO plugin v27.5 - https:\/\/yoast.com\/product\/yoast-seo-wordpress\/ -->\n<title>AREPO ha participado a la conferencia Cork 2.0 sobre el Desarrollo Rural - AREPO<\/title>\n<meta name=\"robots\" content=\"index, follow, max-snippet:-1, max-image-preview:large, max-video-preview:-1\" \/>\n<link rel=\"canonical\" href=\"https:\/\/www.arepoquality.eu\/es\/2016\/09\/08\/arepo-ha-participado-a-la-conferencia-cork-2-0-sobre-el-desarrollo-rural\/\" \/>\n<meta property=\"og:locale\" content=\"es_ES\" \/>\n<meta property=\"og:type\" content=\"article\" \/>\n<meta property=\"og:title\" content=\"AREPO ha participado a la conferencia Cork 2.0 sobre el Desarrollo Rural - AREPO\" \/>\n<meta property=\"og:description\" content=\"El 6 de septiembre, una nueva declaraci\u00f3n de Cork intitulada \u201cUna vida mejor en las zonas rurales\u201d ha sido redactada como resultado de dos d\u00edas de conferencia que ha reunido los actores del sector del desarrollo rural. AREPO ha participado a la Conferencia Cork 2.0 para contribuir a la discusi\u00f3n, subrayando el potencial de los [&hellip;]\" \/>\n<meta property=\"og:url\" content=\"https:\/\/www.arepoquality.eu\/es\/2016\/09\/08\/arepo-ha-participado-a-la-conferencia-cork-2-0-sobre-el-desarrollo-rural\/\" \/>\n<meta property=\"og:site_name\" content=\"AREPO\" \/>\n<meta property=\"article:publisher\" content=\"https:\/\/www.facebook.com\/arepoquality\/\" \/>\n<meta property=\"article:published_time\" content=\"2016-09-08T16:00:29+00:00\" \/>\n<meta property=\"article:modified_time\" content=\"2021-07-31T16:00:58+00:00\" \/>\n<meta name=\"author\" content=\"Francesca Alampi\" \/>\n<meta name=\"twitter:card\" content=\"summary_large_image\" \/>\n<meta name=\"twitter:creator\" content=\"@arepoquality_eu\" \/>\n<meta name=\"twitter:site\" content=\"@arepoquality_eu\" \/>\n<meta name=\"twitter:label1\" content=\"Escrito por\" \/>\n\t<meta name=\"twitter:data1\" content=\"Francesca Alampi\" \/>\n\t<meta name=\"twitter:label2\" content=\"Tiempo de lectura\" \/>\n\t<meta name=\"twitter:data2\" content=\"2 minutos\" \/>\n<script type=\"application\/ld+json\" class=\"yoast-schema-graph\">{\"@context\":\"https:\\\/\\\/schema.org\",\"@graph\":[{\"@type\":\"Article\",\"@id\":\"https:\\\/\\\/www.arepoquality.eu\\\/es\\\/2016\\\/09\\\/08\\\/arepo-ha-participado-a-la-conferencia-cork-2-0-sobre-el-desarrollo-rural\\\/#article\",\"isPartOf\":{\"@id\":\"https:\\\/\\\/www.arepoquality.eu\\\/es\\\/2016\\\/09\\\/08\\\/arepo-ha-participado-a-la-conferencia-cork-2-0-sobre-el-desarrollo-rural\\\/\"},\"author\":{\"name\":\"Francesca Alampi\",\"@id\":\"https:\\\/\\\/www.arepoquality.eu\\\/#\\\/schema\\\/person\\\/15f7c6b22cbe9706c69d5201712ded97\"},\"headline\":\"AREPO ha participado a la conferencia Cork 2.0 sobre el Desarrollo Rural\",\"datePublished\":\"2016-09-08T16:00:29+00:00\",\"dateModified\":\"2021-07-31T16:00:58+00:00\",\"mainEntityOfPage\":{\"@id\":\"https:\\\/\\\/www.arepoquality.eu\\\/es\\\/2016\\\/09\\\/08\\\/arepo-ha-participado-a-la-conferencia-cork-2-0-sobre-el-desarrollo-rural\\\/\"},\"wordCount\":365,\"commentCount\":0,\"publisher\":{\"@id\":\"https:\\\/\\\/www.arepoquality.eu\\\/#organization\"},\"articleSection\":[\"Participaci\u00f3n AREPO\",\"Pol\u00edtica de calidad\"],\"inLanguage\":\"es\",\"potentialAction\":[{\"@type\":\"CommentAction\",\"name\":\"Comment\",\"target\":[\"https:\\\/\\\/www.arepoquality.eu\\\/es\\\/2016\\\/09\\\/08\\\/arepo-ha-participado-a-la-conferencia-cork-2-0-sobre-el-desarrollo-rural\\\/#respond\"]}]},{\"@type\":\"WebPage\",\"@id\":\"https:\\\/\\\/www.arepoquality.eu\\\/es\\\/2016\\\/09\\\/08\\\/arepo-ha-participado-a-la-conferencia-cork-2-0-sobre-el-desarrollo-rural\\\/\",\"url\":\"https:\\\/\\\/www.arepoquality.eu\\\/es\\\/2016\\\/09\\\/08\\\/arepo-ha-participado-a-la-conferencia-cork-2-0-sobre-el-desarrollo-rural\\\/\",\"name\":\"AREPO ha participado a la conferencia Cork 2.0 sobre el Desarrollo Rural - AREPO\",\"isPartOf\":{\"@id\":\"https:\\\/\\\/www.arepoquality.eu\\\/#website\"},\"datePublished\":\"2016-09-08T16:00:29+00:00\",\"dateModified\":\"2021-07-31T16:00:58+00:00\",\"breadcrumb\":{\"@id\":\"https:\\\/\\\/www.arepoquality.eu\\\/es\\\/2016\\\/09\\\/08\\\/arepo-ha-participado-a-la-conferencia-cork-2-0-sobre-el-desarrollo-rural\\\/#breadcrumb\"},\"inLanguage\":\"es\",\"potentialAction\":[{\"@type\":\"ReadAction\",\"target\":[\"https:\\\/\\\/www.arepoquality.eu\\\/es\\\/2016\\\/09\\\/08\\\/arepo-ha-participado-a-la-conferencia-cork-2-0-sobre-el-desarrollo-rural\\\/\"]}]},{\"@type\":\"BreadcrumbList\",\"@id\":\"https:\\\/\\\/www.arepoquality.eu\\\/es\\\/2016\\\/09\\\/08\\\/arepo-ha-participado-a-la-conferencia-cork-2-0-sobre-el-desarrollo-rural\\\/#breadcrumb\",\"itemListElement\":[{\"@type\":\"ListItem\",\"position\":1,\"name\":\"Home\",\"item\":\"https:\\\/\\\/www.arepoquality.eu\\\/\"},{\"@type\":\"ListItem\",\"position\":2,\"name\":\"AREPO ha participado a la conferencia Cork 2.0 sobre el Desarrollo Rural\"}]},{\"@type\":\"WebSite\",\"@id\":\"https:\\\/\\\/www.arepoquality.eu\\\/#website\",\"url\":\"https:\\\/\\\/www.arepoquality.eu\\\/\",\"name\":\"AREPO\",\"description\":\"\",\"publisher\":{\"@id\":\"https:\\\/\\\/www.arepoquality.eu\\\/#organization\"},\"potentialAction\":[{\"@type\":\"SearchAction\",\"target\":{\"@type\":\"EntryPoint\",\"urlTemplate\":\"https:\\\/\\\/www.arepoquality.eu\\\/?s={search_term_string}\"},\"query-input\":{\"@type\":\"PropertyValueSpecification\",\"valueRequired\":true,\"valueName\":\"search_term_string\"}}],\"inLanguage\":\"es\"},{\"@type\":\"Organization\",\"@id\":\"https:\\\/\\\/www.arepoquality.eu\\\/#organization\",\"name\":\"AREPO\",\"url\":\"https:\\\/\\\/www.arepoquality.eu\\\/\",\"logo\":{\"@type\":\"ImageObject\",\"inLanguage\":\"es\",\"@id\":\"https:\\\/\\\/www.arepoquality.eu\\\/#\\\/schema\\\/logo\\\/image\\\/\",\"url\":\"https:\\\/\\\/www.arepoquality.eu\\\/wp-content\\\/uploads\\\/2024\\\/05\\\/arepo.jpg\",\"contentUrl\":\"https:\\\/\\\/www.arepoquality.eu\\\/wp-content\\\/uploads\\\/2024\\\/05\\\/arepo.jpg\",\"width\":1113,\"height\":705,\"caption\":\"AREPO\"},\"image\":{\"@id\":\"https:\\\/\\\/www.arepoquality.eu\\\/#\\\/schema\\\/logo\\\/image\\\/\"},\"sameAs\":[\"https:\\\/\\\/www.facebook.com\\\/arepoquality\\\/\",\"https:\\\/\\\/x.com\\\/arepoquality_eu\",\"https:\\\/\\\/www.linkedin.com\\\/company\\\/arepoquality\\\/?viewAsMember=true\"]},{\"@type\":\"Person\",\"@id\":\"https:\\\/\\\/www.arepoquality.eu\\\/#\\\/schema\\\/person\\\/15f7c6b22cbe9706c69d5201712ded97\",\"name\":\"Francesca Alampi\",\"url\":\"https:\\\/\\\/www.arepoquality.eu\\\/es\\\/author\\\/francesca-alampi\\\/\"}]}<\/script>\n<!-- \/ Yoast SEO plugin. -->","yoast_head_json":{"title":"AREPO ha participado a la conferencia Cork 2.0 sobre el Desarrollo Rural - AREPO","robots":{"index":"index","follow":"follow","max-snippet":"max-snippet:-1","max-image-preview":"max-image-preview:large","max-video-preview":"max-video-preview:-1"},"canonical":"https:\/\/www.arepoquality.eu\/es\/2016\/09\/08\/arepo-ha-participado-a-la-conferencia-cork-2-0-sobre-el-desarrollo-rural\/","og_locale":"es_ES","og_type":"article","og_title":"AREPO ha participado a la conferencia Cork 2.0 sobre el Desarrollo Rural - AREPO","og_description":"El 6 de septiembre, una nueva declaraci\u00f3n de Cork intitulada \u201cUna vida mejor en las zonas rurales\u201d ha sido redactada como resultado de dos d\u00edas de conferencia que ha reunido los actores del sector del desarrollo rural. AREPO ha participado a la Conferencia Cork 2.0 para contribuir a la discusi\u00f3n, subrayando el potencial de los [&hellip;]","og_url":"https:\/\/www.arepoquality.eu\/es\/2016\/09\/08\/arepo-ha-participado-a-la-conferencia-cork-2-0-sobre-el-desarrollo-rural\/","og_site_name":"AREPO","article_publisher":"https:\/\/www.facebook.com\/arepoquality\/","article_published_time":"2016-09-08T16:00:29+00:00","article_modified_time":"2021-07-31T16:00:58+00:00","author":"Francesca Alampi","twitter_card":"summary_large_image","twitter_creator":"@arepoquality_eu","twitter_site":"@arepoquality_eu","twitter_misc":{"Escrito por":"Francesca Alampi","Tiempo de lectura":"2 minutos"},"schema":{"@context":"https:\/\/schema.org","@graph":[{"@type":"Article","@id":"https:\/\/www.arepoquality.eu\/es\/2016\/09\/08\/arepo-ha-participado-a-la-conferencia-cork-2-0-sobre-el-desarrollo-rural\/#article","isPartOf":{"@id":"https:\/\/www.arepoquality.eu\/es\/2016\/09\/08\/arepo-ha-participado-a-la-conferencia-cork-2-0-sobre-el-desarrollo-rural\/"},"author":{"name":"Francesca Alampi","@id":"https:\/\/www.arepoquality.eu\/#\/schema\/person\/15f7c6b22cbe9706c69d5201712ded97"},"headline":"AREPO ha participado a la conferencia Cork 2.0 sobre el Desarrollo Rural","datePublished":"2016-09-08T16:00:29+00:00","dateModified":"2021-07-31T16:00:58+00:00","mainEntityOfPage":{"@id":"https:\/\/www.arepoquality.eu\/es\/2016\/09\/08\/arepo-ha-participado-a-la-conferencia-cork-2-0-sobre-el-desarrollo-rural\/"},"wordCount":365,"commentCount":0,"publisher":{"@id":"https:\/\/www.arepoquality.eu\/#organization"},"articleSection":["Participaci\u00f3n AREPO","Pol\u00edtica de calidad"],"inLanguage":"es","potentialAction":[{"@type":"CommentAction","name":"Comment","target":["https:\/\/www.arepoquality.eu\/es\/2016\/09\/08\/arepo-ha-participado-a-la-conferencia-cork-2-0-sobre-el-desarrollo-rural\/#respond"]}]},{"@type":"WebPage","@id":"https:\/\/www.arepoquality.eu\/es\/2016\/09\/08\/arepo-ha-participado-a-la-conferencia-cork-2-0-sobre-el-desarrollo-rural\/","url":"https:\/\/www.arepoquality.eu\/es\/2016\/09\/08\/arepo-ha-participado-a-la-conferencia-cork-2-0-sobre-el-desarrollo-rural\/","name":"AREPO ha participado a la conferencia Cork 2.0 sobre el Desarrollo Rural - AREPO","isPartOf":{"@id":"https:\/\/www.arepoquality.eu\/#website"},"datePublished":"2016-09-08T16:00:29+00:00","dateModified":"2021-07-31T16:00:58+00:00","breadcrumb":{"@id":"https:\/\/www.arepoquality.eu\/es\/2016\/09\/08\/arepo-ha-participado-a-la-conferencia-cork-2-0-sobre-el-desarrollo-rural\/#breadcrumb"},"inLanguage":"es","potentialAction":[{"@type":"ReadAction","target":["https:\/\/www.arepoquality.eu\/es\/2016\/09\/08\/arepo-ha-participado-a-la-conferencia-cork-2-0-sobre-el-desarrollo-rural\/"]}]},{"@type":"BreadcrumbList","@id":"https:\/\/www.arepoquality.eu\/es\/2016\/09\/08\/arepo-ha-participado-a-la-conferencia-cork-2-0-sobre-el-desarrollo-rural\/#breadcrumb","itemListElement":[{"@type":"ListItem","position":1,"name":"Home","item":"https:\/\/www.arepoquality.eu\/"},{"@type":"ListItem","position":2,"name":"AREPO ha participado a la conferencia Cork 2.0 sobre el Desarrollo Rural"}]},{"@type":"WebSite","@id":"https:\/\/www.arepoquality.eu\/#website","url":"https:\/\/www.arepoquality.eu\/","name":"AREPO","description":"","publisher":{"@id":"https:\/\/www.arepoquality.eu\/#organization"},"potentialAction":[{"@type":"SearchAction","target":{"@type":"EntryPoint","urlTemplate":"https:\/\/www.arepoquality.eu\/?s={search_term_string}"},"query-input":{"@type":"PropertyValueSpecification","valueRequired":true,"valueName":"search_term_string"}}],"inLanguage":"es"},{"@type":"Organization","@id":"https:\/\/www.arepoquality.eu\/#organization","name":"AREPO","url":"https:\/\/www.arepoquality.eu\/","logo":{"@type":"ImageObject","inLanguage":"es","@id":"https:\/\/www.arepoquality.eu\/#\/schema\/logo\/image\/","url":"https:\/\/www.arepoquality.eu\/wp-content\/uploads\/2024\/05\/arepo.jpg","contentUrl":"https:\/\/www.arepoquality.eu\/wp-content\/uploads\/2024\/05\/arepo.jpg","width":1113,"height":705,"caption":"AREPO"},"image":{"@id":"https:\/\/www.arepoquality.eu\/#\/schema\/logo\/image\/"},"sameAs":["https:\/\/www.facebook.com\/arepoquality\/","https:\/\/x.com\/arepoquality_eu","https:\/\/www.linkedin.com\/company\/arepoquality\/?viewAsMember=true"]},{"@type":"Person","@id":"https:\/\/www.arepoquality.eu\/#\/schema\/person\/15f7c6b22cbe9706c69d5201712ded97","name":"Francesca Alampi","url":"https:\/\/www.arepoquality.eu\/es\/author\/francesca-alampi\/"}]}},"_links":{"self":[{"href":"https:\/\/www.arepoquality.eu\/es\/wp-json\/wp\/v2\/posts\/3878","targetHints":{"allow":["GET"]}}],"collection":[{"href":"https:\/\/www.arepoquality.eu\/es\/wp-json\/wp\/v2\/posts"}],"about":[{"href":"https:\/\/www.arepoquality.eu\/es\/wp-json\/wp\/v2\/types\/post"}],"author":[{"embeddable":true,"href":"https:\/\/www.arepoquality.eu\/es\/wp-json\/wp\/v2\/users\/3"}],"replies":[{"embeddable":true,"href":"https:\/\/www.arepoquality.eu\/es\/wp-json\/wp\/v2\/comments?post=3878"}],"version-history":[{"count":1,"href":"https:\/\/www.arepoquality.eu\/es\/wp-json\/wp\/v2\/posts\/3878\/revisions"}],"predecessor-version":[{"id":3879,"href":"https:\/\/www.arepoquality.eu\/es\/wp-json\/wp\/v2\/posts\/3878\/revisions\/3879"}],"wp:attachment":[{"href":"https:\/\/www.arepoquality.eu\/es\/wp-json\/wp\/v2\/media?parent=3878"}],"wp:term":[{"taxonomy":"category","embeddable":true,"href":"https:\/\/www.arepoquality.eu\/es\/wp-json\/wp\/v2\/categories?post=3878"},{"taxonomy":"post_tag","embeddable":true,"href":"https:\/\/www.arepoquality.eu\/es\/wp-json\/wp\/v2\/tags?post=3878"}],"curies":[{"name":"wp","href":"https:\/\/api.w.org\/{rel}","templated":true}]}}