{"id":3998,"date":"2017-02-27T16:49:53","date_gmt":"2017-02-27T15:49:53","guid":{"rendered":"http:\/\/252373706c.url-de-test.ws\/arepo\/?p=3998"},"modified":"2021-08-02T16:50:34","modified_gmt":"2021-08-02T14:50:34","slug":"origo-2017-geographical-indications-global-forum","status":"publish","type":"post","link":"https:\/\/www.arepoquality.eu\/es\/2017\/02\/27\/origo-2017-geographical-indications-global-forum\/","title":{"rendered":"Origo. 2017, Geographical Indications\u2019 Global Forum"},"content":{"rendered":"\n<p><strong>Desde el 11 hasta 13 de abril<\/strong>, AREPO participar\u00e1 en la&nbsp;<strong>primera edici\u00f3n de Origo. 2017,&nbsp;Foro Global sobre las Indicaciones Geogr\u00e1ficas<\/strong>&nbsp;que se celebrar\u00e1 en el Centro de Exposiciones de&nbsp;<strong>Parma<\/strong>.<\/p>\n\n\n\n<p>Origo es el primer evento europeo e internacional para la promoci\u00f3n de productos agroalimentarios de calidad en todo el mundo. Est\u00e1 organizado por el Gobierno italiano y la Regi\u00f3n de Emilia Romagna, en colaboraci\u00f3n con la Comisi\u00f3n Europea, la Asociaci\u00f3n de Industriales de Parma y el Centro de Exposiciones de Parma.<\/p>\n\n\n\n<p>La raz\u00f3n de ser de este acontecimiento deriva de la necesidad de tomar conciencia del valor estrat\u00e9gico de nuestros productos de calidad, tanto dentro del contexto europeo como en los mercados internacionales.<\/p>\n\n\n\n<p>Nos enfrentamos a numerosos retos mundiales que s\u00f3lo pueden abordarse adecuadamente si los productores de la UE y los expertos de la industria se re\u00fanen y sacan el m\u00e1ximo provecho de sus sinergias para desarrollar nuevos modelos, con el fin de fomentar las relaciones culturales y econ\u00f3micas.<\/p>\n\n\n\n<p>El evento se dividir\u00e1 en dos partes.&nbsp;<strong>El 11 de abril, una Conferencia Internacional&nbsp;<\/strong>contar\u00e1 con la participaci\u00f3n de los participantes en la discusi\u00f3n de varias cuestiones relativas a las indicaciones geogr\u00e1ficas. La conferencia estar\u00e1 organizada en 4 sesiones diferentes:<\/p>\n\n\n\n<ol class=\"wp-block-list\"><li>El papel de las IG en la pol\u00edtica europea<\/li><li>IG: \u00bfson un modelo de sostenibilidad?<\/li><li>IG, empleo y resiliencia: evidencia y problemas<\/li><li>IG en todo el mundo: \u00bfel modelo europeo se est\u00e1 volviendo global?<\/li><\/ol>\n\n\n\n<p><strong>El 12 y el 13 de abril, los asistentes al congreso tendr\u00e1n la posibilidad de participar en reuniones B2B en el Origo Business Lounge especialmente dedicado a consorcios y productores de IG<\/strong>. En este espacio podr\u00e1n reunirse con los principales compradores internacionales que participar\u00e1n a CibusConnect 2017, un evento de formato nuevo que presenta asocia \u00e1reas multifuncionales y espect\u00e1culos culinarios, con talleres dedicados a los temas actuales de sector Food &amp; Retail.<\/p>\n\n\n\n<p><strong>Para m\u00e1s informaci\u00f3n, consulte el&nbsp;<\/strong><a href=\"http:\/\/www.origoglobalforum.com\/\"><strong>sitio web de Origo<\/strong><\/a><strong>.<\/strong><\/p>\n\n\n\n<p><a href=\"http:\/\/www.arepoquality.eu\/sites\/arepoquality.eu\/files\/press\/AREPO_Hogan.pdf\"><strong>Clicar aqu\u00ed para leer la carta de invitaci\u00f3n del Comisario Hogan<\/strong><\/a><strong>.<\/strong><\/p>\n\n\n\n<p><strong>Consultar aqu\u00ed la carta de invitaci\u00f3n del Ministro de Agricultura de Italia y del Presidente de la Regi\u00f3n Emilia-Romagna&nbsp;<\/strong><strong><a href=\"http:\/\/www.arepoquality.eu\/sites\/arepoquality.eu\/files\/press\/Origo%20Lettera%20ENG.pdf\">EN<\/a><\/strong>&nbsp;<strong><a href=\"http:\/\/www.arepoquality.eu\/sites\/arepoquality.eu\/files\/press\/Origo%20Lettera%20ESP.pdf\">ES<\/a><\/strong>&nbsp;<strong><a href=\"http:\/\/www.arepoquality.eu\/sites\/arepoquality.eu\/files\/press\/Origo%20Lettera%20FRA.pdf\">FR<\/a><\/strong>&nbsp;<strong><a href=\"http:\/\/www.arepoquality.eu\/sites\/arepoquality.eu\/files\/press\/Origo_Global%20Forum_Invito.pdf\">IT<\/a><\/strong><\/p>\n","protected":false},"excerpt":{"rendered":"<p>Desde el 11 hasta 13 de abril, AREPO participar\u00e1 en la&nbsp;primera edici\u00f3n de Origo. 2017,&nbsp;Foro Global sobre las Indicaciones Geogr\u00e1ficas&nbsp;que se celebrar\u00e1 en el Centro de Exposiciones de&nbsp;Parma. Origo es el primer evento europeo e internacional para la promoci\u00f3n de productos agroalimentarios de calidad en todo el mundo. Est\u00e1 organizado por el Gobierno italiano y [&hellip;]<\/p>\n","protected":false},"author":3,"featured_media":3992,"comment_status":"open","ping_status":"open","sticky":false,"template":"","format":"standard","meta":{"_acf_changed":false,"footnotes":""},"categories":[234],"tags":[],"class_list":["post-3998","post","type-post","status-publish","format-standard","has-post-thumbnail","hentry","category-arepo-participations-es"],"acf":[],"yoast_head":"<!-- This site is optimized with the Yoast SEO plugin v27.4 - https:\/\/yoast.com\/product\/yoast-seo-wordpress\/ -->\n<title>Origo. 2017, Geographical Indications\u2019 Global Forum - AREPO<\/title>\n<meta name=\"robots\" content=\"index, follow, max-snippet:-1, max-image-preview:large, max-video-preview:-1\" \/>\n<link rel=\"canonical\" href=\"https:\/\/www.arepoquality.eu\/es\/2017\/02\/27\/origo-2017-geographical-indications-global-forum\/\" \/>\n<meta property=\"og:locale\" content=\"es_ES\" \/>\n<meta property=\"og:type\" content=\"article\" \/>\n<meta property=\"og:title\" content=\"Origo. 2017, Geographical Indications\u2019 Global Forum - AREPO\" \/>\n<meta property=\"og:description\" content=\"Desde el 11 hasta 13 de abril, AREPO participar\u00e1 en la&nbsp;primera edici\u00f3n de Origo. 2017,&nbsp;Foro Global sobre las Indicaciones Geogr\u00e1ficas&nbsp;que se celebrar\u00e1 en el Centro de Exposiciones de&nbsp;Parma. Origo es el primer evento europeo e internacional para la promoci\u00f3n de productos agroalimentarios de calidad en todo el mundo. Est\u00e1 organizado por el Gobierno italiano y [&hellip;]\" \/>\n<meta property=\"og:url\" content=\"https:\/\/www.arepoquality.eu\/es\/2017\/02\/27\/origo-2017-geographical-indications-global-forum\/\" \/>\n<meta property=\"og:site_name\" content=\"AREPO\" \/>\n<meta property=\"article:publisher\" content=\"https:\/\/www.facebook.com\/arepoquality\/\" \/>\n<meta property=\"article:published_time\" content=\"2017-02-27T15:49:53+00:00\" \/>\n<meta property=\"article:modified_time\" content=\"2021-08-02T14:50:34+00:00\" \/>\n<meta property=\"og:image\" content=\"https:\/\/www.arepoquality.eu\/wp-content\/uploads\/2021\/08\/origo.jpg\" \/>\n\t<meta property=\"og:image:width\" content=\"1802\" \/>\n\t<meta property=\"og:image:height\" content=\"940\" \/>\n\t<meta property=\"og:image:type\" content=\"image\/jpeg\" \/>\n<meta name=\"author\" content=\"Francesca Alampi\" \/>\n<meta name=\"twitter:card\" content=\"summary_large_image\" \/>\n<meta name=\"twitter:creator\" content=\"@arepoquality_eu\" \/>\n<meta name=\"twitter:site\" content=\"@arepoquality_eu\" \/>\n<meta name=\"twitter:label1\" content=\"Escrito por\" \/>\n\t<meta name=\"twitter:data1\" content=\"Francesca Alampi\" \/>\n\t<meta name=\"twitter:label2\" content=\"Tiempo de lectura\" \/>\n\t<meta name=\"twitter:data2\" content=\"2 minutos\" \/>\n<script type=\"application\/ld+json\" class=\"yoast-schema-graph\">{\"@context\":\"https:\\\/\\\/schema.org\",\"@graph\":[{\"@type\":\"Article\",\"@id\":\"https:\\\/\\\/www.arepoquality.eu\\\/es\\\/2017\\\/02\\\/27\\\/origo-2017-geographical-indications-global-forum\\\/#article\",\"isPartOf\":{\"@id\":\"https:\\\/\\\/www.arepoquality.eu\\\/es\\\/2017\\\/02\\\/27\\\/origo-2017-geographical-indications-global-forum\\\/\"},\"author\":{\"name\":\"Francesca Alampi\",\"@id\":\"https:\\\/\\\/www.arepoquality.eu\\\/#\\\/schema\\\/person\\\/15f7c6b22cbe9706c69d5201712ded97\"},\"headline\":\"Origo. 2017, Geographical Indications\u2019 Global Forum\",\"datePublished\":\"2017-02-27T15:49:53+00:00\",\"dateModified\":\"2021-08-02T14:50:34+00:00\",\"mainEntityOfPage\":{\"@id\":\"https:\\\/\\\/www.arepoquality.eu\\\/es\\\/2017\\\/02\\\/27\\\/origo-2017-geographical-indications-global-forum\\\/\"},\"wordCount\":386,\"commentCount\":0,\"publisher\":{\"@id\":\"https:\\\/\\\/www.arepoquality.eu\\\/#organization\"},\"image\":{\"@id\":\"https:\\\/\\\/www.arepoquality.eu\\\/es\\\/2017\\\/02\\\/27\\\/origo-2017-geographical-indications-global-forum\\\/#primaryimage\"},\"thumbnailUrl\":\"https:\\\/\\\/www.arepoquality.eu\\\/wp-content\\\/uploads\\\/2021\\\/08\\\/origo.jpg\",\"articleSection\":[\"Participaci\u00f3n AREPO\"],\"inLanguage\":\"es\",\"potentialAction\":[{\"@type\":\"CommentAction\",\"name\":\"Comment\",\"target\":[\"https:\\\/\\\/www.arepoquality.eu\\\/es\\\/2017\\\/02\\\/27\\\/origo-2017-geographical-indications-global-forum\\\/#respond\"]}]},{\"@type\":\"WebPage\",\"@id\":\"https:\\\/\\\/www.arepoquality.eu\\\/es\\\/2017\\\/02\\\/27\\\/origo-2017-geographical-indications-global-forum\\\/\",\"url\":\"https:\\\/\\\/www.arepoquality.eu\\\/es\\\/2017\\\/02\\\/27\\\/origo-2017-geographical-indications-global-forum\\\/\",\"name\":\"Origo. 2017, Geographical Indications\u2019 Global Forum - AREPO\",\"isPartOf\":{\"@id\":\"https:\\\/\\\/www.arepoquality.eu\\\/#website\"},\"primaryImageOfPage\":{\"@id\":\"https:\\\/\\\/www.arepoquality.eu\\\/es\\\/2017\\\/02\\\/27\\\/origo-2017-geographical-indications-global-forum\\\/#primaryimage\"},\"image\":{\"@id\":\"https:\\\/\\\/www.arepoquality.eu\\\/es\\\/2017\\\/02\\\/27\\\/origo-2017-geographical-indications-global-forum\\\/#primaryimage\"},\"thumbnailUrl\":\"https:\\\/\\\/www.arepoquality.eu\\\/wp-content\\\/uploads\\\/2021\\\/08\\\/origo.jpg\",\"datePublished\":\"2017-02-27T15:49:53+00:00\",\"dateModified\":\"2021-08-02T14:50:34+00:00\",\"breadcrumb\":{\"@id\":\"https:\\\/\\\/www.arepoquality.eu\\\/es\\\/2017\\\/02\\\/27\\\/origo-2017-geographical-indications-global-forum\\\/#breadcrumb\"},\"inLanguage\":\"es\",\"potentialAction\":[{\"@type\":\"ReadAction\",\"target\":[\"https:\\\/\\\/www.arepoquality.eu\\\/es\\\/2017\\\/02\\\/27\\\/origo-2017-geographical-indications-global-forum\\\/\"]}]},{\"@type\":\"ImageObject\",\"inLanguage\":\"es\",\"@id\":\"https:\\\/\\\/www.arepoquality.eu\\\/es\\\/2017\\\/02\\\/27\\\/origo-2017-geographical-indications-global-forum\\\/#primaryimage\",\"url\":\"https:\\\/\\\/www.arepoquality.eu\\\/wp-content\\\/uploads\\\/2021\\\/08\\\/origo.jpg\",\"contentUrl\":\"https:\\\/\\\/www.arepoquality.eu\\\/wp-content\\\/uploads\\\/2021\\\/08\\\/origo.jpg\",\"width\":1802,\"height\":940},{\"@type\":\"BreadcrumbList\",\"@id\":\"https:\\\/\\\/www.arepoquality.eu\\\/es\\\/2017\\\/02\\\/27\\\/origo-2017-geographical-indications-global-forum\\\/#breadcrumb\",\"itemListElement\":[{\"@type\":\"ListItem\",\"position\":1,\"name\":\"Home\",\"item\":\"https:\\\/\\\/www.arepoquality.eu\\\/\"},{\"@type\":\"ListItem\",\"position\":2,\"name\":\"Origo. 2017, Geographical Indications\u2019 Global Forum\"}]},{\"@type\":\"WebSite\",\"@id\":\"https:\\\/\\\/www.arepoquality.eu\\\/#website\",\"url\":\"https:\\\/\\\/www.arepoquality.eu\\\/\",\"name\":\"AREPO\",\"description\":\"\",\"publisher\":{\"@id\":\"https:\\\/\\\/www.arepoquality.eu\\\/#organization\"},\"potentialAction\":[{\"@type\":\"SearchAction\",\"target\":{\"@type\":\"EntryPoint\",\"urlTemplate\":\"https:\\\/\\\/www.arepoquality.eu\\\/?s={search_term_string}\"},\"query-input\":{\"@type\":\"PropertyValueSpecification\",\"valueRequired\":true,\"valueName\":\"search_term_string\"}}],\"inLanguage\":\"es\"},{\"@type\":\"Organization\",\"@id\":\"https:\\\/\\\/www.arepoquality.eu\\\/#organization\",\"name\":\"AREPO\",\"url\":\"https:\\\/\\\/www.arepoquality.eu\\\/\",\"logo\":{\"@type\":\"ImageObject\",\"inLanguage\":\"es\",\"@id\":\"https:\\\/\\\/www.arepoquality.eu\\\/#\\\/schema\\\/logo\\\/image\\\/\",\"url\":\"https:\\\/\\\/www.arepoquality.eu\\\/wp-content\\\/uploads\\\/2024\\\/05\\\/arepo.jpg\",\"contentUrl\":\"https:\\\/\\\/www.arepoquality.eu\\\/wp-content\\\/uploads\\\/2024\\\/05\\\/arepo.jpg\",\"width\":1113,\"height\":705,\"caption\":\"AREPO\"},\"image\":{\"@id\":\"https:\\\/\\\/www.arepoquality.eu\\\/#\\\/schema\\\/logo\\\/image\\\/\"},\"sameAs\":[\"https:\\\/\\\/www.facebook.com\\\/arepoquality\\\/\",\"https:\\\/\\\/x.com\\\/arepoquality_eu\",\"https:\\\/\\\/www.linkedin.com\\\/company\\\/arepoquality\\\/?viewAsMember=true\"]},{\"@type\":\"Person\",\"@id\":\"https:\\\/\\\/www.arepoquality.eu\\\/#\\\/schema\\\/person\\\/15f7c6b22cbe9706c69d5201712ded97\",\"name\":\"Francesca Alampi\",\"url\":\"https:\\\/\\\/www.arepoquality.eu\\\/es\\\/author\\\/francesca-alampi\\\/\"}]}<\/script>\n<!-- \/ Yoast SEO plugin. -->","yoast_head_json":{"title":"Origo. 2017, Geographical Indications\u2019 Global Forum - AREPO","robots":{"index":"index","follow":"follow","max-snippet":"max-snippet:-1","max-image-preview":"max-image-preview:large","max-video-preview":"max-video-preview:-1"},"canonical":"https:\/\/www.arepoquality.eu\/es\/2017\/02\/27\/origo-2017-geographical-indications-global-forum\/","og_locale":"es_ES","og_type":"article","og_title":"Origo. 2017, Geographical Indications\u2019 Global Forum - AREPO","og_description":"Desde el 11 hasta 13 de abril, AREPO participar\u00e1 en la&nbsp;primera edici\u00f3n de Origo. 2017,&nbsp;Foro Global sobre las Indicaciones Geogr\u00e1ficas&nbsp;que se celebrar\u00e1 en el Centro de Exposiciones de&nbsp;Parma. Origo es el primer evento europeo e internacional para la promoci\u00f3n de productos agroalimentarios de calidad en todo el mundo. Est\u00e1 organizado por el Gobierno italiano y [&hellip;]","og_url":"https:\/\/www.arepoquality.eu\/es\/2017\/02\/27\/origo-2017-geographical-indications-global-forum\/","og_site_name":"AREPO","article_publisher":"https:\/\/www.facebook.com\/arepoquality\/","article_published_time":"2017-02-27T15:49:53+00:00","article_modified_time":"2021-08-02T14:50:34+00:00","og_image":[{"width":1802,"height":940,"url":"https:\/\/www.arepoquality.eu\/wp-content\/uploads\/2021\/08\/origo.jpg","type":"image\/jpeg"}],"author":"Francesca Alampi","twitter_card":"summary_large_image","twitter_creator":"@arepoquality_eu","twitter_site":"@arepoquality_eu","twitter_misc":{"Escrito por":"Francesca Alampi","Tiempo de lectura":"2 minutos"},"schema":{"@context":"https:\/\/schema.org","@graph":[{"@type":"Article","@id":"https:\/\/www.arepoquality.eu\/es\/2017\/02\/27\/origo-2017-geographical-indications-global-forum\/#article","isPartOf":{"@id":"https:\/\/www.arepoquality.eu\/es\/2017\/02\/27\/origo-2017-geographical-indications-global-forum\/"},"author":{"name":"Francesca Alampi","@id":"https:\/\/www.arepoquality.eu\/#\/schema\/person\/15f7c6b22cbe9706c69d5201712ded97"},"headline":"Origo. 2017, Geographical Indications\u2019 Global Forum","datePublished":"2017-02-27T15:49:53+00:00","dateModified":"2021-08-02T14:50:34+00:00","mainEntityOfPage":{"@id":"https:\/\/www.arepoquality.eu\/es\/2017\/02\/27\/origo-2017-geographical-indications-global-forum\/"},"wordCount":386,"commentCount":0,"publisher":{"@id":"https:\/\/www.arepoquality.eu\/#organization"},"image":{"@id":"https:\/\/www.arepoquality.eu\/es\/2017\/02\/27\/origo-2017-geographical-indications-global-forum\/#primaryimage"},"thumbnailUrl":"https:\/\/www.arepoquality.eu\/wp-content\/uploads\/2021\/08\/origo.jpg","articleSection":["Participaci\u00f3n AREPO"],"inLanguage":"es","potentialAction":[{"@type":"CommentAction","name":"Comment","target":["https:\/\/www.arepoquality.eu\/es\/2017\/02\/27\/origo-2017-geographical-indications-global-forum\/#respond"]}]},{"@type":"WebPage","@id":"https:\/\/www.arepoquality.eu\/es\/2017\/02\/27\/origo-2017-geographical-indications-global-forum\/","url":"https:\/\/www.arepoquality.eu\/es\/2017\/02\/27\/origo-2017-geographical-indications-global-forum\/","name":"Origo. 2017, Geographical Indications\u2019 Global Forum - AREPO","isPartOf":{"@id":"https:\/\/www.arepoquality.eu\/#website"},"primaryImageOfPage":{"@id":"https:\/\/www.arepoquality.eu\/es\/2017\/02\/27\/origo-2017-geographical-indications-global-forum\/#primaryimage"},"image":{"@id":"https:\/\/www.arepoquality.eu\/es\/2017\/02\/27\/origo-2017-geographical-indications-global-forum\/#primaryimage"},"thumbnailUrl":"https:\/\/www.arepoquality.eu\/wp-content\/uploads\/2021\/08\/origo.jpg","datePublished":"2017-02-27T15:49:53+00:00","dateModified":"2021-08-02T14:50:34+00:00","breadcrumb":{"@id":"https:\/\/www.arepoquality.eu\/es\/2017\/02\/27\/origo-2017-geographical-indications-global-forum\/#breadcrumb"},"inLanguage":"es","potentialAction":[{"@type":"ReadAction","target":["https:\/\/www.arepoquality.eu\/es\/2017\/02\/27\/origo-2017-geographical-indications-global-forum\/"]}]},{"@type":"ImageObject","inLanguage":"es","@id":"https:\/\/www.arepoquality.eu\/es\/2017\/02\/27\/origo-2017-geographical-indications-global-forum\/#primaryimage","url":"https:\/\/www.arepoquality.eu\/wp-content\/uploads\/2021\/08\/origo.jpg","contentUrl":"https:\/\/www.arepoquality.eu\/wp-content\/uploads\/2021\/08\/origo.jpg","width":1802,"height":940},{"@type":"BreadcrumbList","@id":"https:\/\/www.arepoquality.eu\/es\/2017\/02\/27\/origo-2017-geographical-indications-global-forum\/#breadcrumb","itemListElement":[{"@type":"ListItem","position":1,"name":"Home","item":"https:\/\/www.arepoquality.eu\/"},{"@type":"ListItem","position":2,"name":"Origo. 2017, Geographical Indications\u2019 Global Forum"}]},{"@type":"WebSite","@id":"https:\/\/www.arepoquality.eu\/#website","url":"https:\/\/www.arepoquality.eu\/","name":"AREPO","description":"","publisher":{"@id":"https:\/\/www.arepoquality.eu\/#organization"},"potentialAction":[{"@type":"SearchAction","target":{"@type":"EntryPoint","urlTemplate":"https:\/\/www.arepoquality.eu\/?s={search_term_string}"},"query-input":{"@type":"PropertyValueSpecification","valueRequired":true,"valueName":"search_term_string"}}],"inLanguage":"es"},{"@type":"Organization","@id":"https:\/\/www.arepoquality.eu\/#organization","name":"AREPO","url":"https:\/\/www.arepoquality.eu\/","logo":{"@type":"ImageObject","inLanguage":"es","@id":"https:\/\/www.arepoquality.eu\/#\/schema\/logo\/image\/","url":"https:\/\/www.arepoquality.eu\/wp-content\/uploads\/2024\/05\/arepo.jpg","contentUrl":"https:\/\/www.arepoquality.eu\/wp-content\/uploads\/2024\/05\/arepo.jpg","width":1113,"height":705,"caption":"AREPO"},"image":{"@id":"https:\/\/www.arepoquality.eu\/#\/schema\/logo\/image\/"},"sameAs":["https:\/\/www.facebook.com\/arepoquality\/","https:\/\/x.com\/arepoquality_eu","https:\/\/www.linkedin.com\/company\/arepoquality\/?viewAsMember=true"]},{"@type":"Person","@id":"https:\/\/www.arepoquality.eu\/#\/schema\/person\/15f7c6b22cbe9706c69d5201712ded97","name":"Francesca Alampi","url":"https:\/\/www.arepoquality.eu\/es\/author\/francesca-alampi\/"}]}},"_links":{"self":[{"href":"https:\/\/www.arepoquality.eu\/es\/wp-json\/wp\/v2\/posts\/3998","targetHints":{"allow":["GET"]}}],"collection":[{"href":"https:\/\/www.arepoquality.eu\/es\/wp-json\/wp\/v2\/posts"}],"about":[{"href":"https:\/\/www.arepoquality.eu\/es\/wp-json\/wp\/v2\/types\/post"}],"author":[{"embeddable":true,"href":"https:\/\/www.arepoquality.eu\/es\/wp-json\/wp\/v2\/users\/3"}],"replies":[{"embeddable":true,"href":"https:\/\/www.arepoquality.eu\/es\/wp-json\/wp\/v2\/comments?post=3998"}],"version-history":[{"count":1,"href":"https:\/\/www.arepoquality.eu\/es\/wp-json\/wp\/v2\/posts\/3998\/revisions"}],"predecessor-version":[{"id":3999,"href":"https:\/\/www.arepoquality.eu\/es\/wp-json\/wp\/v2\/posts\/3998\/revisions\/3999"}],"wp:featuredmedia":[{"embeddable":true,"href":"https:\/\/www.arepoquality.eu\/es\/wp-json\/wp\/v2\/media\/3992"}],"wp:attachment":[{"href":"https:\/\/www.arepoquality.eu\/es\/wp-json\/wp\/v2\/media?parent=3998"}],"wp:term":[{"taxonomy":"category","embeddable":true,"href":"https:\/\/www.arepoquality.eu\/es\/wp-json\/wp\/v2\/categories?post=3998"},{"taxonomy":"post_tag","embeddable":true,"href":"https:\/\/www.arepoquality.eu\/es\/wp-json\/wp\/v2\/tags?post=3998"}],"curies":[{"name":"wp","href":"https:\/\/api.w.org\/{rel}","templated":true}]}}