{"id":6791,"date":"2021-09-16T18:50:12","date_gmt":"2021-09-16T16:50:12","guid":{"rendered":"http:\/\/252373706c.url-de-test.ws\/arepo\/?p=6791"},"modified":"2021-09-16T18:50:14","modified_gmt":"2021-09-16T16:50:14","slug":"el-comite-directivo-de-moving-los-avances-del-primer-ano","status":"publish","type":"post","link":"https:\/\/www.arepoquality.eu\/es\/2021\/09\/16\/el-comite-directivo-de-moving-los-avances-del-primer-ano\/","title":{"rendered":"El Comit\u00e9 Directivo de MOVING: los avances del primer a\u00f1o"},"content":{"rendered":"\n<p>Los d\u00edas 9 y 10 de septiembre de 2021, AREPO particip\u00f3 en la reuni\u00f3n del Comit\u00e9 Directivo de MOVING.<\/p>\n\n\n\n<p>Un a\u00f1o despu\u00e9s de su inicio oficial, los socios se reunieron virtualmente para discutir el estado actual y el progreso del proyecto.<\/p>\n\n\n\n<p>En particular, el primer d\u00eda se ha dedicado al trabajo realizado hasta ahora por los l\u00edderes de los paquetes de trabajo y a los pr\u00f3ximos pasos. La Comisi\u00f3n Europea tambi\u00e9n particip\u00f3 en el debate gracias a las presentaciones de Alexia Rouby (responsable de pol\u00edticas) y Pilar Vizca\u00edno (responsable de proyectos).<\/p>\n\n\n\n<p>El segundo d\u00eda se celebr\u00f3 una reuni\u00f3n interna sobre la coordinaci\u00f3n de los trabajos, en la que se trataron los aspectos financieros, y una sesi\u00f3n espec\u00edfica dedicada a las 23&nbsp;<a href=\"https:\/\/www.moving-h2020.eu\/reference-regions\/\">Plataformas Multiactor&nbsp;regionales<\/a>&nbsp;(MAP).<\/p>\n\n\n\n<p>Para m\u00e1s informaci\u00f3n sobre la situaci\u00f3n del proyecto tras su primer a\u00f1o, lean el&nbsp;<a href=\"https:\/\/www.moving-h2020.eu\/news\/moving-first-year\/\">comunicado de prensa<\/a>&nbsp;completo.<\/p>\n\n\n\n<p><a href=\"https:\/\/www.moving-h2020.eu\/\"><strong>MOVING (MOuntain Valorization through INterconnectedness and Green growth)<\/strong>&nbsp;<\/a>es un proyecto&nbsp;<strong>financiado con 6 millones de euros del programa Horizonte 2020<\/strong>, y coordinado por la Universidad de C\u00f3rdoba (Espa\u00f1a).<\/p>\n\n\n\n<p>Su objetivo es crear las capacidades necesarias a nivel local e institucional&nbsp;<strong>para codise\u00f1ar el marco normativo que permita el desarrollo de cadenas de valor que garanticen la sostenibilidad y la capacidad de recuperaci\u00f3n de las zonas de monta\u00f1a<\/strong>. Se llevar\u00e1 a cabo en un proceso participativo de abajo hacia arriba con los agentes de la cadena de valor, los interesados regionales y europeos y los encargados de la formulaci\u00f3n de pol\u00edticas.<\/p>\n","protected":false},"excerpt":{"rendered":"<p>Los d\u00edas 9 y 10 de septiembre de 2021, AREPO particip\u00f3 en la reuni\u00f3n del Comit\u00e9 Directivo de MOVING. Un a\u00f1o despu\u00e9s de su inicio oficial, los socios se reunieron virtualmente para discutir el estado actual y el progreso del proyecto. En particular, el primer d\u00eda se ha dedicado al trabajo realizado hasta ahora por [&hellip;]<\/p>\n","protected":false},"author":3,"featured_media":6785,"comment_status":"open","ping_status":"open","sticky":false,"template":"","format":"standard","meta":{"_acf_changed":false,"footnotes":""},"categories":[149,234,344],"tags":[],"class_list":["post-6791","post","type-post","status-publish","format-standard","has-post-thumbnail","hentry","category-moving-es","category-arepo-participations-es","category-proyecto-europeo"],"acf":[],"yoast_head":"<!-- This site is optimized with the Yoast SEO plugin v27.4 - https:\/\/yoast.com\/product\/yoast-seo-wordpress\/ -->\n<title>El Comit\u00e9 Directivo de MOVING: los avances del primer a\u00f1o - AREPO<\/title>\n<meta name=\"robots\" content=\"index, follow, max-snippet:-1, max-image-preview:large, max-video-preview:-1\" \/>\n<link rel=\"canonical\" href=\"https:\/\/www.arepoquality.eu\/es\/2021\/09\/16\/el-comite-directivo-de-moving-los-avances-del-primer-ano\/\" \/>\n<meta property=\"og:locale\" content=\"es_ES\" \/>\n<meta property=\"og:type\" content=\"article\" \/>\n<meta property=\"og:title\" content=\"El Comit\u00e9 Directivo de MOVING: los avances del primer a\u00f1o - AREPO\" \/>\n<meta property=\"og:description\" content=\"Los d\u00edas 9 y 10 de septiembre de 2021, AREPO particip\u00f3 en la reuni\u00f3n del Comit\u00e9 Directivo de MOVING. Un a\u00f1o despu\u00e9s de su inicio oficial, los socios se reunieron virtualmente para discutir el estado actual y el progreso del proyecto. En particular, el primer d\u00eda se ha dedicado al trabajo realizado hasta ahora por [&hellip;]\" \/>\n<meta property=\"og:url\" content=\"https:\/\/www.arepoquality.eu\/es\/2021\/09\/16\/el-comite-directivo-de-moving-los-avances-del-primer-ano\/\" \/>\n<meta property=\"og:site_name\" content=\"AREPO\" \/>\n<meta property=\"article:publisher\" content=\"https:\/\/www.facebook.com\/arepoquality\/\" \/>\n<meta property=\"article:published_time\" content=\"2021-09-16T16:50:12+00:00\" \/>\n<meta property=\"article:modified_time\" content=\"2021-09-16T16:50:14+00:00\" \/>\n<meta property=\"og:image\" content=\"https:\/\/www.arepoquality.eu\/wp-content\/uploads\/2021\/09\/MOVINGSC-september2021.png\" \/>\n\t<meta property=\"og:image:width\" content=\"800\" \/>\n\t<meta property=\"og:image:height\" content=\"530\" \/>\n\t<meta property=\"og:image:type\" content=\"image\/png\" \/>\n<meta name=\"author\" content=\"Francesca Alampi\" \/>\n<meta name=\"twitter:card\" content=\"summary_large_image\" \/>\n<meta name=\"twitter:creator\" content=\"@arepoquality_eu\" \/>\n<meta name=\"twitter:site\" content=\"@arepoquality_eu\" \/>\n<meta name=\"twitter:label1\" content=\"Escrito por\" \/>\n\t<meta name=\"twitter:data1\" content=\"Francesca Alampi\" \/>\n\t<meta name=\"twitter:label2\" content=\"Tiempo de lectura\" \/>\n\t<meta name=\"twitter:data2\" content=\"1 minuto\" \/>\n<script type=\"application\/ld+json\" class=\"yoast-schema-graph\">{\"@context\":\"https:\\\/\\\/schema.org\",\"@graph\":[{\"@type\":\"Article\",\"@id\":\"https:\\\/\\\/www.arepoquality.eu\\\/es\\\/2021\\\/09\\\/16\\\/el-comite-directivo-de-moving-los-avances-del-primer-ano\\\/#article\",\"isPartOf\":{\"@id\":\"https:\\\/\\\/www.arepoquality.eu\\\/es\\\/2021\\\/09\\\/16\\\/el-comite-directivo-de-moving-los-avances-del-primer-ano\\\/\"},\"author\":{\"name\":\"Francesca Alampi\",\"@id\":\"https:\\\/\\\/www.arepoquality.eu\\\/#\\\/schema\\\/person\\\/15f7c6b22cbe9706c69d5201712ded97\"},\"headline\":\"El Comit\u00e9 Directivo de MOVING: los avances del primer a\u00f1o\",\"datePublished\":\"2021-09-16T16:50:12+00:00\",\"dateModified\":\"2021-09-16T16:50:14+00:00\",\"mainEntityOfPage\":{\"@id\":\"https:\\\/\\\/www.arepoquality.eu\\\/es\\\/2021\\\/09\\\/16\\\/el-comite-directivo-de-moving-los-avances-del-primer-ano\\\/\"},\"wordCount\":284,\"commentCount\":0,\"publisher\":{\"@id\":\"https:\\\/\\\/www.arepoquality.eu\\\/#organization\"},\"image\":{\"@id\":\"https:\\\/\\\/www.arepoquality.eu\\\/es\\\/2021\\\/09\\\/16\\\/el-comite-directivo-de-moving-los-avances-del-primer-ano\\\/#primaryimage\"},\"thumbnailUrl\":\"https:\\\/\\\/www.arepoquality.eu\\\/wp-content\\\/uploads\\\/2021\\\/09\\\/MOVINGSC-september2021.png\",\"articleSection\":[\"MOVING\",\"Participaci\u00f3n AREPO\",\"Proyecto UE\"],\"inLanguage\":\"es\",\"potentialAction\":[{\"@type\":\"CommentAction\",\"name\":\"Comment\",\"target\":[\"https:\\\/\\\/www.arepoquality.eu\\\/es\\\/2021\\\/09\\\/16\\\/el-comite-directivo-de-moving-los-avances-del-primer-ano\\\/#respond\"]}]},{\"@type\":\"WebPage\",\"@id\":\"https:\\\/\\\/www.arepoquality.eu\\\/es\\\/2021\\\/09\\\/16\\\/el-comite-directivo-de-moving-los-avances-del-primer-ano\\\/\",\"url\":\"https:\\\/\\\/www.arepoquality.eu\\\/es\\\/2021\\\/09\\\/16\\\/el-comite-directivo-de-moving-los-avances-del-primer-ano\\\/\",\"name\":\"El Comit\u00e9 Directivo de MOVING: los avances del primer a\u00f1o - AREPO\",\"isPartOf\":{\"@id\":\"https:\\\/\\\/www.arepoquality.eu\\\/#website\"},\"primaryImageOfPage\":{\"@id\":\"https:\\\/\\\/www.arepoquality.eu\\\/es\\\/2021\\\/09\\\/16\\\/el-comite-directivo-de-moving-los-avances-del-primer-ano\\\/#primaryimage\"},\"image\":{\"@id\":\"https:\\\/\\\/www.arepoquality.eu\\\/es\\\/2021\\\/09\\\/16\\\/el-comite-directivo-de-moving-los-avances-del-primer-ano\\\/#primaryimage\"},\"thumbnailUrl\":\"https:\\\/\\\/www.arepoquality.eu\\\/wp-content\\\/uploads\\\/2021\\\/09\\\/MOVINGSC-september2021.png\",\"datePublished\":\"2021-09-16T16:50:12+00:00\",\"dateModified\":\"2021-09-16T16:50:14+00:00\",\"breadcrumb\":{\"@id\":\"https:\\\/\\\/www.arepoquality.eu\\\/es\\\/2021\\\/09\\\/16\\\/el-comite-directivo-de-moving-los-avances-del-primer-ano\\\/#breadcrumb\"},\"inLanguage\":\"es\",\"potentialAction\":[{\"@type\":\"ReadAction\",\"target\":[\"https:\\\/\\\/www.arepoquality.eu\\\/es\\\/2021\\\/09\\\/16\\\/el-comite-directivo-de-moving-los-avances-del-primer-ano\\\/\"]}]},{\"@type\":\"ImageObject\",\"inLanguage\":\"es\",\"@id\":\"https:\\\/\\\/www.arepoquality.eu\\\/es\\\/2021\\\/09\\\/16\\\/el-comite-directivo-de-moving-los-avances-del-primer-ano\\\/#primaryimage\",\"url\":\"https:\\\/\\\/www.arepoquality.eu\\\/wp-content\\\/uploads\\\/2021\\\/09\\\/MOVINGSC-september2021.png\",\"contentUrl\":\"https:\\\/\\\/www.arepoquality.eu\\\/wp-content\\\/uploads\\\/2021\\\/09\\\/MOVINGSC-september2021.png\",\"width\":800,\"height\":530},{\"@type\":\"BreadcrumbList\",\"@id\":\"https:\\\/\\\/www.arepoquality.eu\\\/es\\\/2021\\\/09\\\/16\\\/el-comite-directivo-de-moving-los-avances-del-primer-ano\\\/#breadcrumb\",\"itemListElement\":[{\"@type\":\"ListItem\",\"position\":1,\"name\":\"Home\",\"item\":\"https:\\\/\\\/www.arepoquality.eu\\\/\"},{\"@type\":\"ListItem\",\"position\":2,\"name\":\"El Comit\u00e9 Directivo de MOVING: los avances del primer a\u00f1o\"}]},{\"@type\":\"WebSite\",\"@id\":\"https:\\\/\\\/www.arepoquality.eu\\\/#website\",\"url\":\"https:\\\/\\\/www.arepoquality.eu\\\/\",\"name\":\"AREPO\",\"description\":\"\",\"publisher\":{\"@id\":\"https:\\\/\\\/www.arepoquality.eu\\\/#organization\"},\"potentialAction\":[{\"@type\":\"SearchAction\",\"target\":{\"@type\":\"EntryPoint\",\"urlTemplate\":\"https:\\\/\\\/www.arepoquality.eu\\\/?s={search_term_string}\"},\"query-input\":{\"@type\":\"PropertyValueSpecification\",\"valueRequired\":true,\"valueName\":\"search_term_string\"}}],\"inLanguage\":\"es\"},{\"@type\":\"Organization\",\"@id\":\"https:\\\/\\\/www.arepoquality.eu\\\/#organization\",\"name\":\"AREPO\",\"url\":\"https:\\\/\\\/www.arepoquality.eu\\\/\",\"logo\":{\"@type\":\"ImageObject\",\"inLanguage\":\"es\",\"@id\":\"https:\\\/\\\/www.arepoquality.eu\\\/#\\\/schema\\\/logo\\\/image\\\/\",\"url\":\"https:\\\/\\\/www.arepoquality.eu\\\/wp-content\\\/uploads\\\/2024\\\/05\\\/arepo.jpg\",\"contentUrl\":\"https:\\\/\\\/www.arepoquality.eu\\\/wp-content\\\/uploads\\\/2024\\\/05\\\/arepo.jpg\",\"width\":1113,\"height\":705,\"caption\":\"AREPO\"},\"image\":{\"@id\":\"https:\\\/\\\/www.arepoquality.eu\\\/#\\\/schema\\\/logo\\\/image\\\/\"},\"sameAs\":[\"https:\\\/\\\/www.facebook.com\\\/arepoquality\\\/\",\"https:\\\/\\\/x.com\\\/arepoquality_eu\",\"https:\\\/\\\/www.linkedin.com\\\/company\\\/arepoquality\\\/?viewAsMember=true\"]},{\"@type\":\"Person\",\"@id\":\"https:\\\/\\\/www.arepoquality.eu\\\/#\\\/schema\\\/person\\\/15f7c6b22cbe9706c69d5201712ded97\",\"name\":\"Francesca Alampi\",\"url\":\"https:\\\/\\\/www.arepoquality.eu\\\/es\\\/author\\\/francesca-alampi\\\/\"}]}<\/script>\n<!-- \/ Yoast SEO plugin. -->","yoast_head_json":{"title":"El Comit\u00e9 Directivo de MOVING: los avances del primer a\u00f1o - AREPO","robots":{"index":"index","follow":"follow","max-snippet":"max-snippet:-1","max-image-preview":"max-image-preview:large","max-video-preview":"max-video-preview:-1"},"canonical":"https:\/\/www.arepoquality.eu\/es\/2021\/09\/16\/el-comite-directivo-de-moving-los-avances-del-primer-ano\/","og_locale":"es_ES","og_type":"article","og_title":"El Comit\u00e9 Directivo de MOVING: los avances del primer a\u00f1o - AREPO","og_description":"Los d\u00edas 9 y 10 de septiembre de 2021, AREPO particip\u00f3 en la reuni\u00f3n del Comit\u00e9 Directivo de MOVING. Un a\u00f1o despu\u00e9s de su inicio oficial, los socios se reunieron virtualmente para discutir el estado actual y el progreso del proyecto. En particular, el primer d\u00eda se ha dedicado al trabajo realizado hasta ahora por [&hellip;]","og_url":"https:\/\/www.arepoquality.eu\/es\/2021\/09\/16\/el-comite-directivo-de-moving-los-avances-del-primer-ano\/","og_site_name":"AREPO","article_publisher":"https:\/\/www.facebook.com\/arepoquality\/","article_published_time":"2021-09-16T16:50:12+00:00","article_modified_time":"2021-09-16T16:50:14+00:00","og_image":[{"width":800,"height":530,"url":"https:\/\/www.arepoquality.eu\/wp-content\/uploads\/2021\/09\/MOVINGSC-september2021.png","type":"image\/png"}],"author":"Francesca Alampi","twitter_card":"summary_large_image","twitter_creator":"@arepoquality_eu","twitter_site":"@arepoquality_eu","twitter_misc":{"Escrito por":"Francesca Alampi","Tiempo de lectura":"1 minuto"},"schema":{"@context":"https:\/\/schema.org","@graph":[{"@type":"Article","@id":"https:\/\/www.arepoquality.eu\/es\/2021\/09\/16\/el-comite-directivo-de-moving-los-avances-del-primer-ano\/#article","isPartOf":{"@id":"https:\/\/www.arepoquality.eu\/es\/2021\/09\/16\/el-comite-directivo-de-moving-los-avances-del-primer-ano\/"},"author":{"name":"Francesca Alampi","@id":"https:\/\/www.arepoquality.eu\/#\/schema\/person\/15f7c6b22cbe9706c69d5201712ded97"},"headline":"El Comit\u00e9 Directivo de MOVING: los avances del primer a\u00f1o","datePublished":"2021-09-16T16:50:12+00:00","dateModified":"2021-09-16T16:50:14+00:00","mainEntityOfPage":{"@id":"https:\/\/www.arepoquality.eu\/es\/2021\/09\/16\/el-comite-directivo-de-moving-los-avances-del-primer-ano\/"},"wordCount":284,"commentCount":0,"publisher":{"@id":"https:\/\/www.arepoquality.eu\/#organization"},"image":{"@id":"https:\/\/www.arepoquality.eu\/es\/2021\/09\/16\/el-comite-directivo-de-moving-los-avances-del-primer-ano\/#primaryimage"},"thumbnailUrl":"https:\/\/www.arepoquality.eu\/wp-content\/uploads\/2021\/09\/MOVINGSC-september2021.png","articleSection":["MOVING","Participaci\u00f3n AREPO","Proyecto UE"],"inLanguage":"es","potentialAction":[{"@type":"CommentAction","name":"Comment","target":["https:\/\/www.arepoquality.eu\/es\/2021\/09\/16\/el-comite-directivo-de-moving-los-avances-del-primer-ano\/#respond"]}]},{"@type":"WebPage","@id":"https:\/\/www.arepoquality.eu\/es\/2021\/09\/16\/el-comite-directivo-de-moving-los-avances-del-primer-ano\/","url":"https:\/\/www.arepoquality.eu\/es\/2021\/09\/16\/el-comite-directivo-de-moving-los-avances-del-primer-ano\/","name":"El Comit\u00e9 Directivo de MOVING: los avances del primer a\u00f1o - AREPO","isPartOf":{"@id":"https:\/\/www.arepoquality.eu\/#website"},"primaryImageOfPage":{"@id":"https:\/\/www.arepoquality.eu\/es\/2021\/09\/16\/el-comite-directivo-de-moving-los-avances-del-primer-ano\/#primaryimage"},"image":{"@id":"https:\/\/www.arepoquality.eu\/es\/2021\/09\/16\/el-comite-directivo-de-moving-los-avances-del-primer-ano\/#primaryimage"},"thumbnailUrl":"https:\/\/www.arepoquality.eu\/wp-content\/uploads\/2021\/09\/MOVINGSC-september2021.png","datePublished":"2021-09-16T16:50:12+00:00","dateModified":"2021-09-16T16:50:14+00:00","breadcrumb":{"@id":"https:\/\/www.arepoquality.eu\/es\/2021\/09\/16\/el-comite-directivo-de-moving-los-avances-del-primer-ano\/#breadcrumb"},"inLanguage":"es","potentialAction":[{"@type":"ReadAction","target":["https:\/\/www.arepoquality.eu\/es\/2021\/09\/16\/el-comite-directivo-de-moving-los-avances-del-primer-ano\/"]}]},{"@type":"ImageObject","inLanguage":"es","@id":"https:\/\/www.arepoquality.eu\/es\/2021\/09\/16\/el-comite-directivo-de-moving-los-avances-del-primer-ano\/#primaryimage","url":"https:\/\/www.arepoquality.eu\/wp-content\/uploads\/2021\/09\/MOVINGSC-september2021.png","contentUrl":"https:\/\/www.arepoquality.eu\/wp-content\/uploads\/2021\/09\/MOVINGSC-september2021.png","width":800,"height":530},{"@type":"BreadcrumbList","@id":"https:\/\/www.arepoquality.eu\/es\/2021\/09\/16\/el-comite-directivo-de-moving-los-avances-del-primer-ano\/#breadcrumb","itemListElement":[{"@type":"ListItem","position":1,"name":"Home","item":"https:\/\/www.arepoquality.eu\/"},{"@type":"ListItem","position":2,"name":"El Comit\u00e9 Directivo de MOVING: los avances del primer a\u00f1o"}]},{"@type":"WebSite","@id":"https:\/\/www.arepoquality.eu\/#website","url":"https:\/\/www.arepoquality.eu\/","name":"AREPO","description":"","publisher":{"@id":"https:\/\/www.arepoquality.eu\/#organization"},"potentialAction":[{"@type":"SearchAction","target":{"@type":"EntryPoint","urlTemplate":"https:\/\/www.arepoquality.eu\/?s={search_term_string}"},"query-input":{"@type":"PropertyValueSpecification","valueRequired":true,"valueName":"search_term_string"}}],"inLanguage":"es"},{"@type":"Organization","@id":"https:\/\/www.arepoquality.eu\/#organization","name":"AREPO","url":"https:\/\/www.arepoquality.eu\/","logo":{"@type":"ImageObject","inLanguage":"es","@id":"https:\/\/www.arepoquality.eu\/#\/schema\/logo\/image\/","url":"https:\/\/www.arepoquality.eu\/wp-content\/uploads\/2024\/05\/arepo.jpg","contentUrl":"https:\/\/www.arepoquality.eu\/wp-content\/uploads\/2024\/05\/arepo.jpg","width":1113,"height":705,"caption":"AREPO"},"image":{"@id":"https:\/\/www.arepoquality.eu\/#\/schema\/logo\/image\/"},"sameAs":["https:\/\/www.facebook.com\/arepoquality\/","https:\/\/x.com\/arepoquality_eu","https:\/\/www.linkedin.com\/company\/arepoquality\/?viewAsMember=true"]},{"@type":"Person","@id":"https:\/\/www.arepoquality.eu\/#\/schema\/person\/15f7c6b22cbe9706c69d5201712ded97","name":"Francesca Alampi","url":"https:\/\/www.arepoquality.eu\/es\/author\/francesca-alampi\/"}]}},"_links":{"self":[{"href":"https:\/\/www.arepoquality.eu\/es\/wp-json\/wp\/v2\/posts\/6791","targetHints":{"allow":["GET"]}}],"collection":[{"href":"https:\/\/www.arepoquality.eu\/es\/wp-json\/wp\/v2\/posts"}],"about":[{"href":"https:\/\/www.arepoquality.eu\/es\/wp-json\/wp\/v2\/types\/post"}],"author":[{"embeddable":true,"href":"https:\/\/www.arepoquality.eu\/es\/wp-json\/wp\/v2\/users\/3"}],"replies":[{"embeddable":true,"href":"https:\/\/www.arepoquality.eu\/es\/wp-json\/wp\/v2\/comments?post=6791"}],"version-history":[{"count":1,"href":"https:\/\/www.arepoquality.eu\/es\/wp-json\/wp\/v2\/posts\/6791\/revisions"}],"predecessor-version":[{"id":6792,"href":"https:\/\/www.arepoquality.eu\/es\/wp-json\/wp\/v2\/posts\/6791\/revisions\/6792"}],"wp:featuredmedia":[{"embeddable":true,"href":"https:\/\/www.arepoquality.eu\/es\/wp-json\/wp\/v2\/media\/6785"}],"wp:attachment":[{"href":"https:\/\/www.arepoquality.eu\/es\/wp-json\/wp\/v2\/media?parent=6791"}],"wp:term":[{"taxonomy":"category","embeddable":true,"href":"https:\/\/www.arepoquality.eu\/es\/wp-json\/wp\/v2\/categories?post=6791"},{"taxonomy":"post_tag","embeddable":true,"href":"https:\/\/www.arepoquality.eu\/es\/wp-json\/wp\/v2\/tags?post=6791"}],"curies":[{"name":"wp","href":"https:\/\/api.w.org\/{rel}","templated":true}]}}