{"id":998,"date":"2019-10-22T16:14:49","date_gmt":"2019-10-22T14:14:49","guid":{"rendered":"http:\/\/252373706c.url-de-test.ws\/arepo\/2019\/10\/22\/las-regiones-agricolas-de-la-ue-reiteran-su-llamamiento-a-los-responsables-politicos-de-la-ue-para-que-sigan-reforzando-la-ocm-de-frutas-y-hortalizas-y-los-regimenes-de-calidad-de-la-ue-y-para-que-sal\/"},"modified":"2021-07-14T18:55:26","modified_gmt":"2021-07-14T16:55:26","slug":"las-regiones-agricolas-de-la-ue-reiteran-su-llamamiento-a-los-responsables-politicos-de-la-ue-para-que-sigan-reforzando-la-ocm-de-frutas-y-hortalizas-y-los-regimenes-de-calidad-de-la-ue-y-para-que-sal","status":"publish","type":"post","link":"https:\/\/www.arepoquality.eu\/es\/2019\/10\/22\/las-regiones-agricolas-de-la-ue-reiteran-su-llamamiento-a-los-responsables-politicos-de-la-ue-para-que-sigan-reforzando-la-ocm-de-frutas-y-hortalizas-y-los-regimenes-de-calidad-de-la-ue-y-para-que-sal\/","title":{"rendered":"Las Regiones agr\u00edcolas de la UE reiteran su llamamiento a los responsables pol\u00edticos de la UE para que sigan reforzando la OCM de frutas y hortalizas y los reg\u00edmenes de calidad de la UE y para que salvaguarden su papel en la aplicaci\u00f3n de la futura PAC"},"content":{"rendered":"<p>El 17 de octubre de 2019, las redes europeas AREFLH, AREPO y AGREGIONS organizaron conjuntamente una conferencia titulada \u00abGobernanza, Organizaci\u00f3n Com\u00fan de Mercados e Indicaciones Geogr\u00e1ficas en la futura PAC despu\u00e9s de 2020\u00bb. Este evento multilateral, que reuni\u00f3 a m\u00e1s de 100 participantes, desde responsables pol\u00edticos europeos y regionales hasta representantes de organizaciones profesionales y de la sociedad civil, fue la ocasi\u00f3n de debatir la situaci\u00f3n actual de la reforma de la PAC y de profundizar en los cambios propuestos en la OCM de frutas y hortalizas y en los sistemas de calidad de la UE, as\u00ed como en el papel de las Regiones europeas como autoridades de gesti\u00f3n de la futura PAC.<\/p>\n<p>En sus discursos de apertura, los Presidentes de AREFLH, AREPO y AGRIREGIONS tomaron la palabra para dar la bienvenida a los participantes y presentar sus redes y sus respectivas posiciones sobre la reforma en curso de la PAC.<\/p>\n<p>La primera mesa redonda de la conferencia se centr\u00f3 en el papel de las Regiones europeas en la futura PAC. El moderador <strong>Olivier Allain<\/strong>, Vicepresidente de la Regi\u00f3n de Breta\u00f1a responsable de la agricultura y coordinador de AGRIREGIONS, inaugur\u00f3 la conferencia recordando que las Regiones han desempe\u00f1ado un <em>\u00abpapel clave en la promoci\u00f3n y puesta en pr\u00e1ctica de la transici\u00f3n agroecol\u00f3gica, la competitividad y el atractivo de las explotaciones agr\u00edcolas y de las zonas rurales\u00bb.<\/em> Subrayando la importancia de mantener las autoridades regionales de gesti\u00f3n en la futura PAC, <strong>Friedlinde Gurr-Hirsch<\/strong>, Secretaria de Estado del Ministerio de Asuntos Rurales y Protecci\u00f3n del Consumidor de Baden-W\u00fcrttemberg, y <strong>Arnold Schuler<\/strong>, Consejero Provincial de Agricultura de la Provincia Aut\u00f3noma de Bolzano-Alto Adigio, abogaron por un segundo pilar fuerte y flexible a nivel regional para responder a las expectativas tanto de los agricultores como de los consumidores a nivel local. Para el eurodiputado <strong>Herbert Dorfmann<\/strong>, <em>\u00abes imposible que la agricultura europea afronte muchos retos sin reforzar el papel de las autoridades regionales en la gesti\u00f3n del segundo pilar y sin que el reglamento de la PAC evolucione en esta direcci\u00f3n\u00bb<\/em>. Cuando se le pregunt\u00f3 sobre la ambici\u00f3n medioambiental de la PAC, <strong>Kari Valonen<\/strong>, portavoz de CEA en la Representaci\u00f3n Permanente de Finlandia, insisti\u00f3 en que el \u201cNew Deal\u201d verde europeo no podr\u00eda lograrse sin la PAC y un segundo pilar fuerte con medidas ad hoc para abordar los retos medioambientales y clim\u00e1ticos locales.<\/p>\n<p>La segunda sesi\u00f3n fue la oportunidad de debatir los desaf\u00edos actuales a los que se enfrenta el sector de las frutas y hortalizas. La moderadora <strong>Simona Caselli<\/strong>, Consejera de Agricultura de la Regi\u00f3n Emilia-Roma\u00f1a y Presidenta de la AREFLH, pidi\u00f3 a los ponentes presentes que compartiesen sus puntos de vista sobre la manera de reforzar a\u00fan m\u00e1s las Organizaciones de Productores y el plan de consumo de fruta y hortalizas. La eurodiputada <strong>Clara Aguilera<\/strong> record\u00f3 que la OCM de frutas y hortalizas ha demostrado ser una herramienta eficaz y econ\u00f3mica que debe consolidarse mediante una mejor concentraci\u00f3n de la oferta, un paso crucial si queremos reforzar la posici\u00f3n de los agricultores en la cadena alimentaria. Cuando se les pregunt\u00f3 c\u00f3mo pueden las organizaciones de productores aprovechar al m\u00e1ximo las herramientas de gesti\u00f3n de riesgos y de prevenci\u00f3n actualmente disponibles en el marco de la OCM de frutas y hortalizas, <strong>Jean-Louis Moulon<\/strong>, Presidente del Consejo de Productores de la AREFLH, y <strong>Luc Vanoirbeek<\/strong>, Presidente del grupo de trabajo sobre frutas y hortalizas del Copa Cogeca, se centraron en las amenazas planteadas por el cambio clim\u00e1tico y las situaciones de emergencia fitosanitaria, y subrayaron que la OCM era, en efecto, una herramienta muy importante, pero que no pod\u00eda considerarse como la soluci\u00f3n para todos los problemas: el sector de las frutas y hortalizas sigue necesitando un apoyo m\u00e1s amplio de otros mecanismos de la PAC.<\/p>\n<p>Por \u00faltimo, la Presidente tambi\u00e9n ha preguntado a los ponentes sobre la necesidad crucial de abordar las pol\u00edticas de comercio y de investigaci\u00f3n y desarrollo en el sector de las frutas y hortalizas: <strong>Maria Teresa Ch\u00e1fer N\u00e1cher<\/strong>, Directora General de Agricultura de la Comunitat Valenciana, ha subrayado la necesidad de revisar la actual pol\u00edtica comercial europea para garantizar que los agricultores de la UE puedan competir en igualdad de condiciones con los productores de terceros pa\u00edses y ha expresado su apoyo a que se destinen m\u00e1s fondos a la investigaci\u00f3n y la innovaci\u00f3n en el sector de las frutas y hortalizas. En sus observaciones finales, Simona Caselli declar\u00f3 que \u201c<em>la OCM de frutas y hortalizas ha demostrado repetidamente ser un instrumento de gran \u00e9xito que debe preservarse y reforzarse en la futura PAC. Sin embargo, existe una necesidad urgente de reforzar los instrumentos de prevenci\u00f3n y gesti\u00f3n de crisis para abordar mejor los desaf\u00edos que plantean el cambio clim\u00e1tico y las emergencias fitosanitarias\u201d.<\/em><\/p>\n<p>La tercera y \u00faltima mesa redonda se centr\u00f3 en la funci\u00f3n de las Indicaciones Geogr\u00e1ficas (IG) en el futuro marco del PAC. <strong>Claude Vermot-Desroches<\/strong>, Presidente de OriGIn, moder\u00f3 la mesa redonda. Destac\u00f3 las peticiones conjuntas de AREPO y OriGIn sobre la nueva PAC, as\u00ed como los principales logros en cuanto a garantizar el apoyo adecuado a las IG en el desarrollo rural y a reforzar su protecci\u00f3n en el reglamento sobre los reg\u00edmenes de calidad. <strong>J\u00e9r\u00e9my Decerle<\/strong>, ponente en la sombra del Parlamento Europeo sobre el reglamento modificativo, record\u00f3 que el reci\u00e9n elegido Parlamento Europeo tiene la intenci\u00f3n de reforzar el trabajo iniciado por la legislatura anterior sobre las Indicaciones Geogr\u00e1ficas, <em>\u00abla UE deber\u00eda volver a situar su agricultura en un lugar central y las Indicaciones Geogr\u00e1ficas pueden contribuir a este proceso\u00bb<\/em>.<\/p>\n<p>Los oradores, impulsados por el moderador, destacaron la importancia de las Indicaciones Geogr\u00e1ficas para sus Regiones y productores en t\u00e9rminos de desarrollo econ\u00f3mico y rural y de competitividad. En particular, <strong>Bego\u00f1a Garc\u00eda Bernal<\/strong>, Consejera de Agricultura y Desarrollo Rural de la Junta de Extremadura, se\u00f1al\u00f3 que se debe simplificar el acceso a los sistemas de calidad para los peque\u00f1os productores, sin comprometer las caracter\u00edsticas espec\u00edficas que definen su singularidad, a saber, el factor humano y la vinculaci\u00f3n con el territorio. <strong>Jean-Pierre Raynaud<\/strong>, Vicepresidente de la Regi\u00f3n Nouvelle-Aquitaine responsable de Agricultura, y <strong>Marco Remaschi<\/strong>, Consejero de Agricultura de la Regi\u00f3n Toscana, subrayaron tambi\u00e9n el papel esencial del factor humano y del v\u00ednculo con el territorio para hacer vivir zonas que de otro modo ser\u00edan marginales y preservar las tradiciones culturales en lugares que en caso contrario habr\u00edan visto la despoblaci\u00f3n,&nbsp; la desaparici\u00f3n de las tierras agr\u00edcolas, de los paisajes rurales y de las producciones agr\u00edcolas.<\/p>\n<p>Haga clic aqu\u00ed para descargar el comunicado de prensa:&nbsp;<a href=\"http:\/\/arepoquality.eu\/sites\/arepoquality.eu\/files\/press\/PR%20CAP%20Conference.pdf\">EN<\/a>,&nbsp;<a href=\"http:\/\/arepoquality.eu\/sites\/arepoquality.eu\/files\/press\/ES_CPress.pdf\">ES<\/a>,&nbsp;<a href=\"http:\/\/arepoquality.eu\/sites\/arepoquality.eu\/files\/press\/FR_CPress.docx.pdf\">FR<\/a>, <a href=\"http:\/\/arepoquality.eu\/sites\/arepoquality.eu\/files\/press\/IT_CPress.pdf\">IT&nbsp;<\/a>&nbsp;<\/p>\n<p>&nbsp;<\/p>\n<p><strong><u>Sobre nosotros<\/u><\/strong><\/p>\n<p><strong>La Asamblea de Regiones Hort\u00edcolas Europeas (AREFLH) <\/strong>es una asociaci\u00f3n europea que representa a 20 regiones de la UE y 25 asociaciones de organizaciones de productores de 7 pa\u00edses europeos. Sus principales misiones son: defender los intereses econ\u00f3micos y sociales de los sectores hortofrut\u00edcola y hort\u00edcola en Europa; fomentar el intercambio de buenas pr\u00e1cticas, asociaciones y proyectos conjuntos entre regiones y organizaciones profesionales; buscar activamente nuevas soluciones para los principales problemas que afectan al futuro de la producci\u00f3n hortofrut\u00edcola en Europa.<\/p>\n<p><strong>La Asociaci\u00f3n de Regiones Europeas de Productos de Origen (AREPO) <\/strong>re\u00fane a 34 regiones de 9 Estados miembros de la UE y a m\u00e1s de 700 asociaciones de productores de indicaciones geogr\u00e1ficas de estas regiones, lo que equivale a m\u00e1s del 50% de las IG europeas. AREPO tiene como objetivo promover y defender los intereses de los productores y consumidores de las regiones europeas comprometidos con la promoci\u00f3n de productos agroalimentarios de calidad.<\/p>\n<p><strong>La Coalici\u00f3n de Regiones Agrarias Europeas <\/strong>es la voz de las regiones europeas movilizadas para defender una Pol\u00edtica Agr\u00edcola Com\u00fan fuerte y el papel de las Regiones europeas en su gesti\u00f3n y aplicaci\u00f3n. La Coalici\u00f3n re\u00fane a 14 regiones agr\u00edcolas europeas de 6 Estados miembros diferentes, que representan m\u00e1s del 15% de la poblaci\u00f3n de la UE y el 18% de la superficie agr\u00edcola \u00fatil europea.<strong> &nbsp;&nbsp;&nbsp;&nbsp;&nbsp;&nbsp;&nbsp;&nbsp;&nbsp;&nbsp;&nbsp;&nbsp;&nbsp; <\/strong><\/p>\n<p>&nbsp;<\/p>\n","protected":false},"excerpt":{"rendered":"<p>El 17 de octubre de 2019, las redes europeas AREFLH, AREPO y AGREGIONS organizaron conjuntamente una conferencia titulada \u00abGobernanza, Organizaci\u00f3n Com\u00fan de Mercados e Indicaciones Geogr\u00e1ficas en la futura PAC despu\u00e9s de 2020\u00bb. Este evento multilateral, que reuni\u00f3 a m\u00e1s de 100 participantes, desde responsables pol\u00edticos europeos y regionales hasta representantes de organizaciones profesionales y [&hellip;]<\/p>\n","protected":false},"author":2,"featured_media":3011,"comment_status":"closed","ping_status":"closed","sticky":false,"template":"","format":"standard","meta":{"_acf_changed":false,"footnotes":""},"categories":[162,45,41],"tags":[],"class_list":["post-998","post","type-post","status-publish","format-standard","has-post-thumbnail","hentry","category-eventos-arepo","category-pac-es","category-pol"],"acf":[],"yoast_head":"<!-- This site is optimized with the Yoast SEO plugin v27.4 - https:\/\/yoast.com\/product\/yoast-seo-wordpress\/ -->\n<title>Las Regiones agr\u00edcolas de la UE reiteran su llamamiento a los responsables pol\u00edticos de la UE para que sigan reforzando la OCM de frutas y hortalizas y los reg\u00edmenes de calidad de la UE y para que salvaguarden su papel en la aplicaci\u00f3n de la futura PAC - AREPO<\/title>\n<meta name=\"robots\" content=\"index, follow, max-snippet:-1, max-image-preview:large, max-video-preview:-1\" \/>\n<link rel=\"canonical\" href=\"https:\/\/www.arepoquality.eu\/es\/2019\/10\/22\/las-regiones-agricolas-de-la-ue-reiteran-su-llamamiento-a-los-responsables-politicos-de-la-ue-para-que-sigan-reforzando-la-ocm-de-frutas-y-hortalizas-y-los-regimenes-de-calidad-de-la-ue-y-para-que-sal\/\" \/>\n<meta property=\"og:locale\" content=\"es_ES\" \/>\n<meta property=\"og:type\" content=\"article\" \/>\n<meta property=\"og:title\" content=\"Las Regiones agr\u00edcolas de la UE reiteran su llamamiento a los responsables pol\u00edticos de la UE para que sigan reforzando la OCM de frutas y hortalizas y los reg\u00edmenes de calidad de la UE y para que salvaguarden su papel en la aplicaci\u00f3n de la futura PAC - AREPO\" \/>\n<meta property=\"og:description\" content=\"El 17 de octubre de 2019, las redes europeas AREFLH, AREPO y AGREGIONS organizaron conjuntamente una conferencia titulada \u00abGobernanza, Organizaci\u00f3n Com\u00fan de Mercados e Indicaciones Geogr\u00e1ficas en la futura PAC despu\u00e9s de 2020\u00bb. Este evento multilateral, que reuni\u00f3 a m\u00e1s de 100 participantes, desde responsables pol\u00edticos europeos y regionales hasta representantes de organizaciones profesionales y [&hellip;]\" \/>\n<meta property=\"og:url\" content=\"https:\/\/www.arepoquality.eu\/es\/2019\/10\/22\/las-regiones-agricolas-de-la-ue-reiteran-su-llamamiento-a-los-responsables-politicos-de-la-ue-para-que-sigan-reforzando-la-ocm-de-frutas-y-hortalizas-y-los-regimenes-de-calidad-de-la-ue-y-para-que-sal\/\" \/>\n<meta property=\"og:site_name\" content=\"AREPO\" \/>\n<meta property=\"article:publisher\" content=\"https:\/\/www.facebook.com\/arepoquality\/\" \/>\n<meta property=\"article:published_time\" content=\"2019-10-22T14:14:49+00:00\" \/>\n<meta property=\"article:modified_time\" content=\"2021-07-14T16:55:26+00:00\" \/>\n<meta property=\"og:image\" content=\"https:\/\/www.arepoquality.eu\/wp-content\/uploads\/2019\/10\/72704389_2685242554839946_1286528213379448832_o-1.jpg\" \/>\n\t<meta property=\"og:image:width\" content=\"2016\" \/>\n\t<meta property=\"og:image:height\" content=\"1512\" \/>\n\t<meta property=\"og:image:type\" content=\"image\/jpeg\" \/>\n<meta name=\"author\" content=\"Giulia Scaglioni\" \/>\n<meta name=\"twitter:card\" content=\"summary_large_image\" \/>\n<meta name=\"twitter:creator\" content=\"@arepoquality_eu\" \/>\n<meta name=\"twitter:site\" content=\"@arepoquality_eu\" \/>\n<meta name=\"twitter:label1\" content=\"Escrito por\" \/>\n\t<meta name=\"twitter:data1\" content=\"Giulia Scaglioni\" \/>\n\t<meta name=\"twitter:label2\" content=\"Tiempo de lectura\" \/>\n\t<meta name=\"twitter:data2\" content=\"7 minutos\" \/>\n<script type=\"application\/ld+json\" class=\"yoast-schema-graph\">{\"@context\":\"https:\\\/\\\/schema.org\",\"@graph\":[{\"@type\":\"Article\",\"@id\":\"https:\\\/\\\/www.arepoquality.eu\\\/es\\\/2019\\\/10\\\/22\\\/las-regiones-agricolas-de-la-ue-reiteran-su-llamamiento-a-los-responsables-politicos-de-la-ue-para-que-sigan-reforzando-la-ocm-de-frutas-y-hortalizas-y-los-regimenes-de-calidad-de-la-ue-y-para-que-sal\\\/#article\",\"isPartOf\":{\"@id\":\"https:\\\/\\\/www.arepoquality.eu\\\/es\\\/2019\\\/10\\\/22\\\/las-regiones-agricolas-de-la-ue-reiteran-su-llamamiento-a-los-responsables-politicos-de-la-ue-para-que-sigan-reforzando-la-ocm-de-frutas-y-hortalizas-y-los-regimenes-de-calidad-de-la-ue-y-para-que-sal\\\/\"},\"author\":{\"name\":\"Giulia Scaglioni\",\"@id\":\"https:\\\/\\\/www.arepoquality.eu\\\/#\\\/schema\\\/person\\\/45550165fffb5c0705e14a58767af5a2\"},\"headline\":\"Las Regiones agr\u00edcolas de la UE reiteran su llamamiento a los responsables pol\u00edticos de la UE para que sigan reforzando la OCM de frutas y hortalizas y los reg\u00edmenes de calidad de la UE y para que salvaguarden su papel en la aplicaci\u00f3n de la futura PAC\",\"datePublished\":\"2019-10-22T14:14:49+00:00\",\"dateModified\":\"2021-07-14T16:55:26+00:00\",\"mainEntityOfPage\":{\"@id\":\"https:\\\/\\\/www.arepoquality.eu\\\/es\\\/2019\\\/10\\\/22\\\/las-regiones-agricolas-de-la-ue-reiteran-su-llamamiento-a-los-responsables-politicos-de-la-ue-para-que-sigan-reforzando-la-ocm-de-frutas-y-hortalizas-y-los-regimenes-de-calidad-de-la-ue-y-para-que-sal\\\/\"},\"wordCount\":1480,\"publisher\":{\"@id\":\"https:\\\/\\\/www.arepoquality.eu\\\/#organization\"},\"image\":{\"@id\":\"https:\\\/\\\/www.arepoquality.eu\\\/es\\\/2019\\\/10\\\/22\\\/las-regiones-agricolas-de-la-ue-reiteran-su-llamamiento-a-los-responsables-politicos-de-la-ue-para-que-sigan-reforzando-la-ocm-de-frutas-y-hortalizas-y-los-regimenes-de-calidad-de-la-ue-y-para-que-sal\\\/#primaryimage\"},\"thumbnailUrl\":\"https:\\\/\\\/www.arepoquality.eu\\\/wp-content\\\/uploads\\\/2019\\\/10\\\/72704389_2685242554839946_1286528213379448832_o-1.jpg\",\"articleSection\":[\"Evento AREPO\",\"PAC\",\"Pol\u00edtica de calidad\"],\"inLanguage\":\"es\"},{\"@type\":\"WebPage\",\"@id\":\"https:\\\/\\\/www.arepoquality.eu\\\/es\\\/2019\\\/10\\\/22\\\/las-regiones-agricolas-de-la-ue-reiteran-su-llamamiento-a-los-responsables-politicos-de-la-ue-para-que-sigan-reforzando-la-ocm-de-frutas-y-hortalizas-y-los-regimenes-de-calidad-de-la-ue-y-para-que-sal\\\/\",\"url\":\"https:\\\/\\\/www.arepoquality.eu\\\/es\\\/2019\\\/10\\\/22\\\/las-regiones-agricolas-de-la-ue-reiteran-su-llamamiento-a-los-responsables-politicos-de-la-ue-para-que-sigan-reforzando-la-ocm-de-frutas-y-hortalizas-y-los-regimenes-de-calidad-de-la-ue-y-para-que-sal\\\/\",\"name\":\"Las Regiones agr\u00edcolas de la UE reiteran su llamamiento a los responsables pol\u00edticos de la UE para que sigan reforzando la OCM de frutas y hortalizas y los reg\u00edmenes de calidad de la UE y para que salvaguarden su papel en la aplicaci\u00f3n de la futura PAC - AREPO\",\"isPartOf\":{\"@id\":\"https:\\\/\\\/www.arepoquality.eu\\\/#website\"},\"primaryImageOfPage\":{\"@id\":\"https:\\\/\\\/www.arepoquality.eu\\\/es\\\/2019\\\/10\\\/22\\\/las-regiones-agricolas-de-la-ue-reiteran-su-llamamiento-a-los-responsables-politicos-de-la-ue-para-que-sigan-reforzando-la-ocm-de-frutas-y-hortalizas-y-los-regimenes-de-calidad-de-la-ue-y-para-que-sal\\\/#primaryimage\"},\"image\":{\"@id\":\"https:\\\/\\\/www.arepoquality.eu\\\/es\\\/2019\\\/10\\\/22\\\/las-regiones-agricolas-de-la-ue-reiteran-su-llamamiento-a-los-responsables-politicos-de-la-ue-para-que-sigan-reforzando-la-ocm-de-frutas-y-hortalizas-y-los-regimenes-de-calidad-de-la-ue-y-para-que-sal\\\/#primaryimage\"},\"thumbnailUrl\":\"https:\\\/\\\/www.arepoquality.eu\\\/wp-content\\\/uploads\\\/2019\\\/10\\\/72704389_2685242554839946_1286528213379448832_o-1.jpg\",\"datePublished\":\"2019-10-22T14:14:49+00:00\",\"dateModified\":\"2021-07-14T16:55:26+00:00\",\"breadcrumb\":{\"@id\":\"https:\\\/\\\/www.arepoquality.eu\\\/es\\\/2019\\\/10\\\/22\\\/las-regiones-agricolas-de-la-ue-reiteran-su-llamamiento-a-los-responsables-politicos-de-la-ue-para-que-sigan-reforzando-la-ocm-de-frutas-y-hortalizas-y-los-regimenes-de-calidad-de-la-ue-y-para-que-sal\\\/#breadcrumb\"},\"inLanguage\":\"es\",\"potentialAction\":[{\"@type\":\"ReadAction\",\"target\":[\"https:\\\/\\\/www.arepoquality.eu\\\/es\\\/2019\\\/10\\\/22\\\/las-regiones-agricolas-de-la-ue-reiteran-su-llamamiento-a-los-responsables-politicos-de-la-ue-para-que-sigan-reforzando-la-ocm-de-frutas-y-hortalizas-y-los-regimenes-de-calidad-de-la-ue-y-para-que-sal\\\/\"]}]},{\"@type\":\"ImageObject\",\"inLanguage\":\"es\",\"@id\":\"https:\\\/\\\/www.arepoquality.eu\\\/es\\\/2019\\\/10\\\/22\\\/las-regiones-agricolas-de-la-ue-reiteran-su-llamamiento-a-los-responsables-politicos-de-la-ue-para-que-sigan-reforzando-la-ocm-de-frutas-y-hortalizas-y-los-regimenes-de-calidad-de-la-ue-y-para-que-sal\\\/#primaryimage\",\"url\":\"https:\\\/\\\/www.arepoquality.eu\\\/wp-content\\\/uploads\\\/2019\\\/10\\\/72704389_2685242554839946_1286528213379448832_o-1.jpg\",\"contentUrl\":\"https:\\\/\\\/www.arepoquality.eu\\\/wp-content\\\/uploads\\\/2019\\\/10\\\/72704389_2685242554839946_1286528213379448832_o-1.jpg\",\"width\":2016,\"height\":1512},{\"@type\":\"BreadcrumbList\",\"@id\":\"https:\\\/\\\/www.arepoquality.eu\\\/es\\\/2019\\\/10\\\/22\\\/las-regiones-agricolas-de-la-ue-reiteran-su-llamamiento-a-los-responsables-politicos-de-la-ue-para-que-sigan-reforzando-la-ocm-de-frutas-y-hortalizas-y-los-regimenes-de-calidad-de-la-ue-y-para-que-sal\\\/#breadcrumb\",\"itemListElement\":[{\"@type\":\"ListItem\",\"position\":1,\"name\":\"Home\",\"item\":\"https:\\\/\\\/www.arepoquality.eu\\\/\"},{\"@type\":\"ListItem\",\"position\":2,\"name\":\"Las Regiones agr\u00edcolas de la UE reiteran su llamamiento a los responsables pol\u00edticos de la UE para que sigan reforzando la OCM de frutas y hortalizas y los reg\u00edmenes de calidad de la UE y para que salvaguarden su papel en la aplicaci\u00f3n de la futura PAC\"}]},{\"@type\":\"WebSite\",\"@id\":\"https:\\\/\\\/www.arepoquality.eu\\\/#website\",\"url\":\"https:\\\/\\\/www.arepoquality.eu\\\/\",\"name\":\"AREPO\",\"description\":\"\",\"publisher\":{\"@id\":\"https:\\\/\\\/www.arepoquality.eu\\\/#organization\"},\"potentialAction\":[{\"@type\":\"SearchAction\",\"target\":{\"@type\":\"EntryPoint\",\"urlTemplate\":\"https:\\\/\\\/www.arepoquality.eu\\\/?s={search_term_string}\"},\"query-input\":{\"@type\":\"PropertyValueSpecification\",\"valueRequired\":true,\"valueName\":\"search_term_string\"}}],\"inLanguage\":\"es\"},{\"@type\":\"Organization\",\"@id\":\"https:\\\/\\\/www.arepoquality.eu\\\/#organization\",\"name\":\"AREPO\",\"url\":\"https:\\\/\\\/www.arepoquality.eu\\\/\",\"logo\":{\"@type\":\"ImageObject\",\"inLanguage\":\"es\",\"@id\":\"https:\\\/\\\/www.arepoquality.eu\\\/#\\\/schema\\\/logo\\\/image\\\/\",\"url\":\"https:\\\/\\\/www.arepoquality.eu\\\/wp-content\\\/uploads\\\/2024\\\/05\\\/arepo.jpg\",\"contentUrl\":\"https:\\\/\\\/www.arepoquality.eu\\\/wp-content\\\/uploads\\\/2024\\\/05\\\/arepo.jpg\",\"width\":1113,\"height\":705,\"caption\":\"AREPO\"},\"image\":{\"@id\":\"https:\\\/\\\/www.arepoquality.eu\\\/#\\\/schema\\\/logo\\\/image\\\/\"},\"sameAs\":[\"https:\\\/\\\/www.facebook.com\\\/arepoquality\\\/\",\"https:\\\/\\\/x.com\\\/arepoquality_eu\",\"https:\\\/\\\/www.linkedin.com\\\/company\\\/arepoquality\\\/?viewAsMember=true\"]},{\"@type\":\"Person\",\"@id\":\"https:\\\/\\\/www.arepoquality.eu\\\/#\\\/schema\\\/person\\\/45550165fffb5c0705e14a58767af5a2\",\"name\":\"Giulia Scaglioni\",\"url\":\"https:\\\/\\\/www.arepoquality.eu\\\/es\\\/author\\\/giulia-scaglioni\\\/\"}]}<\/script>\n<!-- \/ Yoast SEO plugin. -->","yoast_head_json":{"title":"Las Regiones agr\u00edcolas de la UE reiteran su llamamiento a los responsables pol\u00edticos de la UE para que sigan reforzando la OCM de frutas y hortalizas y los reg\u00edmenes de calidad de la UE y para que salvaguarden su papel en la aplicaci\u00f3n de la futura PAC - AREPO","robots":{"index":"index","follow":"follow","max-snippet":"max-snippet:-1","max-image-preview":"max-image-preview:large","max-video-preview":"max-video-preview:-1"},"canonical":"https:\/\/www.arepoquality.eu\/es\/2019\/10\/22\/las-regiones-agricolas-de-la-ue-reiteran-su-llamamiento-a-los-responsables-politicos-de-la-ue-para-que-sigan-reforzando-la-ocm-de-frutas-y-hortalizas-y-los-regimenes-de-calidad-de-la-ue-y-para-que-sal\/","og_locale":"es_ES","og_type":"article","og_title":"Las Regiones agr\u00edcolas de la UE reiteran su llamamiento a los responsables pol\u00edticos de la UE para que sigan reforzando la OCM de frutas y hortalizas y los reg\u00edmenes de calidad de la UE y para que salvaguarden su papel en la aplicaci\u00f3n de la futura PAC - AREPO","og_description":"El 17 de octubre de 2019, las redes europeas AREFLH, AREPO y AGREGIONS organizaron conjuntamente una conferencia titulada \u00abGobernanza, Organizaci\u00f3n Com\u00fan de Mercados e Indicaciones Geogr\u00e1ficas en la futura PAC despu\u00e9s de 2020\u00bb. Este evento multilateral, que reuni\u00f3 a m\u00e1s de 100 participantes, desde responsables pol\u00edticos europeos y regionales hasta representantes de organizaciones profesionales y [&hellip;]","og_url":"https:\/\/www.arepoquality.eu\/es\/2019\/10\/22\/las-regiones-agricolas-de-la-ue-reiteran-su-llamamiento-a-los-responsables-politicos-de-la-ue-para-que-sigan-reforzando-la-ocm-de-frutas-y-hortalizas-y-los-regimenes-de-calidad-de-la-ue-y-para-que-sal\/","og_site_name":"AREPO","article_publisher":"https:\/\/www.facebook.com\/arepoquality\/","article_published_time":"2019-10-22T14:14:49+00:00","article_modified_time":"2021-07-14T16:55:26+00:00","og_image":[{"width":2016,"height":1512,"url":"https:\/\/www.arepoquality.eu\/wp-content\/uploads\/2019\/10\/72704389_2685242554839946_1286528213379448832_o-1.jpg","type":"image\/jpeg"}],"author":"Giulia Scaglioni","twitter_card":"summary_large_image","twitter_creator":"@arepoquality_eu","twitter_site":"@arepoquality_eu","twitter_misc":{"Escrito por":"Giulia Scaglioni","Tiempo de lectura":"7 minutos"},"schema":{"@context":"https:\/\/schema.org","@graph":[{"@type":"Article","@id":"https:\/\/www.arepoquality.eu\/es\/2019\/10\/22\/las-regiones-agricolas-de-la-ue-reiteran-su-llamamiento-a-los-responsables-politicos-de-la-ue-para-que-sigan-reforzando-la-ocm-de-frutas-y-hortalizas-y-los-regimenes-de-calidad-de-la-ue-y-para-que-sal\/#article","isPartOf":{"@id":"https:\/\/www.arepoquality.eu\/es\/2019\/10\/22\/las-regiones-agricolas-de-la-ue-reiteran-su-llamamiento-a-los-responsables-politicos-de-la-ue-para-que-sigan-reforzando-la-ocm-de-frutas-y-hortalizas-y-los-regimenes-de-calidad-de-la-ue-y-para-que-sal\/"},"author":{"name":"Giulia Scaglioni","@id":"https:\/\/www.arepoquality.eu\/#\/schema\/person\/45550165fffb5c0705e14a58767af5a2"},"headline":"Las Regiones agr\u00edcolas de la UE reiteran su llamamiento a los responsables pol\u00edticos de la UE para que sigan reforzando la OCM de frutas y hortalizas y los reg\u00edmenes de calidad de la UE y para que salvaguarden su papel en la aplicaci\u00f3n de la futura PAC","datePublished":"2019-10-22T14:14:49+00:00","dateModified":"2021-07-14T16:55:26+00:00","mainEntityOfPage":{"@id":"https:\/\/www.arepoquality.eu\/es\/2019\/10\/22\/las-regiones-agricolas-de-la-ue-reiteran-su-llamamiento-a-los-responsables-politicos-de-la-ue-para-que-sigan-reforzando-la-ocm-de-frutas-y-hortalizas-y-los-regimenes-de-calidad-de-la-ue-y-para-que-sal\/"},"wordCount":1480,"publisher":{"@id":"https:\/\/www.arepoquality.eu\/#organization"},"image":{"@id":"https:\/\/www.arepoquality.eu\/es\/2019\/10\/22\/las-regiones-agricolas-de-la-ue-reiteran-su-llamamiento-a-los-responsables-politicos-de-la-ue-para-que-sigan-reforzando-la-ocm-de-frutas-y-hortalizas-y-los-regimenes-de-calidad-de-la-ue-y-para-que-sal\/#primaryimage"},"thumbnailUrl":"https:\/\/www.arepoquality.eu\/wp-content\/uploads\/2019\/10\/72704389_2685242554839946_1286528213379448832_o-1.jpg","articleSection":["Evento AREPO","PAC","Pol\u00edtica de calidad"],"inLanguage":"es"},{"@type":"WebPage","@id":"https:\/\/www.arepoquality.eu\/es\/2019\/10\/22\/las-regiones-agricolas-de-la-ue-reiteran-su-llamamiento-a-los-responsables-politicos-de-la-ue-para-que-sigan-reforzando-la-ocm-de-frutas-y-hortalizas-y-los-regimenes-de-calidad-de-la-ue-y-para-que-sal\/","url":"https:\/\/www.arepoquality.eu\/es\/2019\/10\/22\/las-regiones-agricolas-de-la-ue-reiteran-su-llamamiento-a-los-responsables-politicos-de-la-ue-para-que-sigan-reforzando-la-ocm-de-frutas-y-hortalizas-y-los-regimenes-de-calidad-de-la-ue-y-para-que-sal\/","name":"Las Regiones agr\u00edcolas de la UE reiteran su llamamiento a los responsables pol\u00edticos de la UE para que sigan reforzando la OCM de frutas y hortalizas y los reg\u00edmenes de calidad de la UE y para que salvaguarden su papel en la aplicaci\u00f3n de la futura PAC - AREPO","isPartOf":{"@id":"https:\/\/www.arepoquality.eu\/#website"},"primaryImageOfPage":{"@id":"https:\/\/www.arepoquality.eu\/es\/2019\/10\/22\/las-regiones-agricolas-de-la-ue-reiteran-su-llamamiento-a-los-responsables-politicos-de-la-ue-para-que-sigan-reforzando-la-ocm-de-frutas-y-hortalizas-y-los-regimenes-de-calidad-de-la-ue-y-para-que-sal\/#primaryimage"},"image":{"@id":"https:\/\/www.arepoquality.eu\/es\/2019\/10\/22\/las-regiones-agricolas-de-la-ue-reiteran-su-llamamiento-a-los-responsables-politicos-de-la-ue-para-que-sigan-reforzando-la-ocm-de-frutas-y-hortalizas-y-los-regimenes-de-calidad-de-la-ue-y-para-que-sal\/#primaryimage"},"thumbnailUrl":"https:\/\/www.arepoquality.eu\/wp-content\/uploads\/2019\/10\/72704389_2685242554839946_1286528213379448832_o-1.jpg","datePublished":"2019-10-22T14:14:49+00:00","dateModified":"2021-07-14T16:55:26+00:00","breadcrumb":{"@id":"https:\/\/www.arepoquality.eu\/es\/2019\/10\/22\/las-regiones-agricolas-de-la-ue-reiteran-su-llamamiento-a-los-responsables-politicos-de-la-ue-para-que-sigan-reforzando-la-ocm-de-frutas-y-hortalizas-y-los-regimenes-de-calidad-de-la-ue-y-para-que-sal\/#breadcrumb"},"inLanguage":"es","potentialAction":[{"@type":"ReadAction","target":["https:\/\/www.arepoquality.eu\/es\/2019\/10\/22\/las-regiones-agricolas-de-la-ue-reiteran-su-llamamiento-a-los-responsables-politicos-de-la-ue-para-que-sigan-reforzando-la-ocm-de-frutas-y-hortalizas-y-los-regimenes-de-calidad-de-la-ue-y-para-que-sal\/"]}]},{"@type":"ImageObject","inLanguage":"es","@id":"https:\/\/www.arepoquality.eu\/es\/2019\/10\/22\/las-regiones-agricolas-de-la-ue-reiteran-su-llamamiento-a-los-responsables-politicos-de-la-ue-para-que-sigan-reforzando-la-ocm-de-frutas-y-hortalizas-y-los-regimenes-de-calidad-de-la-ue-y-para-que-sal\/#primaryimage","url":"https:\/\/www.arepoquality.eu\/wp-content\/uploads\/2019\/10\/72704389_2685242554839946_1286528213379448832_o-1.jpg","contentUrl":"https:\/\/www.arepoquality.eu\/wp-content\/uploads\/2019\/10\/72704389_2685242554839946_1286528213379448832_o-1.jpg","width":2016,"height":1512},{"@type":"BreadcrumbList","@id":"https:\/\/www.arepoquality.eu\/es\/2019\/10\/22\/las-regiones-agricolas-de-la-ue-reiteran-su-llamamiento-a-los-responsables-politicos-de-la-ue-para-que-sigan-reforzando-la-ocm-de-frutas-y-hortalizas-y-los-regimenes-de-calidad-de-la-ue-y-para-que-sal\/#breadcrumb","itemListElement":[{"@type":"ListItem","position":1,"name":"Home","item":"https:\/\/www.arepoquality.eu\/"},{"@type":"ListItem","position":2,"name":"Las Regiones agr\u00edcolas de la UE reiteran su llamamiento a los responsables pol\u00edticos de la UE para que sigan reforzando la OCM de frutas y hortalizas y los reg\u00edmenes de calidad de la UE y para que salvaguarden su papel en la aplicaci\u00f3n de la futura PAC"}]},{"@type":"WebSite","@id":"https:\/\/www.arepoquality.eu\/#website","url":"https:\/\/www.arepoquality.eu\/","name":"AREPO","description":"","publisher":{"@id":"https:\/\/www.arepoquality.eu\/#organization"},"potentialAction":[{"@type":"SearchAction","target":{"@type":"EntryPoint","urlTemplate":"https:\/\/www.arepoquality.eu\/?s={search_term_string}"},"query-input":{"@type":"PropertyValueSpecification","valueRequired":true,"valueName":"search_term_string"}}],"inLanguage":"es"},{"@type":"Organization","@id":"https:\/\/www.arepoquality.eu\/#organization","name":"AREPO","url":"https:\/\/www.arepoquality.eu\/","logo":{"@type":"ImageObject","inLanguage":"es","@id":"https:\/\/www.arepoquality.eu\/#\/schema\/logo\/image\/","url":"https:\/\/www.arepoquality.eu\/wp-content\/uploads\/2024\/05\/arepo.jpg","contentUrl":"https:\/\/www.arepoquality.eu\/wp-content\/uploads\/2024\/05\/arepo.jpg","width":1113,"height":705,"caption":"AREPO"},"image":{"@id":"https:\/\/www.arepoquality.eu\/#\/schema\/logo\/image\/"},"sameAs":["https:\/\/www.facebook.com\/arepoquality\/","https:\/\/x.com\/arepoquality_eu","https:\/\/www.linkedin.com\/company\/arepoquality\/?viewAsMember=true"]},{"@type":"Person","@id":"https:\/\/www.arepoquality.eu\/#\/schema\/person\/45550165fffb5c0705e14a58767af5a2","name":"Giulia Scaglioni","url":"https:\/\/www.arepoquality.eu\/es\/author\/giulia-scaglioni\/"}]}},"_links":{"self":[{"href":"https:\/\/www.arepoquality.eu\/es\/wp-json\/wp\/v2\/posts\/998","targetHints":{"allow":["GET"]}}],"collection":[{"href":"https:\/\/www.arepoquality.eu\/es\/wp-json\/wp\/v2\/posts"}],"about":[{"href":"https:\/\/www.arepoquality.eu\/es\/wp-json\/wp\/v2\/types\/post"}],"author":[{"embeddable":true,"href":"https:\/\/www.arepoquality.eu\/es\/wp-json\/wp\/v2\/users\/2"}],"replies":[{"embeddable":true,"href":"https:\/\/www.arepoquality.eu\/es\/wp-json\/wp\/v2\/comments?post=998"}],"version-history":[{"count":3,"href":"https:\/\/www.arepoquality.eu\/es\/wp-json\/wp\/v2\/posts\/998\/revisions"}],"predecessor-version":[{"id":3026,"href":"https:\/\/www.arepoquality.eu\/es\/wp-json\/wp\/v2\/posts\/998\/revisions\/3026"}],"wp:featuredmedia":[{"embeddable":true,"href":"https:\/\/www.arepoquality.eu\/es\/wp-json\/wp\/v2\/media\/3011"}],"wp:attachment":[{"href":"https:\/\/www.arepoquality.eu\/es\/wp-json\/wp\/v2\/media?parent=998"}],"wp:term":[{"taxonomy":"category","embeddable":true,"href":"https:\/\/www.arepoquality.eu\/es\/wp-json\/wp\/v2\/categories?post=998"},{"taxonomy":"post_tag","embeddable":true,"href":"https:\/\/www.arepoquality.eu\/es\/wp-json\/wp\/v2\/tags?post=998"}],"curies":[{"name":"wp","href":"https:\/\/api.w.org\/{rel}","templated":true}]}}