{"id":999,"date":"2019-10-23T11:38:06","date_gmt":"2019-10-23T09:38:06","guid":{"rendered":"http:\/\/252373706c.url-de-test.ws\/arepo\/2019\/10\/23\/las-regiones-y-los-productores-de-arepo-se-oponen-a-los-aranceles-de-estados-unidos\/"},"modified":"2021-08-13T09:50:03","modified_gmt":"2021-08-13T07:50:03","slug":"las-regiones-y-los-productores-de-arepo-se-oponen-a-los-aranceles-de-estados-unidos","status":"publish","type":"post","link":"https:\/\/www.arepoquality.eu\/es\/2019\/10\/23\/las-regiones-y-los-productores-de-arepo-se-oponen-a-los-aranceles-de-estados-unidos\/","title":{"rendered":"Las regiones y los productores de AREPO se oponen a los aranceles de Estados Unidos"},"content":{"rendered":"<p>La Asamblea General de AREPO, celebrada el 18 de octubre en Bruselas, dio la bienvenida a la nueva Presidenta <strong>Eirini Choudetsanaki<\/strong>, miembro del reci\u00e9n elegido Consejo Regional de Creta. La nueva Presidenta ha declarado que continuar\u00e1 el excelente trabajo realizado por su predecesora <strong>Theano Vrentzou-Skordalaki<\/strong>, en particular garantizando la protecci\u00f3n de las Indicaciones Geogr\u00e1ficas (IG) en el marco de los acuerdos comerciales y obteniendo el reconocimiento y el apoyo adecuados en el marco de la nueva PAC despu\u00e9s 2020.<\/p>\n<p>Durante la Asamblea General, los miembros de AREPO debatieron la cuesti\u00f3n de los aranceles estadounidenses, en el d\u00eda de su entrada en vigor, subrayando la necesidad de apoyar a los sectores afectados, con especial atenci\u00f3n a las indicaciones geogr\u00e1ficas europeas.<\/p>\n<p><em>\u00abLos derechos arancelarios que afectan el comercio no son aceptables, especialmente cuando provienen de aliados hist\u00f3ricos. Hay un ataque espec\u00edfico a las indicaciones geogr\u00e1ficas en la elecci\u00f3n de los productos sujetos a estos derechos, por esto seguiremos oponi\u00e9ndonos a ellos, al igual que todas las dem\u00e1s regiones afectadas por esta absurda guerra comercial. Las pol\u00edticas de la UE en materia de indicaciones geogr\u00e1ficas no se debilitar\u00e1n, sino que se reforzar\u00e1n\u00bb, <\/em>declar\u00f3 <strong>Simona Caselli<\/strong>, Consejera de Agricultura de Emilia Roma\u00f1a.<\/p>\n<p><strong>Marco Remaschi<\/strong>, Consejero de Agricultura de la Regi\u00f3n Toscana, comparti\u00f3 esta posici\u00f3n, destacando la importancia de oponerse a los derechos de aduana de los Estados Unidos en este momento crucial, <em>\u00abindicando claramente a nuestras empresas que estamos decididos a apoyarlas. Los que trabajan para crear productos de calidad se enfrentan a retos cada vez mayores.\u201d<\/em><\/p>\n<p>En particular, tanto los representantes pol\u00edticos de las Regiones como el Consejo de Productores de AREPO, este \u00faltimo en la persona de <strong>Guglielmo Garagnani<\/strong>, Vicepresidente del Consorcio del Parmigiano Reggiano y representante de la Vicepresidencia de AREPO, presentaron tres propuestas de acci\u00f3n para compensar el efecto de los aranceles aduaneros:<\/p>\n<p>1) Integraci\u00f3n del fondo de reserva de crisis de la PAC que se utilizar\u00e1 para apoyar a los productores afectados;<\/p>\n<p>2) Creaci\u00f3n de un fondo con recursos espec\u00edficos para las asociaciones de productores de IG para la protecci\u00f3n jur\u00eddica de las indicaciones geogr\u00e1ficas en pa\u00edses no cubiertos por acuerdos bilaterales;<\/p>\n<p>3) Asignaci\u00f3n de una prioridad por las IG afectadas por los aranceles, con el fin de llevar a cabo acciones de promoci\u00f3n, bajo al Reglamento 1144\/2014, en los pa\u00edses que apliquen derechos aduaneros.<\/p>\n<p>El Presidente de OriGIn, <strong>Claude Vermot-Desroches<\/strong>, expres\u00f3 el apoyo de su organizaci\u00f3n a esta propuesta y la urgente necesidad de tomar medidas para reforzar la defensa de las indicaciones geogr\u00e1ficas de la UE contra las amenazas comerciales de los Estados Unidos.<\/p>\n<p>Varios representantes pol\u00edticos de las regiones de AREPO participaron en la Asamblea General y realizaron importantes contribuciones al debate. <strong>Carmel M\u00f2dol<\/strong>, Director General de Calidad e Industrias Alimentarias de Catalu\u00f1a; <strong>Jean-Pierre Raynaud<\/strong>, Vicepresidente responsable de Agricultura de la Nueva Aquitania; <strong>Vincent Labarthe<\/strong>, Vicepresidente responsable de Agricultura de la Regi\u00f3n de Occitania; <strong>Katerina Zografou<\/strong>, Vicegobernadora de Macedonia Central.<\/p>\n<p>Haga&nbsp;clic aqu\u00ed para descargar el comunicado de prensa: <a href=\"http:\/\/arepoquality.eu\/sites\/arepoquality.eu\/files\/press\/Press%20release%20AG.pdf#overlay-context=\">EN<\/a>, <a href=\"http:\/\/arepoquality.eu\/sites\/arepoquality.eu\/files\/press\/ES_PRess%20Release.pdf#overlay-context=\">ES<\/a>, <a href=\"http:\/\/arepoquality.eu\/sites\/arepoquality.eu\/files\/press\/FR_PRess%20Release.pdf#overlay-context=\">FR<\/a>, <a href=\"http:\/\/arepoquality.eu\/sites\/arepoquality.eu\/files\/press\/IT_Press%20release.pdf#overlay-context=\">IT<\/a><\/p>\n","protected":false},"excerpt":{"rendered":"<p>La Asamblea General de AREPO, celebrada el 18 de octubre en Bruselas, dio la bienvenida a la nueva Presidenta Eirini Choudetsanaki, miembro del reci\u00e9n elegido Consejo Regional de Creta. La nueva Presidenta ha declarado que continuar\u00e1 el excelente trabajo realizado por su predecesora Theano Vrentzou-Skordalaki, en particular garantizando la protecci\u00f3n de las Indicaciones Geogr\u00e1ficas (IG) [&hellip;]<\/p>\n","protected":false},"author":2,"featured_media":0,"comment_status":"closed","ping_status":"closed","sticky":false,"template":"","format":"standard","meta":{"_acf_changed":false,"footnotes":""},"categories":[114,126],"tags":[],"class_list":["post-999","post","type-post","status-publish","format-standard","hentry","category-politica-comercial-es","category-sistemas-de-calidad-es"],"acf":[],"yoast_head":"<!-- This site is optimized with the Yoast SEO plugin v27.4 - https:\/\/yoast.com\/product\/yoast-seo-wordpress\/ -->\n<title>Las regiones y los productores de AREPO se oponen a los aranceles de Estados Unidos - AREPO<\/title>\n<meta name=\"robots\" content=\"index, follow, max-snippet:-1, max-image-preview:large, max-video-preview:-1\" \/>\n<link rel=\"canonical\" href=\"https:\/\/www.arepoquality.eu\/es\/2019\/10\/23\/las-regiones-y-los-productores-de-arepo-se-oponen-a-los-aranceles-de-estados-unidos\/\" \/>\n<meta property=\"og:locale\" content=\"es_ES\" \/>\n<meta property=\"og:type\" content=\"article\" \/>\n<meta property=\"og:title\" content=\"Las regiones y los productores de AREPO se oponen a los aranceles de Estados Unidos - AREPO\" \/>\n<meta property=\"og:description\" content=\"La Asamblea General de AREPO, celebrada el 18 de octubre en Bruselas, dio la bienvenida a la nueva Presidenta Eirini Choudetsanaki, miembro del reci\u00e9n elegido Consejo Regional de Creta. La nueva Presidenta ha declarado que continuar\u00e1 el excelente trabajo realizado por su predecesora Theano Vrentzou-Skordalaki, en particular garantizando la protecci\u00f3n de las Indicaciones Geogr\u00e1ficas (IG) [&hellip;]\" \/>\n<meta property=\"og:url\" content=\"https:\/\/www.arepoquality.eu\/es\/2019\/10\/23\/las-regiones-y-los-productores-de-arepo-se-oponen-a-los-aranceles-de-estados-unidos\/\" \/>\n<meta property=\"og:site_name\" content=\"AREPO\" \/>\n<meta property=\"article:publisher\" content=\"https:\/\/www.facebook.com\/arepoquality\/\" \/>\n<meta property=\"article:published_time\" content=\"2019-10-23T09:38:06+00:00\" \/>\n<meta property=\"article:modified_time\" content=\"2021-08-13T07:50:03+00:00\" \/>\n<meta name=\"author\" content=\"Giulia Scaglioni\" \/>\n<meta name=\"twitter:card\" content=\"summary_large_image\" \/>\n<meta name=\"twitter:creator\" content=\"@arepoquality_eu\" \/>\n<meta name=\"twitter:site\" content=\"@arepoquality_eu\" \/>\n<meta name=\"twitter:label1\" content=\"Escrito por\" \/>\n\t<meta name=\"twitter:data1\" content=\"Giulia Scaglioni\" \/>\n\t<meta name=\"twitter:label2\" content=\"Tiempo de lectura\" \/>\n\t<meta name=\"twitter:data2\" content=\"3 minutos\" \/>\n<script type=\"application\/ld+json\" class=\"yoast-schema-graph\">{\"@context\":\"https:\\\/\\\/schema.org\",\"@graph\":[{\"@type\":\"Article\",\"@id\":\"https:\\\/\\\/www.arepoquality.eu\\\/es\\\/2019\\\/10\\\/23\\\/las-regiones-y-los-productores-de-arepo-se-oponen-a-los-aranceles-de-estados-unidos\\\/#article\",\"isPartOf\":{\"@id\":\"https:\\\/\\\/www.arepoquality.eu\\\/es\\\/2019\\\/10\\\/23\\\/las-regiones-y-los-productores-de-arepo-se-oponen-a-los-aranceles-de-estados-unidos\\\/\"},\"author\":{\"name\":\"Giulia Scaglioni\",\"@id\":\"https:\\\/\\\/www.arepoquality.eu\\\/#\\\/schema\\\/person\\\/45550165fffb5c0705e14a58767af5a2\"},\"headline\":\"Las regiones y los productores de AREPO se oponen a los aranceles de Estados Unidos\",\"datePublished\":\"2019-10-23T09:38:06+00:00\",\"dateModified\":\"2021-08-13T07:50:03+00:00\",\"mainEntityOfPage\":{\"@id\":\"https:\\\/\\\/www.arepoquality.eu\\\/es\\\/2019\\\/10\\\/23\\\/las-regiones-y-los-productores-de-arepo-se-oponen-a-los-aranceles-de-estados-unidos\\\/\"},\"wordCount\":546,\"publisher\":{\"@id\":\"https:\\\/\\\/www.arepoquality.eu\\\/#organization\"},\"articleSection\":[\"Pol\u00edtica comercial\",\"Reg\u00edmenes de calidad\"],\"inLanguage\":\"es\"},{\"@type\":\"WebPage\",\"@id\":\"https:\\\/\\\/www.arepoquality.eu\\\/es\\\/2019\\\/10\\\/23\\\/las-regiones-y-los-productores-de-arepo-se-oponen-a-los-aranceles-de-estados-unidos\\\/\",\"url\":\"https:\\\/\\\/www.arepoquality.eu\\\/es\\\/2019\\\/10\\\/23\\\/las-regiones-y-los-productores-de-arepo-se-oponen-a-los-aranceles-de-estados-unidos\\\/\",\"name\":\"Las regiones y los productores de AREPO se oponen a los aranceles de Estados Unidos - AREPO\",\"isPartOf\":{\"@id\":\"https:\\\/\\\/www.arepoquality.eu\\\/#website\"},\"datePublished\":\"2019-10-23T09:38:06+00:00\",\"dateModified\":\"2021-08-13T07:50:03+00:00\",\"breadcrumb\":{\"@id\":\"https:\\\/\\\/www.arepoquality.eu\\\/es\\\/2019\\\/10\\\/23\\\/las-regiones-y-los-productores-de-arepo-se-oponen-a-los-aranceles-de-estados-unidos\\\/#breadcrumb\"},\"inLanguage\":\"es\",\"potentialAction\":[{\"@type\":\"ReadAction\",\"target\":[\"https:\\\/\\\/www.arepoquality.eu\\\/es\\\/2019\\\/10\\\/23\\\/las-regiones-y-los-productores-de-arepo-se-oponen-a-los-aranceles-de-estados-unidos\\\/\"]}]},{\"@type\":\"BreadcrumbList\",\"@id\":\"https:\\\/\\\/www.arepoquality.eu\\\/es\\\/2019\\\/10\\\/23\\\/las-regiones-y-los-productores-de-arepo-se-oponen-a-los-aranceles-de-estados-unidos\\\/#breadcrumb\",\"itemListElement\":[{\"@type\":\"ListItem\",\"position\":1,\"name\":\"Home\",\"item\":\"https:\\\/\\\/www.arepoquality.eu\\\/\"},{\"@type\":\"ListItem\",\"position\":2,\"name\":\"Las regiones y los productores de AREPO se oponen a los aranceles de Estados Unidos\"}]},{\"@type\":\"WebSite\",\"@id\":\"https:\\\/\\\/www.arepoquality.eu\\\/#website\",\"url\":\"https:\\\/\\\/www.arepoquality.eu\\\/\",\"name\":\"AREPO\",\"description\":\"\",\"publisher\":{\"@id\":\"https:\\\/\\\/www.arepoquality.eu\\\/#organization\"},\"potentialAction\":[{\"@type\":\"SearchAction\",\"target\":{\"@type\":\"EntryPoint\",\"urlTemplate\":\"https:\\\/\\\/www.arepoquality.eu\\\/?s={search_term_string}\"},\"query-input\":{\"@type\":\"PropertyValueSpecification\",\"valueRequired\":true,\"valueName\":\"search_term_string\"}}],\"inLanguage\":\"es\"},{\"@type\":\"Organization\",\"@id\":\"https:\\\/\\\/www.arepoquality.eu\\\/#organization\",\"name\":\"AREPO\",\"url\":\"https:\\\/\\\/www.arepoquality.eu\\\/\",\"logo\":{\"@type\":\"ImageObject\",\"inLanguage\":\"es\",\"@id\":\"https:\\\/\\\/www.arepoquality.eu\\\/#\\\/schema\\\/logo\\\/image\\\/\",\"url\":\"https:\\\/\\\/www.arepoquality.eu\\\/wp-content\\\/uploads\\\/2024\\\/05\\\/arepo.jpg\",\"contentUrl\":\"https:\\\/\\\/www.arepoquality.eu\\\/wp-content\\\/uploads\\\/2024\\\/05\\\/arepo.jpg\",\"width\":1113,\"height\":705,\"caption\":\"AREPO\"},\"image\":{\"@id\":\"https:\\\/\\\/www.arepoquality.eu\\\/#\\\/schema\\\/logo\\\/image\\\/\"},\"sameAs\":[\"https:\\\/\\\/www.facebook.com\\\/arepoquality\\\/\",\"https:\\\/\\\/x.com\\\/arepoquality_eu\",\"https:\\\/\\\/www.linkedin.com\\\/company\\\/arepoquality\\\/?viewAsMember=true\"]},{\"@type\":\"Person\",\"@id\":\"https:\\\/\\\/www.arepoquality.eu\\\/#\\\/schema\\\/person\\\/45550165fffb5c0705e14a58767af5a2\",\"name\":\"Giulia Scaglioni\",\"url\":\"https:\\\/\\\/www.arepoquality.eu\\\/es\\\/author\\\/giulia-scaglioni\\\/\"}]}<\/script>\n<!-- \/ Yoast SEO plugin. -->","yoast_head_json":{"title":"Las regiones y los productores de AREPO se oponen a los aranceles de Estados Unidos - AREPO","robots":{"index":"index","follow":"follow","max-snippet":"max-snippet:-1","max-image-preview":"max-image-preview:large","max-video-preview":"max-video-preview:-1"},"canonical":"https:\/\/www.arepoquality.eu\/es\/2019\/10\/23\/las-regiones-y-los-productores-de-arepo-se-oponen-a-los-aranceles-de-estados-unidos\/","og_locale":"es_ES","og_type":"article","og_title":"Las regiones y los productores de AREPO se oponen a los aranceles de Estados Unidos - AREPO","og_description":"La Asamblea General de AREPO, celebrada el 18 de octubre en Bruselas, dio la bienvenida a la nueva Presidenta Eirini Choudetsanaki, miembro del reci\u00e9n elegido Consejo Regional de Creta. La nueva Presidenta ha declarado que continuar\u00e1 el excelente trabajo realizado por su predecesora Theano Vrentzou-Skordalaki, en particular garantizando la protecci\u00f3n de las Indicaciones Geogr\u00e1ficas (IG) [&hellip;]","og_url":"https:\/\/www.arepoquality.eu\/es\/2019\/10\/23\/las-regiones-y-los-productores-de-arepo-se-oponen-a-los-aranceles-de-estados-unidos\/","og_site_name":"AREPO","article_publisher":"https:\/\/www.facebook.com\/arepoquality\/","article_published_time":"2019-10-23T09:38:06+00:00","article_modified_time":"2021-08-13T07:50:03+00:00","author":"Giulia Scaglioni","twitter_card":"summary_large_image","twitter_creator":"@arepoquality_eu","twitter_site":"@arepoquality_eu","twitter_misc":{"Escrito por":"Giulia Scaglioni","Tiempo de lectura":"3 minutos"},"schema":{"@context":"https:\/\/schema.org","@graph":[{"@type":"Article","@id":"https:\/\/www.arepoquality.eu\/es\/2019\/10\/23\/las-regiones-y-los-productores-de-arepo-se-oponen-a-los-aranceles-de-estados-unidos\/#article","isPartOf":{"@id":"https:\/\/www.arepoquality.eu\/es\/2019\/10\/23\/las-regiones-y-los-productores-de-arepo-se-oponen-a-los-aranceles-de-estados-unidos\/"},"author":{"name":"Giulia Scaglioni","@id":"https:\/\/www.arepoquality.eu\/#\/schema\/person\/45550165fffb5c0705e14a58767af5a2"},"headline":"Las regiones y los productores de AREPO se oponen a los aranceles de Estados Unidos","datePublished":"2019-10-23T09:38:06+00:00","dateModified":"2021-08-13T07:50:03+00:00","mainEntityOfPage":{"@id":"https:\/\/www.arepoquality.eu\/es\/2019\/10\/23\/las-regiones-y-los-productores-de-arepo-se-oponen-a-los-aranceles-de-estados-unidos\/"},"wordCount":546,"publisher":{"@id":"https:\/\/www.arepoquality.eu\/#organization"},"articleSection":["Pol\u00edtica comercial","Reg\u00edmenes de calidad"],"inLanguage":"es"},{"@type":"WebPage","@id":"https:\/\/www.arepoquality.eu\/es\/2019\/10\/23\/las-regiones-y-los-productores-de-arepo-se-oponen-a-los-aranceles-de-estados-unidos\/","url":"https:\/\/www.arepoquality.eu\/es\/2019\/10\/23\/las-regiones-y-los-productores-de-arepo-se-oponen-a-los-aranceles-de-estados-unidos\/","name":"Las regiones y los productores de AREPO se oponen a los aranceles de Estados Unidos - AREPO","isPartOf":{"@id":"https:\/\/www.arepoquality.eu\/#website"},"datePublished":"2019-10-23T09:38:06+00:00","dateModified":"2021-08-13T07:50:03+00:00","breadcrumb":{"@id":"https:\/\/www.arepoquality.eu\/es\/2019\/10\/23\/las-regiones-y-los-productores-de-arepo-se-oponen-a-los-aranceles-de-estados-unidos\/#breadcrumb"},"inLanguage":"es","potentialAction":[{"@type":"ReadAction","target":["https:\/\/www.arepoquality.eu\/es\/2019\/10\/23\/las-regiones-y-los-productores-de-arepo-se-oponen-a-los-aranceles-de-estados-unidos\/"]}]},{"@type":"BreadcrumbList","@id":"https:\/\/www.arepoquality.eu\/es\/2019\/10\/23\/las-regiones-y-los-productores-de-arepo-se-oponen-a-los-aranceles-de-estados-unidos\/#breadcrumb","itemListElement":[{"@type":"ListItem","position":1,"name":"Home","item":"https:\/\/www.arepoquality.eu\/"},{"@type":"ListItem","position":2,"name":"Las regiones y los productores de AREPO se oponen a los aranceles de Estados Unidos"}]},{"@type":"WebSite","@id":"https:\/\/www.arepoquality.eu\/#website","url":"https:\/\/www.arepoquality.eu\/","name":"AREPO","description":"","publisher":{"@id":"https:\/\/www.arepoquality.eu\/#organization"},"potentialAction":[{"@type":"SearchAction","target":{"@type":"EntryPoint","urlTemplate":"https:\/\/www.arepoquality.eu\/?s={search_term_string}"},"query-input":{"@type":"PropertyValueSpecification","valueRequired":true,"valueName":"search_term_string"}}],"inLanguage":"es"},{"@type":"Organization","@id":"https:\/\/www.arepoquality.eu\/#organization","name":"AREPO","url":"https:\/\/www.arepoquality.eu\/","logo":{"@type":"ImageObject","inLanguage":"es","@id":"https:\/\/www.arepoquality.eu\/#\/schema\/logo\/image\/","url":"https:\/\/www.arepoquality.eu\/wp-content\/uploads\/2024\/05\/arepo.jpg","contentUrl":"https:\/\/www.arepoquality.eu\/wp-content\/uploads\/2024\/05\/arepo.jpg","width":1113,"height":705,"caption":"AREPO"},"image":{"@id":"https:\/\/www.arepoquality.eu\/#\/schema\/logo\/image\/"},"sameAs":["https:\/\/www.facebook.com\/arepoquality\/","https:\/\/x.com\/arepoquality_eu","https:\/\/www.linkedin.com\/company\/arepoquality\/?viewAsMember=true"]},{"@type":"Person","@id":"https:\/\/www.arepoquality.eu\/#\/schema\/person\/45550165fffb5c0705e14a58767af5a2","name":"Giulia Scaglioni","url":"https:\/\/www.arepoquality.eu\/es\/author\/giulia-scaglioni\/"}]}},"_links":{"self":[{"href":"https:\/\/www.arepoquality.eu\/es\/wp-json\/wp\/v2\/posts\/999","targetHints":{"allow":["GET"]}}],"collection":[{"href":"https:\/\/www.arepoquality.eu\/es\/wp-json\/wp\/v2\/posts"}],"about":[{"href":"https:\/\/www.arepoquality.eu\/es\/wp-json\/wp\/v2\/types\/post"}],"author":[{"embeddable":true,"href":"https:\/\/www.arepoquality.eu\/es\/wp-json\/wp\/v2\/users\/2"}],"replies":[{"embeddable":true,"href":"https:\/\/www.arepoquality.eu\/es\/wp-json\/wp\/v2\/comments?post=999"}],"version-history":[{"count":1,"href":"https:\/\/www.arepoquality.eu\/es\/wp-json\/wp\/v2\/posts\/999\/revisions"}],"predecessor-version":[{"id":4545,"href":"https:\/\/www.arepoquality.eu\/es\/wp-json\/wp\/v2\/posts\/999\/revisions\/4545"}],"wp:attachment":[{"href":"https:\/\/www.arepoquality.eu\/es\/wp-json\/wp\/v2\/media?parent=999"}],"wp:term":[{"taxonomy":"category","embeddable":true,"href":"https:\/\/www.arepoquality.eu\/es\/wp-json\/wp\/v2\/categories?post=999"},{"taxonomy":"post_tag","embeddable":true,"href":"https:\/\/www.arepoquality.eu\/es\/wp-json\/wp\/v2\/tags?post=999"}],"curies":[{"name":"wp","href":"https:\/\/api.w.org\/{rel}","templated":true}]}}