{"id":14919,"date":"2023-04-06T14:47:50","date_gmt":"2023-04-06T12:47:50","guid":{"rendered":"http:\/\/www.arepoquality.eu\/?p=14919"},"modified":"2023-04-06T14:57:59","modified_gmt":"2023-04-06T12:57:59","slug":"5th-arepo-eu-event-on-quality-and-origin-products-in-the-framework-of-agrosmartglobal","status":"publish","type":"post","link":"https:\/\/www.arepoquality.eu\/fr\/2023\/04\/06\/5th-arepo-eu-event-on-quality-and-origin-products-in-the-framework-of-agrosmartglobal\/","title":{"rendered":"5\u00e8me \u00c9dition de l&rsquo;\u00c9v\u00e9nement Europ\u00e9en de l\u2019AREPO sur les Produits de Qualit\u00e9 et d&rsquo;Origine dans le cadre du projet Interreg Sudoe AGROSMARTglobal"},"content":{"rendered":"\n<div class=\"wp-block-image\"><figure class=\"alignleft is-resized\"><img loading=\"lazy\" decoding=\"async\" src=\"https:\/\/www.arepoquality.eu\/wp-content\/uploads\/2023\/04\/capture-decran-2023-04-06-a-13.38.56.png\" alt=\"\" class=\"wp-image-14893\" width=\"89\" height=\"89\" srcset=\"https:\/\/www.arepoquality.eu\/wp-content\/uploads\/2023\/04\/capture-decran-2023-04-06-a-13.38.56.png 625w, https:\/\/www.arepoquality.eu\/wp-content\/uploads\/2023\/04\/capture-decran-2023-04-06-a-13.38.56-150x150.png 150w, https:\/\/www.arepoquality.eu\/wp-content\/uploads\/2023\/04\/capture-decran-2023-04-06-a-13.38.56-300x300.png 300w, https:\/\/www.arepoquality.eu\/wp-content\/uploads\/2023\/04\/capture-decran-2023-04-06-a-13.38.56-320x320.png 320w\" sizes=\"auto, (max-width: 89px) 100vw, 89px\" \/><\/figure><\/div>\n\n\n\n<p>Le 30 mars 2023, l&rsquo;AREPO &#8211; Association des R\u00e9gions Europ\u00e9ennes des Produits d&rsquo;Origine &#8211; a tenu \u00e0 Bruxelles la 5<sup>\u00e8me<\/sup> <strong>\u00e9dition de l&rsquo;\u00ab\u00a0\u00c9v\u00e9nement europ\u00e9en sur les produits de qualit\u00e9 et d&rsquo;origine\u00a0\u00bb<\/strong>, organis\u00e9 dans le cadre du projet Interreg Sudoe AGROSMARTglobal, afin de sensibiliser \u00e0 l&rsquo;importance des produits de qualit\u00e9 et d&rsquo;origine pour l&rsquo;agriculture de l&rsquo;UE et de stimuler la discussion sur les d\u00e9fis \u00e0 venir pour le secteur.<\/p>\n\n\n\n<p>Le projet AGROSMARTglobal \u00ab\u00a0Espace pour la comp\u00e9titivit\u00e9, la promotion et l&rsquo;expansion internationale intelligente des coop\u00e9ratives agroalimentaires dans les zones rurales du Sudoe \u00bb, cofinanc\u00e9 par le programme Interreg Sudoe, vise \u00e0 soutenir l&rsquo;internationalisation num\u00e9rique des coop\u00e9ratives agroalimentaires et des associations de producteurs dans le sud-ouest de l&rsquo;Europe (Sudoe) et \u00e0 promouvoir et prot\u00e9ger les produits de qualit\u00e9 et d&rsquo;origine sur le march\u00e9 num\u00e9rique international.  <\/p>\n\n\n\n<div class=\"wp-block-image\"><figure class=\"alignright is-resized\"><img loading=\"lazy\" decoding=\"async\" src=\"https:\/\/www.arepoquality.eu\/wp-content\/uploads\/2023\/04\/img_3491-1024x683.jpg\" alt=\"\" class=\"wp-image-14821\" width=\"322\" height=\"214\" srcset=\"https:\/\/www.arepoquality.eu\/wp-content\/uploads\/2023\/04\/img_3491-1024x683.jpg 1024w, https:\/\/www.arepoquality.eu\/wp-content\/uploads\/2023\/04\/img_3491-300x200.jpg 300w, https:\/\/www.arepoquality.eu\/wp-content\/uploads\/2023\/04\/img_3491-768x512.jpg 768w, https:\/\/www.arepoquality.eu\/wp-content\/uploads\/2023\/04\/img_3491-320x213.jpg 320w, https:\/\/www.arepoquality.eu\/wp-content\/uploads\/2023\/04\/img_3491-640x427.jpg 640w, https:\/\/www.arepoquality.eu\/wp-content\/uploads\/2023\/04\/img_3491-1280x854.jpg 1280w, https:\/\/www.arepoquality.eu\/wp-content\/uploads\/2023\/04\/img_3491-1920x1280.jpg 1920w\" sizes=\"auto, (max-width: 322px) 100vw, 322px\" \/><figcaption>\u00a9Valeria Mongelli\/Total EU<\/figcaption><\/figure><\/div>\n\n\n\n<p>L&rsquo;\u00e9v\u00e9nement, qui s&rsquo;est d\u00e9roul\u00e9 \u00e0 Bruxelles dans la maison commune de trois R\u00e9gions membres de l&rsquo;AREPO, Hessen, Emilia-Romagna et Nouvelle Aquitaine, s&rsquo;est ouvert dans l&rsquo;apr\u00e8s-midi avec la conf\u00e9rence sur <strong><em>\u00ab\u00a0Les d\u00e9fis futurs pour les indications g\u00e9ographiques \u00bb<\/em><\/strong>.<\/p>\n\n\n\n<p>Elle a \u00e9t\u00e9 introduite par la pr\u00e9sidente de l&rsquo;AREPO, <strong>Mme Bego\u00f1a Garc\u00eda Bernal<\/strong>, ministre r\u00e9gionale de l&rsquo;agriculture, du d\u00e9veloppement rural, de la population et du territoire de la r\u00e9gion d&rsquo;Extremadura, et par l&rsquo;<strong>eurod\u00e9put\u00e9 Paolo De Castro <\/strong>(S&amp;D), membre de la commission de l&rsquo;agriculture et du d\u00e9veloppement rural du Parlement europ\u00e9en et rapporteur sur la r\u00e9vision du syst\u00e8me des indications g\u00e9ographiques (IG) de l&rsquo;Union europ\u00e9enne. <\/p>\n\n\n\n<ul class=\"wp-block-gallery columns-2 is-cropped wp-block-gallery-1 is-layout-flex wp-block-gallery-is-layout-flex\"><li class=\"blocks-gallery-item\"><figure><img loading=\"lazy\" decoding=\"async\" width=\"1024\" height=\"683\" src=\"http:\/\/www.arepoquality.eu\/wp-content\/uploads\/2023\/04\/ab5a5259-1024x683.jpg\" alt=\"\" data-id=\"14655\" data-link=\"http:\/\/www.arepoquality.eu\/?attachment_id=14655\" class=\"wp-image-14655\" srcset=\"https:\/\/www.arepoquality.eu\/wp-content\/uploads\/2023\/04\/ab5a5259-1024x683.jpg 1024w, https:\/\/www.arepoquality.eu\/wp-content\/uploads\/2023\/04\/ab5a5259-300x200.jpg 300w, https:\/\/www.arepoquality.eu\/wp-content\/uploads\/2023\/04\/ab5a5259-768x512.jpg 768w, https:\/\/www.arepoquality.eu\/wp-content\/uploads\/2023\/04\/ab5a5259-320x213.jpg 320w, https:\/\/www.arepoquality.eu\/wp-content\/uploads\/2023\/04\/ab5a5259-640x427.jpg 640w, https:\/\/www.arepoquality.eu\/wp-content\/uploads\/2023\/04\/ab5a5259-1280x854.jpg 1280w, https:\/\/www.arepoquality.eu\/wp-content\/uploads\/2023\/04\/ab5a5259-1920x1280.jpg 1920w\" sizes=\"auto, (max-width: 1024px) 100vw, 1024px\" \/><figcaption>Bego\u00f1a GARC\u00cdA BERNAL<br>\u00a9Valeria Mongelli\/Total EU<\/figcaption><\/figure><\/li><li class=\"blocks-gallery-item\"><figure><img loading=\"lazy\" decoding=\"async\" width=\"1024\" height=\"683\" src=\"http:\/\/www.arepoquality.eu\/wp-content\/uploads\/2023\/04\/ab5a5279-1024x683.jpg\" alt=\"\" data-id=\"14659\" data-link=\"http:\/\/www.arepoquality.eu\/?attachment_id=14659\" class=\"wp-image-14659\" srcset=\"https:\/\/www.arepoquality.eu\/wp-content\/uploads\/2023\/04\/ab5a5279-1024x683.jpg 1024w, https:\/\/www.arepoquality.eu\/wp-content\/uploads\/2023\/04\/ab5a5279-300x200.jpg 300w, https:\/\/www.arepoquality.eu\/wp-content\/uploads\/2023\/04\/ab5a5279-768x512.jpg 768w, https:\/\/www.arepoquality.eu\/wp-content\/uploads\/2023\/04\/ab5a5279-320x213.jpg 320w, https:\/\/www.arepoquality.eu\/wp-content\/uploads\/2023\/04\/ab5a5279-640x427.jpg 640w, https:\/\/www.arepoquality.eu\/wp-content\/uploads\/2023\/04\/ab5a5279-1280x854.jpg 1280w, https:\/\/www.arepoquality.eu\/wp-content\/uploads\/2023\/04\/ab5a5279-1920x1280.jpg 1920w\" sizes=\"auto, (max-width: 1024px) 100vw, 1024px\" \/><figcaption>Paolo DE CASTRO<br>\u00a9Valeria Mongelli\/Total EU<\/figcaption><\/figure><\/li><\/ul>\n\n\n\n<p>Cette 5<sup>\u00e8me<\/sup> \u00e9dition a \u00e9t\u00e9 l&rsquo;occasion <em>\u00ab\u00a0[\u2026]\u00a0de constater l&rsquo;incroyable vari\u00e9t\u00e9 et qualit\u00e9 des produits agroalimentaires et des vins de nos r\u00e9gions, expression de notre culture, de nos traditions, des savoir-faire sp\u00e9cifiques des producteurs de nos territoires et des qualit\u00e9s et caract\u00e9ristiques sp\u00e9cifiques de nos territoires \u00bb, <\/em>a d\u00e9clar\u00e9 Mme Garc\u00eda Bernal, qui a souhait\u00e9 que cette conf\u00e9rence soit <em>\u00ab\u00a0un espace de r\u00e9flexion sur les opportunit\u00e9s, les priorit\u00e9s et les d\u00e9fis qui attendent les IG et sur lesquels nous devons travailler ensemble, institutions europ\u00e9ennes, nationales, locales et citoyens \u00bb. <\/em> <\/p>\n\n\n\n<p>La premi\u00e8re partie de la conf\u00e9rence \u00e9tait consacr\u00e9e aux <strong><em>\u00ab\u00a0Outils et strat\u00e9gies pour la protection des produits de qualit\u00e9 et d&rsquo;origine sur Internet \u00bb.<\/em><\/strong><\/p>\n\n\n\n<div class=\"wp-block-image\"><figure class=\"alignright is-resized\"><img loading=\"lazy\" decoding=\"async\" src=\"http:\/\/www.arepoquality.eu\/wp-content\/uploads\/2023\/04\/ab5a5537-1024x683.jpg\" alt=\"\" class=\"wp-image-14782\" width=\"342\" height=\"227\" srcset=\"https:\/\/www.arepoquality.eu\/wp-content\/uploads\/2023\/04\/ab5a5537-1024x683.jpg 1024w, https:\/\/www.arepoquality.eu\/wp-content\/uploads\/2023\/04\/ab5a5537-300x200.jpg 300w, https:\/\/www.arepoquality.eu\/wp-content\/uploads\/2023\/04\/ab5a5537-768x512.jpg 768w, https:\/\/www.arepoquality.eu\/wp-content\/uploads\/2023\/04\/ab5a5537-320x213.jpg 320w, https:\/\/www.arepoquality.eu\/wp-content\/uploads\/2023\/04\/ab5a5537-640x427.jpg 640w, https:\/\/www.arepoquality.eu\/wp-content\/uploads\/2023\/04\/ab5a5537-1280x854.jpg 1280w, https:\/\/www.arepoquality.eu\/wp-content\/uploads\/2023\/04\/ab5a5537-1920x1280.jpg 1920w\" sizes=\"auto, (max-width: 342px) 100vw, 342px\" \/><figcaption>Carmen RODR\u00cdGUEZ \u00a9Valeria Mongelli\/Total EU<\/figcaption><\/figure><\/div>\n\n\n\n<p>En particulier, <strong>Mme Carmen Rodr\u00edguez, <\/strong>Pr\u00e9sidente de l&rsquo;AGACA (Association des Coop\u00e9ratives Agroalimentaires de Galice et entit\u00e9 coordinatrice d&rsquo;AGROSMARTglobal), a pr\u00e9sent\u00e9 les objectifs et les r\u00e9sultats du projet Interreg Sudoe AGROSMARTglobal.<\/p>\n\n\n\n<p>Dans le cadre de ce projet, l<a href=\"https:\/\/www.arepoquality.eu\/2023\/03\/14\/guide-pratique-de-larepo-sur-la-protection-des-ig-sur-internet-agrosmartglobal\/\"><strong>&lsquo;AREPO a notamment \u00e9labor\u00e9 un guide pratique sur la protection des indications g\u00e9ographiques sur Internet<\/strong><\/a>, pr\u00e9sent\u00e9 par <strong>M. Arnaud Lellinger<\/strong>, co-fondateur de LLF Avocats (cabinet d\u2019avocats en propri\u00e9t\u00e9 intellectuelle), qui a contribu\u00e9 \u00e0 l&rsquo;\u00e9laboration de ce guide pour le compte de l&rsquo;AREPO avec <strong>Mme Anne Clermontelle<\/strong>, consultante pour l&rsquo;AREPO en charge des projets europ\u00e9ens et g\u00e9rante d&rsquo;ACL Strat\u00e9gies (cabinet de conseil en strat\u00e9gies agroalimentaires sp\u00e9cialis\u00e9 dans les syst\u00e8mes de qualit\u00e9 europ\u00e9ens) et <strong>Mme Audrey Aubard<\/strong>, g\u00e9rante d&rsquo;Aubard Consulting (cabinet de conseil en propri\u00e9t\u00e9 intellectuelle) et secr\u00e9taire g\u00e9n\u00e9rale de l&rsquo;AFIGIA. <\/p>\n\n\n\n<p>La session, introduite par <strong>M. Riccardo Deserti<\/strong>, directeur g\u00e9n\u00e9ral du Consorzio del Formaggio Parmigiano Reggiano et pr\u00e9sident d&rsquo;oriGIn International, a \u00e9galement \u00e9t\u00e9 l&rsquo;occasion de r\u00e9fl\u00e9chir \u00e0 la <strong>question de l&rsquo;attribution des noms de domaine et des IG et au r\u00f4le de l&rsquo;Office de l&rsquo;Union europ\u00e9enne pour la propri\u00e9t\u00e9 intellectuelle (EUIPO) dans le renforcement de la protection des IG sur Internet<\/strong>, gr\u00e2ce aux pr\u00e9sentations de <strong>M. Massimo Vittori<\/strong>, directeur g\u00e9n\u00e9ral d&rsquo;oriGIn, et de <strong>Mme Katarina Kompari<\/strong>, sp\u00e9cialiste en droit de la propri\u00e9t\u00e9 intellectuelle \u00e0 l&rsquo;EUIPO.\u00a0 <\/p>\n\n\n\n<ul class=\"wp-block-gallery columns-3 is-cropped wp-block-gallery-2 is-layout-flex wp-block-gallery-is-layout-flex\"><li class=\"blocks-gallery-item\"><figure><img loading=\"lazy\" decoding=\"async\" width=\"1024\" height=\"683\" src=\"http:\/\/www.arepoquality.eu\/wp-content\/uploads\/2023\/04\/ab5a5357-1024x683.jpg\" alt=\"\" data-id=\"14679\" data-link=\"http:\/\/www.arepoquality.eu\/?attachment_id=14679\" class=\"wp-image-14679\" srcset=\"https:\/\/www.arepoquality.eu\/wp-content\/uploads\/2023\/04\/ab5a5357-1024x683.jpg 1024w, https:\/\/www.arepoquality.eu\/wp-content\/uploads\/2023\/04\/ab5a5357-300x200.jpg 300w, https:\/\/www.arepoquality.eu\/wp-content\/uploads\/2023\/04\/ab5a5357-768x512.jpg 768w, https:\/\/www.arepoquality.eu\/wp-content\/uploads\/2023\/04\/ab5a5357-320x213.jpg 320w, https:\/\/www.arepoquality.eu\/wp-content\/uploads\/2023\/04\/ab5a5357-640x427.jpg 640w, https:\/\/www.arepoquality.eu\/wp-content\/uploads\/2023\/04\/ab5a5357-1280x854.jpg 1280w, https:\/\/www.arepoquality.eu\/wp-content\/uploads\/2023\/04\/ab5a5357-1920x1280.jpg 1920w\" sizes=\"auto, (max-width: 1024px) 100vw, 1024px\" \/><figcaption>Riccardo DESERTI \u00a9Valeria Mongelli\/Total EU<\/figcaption><\/figure><\/li><li class=\"blocks-gallery-item\"><figure><img loading=\"lazy\" decoding=\"async\" width=\"1024\" height=\"683\" src=\"http:\/\/www.arepoquality.eu\/wp-content\/uploads\/2023\/04\/ab5a5493-1024x683.jpg\" alt=\"\" data-id=\"14667\" data-link=\"http:\/\/www.arepoquality.eu\/?attachment_id=14667\" class=\"wp-image-14667\" srcset=\"https:\/\/www.arepoquality.eu\/wp-content\/uploads\/2023\/04\/ab5a5493-1024x683.jpg 1024w, https:\/\/www.arepoquality.eu\/wp-content\/uploads\/2023\/04\/ab5a5493-300x200.jpg 300w, https:\/\/www.arepoquality.eu\/wp-content\/uploads\/2023\/04\/ab5a5493-768x512.jpg 768w, https:\/\/www.arepoquality.eu\/wp-content\/uploads\/2023\/04\/ab5a5493-320x213.jpg 320w, https:\/\/www.arepoquality.eu\/wp-content\/uploads\/2023\/04\/ab5a5493-640x427.jpg 640w, https:\/\/www.arepoquality.eu\/wp-content\/uploads\/2023\/04\/ab5a5493-1280x854.jpg 1280w, https:\/\/www.arepoquality.eu\/wp-content\/uploads\/2023\/04\/ab5a5493-1920x1280.jpg 1920w\" sizes=\"auto, (max-width: 1024px) 100vw, 1024px\" \/><figcaption>Katarina KOMPARI \u00a9Valeria Mongelli\/Total EU<\/figcaption><\/figure><\/li><li class=\"blocks-gallery-item\"><figure><img loading=\"lazy\" decoding=\"async\" width=\"1024\" height=\"683\" src=\"http:\/\/www.arepoquality.eu\/wp-content\/uploads\/2023\/04\/ab5a5465-1024x683.jpg\" alt=\"\" data-id=\"14671\" data-link=\"http:\/\/www.arepoquality.eu\/?attachment_id=14671\" class=\"wp-image-14671\" srcset=\"https:\/\/www.arepoquality.eu\/wp-content\/uploads\/2023\/04\/ab5a5465-1024x683.jpg 1024w, https:\/\/www.arepoquality.eu\/wp-content\/uploads\/2023\/04\/ab5a5465-300x200.jpg 300w, https:\/\/www.arepoquality.eu\/wp-content\/uploads\/2023\/04\/ab5a5465-768x512.jpg 768w, https:\/\/www.arepoquality.eu\/wp-content\/uploads\/2023\/04\/ab5a5465-320x213.jpg 320w, https:\/\/www.arepoquality.eu\/wp-content\/uploads\/2023\/04\/ab5a5465-640x427.jpg 640w, https:\/\/www.arepoquality.eu\/wp-content\/uploads\/2023\/04\/ab5a5465-1280x854.jpg 1280w, https:\/\/www.arepoquality.eu\/wp-content\/uploads\/2023\/04\/ab5a5465-1920x1280.jpg 1920w\" sizes=\"auto, (max-width: 1024px) 100vw, 1024px\" \/><figcaption>Massimo VITTORI \u00a9Valeria Mongelli\/Total EU<\/figcaption><\/figure><\/li><li class=\"blocks-gallery-item\"><figure><img loading=\"lazy\" decoding=\"async\" width=\"1024\" height=\"683\" src=\"http:\/\/www.arepoquality.eu\/wp-content\/uploads\/2023\/04\/img_3507-1024x683.jpg\" alt=\"\" data-id=\"14663\" data-link=\"http:\/\/www.arepoquality.eu\/?attachment_id=14663\" class=\"wp-image-14663\" srcset=\"https:\/\/www.arepoquality.eu\/wp-content\/uploads\/2023\/04\/img_3507-1024x683.jpg 1024w, https:\/\/www.arepoquality.eu\/wp-content\/uploads\/2023\/04\/img_3507-300x200.jpg 300w, https:\/\/www.arepoquality.eu\/wp-content\/uploads\/2023\/04\/img_3507-768x512.jpg 768w, https:\/\/www.arepoquality.eu\/wp-content\/uploads\/2023\/04\/img_3507-320x213.jpg 320w, https:\/\/www.arepoquality.eu\/wp-content\/uploads\/2023\/04\/img_3507-640x427.jpg 640w, https:\/\/www.arepoquality.eu\/wp-content\/uploads\/2023\/04\/img_3507-1280x854.jpg 1280w, https:\/\/www.arepoquality.eu\/wp-content\/uploads\/2023\/04\/img_3507-1920x1280.jpg 1920w\" sizes=\"auto, (max-width: 1024px) 100vw, 1024px\" \/><figcaption>Arnaud LELLINGER \u00a9Valeria Mongelli\/Total EU<\/figcaption><\/figure><\/li><li class=\"blocks-gallery-item\"><figure><img loading=\"lazy\" decoding=\"async\" width=\"1024\" height=\"683\" src=\"http:\/\/www.arepoquality.eu\/wp-content\/uploads\/2023\/04\/ab5a5373-1024x683.jpg\" alt=\"\" data-id=\"14675\" data-link=\"http:\/\/www.arepoquality.eu\/?attachment_id=14675\" class=\"wp-image-14675\" srcset=\"https:\/\/www.arepoquality.eu\/wp-content\/uploads\/2023\/04\/ab5a5373-1024x683.jpg 1024w, https:\/\/www.arepoquality.eu\/wp-content\/uploads\/2023\/04\/ab5a5373-300x200.jpg 300w, https:\/\/www.arepoquality.eu\/wp-content\/uploads\/2023\/04\/ab5a5373-768x512.jpg 768w, https:\/\/www.arepoquality.eu\/wp-content\/uploads\/2023\/04\/ab5a5373-320x213.jpg 320w, https:\/\/www.arepoquality.eu\/wp-content\/uploads\/2023\/04\/ab5a5373-640x427.jpg 640w, https:\/\/www.arepoquality.eu\/wp-content\/uploads\/2023\/04\/ab5a5373-1280x854.jpg 1280w, https:\/\/www.arepoquality.eu\/wp-content\/uploads\/2023\/04\/ab5a5373-1920x1280.jpg 1920w\" sizes=\"auto, (max-width: 1024px) 100vw, 1024px\" \/><figcaption>Carmen RODR\u00cdGUEZ \u00a9Valeria Mongelli\/Total EU<\/figcaption><\/figure><\/li><\/ul>\n\n\n\n<p><strong>La deuxi\u00e8me partie de la conf\u00e9rence \u00e9tait consacr\u00e9e \u00e0 la r\u00e9vision en cours du syst\u00e8me des indications g\u00e9ographiques de l&rsquo;UE<\/strong>. Les objectifs et les attentes des futurs trilogues ont \u00e9t\u00e9 discut\u00e9s avec la <strong>d\u00e9put\u00e9e europ\u00e9enne Anne Sander <\/strong>(PPE), questeur du Parlement europ\u00e9en et membre de la commission de l&rsquo;agriculture et du d\u00e9veloppement rural, et <strong>M. Joao Onofre<\/strong>, directeur adjoint charg\u00e9 de la sensibilisation, de la recherche et des indications g\u00e9ographiques \u00e0 la DG Agri de la Commission europ\u00e9enne. <\/p>\n\n\n\n<ul class=\"wp-block-gallery columns-3 is-cropped wp-block-gallery-3 is-layout-flex wp-block-gallery-is-layout-flex\"><li class=\"blocks-gallery-item\"><figure><img loading=\"lazy\" decoding=\"async\" width=\"1024\" height=\"683\" src=\"http:\/\/www.arepoquality.eu\/wp-content\/uploads\/2023\/04\/ab5a5598-1-1024x683.jpg\" alt=\"\" data-id=\"14704\" data-link=\"http:\/\/www.arepoquality.eu\/?attachment_id=14704\" class=\"wp-image-14704\" srcset=\"https:\/\/www.arepoquality.eu\/wp-content\/uploads\/2023\/04\/ab5a5598-1-1024x683.jpg 1024w, https:\/\/www.arepoquality.eu\/wp-content\/uploads\/2023\/04\/ab5a5598-1-300x200.jpg 300w, https:\/\/www.arepoquality.eu\/wp-content\/uploads\/2023\/04\/ab5a5598-1-768x512.jpg 768w, https:\/\/www.arepoquality.eu\/wp-content\/uploads\/2023\/04\/ab5a5598-1-320x213.jpg 320w, https:\/\/www.arepoquality.eu\/wp-content\/uploads\/2023\/04\/ab5a5598-1-640x427.jpg 640w, https:\/\/www.arepoquality.eu\/wp-content\/uploads\/2023\/04\/ab5a5598-1-1280x854.jpg 1280w, https:\/\/www.arepoquality.eu\/wp-content\/uploads\/2023\/04\/ab5a5598-1-1920x1280.jpg 1920w\" sizes=\"auto, (max-width: 1024px) 100vw, 1024px\" \/><figcaption>Anne SANDER<br>\u00a9Valeria Mongelli\/Total EU<\/figcaption><\/figure><\/li><li class=\"blocks-gallery-item\"><figure><img loading=\"lazy\" decoding=\"async\" width=\"1024\" height=\"683\" src=\"http:\/\/www.arepoquality.eu\/wp-content\/uploads\/2023\/04\/ab5a5625-1-1024x683.jpg\" alt=\"\" data-id=\"14700\" data-link=\"http:\/\/www.arepoquality.eu\/?attachment_id=14700\" class=\"wp-image-14700\" srcset=\"https:\/\/www.arepoquality.eu\/wp-content\/uploads\/2023\/04\/ab5a5625-1-1024x683.jpg 1024w, https:\/\/www.arepoquality.eu\/wp-content\/uploads\/2023\/04\/ab5a5625-1-300x200.jpg 300w, https:\/\/www.arepoquality.eu\/wp-content\/uploads\/2023\/04\/ab5a5625-1-768x512.jpg 768w, https:\/\/www.arepoquality.eu\/wp-content\/uploads\/2023\/04\/ab5a5625-1-320x213.jpg 320w, https:\/\/www.arepoquality.eu\/wp-content\/uploads\/2023\/04\/ab5a5625-1-640x427.jpg 640w, https:\/\/www.arepoquality.eu\/wp-content\/uploads\/2023\/04\/ab5a5625-1-1280x854.jpg 1280w, https:\/\/www.arepoquality.eu\/wp-content\/uploads\/2023\/04\/ab5a5625-1-1920x1280.jpg 1920w\" sizes=\"auto, (max-width: 1024px) 100vw, 1024px\" \/><figcaption>Joao ONOFRE<br>\u00a9Valeria Mongelli\/Total EU<\/figcaption><\/figure><\/li><li class=\"blocks-gallery-item\"><figure><img loading=\"lazy\" decoding=\"async\" width=\"1024\" height=\"683\" src=\"http:\/\/www.arepoquality.eu\/wp-content\/uploads\/2023\/04\/ab5a5711-1-1024x683.jpg\" alt=\"\" data-id=\"14696\" data-link=\"http:\/\/www.arepoquality.eu\/?attachment_id=14696\" class=\"wp-image-14696\" srcset=\"https:\/\/www.arepoquality.eu\/wp-content\/uploads\/2023\/04\/ab5a5711-1-1024x683.jpg 1024w, https:\/\/www.arepoquality.eu\/wp-content\/uploads\/2023\/04\/ab5a5711-1-300x200.jpg 300w, https:\/\/www.arepoquality.eu\/wp-content\/uploads\/2023\/04\/ab5a5711-1-768x512.jpg 768w, https:\/\/www.arepoquality.eu\/wp-content\/uploads\/2023\/04\/ab5a5711-1-320x213.jpg 320w, https:\/\/www.arepoquality.eu\/wp-content\/uploads\/2023\/04\/ab5a5711-1-640x427.jpg 640w, https:\/\/www.arepoquality.eu\/wp-content\/uploads\/2023\/04\/ab5a5711-1-1280x854.jpg 1280w, https:\/\/www.arepoquality.eu\/wp-content\/uploads\/2023\/04\/ab5a5711-1-1920x1280.jpg 1920w\" sizes=\"auto, (max-width: 1024px) 100vw, 1024px\" \/><figcaption>Karine GLOANEC MAURIN<br>\u00a9Valeria Mongelli\/Total EU<\/figcaption><\/figure><\/li><\/ul>\n\n\n\n<p>Une table ronde avec les Ministres de l&rsquo;Agriculture et les Conseillers r\u00e9gionaux des r\u00e9gions membres de l&rsquo;AREPO, introduite par <strong>Mme Karine Gloanec Maurin<\/strong>, rapportrice de l&rsquo;avis sur la r\u00e9vision des IG pour le Comit\u00e9 europ\u00e9en des R\u00e9gions, et anim\u00e9e par <strong>Mme Audrey Aubard<\/strong>, g\u00e9rante d&rsquo;Aubard Consulting et Secr\u00e9taire g\u00e9n\u00e9rale de l&rsquo;AFIGIA, a permis de d\u00e9battre de certaines priorit\u00e9s dans le cadre de la r\u00e9vision des IG et d&rsquo;apporter des pistes de r\u00e9flexion pour l&rsquo;avenir, notamment en ce qui concerne les initiatives que la Commission sera amen\u00e9e \u00e0 prendre dans les mois \u00e0 venir. <\/p>\n\n\n\n<p><strong>Mme Eirini Choudetsanaki<\/strong>, vice-gouverneure de Cr\u00e8te ; <strong>M. Alessio Mammi<\/strong>, ministre r\u00e9gional de l&rsquo;agriculture d&rsquo;Emilia-Romagna ; <strong>Mme Patricia Maussion<\/strong>, conseill\u00e8re r\u00e9gionale pour l&rsquo;agriculture du Pays de la Loire charg\u00e9e de l&rsquo;agriculture biologique et des signes officiels de qualit\u00e9 ; <strong>M. Marco Protopapa<\/strong>, ministre r\u00e9gional de l&rsquo;agriculture du Pi\u00e9mont ; <strong>Mme C. Cristina de Toro Navero<\/strong>, directrice g\u00e9n\u00e9rale de l&rsquo;industrie, de l&rsquo;innovation et de la cha\u00eene agroalimentaire, du gouvernement r\u00e9gional d&rsquo;Andalousie ; et <strong>M. Simon Uzenat<\/strong>, conseiller r\u00e9gional pour les march\u00e9s publics, les achats publics et les projets alimentaires territoriaux de Bretagne, ont <strong>r\u00e9affirm\u00e9 <\/strong>avec force <strong>le r\u00f4le des syst\u00e8mes de qualit\u00e9 de l&rsquo;UE en tant qu&rsquo;outils de d\u00e9veloppement rural pour les r\u00e9gions de l&rsquo;UE, contribuant aux priorit\u00e9s sociales, \u00e9conomiques et environnementales de l&rsquo;UE ainsi qu&rsquo;\u00e0 la cr\u00e9ation de biens publics<\/strong>. <\/p>\n\n\n\n<div class=\"wp-block-image\"><figure class=\"aligncenter\"><img loading=\"lazy\" decoding=\"async\" width=\"1024\" height=\"683\" src=\"http:\/\/www.arepoquality.eu\/wp-content\/uploads\/2023\/04\/ab5a5793-1024x683.jpg\" alt=\"\" class=\"wp-image-14708\" srcset=\"https:\/\/www.arepoquality.eu\/wp-content\/uploads\/2023\/04\/ab5a5793-1024x683.jpg 1024w, https:\/\/www.arepoquality.eu\/wp-content\/uploads\/2023\/04\/ab5a5793-300x200.jpg 300w, https:\/\/www.arepoquality.eu\/wp-content\/uploads\/2023\/04\/ab5a5793-768x512.jpg 768w, https:\/\/www.arepoquality.eu\/wp-content\/uploads\/2023\/04\/ab5a5793-320x213.jpg 320w, https:\/\/www.arepoquality.eu\/wp-content\/uploads\/2023\/04\/ab5a5793-640x427.jpg 640w, https:\/\/www.arepoquality.eu\/wp-content\/uploads\/2023\/04\/ab5a5793-1280x854.jpg 1280w, https:\/\/www.arepoquality.eu\/wp-content\/uploads\/2023\/04\/ab5a5793-1920x1280.jpg 1920w\" sizes=\"auto, (max-width: 1024px) 100vw, 1024px\" \/><figcaption>From left to right: Marco PROTOPAPA, Eirini CHOUDETSANAKI, Alessio MAMMI, Patricia MAUSSION, C. Cristina de TORO NAVERO and Audrey AUBARD<br>\u00a9Valeria Mongelli\/Total EU<\/figcaption><\/figure><\/div>\n\n\n\n<p> Ils ont rappel\u00e9 que les IG ne peuvent \u00eatre d\u00e9connect\u00e9es de la politique agricole commune, de la vision \u00e0 long terme des zones rurales, et qu&rsquo;elles doivent \u00eatre promues et prot\u00e9g\u00e9es en cons\u00e9quence. <\/p>\n\n\n\n<p>Ainsi, ils ont demand\u00e9 aux institutions europ\u00e9ennes de fournir les outils n\u00e9cessaires pour valoriser, promouvoir et prot\u00e9ger correctement ces produits, et d&rsquo;aider les producteurs d&rsquo;IG \u00e0 d\u00e9montrer la contribution des IG \u00e0 la priorit\u00e9 de consommer et de s&rsquo;alimenter dans les limites de la plan\u00e8te et de pr\u00e9server la sant\u00e9 des consommateurs.  <\/p>\n\n\n\n<p>Enfin, le commissaire europ\u00e9en \u00e0 l&rsquo;agriculture et au d\u00e9veloppement rural, <strong>M. Janusz Wojciechowski, <\/strong>a conclu la conf\u00e9rence. <\/p>\n\n\n\n<p><em>\u00ab\u00a0En Europe, la qualit\u00e9 et l&rsquo;origine sont des piliers essentiels de notre culture et de notre agriculture. Cela n&rsquo;est nulle part plus \u00e9vident que dans notre syst\u00e8me d&rsquo;indications g\u00e9ographiques\u00a0\u00bb<\/em>, a-t-il d\u00e9clar\u00e9 en f\u00e9licitant l&rsquo;AREPO pour son r\u00f4le de d\u00e9fenseur des produits de qualit\u00e9 et des lieux d&rsquo;origine.  <\/p>\n\n\n\n<figure class=\"wp-block-image\"><img loading=\"lazy\" decoding=\"async\" width=\"1024\" height=\"683\" src=\"https:\/\/www.arepoquality.eu\/wp-content\/uploads\/2023\/04\/ab5a6024-1024x683.jpg\" alt=\"\" class=\"wp-image-14813\" srcset=\"https:\/\/www.arepoquality.eu\/wp-content\/uploads\/2023\/04\/ab5a6024-1024x683.jpg 1024w, https:\/\/www.arepoquality.eu\/wp-content\/uploads\/2023\/04\/ab5a6024-300x200.jpg 300w, https:\/\/www.arepoquality.eu\/wp-content\/uploads\/2023\/04\/ab5a6024-768x512.jpg 768w, https:\/\/www.arepoquality.eu\/wp-content\/uploads\/2023\/04\/ab5a6024-320x213.jpg 320w, https:\/\/www.arepoquality.eu\/wp-content\/uploads\/2023\/04\/ab5a6024-640x427.jpg 640w, https:\/\/www.arepoquality.eu\/wp-content\/uploads\/2023\/04\/ab5a6024-1280x854.jpg 1280w, https:\/\/www.arepoquality.eu\/wp-content\/uploads\/2023\/04\/ab5a6024-1920x1280.jpg 1920w\" sizes=\"auto, (max-width: 1024px) 100vw, 1024px\" \/><figcaption>Janusz WOJCIECHOWSKI, European Commissioner for Agriculture \u00a9Valeria Mongelli\/Total EU<\/figcaption><\/figure>\n\n\n\n<p><em>\u00ab&nbsp;Mais bien s\u00fbr, si le syst\u00e8me des indications g\u00e9ographiques est\nsolide et efficace, il est toujours possible de l&rsquo;am\u00e9liorer.<\/em><\/p>\n\n\n\n<p><em>Nous vivons \u00e0 une \u00e9poque d&rsquo;opportunit\u00e9s et de d\u00e9fis, dans un monde\nglobalis\u00e9 et de plus en plus ax\u00e9 sur la technologie.<\/em><\/p>\n\n\n\n<p><em>Si nous voulons maintenir la qualit\u00e9 et les normes alimentaires \u00e9lev\u00e9es de l&rsquo;Union europ\u00e9enne et garantir la protection et la promotion de notre patrimoine culturel, gastronomique et local, nous devons renforcer notre syst\u00e8me d&rsquo;IG.\u00a0\u00bb<\/em> <\/p>\n\n\n\n<p>Il y a un an, la Commission a adopt\u00e9 la proposition de r\u00e9vision.  <\/p>\n\n\n\n<p><em>\u00ab&nbsp;Je compte sur les col\u00e9gislateurs pour parvenir rapidement \u00e0 un\ncompromis sur toutes les questions en suspens concernant la r\u00e9vision des IG.\nJ&rsquo;esp\u00e8re que les premiers trilogues pourront avoir lieu avant les vacances\nd&rsquo;\u00e9t\u00e9, afin que nous puissions mettre en place un syst\u00e8me d&rsquo;indications\ng\u00e9ographiques plus solide d\u00e8s que possible.<\/em><\/p>\n\n\n\n<p><em>Je pense avoir expliqu\u00e9 clairement pourquoi un syst\u00e8me plus solide est n\u00e9cessaire : en renfor\u00e7ant nos produits dot\u00e9s d&rsquo;IG, nous renfor\u00e7ons les \u00e9conomies rurales dans toute l&rsquo;Union europ\u00e9enne, ainsi que nos traditions et nos \u00e9cosyst\u00e8mes locaux\u00a0\u00bb.<\/em>  <\/p>\n\n\n\n<ul class=\"wp-block-gallery columns-2 is-cropped wp-block-gallery-4 is-layout-flex wp-block-gallery-is-layout-flex\"><li class=\"blocks-gallery-item\"><figure><img loading=\"lazy\" decoding=\"async\" width=\"1024\" height=\"683\" src=\"https:\/\/www.arepoquality.eu\/wp-content\/uploads\/2023\/04\/img_3982-1-1024x683.jpg\" alt=\"\" data-id=\"14716\" data-link=\"https:\/\/www.arepoquality.eu\/?attachment_id=14716\" class=\"wp-image-14716\" srcset=\"https:\/\/www.arepoquality.eu\/wp-content\/uploads\/2023\/04\/img_3982-1-1024x683.jpg 1024w, https:\/\/www.arepoquality.eu\/wp-content\/uploads\/2023\/04\/img_3982-1-300x200.jpg 300w, https:\/\/www.arepoquality.eu\/wp-content\/uploads\/2023\/04\/img_3982-1-768x512.jpg 768w, https:\/\/www.arepoquality.eu\/wp-content\/uploads\/2023\/04\/img_3982-1-320x213.jpg 320w, https:\/\/www.arepoquality.eu\/wp-content\/uploads\/2023\/04\/img_3982-1-640x427.jpg 640w, https:\/\/www.arepoquality.eu\/wp-content\/uploads\/2023\/04\/img_3982-1-1280x854.jpg 1280w, https:\/\/www.arepoquality.eu\/wp-content\/uploads\/2023\/04\/img_3982-1-1920x1280.jpg 1920w\" sizes=\"auto, (max-width: 1024px) 100vw, 1024px\" \/><figcaption>\u00a9Valeria Mongelli\/Total EU<\/figcaption><\/figure><\/li><li class=\"blocks-gallery-item\"><figure><img loading=\"lazy\" decoding=\"async\" width=\"1024\" height=\"683\" src=\"https:\/\/www.arepoquality.eu\/wp-content\/uploads\/2023\/04\/img_3678-1-1024x683.jpg\" alt=\"\" data-id=\"14720\" data-link=\"https:\/\/www.arepoquality.eu\/?attachment_id=14720\" class=\"wp-image-14720\" srcset=\"https:\/\/www.arepoquality.eu\/wp-content\/uploads\/2023\/04\/img_3678-1-1024x683.jpg 1024w, https:\/\/www.arepoquality.eu\/wp-content\/uploads\/2023\/04\/img_3678-1-300x200.jpg 300w, https:\/\/www.arepoquality.eu\/wp-content\/uploads\/2023\/04\/img_3678-1-768x512.jpg 768w, https:\/\/www.arepoquality.eu\/wp-content\/uploads\/2023\/04\/img_3678-1-320x213.jpg 320w, https:\/\/www.arepoquality.eu\/wp-content\/uploads\/2023\/04\/img_3678-1-640x427.jpg 640w, https:\/\/www.arepoquality.eu\/wp-content\/uploads\/2023\/04\/img_3678-1-1280x854.jpg 1280w, https:\/\/www.arepoquality.eu\/wp-content\/uploads\/2023\/04\/img_3678-1-1920x1280.jpg 1920w\" sizes=\"auto, (max-width: 1024px) 100vw, 1024px\" \/><figcaption>\u00a9Valeria Mongelli\/Total EU<\/figcaption><\/figure><\/li><\/ul>\n\n\n\n<p>Avec la pr\u00e9sidente de l&rsquo;AREPO, il a inaugur\u00e9 la d\u00e9gustation des produits de qualit\u00e9 et d&rsquo;origine des r\u00e9gions membres de l&rsquo;AREPO et des coop\u00e9ratives agroalimentaires du Sudoe. <\/p>\n\n\n\n<p><strong>L&rsquo;\u00e9dition\n2023 de l&rsquo;\u00e9v\u00e9nement sur les produits de qualit\u00e9 et d&rsquo;origine a permis de\npromouvoir les produits de 26 r\u00e9gions membres de l&rsquo;AREPO et de 3 unions de\ncoop\u00e9ratives agroalimentaires du projet AGROSMARTglobal \u2013 AGACA (union des\ncoop\u00e9ratives agroalimentaires de Galicia), LCANA (union des coop\u00e9ratives\nagroalimentaires de Nouvelle-Aquitaine) et CONFAGRI (union de coop\u00e9ratives\nagroalimentaires du Portugal), provenant de 6 pays diff\u00e9rents de l&rsquo;UE.<\/strong><\/p>\n\n\n\n<p>Cet\n\u00e9v\u00e9nement, qui a <strong>rassembl\u00e9 plus de 350 participants<\/strong>, a permis de\nt\u00e9moigner de la diversit\u00e9 et de la qualit\u00e9 des produits agroalimentaires et des\nvins de l&rsquo;UE sous AOP, IGP, mention de qualit\u00e9 facultative \u00ab&nbsp;Produit de\nmontagne \u00bb et agriculture biologique.<\/p>\n\n\n\n<ul class=\"wp-block-gallery columns-3 is-cropped wp-block-gallery-5 is-layout-flex wp-block-gallery-is-layout-flex\"><li class=\"blocks-gallery-item\"><figure><img loading=\"lazy\" decoding=\"async\" width=\"1024\" height=\"683\" src=\"http:\/\/www.arepoquality.eu\/wp-content\/uploads\/2023\/04\/img_4881-1024x683.jpg\" alt=\"\" data-id=\"14728\" data-link=\"http:\/\/www.arepoquality.eu\/?attachment_id=14728\" class=\"wp-image-14728\" srcset=\"https:\/\/www.arepoquality.eu\/wp-content\/uploads\/2023\/04\/img_4881-1024x683.jpg 1024w, https:\/\/www.arepoquality.eu\/wp-content\/uploads\/2023\/04\/img_4881-300x200.jpg 300w, https:\/\/www.arepoquality.eu\/wp-content\/uploads\/2023\/04\/img_4881-768x512.jpg 768w, https:\/\/www.arepoquality.eu\/wp-content\/uploads\/2023\/04\/img_4881-320x213.jpg 320w, https:\/\/www.arepoquality.eu\/wp-content\/uploads\/2023\/04\/img_4881-640x427.jpg 640w, https:\/\/www.arepoquality.eu\/wp-content\/uploads\/2023\/04\/img_4881-1280x854.jpg 1280w, https:\/\/www.arepoquality.eu\/wp-content\/uploads\/2023\/04\/img_4881-1920x1280.jpg 1920w\" sizes=\"auto, (max-width: 1024px) 100vw, 1024px\" \/><figcaption>\u00a9Valeria Mongelli\/Total EU<\/figcaption><\/figure><\/li><li class=\"blocks-gallery-item\"><figure><img loading=\"lazy\" decoding=\"async\" width=\"1024\" height=\"683\" src=\"http:\/\/www.arepoquality.eu\/wp-content\/uploads\/2023\/04\/img_4862-1024x683.jpg\" alt=\"\" data-id=\"14736\" data-link=\"http:\/\/www.arepoquality.eu\/?attachment_id=14736\" class=\"wp-image-14736\" srcset=\"https:\/\/www.arepoquality.eu\/wp-content\/uploads\/2023\/04\/img_4862-1024x683.jpg 1024w, https:\/\/www.arepoquality.eu\/wp-content\/uploads\/2023\/04\/img_4862-300x200.jpg 300w, https:\/\/www.arepoquality.eu\/wp-content\/uploads\/2023\/04\/img_4862-768x512.jpg 768w, https:\/\/www.arepoquality.eu\/wp-content\/uploads\/2023\/04\/img_4862-320x213.jpg 320w, https:\/\/www.arepoquality.eu\/wp-content\/uploads\/2023\/04\/img_4862-640x427.jpg 640w, https:\/\/www.arepoquality.eu\/wp-content\/uploads\/2023\/04\/img_4862-1280x854.jpg 1280w, https:\/\/www.arepoquality.eu\/wp-content\/uploads\/2023\/04\/img_4862-1920x1280.jpg 1920w\" sizes=\"auto, (max-width: 1024px) 100vw, 1024px\" \/><figcaption>\u00a9Valeria Mongelli\/Total EU<\/figcaption><\/figure><\/li><li class=\"blocks-gallery-item\"><figure><img loading=\"lazy\" decoding=\"async\" width=\"1024\" height=\"683\" src=\"http:\/\/www.arepoquality.eu\/wp-content\/uploads\/2023\/04\/img_3801-1024x683.jpg\" alt=\"\" data-id=\"14740\" data-link=\"http:\/\/www.arepoquality.eu\/?attachment_id=14740\" class=\"wp-image-14740\" srcset=\"https:\/\/www.arepoquality.eu\/wp-content\/uploads\/2023\/04\/img_3801-1024x683.jpg 1024w, https:\/\/www.arepoquality.eu\/wp-content\/uploads\/2023\/04\/img_3801-300x200.jpg 300w, https:\/\/www.arepoquality.eu\/wp-content\/uploads\/2023\/04\/img_3801-768x512.jpg 768w, https:\/\/www.arepoquality.eu\/wp-content\/uploads\/2023\/04\/img_3801-320x213.jpg 320w, https:\/\/www.arepoquality.eu\/wp-content\/uploads\/2023\/04\/img_3801-640x427.jpg 640w, https:\/\/www.arepoquality.eu\/wp-content\/uploads\/2023\/04\/img_3801-1280x854.jpg 1280w, https:\/\/www.arepoquality.eu\/wp-content\/uploads\/2023\/04\/img_3801-1920x1280.jpg 1920w\" sizes=\"auto, (max-width: 1024px) 100vw, 1024px\" \/><figcaption>\u00a9Valeria Mongelli\/Total EU<\/figcaption><\/figure><\/li><li class=\"blocks-gallery-item\"><figure><img loading=\"lazy\" decoding=\"async\" width=\"1024\" height=\"683\" src=\"http:\/\/www.arepoquality.eu\/wp-content\/uploads\/2023\/04\/img_3696-1024x683.jpg\" alt=\"\" data-id=\"14744\" data-link=\"http:\/\/www.arepoquality.eu\/?attachment_id=14744\" class=\"wp-image-14744\" srcset=\"https:\/\/www.arepoquality.eu\/wp-content\/uploads\/2023\/04\/img_3696-1024x683.jpg 1024w, https:\/\/www.arepoquality.eu\/wp-content\/uploads\/2023\/04\/img_3696-300x200.jpg 300w, https:\/\/www.arepoquality.eu\/wp-content\/uploads\/2023\/04\/img_3696-768x512.jpg 768w, https:\/\/www.arepoquality.eu\/wp-content\/uploads\/2023\/04\/img_3696-320x213.jpg 320w, https:\/\/www.arepoquality.eu\/wp-content\/uploads\/2023\/04\/img_3696-640x427.jpg 640w, https:\/\/www.arepoquality.eu\/wp-content\/uploads\/2023\/04\/img_3696-1280x854.jpg 1280w, https:\/\/www.arepoquality.eu\/wp-content\/uploads\/2023\/04\/img_3696-1920x1280.jpg 1920w\" sizes=\"auto, (max-width: 1024px) 100vw, 1024px\" \/><figcaption>\u00a9Valeria Mongelli\/Total EU<\/figcaption><\/figure><\/li><li class=\"blocks-gallery-item\"><figure><img loading=\"lazy\" decoding=\"async\" width=\"1024\" height=\"683\" src=\"http:\/\/www.arepoquality.eu\/wp-content\/uploads\/2023\/04\/img_4863-1024x683.jpg\" alt=\"\" data-id=\"14732\" data-link=\"http:\/\/www.arepoquality.eu\/?attachment_id=14732\" class=\"wp-image-14732\" srcset=\"https:\/\/www.arepoquality.eu\/wp-content\/uploads\/2023\/04\/img_4863-1024x683.jpg 1024w, https:\/\/www.arepoquality.eu\/wp-content\/uploads\/2023\/04\/img_4863-300x200.jpg 300w, https:\/\/www.arepoquality.eu\/wp-content\/uploads\/2023\/04\/img_4863-768x512.jpg 768w, https:\/\/www.arepoquality.eu\/wp-content\/uploads\/2023\/04\/img_4863-320x213.jpg 320w, https:\/\/www.arepoquality.eu\/wp-content\/uploads\/2023\/04\/img_4863-640x427.jpg 640w, https:\/\/www.arepoquality.eu\/wp-content\/uploads\/2023\/04\/img_4863-1280x854.jpg 1280w, https:\/\/www.arepoquality.eu\/wp-content\/uploads\/2023\/04\/img_4863-1920x1280.jpg 1920w\" sizes=\"auto, (max-width: 1024px) 100vw, 1024px\" \/><figcaption>\u00a9Valeria Mongelli\/Total EU<\/figcaption><\/figure><\/li><li class=\"blocks-gallery-item\"><figure><img loading=\"lazy\" decoding=\"async\" width=\"1024\" height=\"683\" src=\"http:\/\/www.arepoquality.eu\/wp-content\/uploads\/2023\/04\/img_4592-1024x683.jpg\" alt=\"\" data-id=\"14752\" data-link=\"http:\/\/www.arepoquality.eu\/?attachment_id=14752\" class=\"wp-image-14752\" srcset=\"https:\/\/www.arepoquality.eu\/wp-content\/uploads\/2023\/04\/img_4592-1024x683.jpg 1024w, https:\/\/www.arepoquality.eu\/wp-content\/uploads\/2023\/04\/img_4592-300x200.jpg 300w, https:\/\/www.arepoquality.eu\/wp-content\/uploads\/2023\/04\/img_4592-768x512.jpg 768w, https:\/\/www.arepoquality.eu\/wp-content\/uploads\/2023\/04\/img_4592-320x213.jpg 320w, https:\/\/www.arepoquality.eu\/wp-content\/uploads\/2023\/04\/img_4592-640x427.jpg 640w, https:\/\/www.arepoquality.eu\/wp-content\/uploads\/2023\/04\/img_4592-1280x854.jpg 1280w, https:\/\/www.arepoquality.eu\/wp-content\/uploads\/2023\/04\/img_4592-1920x1280.jpg 1920w\" sizes=\"auto, (max-width: 1024px) 100vw, 1024px\" \/><figcaption>\u00a9Valeria Mongelli\/Total EU<\/figcaption><\/figure><\/li><li class=\"blocks-gallery-item\"><figure><img loading=\"lazy\" decoding=\"async\" width=\"1024\" height=\"683\" src=\"http:\/\/www.arepoquality.eu\/wp-content\/uploads\/2023\/04\/img_4782-1024x683.jpg\" alt=\"\" data-id=\"14756\" data-link=\"http:\/\/www.arepoquality.eu\/?attachment_id=14756\" class=\"wp-image-14756\" srcset=\"https:\/\/www.arepoquality.eu\/wp-content\/uploads\/2023\/04\/img_4782-1024x683.jpg 1024w, https:\/\/www.arepoquality.eu\/wp-content\/uploads\/2023\/04\/img_4782-300x200.jpg 300w, https:\/\/www.arepoquality.eu\/wp-content\/uploads\/2023\/04\/img_4782-768x512.jpg 768w, https:\/\/www.arepoquality.eu\/wp-content\/uploads\/2023\/04\/img_4782-320x213.jpg 320w, https:\/\/www.arepoquality.eu\/wp-content\/uploads\/2023\/04\/img_4782-640x427.jpg 640w, https:\/\/www.arepoquality.eu\/wp-content\/uploads\/2023\/04\/img_4782-1280x854.jpg 1280w, https:\/\/www.arepoquality.eu\/wp-content\/uploads\/2023\/04\/img_4782-1920x1280.jpg 1920w\" sizes=\"auto, (max-width: 1024px) 100vw, 1024px\" \/><figcaption>\u00a9Valeria Mongelli\/Total EU<\/figcaption><\/figure><\/li><li class=\"blocks-gallery-item\"><figure><img loading=\"lazy\" decoding=\"async\" width=\"1024\" height=\"683\" src=\"http:\/\/www.arepoquality.eu\/wp-content\/uploads\/2023\/04\/img_3822-1024x683.jpg\" alt=\"\" data-id=\"14760\" data-link=\"http:\/\/www.arepoquality.eu\/?attachment_id=14760\" class=\"wp-image-14760\" srcset=\"https:\/\/www.arepoquality.eu\/wp-content\/uploads\/2023\/04\/img_3822-1024x683.jpg 1024w, https:\/\/www.arepoquality.eu\/wp-content\/uploads\/2023\/04\/img_3822-300x200.jpg 300w, https:\/\/www.arepoquality.eu\/wp-content\/uploads\/2023\/04\/img_3822-768x512.jpg 768w, https:\/\/www.arepoquality.eu\/wp-content\/uploads\/2023\/04\/img_3822-320x213.jpg 320w, https:\/\/www.arepoquality.eu\/wp-content\/uploads\/2023\/04\/img_3822-640x427.jpg 640w, https:\/\/www.arepoquality.eu\/wp-content\/uploads\/2023\/04\/img_3822-1280x854.jpg 1280w, https:\/\/www.arepoquality.eu\/wp-content\/uploads\/2023\/04\/img_3822-1920x1280.jpg 1920w\" sizes=\"auto, (max-width: 1024px) 100vw, 1024px\" \/><figcaption>\u00a9Valeria Mongelli\/Total EU<\/figcaption><\/figure><\/li><li class=\"blocks-gallery-item\"><figure><img loading=\"lazy\" decoding=\"async\" width=\"1024\" height=\"683\" src=\"http:\/\/www.arepoquality.eu\/wp-content\/uploads\/2023\/04\/img_4668-1024x683.jpg\" alt=\"\" data-id=\"14748\" data-link=\"http:\/\/www.arepoquality.eu\/?attachment_id=14748\" class=\"wp-image-14748\" srcset=\"https:\/\/www.arepoquality.eu\/wp-content\/uploads\/2023\/04\/img_4668-1024x683.jpg 1024w, https:\/\/www.arepoquality.eu\/wp-content\/uploads\/2023\/04\/img_4668-300x200.jpg 300w, https:\/\/www.arepoquality.eu\/wp-content\/uploads\/2023\/04\/img_4668-768x512.jpg 768w, https:\/\/www.arepoquality.eu\/wp-content\/uploads\/2023\/04\/img_4668-320x213.jpg 320w, https:\/\/www.arepoquality.eu\/wp-content\/uploads\/2023\/04\/img_4668-640x427.jpg 640w, https:\/\/www.arepoquality.eu\/wp-content\/uploads\/2023\/04\/img_4668-1280x854.jpg 1280w, https:\/\/www.arepoquality.eu\/wp-content\/uploads\/2023\/04\/img_4668-1920x1280.jpg 1920w\" sizes=\"auto, (max-width: 1024px) 100vw, 1024px\" \/><figcaption>\u00a9Valeria Mongelli\/Total EU<\/figcaption><\/figure><\/li><li class=\"blocks-gallery-item\"><figure><img loading=\"lazy\" decoding=\"async\" width=\"1024\" height=\"683\" src=\"https:\/\/www.arepoquality.eu\/wp-content\/uploads\/2023\/04\/img_4392-1-1024x683.jpg\" alt=\"\" data-id=\"14849\" data-link=\"https:\/\/www.arepoquality.eu\/?attachment_id=14849\" class=\"wp-image-14849\" srcset=\"https:\/\/www.arepoquality.eu\/wp-content\/uploads\/2023\/04\/img_4392-1-1024x683.jpg 1024w, https:\/\/www.arepoquality.eu\/wp-content\/uploads\/2023\/04\/img_4392-1-300x200.jpg 300w, https:\/\/www.arepoquality.eu\/wp-content\/uploads\/2023\/04\/img_4392-1-768x512.jpg 768w, https:\/\/www.arepoquality.eu\/wp-content\/uploads\/2023\/04\/img_4392-1-320x213.jpg 320w, https:\/\/www.arepoquality.eu\/wp-content\/uploads\/2023\/04\/img_4392-1-640x427.jpg 640w, https:\/\/www.arepoquality.eu\/wp-content\/uploads\/2023\/04\/img_4392-1-1280x854.jpg 1280w, https:\/\/www.arepoquality.eu\/wp-content\/uploads\/2023\/04\/img_4392-1-1920x1280.jpg 1920w\" sizes=\"auto, (max-width: 1024px) 100vw, 1024px\" \/><figcaption>\u00a9Valeria Mongelli\/Total EU<\/figcaption><\/figure><\/li><li class=\"blocks-gallery-item\"><figure><img loading=\"lazy\" decoding=\"async\" width=\"1024\" height=\"683\" src=\"https:\/\/www.arepoquality.eu\/wp-content\/uploads\/2023\/04\/img_4540-1-1024x683.jpg\" alt=\"\" data-id=\"14853\" data-link=\"https:\/\/www.arepoquality.eu\/?attachment_id=14853\" class=\"wp-image-14853\" srcset=\"https:\/\/www.arepoquality.eu\/wp-content\/uploads\/2023\/04\/img_4540-1-1024x683.jpg 1024w, https:\/\/www.arepoquality.eu\/wp-content\/uploads\/2023\/04\/img_4540-1-300x200.jpg 300w, https:\/\/www.arepoquality.eu\/wp-content\/uploads\/2023\/04\/img_4540-1-768x512.jpg 768w, https:\/\/www.arepoquality.eu\/wp-content\/uploads\/2023\/04\/img_4540-1-320x213.jpg 320w, https:\/\/www.arepoquality.eu\/wp-content\/uploads\/2023\/04\/img_4540-1-640x427.jpg 640w, https:\/\/www.arepoquality.eu\/wp-content\/uploads\/2023\/04\/img_4540-1-1280x854.jpg 1280w, https:\/\/www.arepoquality.eu\/wp-content\/uploads\/2023\/04\/img_4540-1-1920x1280.jpg 1920w\" sizes=\"auto, (max-width: 1024px) 100vw, 1024px\" \/><figcaption>\u00a9Valeria Mongelli\/Total EU<\/figcaption><\/figure><\/li><li class=\"blocks-gallery-item\"><figure><img loading=\"lazy\" decoding=\"async\" width=\"1024\" height=\"683\" src=\"https:\/\/www.arepoquality.eu\/wp-content\/uploads\/2023\/04\/img_4657-1-1024x683.jpg\" alt=\"\" data-id=\"14857\" data-link=\"https:\/\/www.arepoquality.eu\/?attachment_id=14857\" class=\"wp-image-14857\" srcset=\"https:\/\/www.arepoquality.eu\/wp-content\/uploads\/2023\/04\/img_4657-1-1024x683.jpg 1024w, https:\/\/www.arepoquality.eu\/wp-content\/uploads\/2023\/04\/img_4657-1-300x200.jpg 300w, https:\/\/www.arepoquality.eu\/wp-content\/uploads\/2023\/04\/img_4657-1-768x512.jpg 768w, https:\/\/www.arepoquality.eu\/wp-content\/uploads\/2023\/04\/img_4657-1-320x213.jpg 320w, https:\/\/www.arepoquality.eu\/wp-content\/uploads\/2023\/04\/img_4657-1-640x427.jpg 640w, https:\/\/www.arepoquality.eu\/wp-content\/uploads\/2023\/04\/img_4657-1-1280x854.jpg 1280w, https:\/\/www.arepoquality.eu\/wp-content\/uploads\/2023\/04\/img_4657-1-1920x1280.jpg 1920w\" sizes=\"auto, (max-width: 1024px) 100vw, 1024px\" \/><figcaption>\u00a9Valeria Mongelli\/Total EU<\/figcaption><\/figure><\/li><li class=\"blocks-gallery-item\"><figure><img loading=\"lazy\" decoding=\"async\" width=\"1024\" height=\"683\" src=\"https:\/\/www.arepoquality.eu\/wp-content\/uploads\/2023\/04\/img_4903-1024x683.jpg\" alt=\"\" data-id=\"14861\" data-link=\"https:\/\/www.arepoquality.eu\/?attachment_id=14861\" class=\"wp-image-14861\" srcset=\"https:\/\/www.arepoquality.eu\/wp-content\/uploads\/2023\/04\/img_4903-1024x683.jpg 1024w, https:\/\/www.arepoquality.eu\/wp-content\/uploads\/2023\/04\/img_4903-300x200.jpg 300w, https:\/\/www.arepoquality.eu\/wp-content\/uploads\/2023\/04\/img_4903-768x512.jpg 768w, https:\/\/www.arepoquality.eu\/wp-content\/uploads\/2023\/04\/img_4903-320x213.jpg 320w, https:\/\/www.arepoquality.eu\/wp-content\/uploads\/2023\/04\/img_4903-640x427.jpg 640w, https:\/\/www.arepoquality.eu\/wp-content\/uploads\/2023\/04\/img_4903-1280x854.jpg 1280w, https:\/\/www.arepoquality.eu\/wp-content\/uploads\/2023\/04\/img_4903-1920x1280.jpg 1920w\" sizes=\"auto, (max-width: 1024px) 100vw, 1024px\" \/><figcaption>\u00a9Valeria Mongelli\/Total EU<\/figcaption><\/figure><\/li><\/ul>\n\n\n\n<div class=\"wp-block-image\"><figure class=\"alignleft is-resized\"><img loading=\"lazy\" decoding=\"async\" src=\"https:\/\/www.arepoquality.eu\/wp-content\/uploads\/2023\/03\/logo-agrosmartglobal-1024x565.png\" alt=\"\" class=\"wp-image-13972\" width=\"160\" height=\"87\" srcset=\"https:\/\/www.arepoquality.eu\/wp-content\/uploads\/2023\/03\/logo-agrosmartglobal-1024x565.png 1024w, https:\/\/www.arepoquality.eu\/wp-content\/uploads\/2023\/03\/logo-agrosmartglobal-768x424.png 768w, https:\/\/www.arepoquality.eu\/wp-content\/uploads\/2023\/03\/logo-agrosmartglobal-640x353.png 640w, https:\/\/www.arepoquality.eu\/wp-content\/uploads\/2023\/03\/logo-agrosmartglobal-1280x706.png 1280w, https:\/\/www.arepoquality.eu\/wp-content\/uploads\/2023\/03\/logo-agrosmartglobal-1920x1060.png 1920w\" sizes=\"auto, (max-width: 160px) 100vw, 160px\" \/><\/figure><\/div>\n\n\n\n<p><strong>Avertissement :<\/strong><em>\u00ab Le soutien de la Commission europ\u00e9enne pour la production de cette publication ne constitue pas une approbation du contenu, qui est de la seule responsabilit\u00e9 de l&rsquo;auteur, et la Commission n&rsquo;est pas responsable de l&rsquo;usage qui pourrait \u00eatre fait des informations qui y sont contenues. \u00bb.<\/em><\/p>\n","protected":false},"excerpt":{"rendered":"<p>Le 30 mars 2023, l&rsquo;AREPO &#8211; Association des R\u00e9gions Europ\u00e9ennes des Produits d&rsquo;Origine &#8211; a tenu \u00e0 Bruxelles la 5\u00e8me \u00e9dition de l&rsquo;\u00ab\u00a0\u00c9v\u00e9nement europ\u00e9en sur les produits de qualit\u00e9 et d&rsquo;origine\u00a0\u00bb, organis\u00e9 dans le cadre du projet Interreg Sudoe AGROSMARTglobal, afin de sensibiliser \u00e0 l&rsquo;importance des produits de qualit\u00e9 et d&rsquo;origine pour l&rsquo;agriculture de l&rsquo;UE [&hellip;]<\/p>\n","protected":false},"author":3,"featured_media":14879,"comment_status":"open","ping_status":"open","sticky":false,"template":"","format":"standard","meta":{"_acf_changed":false,"footnotes":""},"categories":[157,160,39,343,347],"tags":[],"class_list":["post-14919","post","type-post","status-publish","format-standard","has-post-thumbnail","hentry","category-agrosmartglobal-fr","category-evenements-arepo","category-politique-de-qualite","category-projet-europeen","category-protection-ig"],"acf":[],"yoast_head":"<!-- This site is optimized with the Yoast SEO plugin v27.4 - https:\/\/yoast.com\/product\/yoast-seo-wordpress\/ -->\n<title>5\u00e8me \u00c9dition de l&#039;\u00c9v\u00e9nement Europ\u00e9en de l\u2019AREPO sur les Produits de Qualit\u00e9 et d&#039;Origine dans le cadre du projet Interreg Sudoe AGROSMARTglobal - AREPO<\/title>\n<meta name=\"robots\" content=\"index, follow, max-snippet:-1, max-image-preview:large, max-video-preview:-1\" \/>\n<link rel=\"canonical\" href=\"https:\/\/www.arepoquality.eu\/fr\/2023\/04\/06\/5th-arepo-eu-event-on-quality-and-origin-products-in-the-framework-of-agrosmartglobal\/\" \/>\n<meta property=\"og:locale\" content=\"fr_FR\" \/>\n<meta property=\"og:type\" content=\"article\" \/>\n<meta property=\"og:title\" content=\"5\u00e8me \u00c9dition de l&#039;\u00c9v\u00e9nement Europ\u00e9en de l\u2019AREPO sur les Produits de Qualit\u00e9 et d&#039;Origine dans le cadre du projet Interreg Sudoe AGROSMARTglobal - AREPO\" \/>\n<meta property=\"og:description\" content=\"Le 30 mars 2023, l&rsquo;AREPO &#8211; Association des R\u00e9gions Europ\u00e9ennes des Produits d&rsquo;Origine &#8211; a tenu \u00e0 Bruxelles la 5\u00e8me \u00e9dition de l&rsquo;\u00ab\u00a0\u00c9v\u00e9nement europ\u00e9en sur les produits de qualit\u00e9 et d&rsquo;origine\u00a0\u00bb, organis\u00e9 dans le cadre du projet Interreg Sudoe AGROSMARTglobal, afin de sensibiliser \u00e0 l&rsquo;importance des produits de qualit\u00e9 et d&rsquo;origine pour l&rsquo;agriculture de l&rsquo;UE [&hellip;]\" \/>\n<meta property=\"og:url\" content=\"https:\/\/www.arepoquality.eu\/fr\/2023\/04\/06\/5th-arepo-eu-event-on-quality-and-origin-products-in-the-framework-of-agrosmartglobal\/\" \/>\n<meta property=\"og:site_name\" content=\"AREPO\" \/>\n<meta property=\"article:publisher\" content=\"https:\/\/www.facebook.com\/arepoquality\/\" \/>\n<meta property=\"article:published_time\" content=\"2023-04-06T12:47:50+00:00\" \/>\n<meta property=\"article:modified_time\" content=\"2023-04-06T12:57:59+00:00\" \/>\n<meta property=\"og:image\" content=\"https:\/\/www.arepoquality.eu\/wp-content\/uploads\/2023\/04\/capture-decran-2023-04-06-a-13.33.21.png\" \/>\n\t<meta property=\"og:image:width\" content=\"2272\" \/>\n\t<meta property=\"og:image:height\" content=\"1520\" \/>\n\t<meta property=\"og:image:type\" content=\"image\/png\" \/>\n<meta name=\"author\" content=\"Francesca Alampi\" \/>\n<meta name=\"twitter:card\" content=\"summary_large_image\" \/>\n<meta name=\"twitter:creator\" content=\"@arepoquality_eu\" \/>\n<meta name=\"twitter:site\" content=\"@arepoquality_eu\" \/>\n<meta name=\"twitter:label1\" content=\"\u00c9crit par\" \/>\n\t<meta name=\"twitter:data1\" content=\"Francesca Alampi\" \/>\n\t<meta name=\"twitter:label2\" content=\"Dur\u00e9e de lecture estim\u00e9e\" \/>\n\t<meta name=\"twitter:data2\" content=\"8 minutes\" \/>\n<script type=\"application\/ld+json\" class=\"yoast-schema-graph\">{\"@context\":\"https:\\\/\\\/schema.org\",\"@graph\":[{\"@type\":\"Article\",\"@id\":\"https:\\\/\\\/www.arepoquality.eu\\\/fr\\\/2023\\\/04\\\/06\\\/5th-arepo-eu-event-on-quality-and-origin-products-in-the-framework-of-agrosmartglobal\\\/#article\",\"isPartOf\":{\"@id\":\"https:\\\/\\\/www.arepoquality.eu\\\/fr\\\/2023\\\/04\\\/06\\\/5th-arepo-eu-event-on-quality-and-origin-products-in-the-framework-of-agrosmartglobal\\\/\"},\"author\":{\"name\":\"Francesca Alampi\",\"@id\":\"https:\\\/\\\/www.arepoquality.eu\\\/#\\\/schema\\\/person\\\/15f7c6b22cbe9706c69d5201712ded97\"},\"headline\":\"5\u00e8me \u00c9dition de l&rsquo;\u00c9v\u00e9nement Europ\u00e9en de l\u2019AREPO sur les Produits de Qualit\u00e9 et d&rsquo;Origine dans le cadre du projet Interreg Sudoe AGROSMARTglobal\",\"datePublished\":\"2023-04-06T12:47:50+00:00\",\"dateModified\":\"2023-04-06T12:57:59+00:00\",\"mainEntityOfPage\":{\"@id\":\"https:\\\/\\\/www.arepoquality.eu\\\/fr\\\/2023\\\/04\\\/06\\\/5th-arepo-eu-event-on-quality-and-origin-products-in-the-framework-of-agrosmartglobal\\\/\"},\"wordCount\":1716,\"commentCount\":0,\"publisher\":{\"@id\":\"https:\\\/\\\/www.arepoquality.eu\\\/#organization\"},\"image\":{\"@id\":\"https:\\\/\\\/www.arepoquality.eu\\\/fr\\\/2023\\\/04\\\/06\\\/5th-arepo-eu-event-on-quality-and-origin-products-in-the-framework-of-agrosmartglobal\\\/#primaryimage\"},\"thumbnailUrl\":\"https:\\\/\\\/www.arepoquality.eu\\\/wp-content\\\/uploads\\\/2023\\\/04\\\/capture-decran-2023-04-06-a-13.33.21.png\",\"articleSection\":[\"AGROSMARTglobal\",\"\u00c9v\u00e8nement AREPO\",\"Politique de qualit\u00e9\",\"Projet UE\",\"Protection IG\"],\"inLanguage\":\"fr-FR\",\"potentialAction\":[{\"@type\":\"CommentAction\",\"name\":\"Comment\",\"target\":[\"https:\\\/\\\/www.arepoquality.eu\\\/fr\\\/2023\\\/04\\\/06\\\/5th-arepo-eu-event-on-quality-and-origin-products-in-the-framework-of-agrosmartglobal\\\/#respond\"]}]},{\"@type\":\"WebPage\",\"@id\":\"https:\\\/\\\/www.arepoquality.eu\\\/fr\\\/2023\\\/04\\\/06\\\/5th-arepo-eu-event-on-quality-and-origin-products-in-the-framework-of-agrosmartglobal\\\/\",\"url\":\"https:\\\/\\\/www.arepoquality.eu\\\/fr\\\/2023\\\/04\\\/06\\\/5th-arepo-eu-event-on-quality-and-origin-products-in-the-framework-of-agrosmartglobal\\\/\",\"name\":\"5\u00e8me \u00c9dition de l'\u00c9v\u00e9nement Europ\u00e9en de l\u2019AREPO sur les Produits de Qualit\u00e9 et d'Origine dans le cadre du projet Interreg Sudoe AGROSMARTglobal - AREPO\",\"isPartOf\":{\"@id\":\"https:\\\/\\\/www.arepoquality.eu\\\/#website\"},\"primaryImageOfPage\":{\"@id\":\"https:\\\/\\\/www.arepoquality.eu\\\/fr\\\/2023\\\/04\\\/06\\\/5th-arepo-eu-event-on-quality-and-origin-products-in-the-framework-of-agrosmartglobal\\\/#primaryimage\"},\"image\":{\"@id\":\"https:\\\/\\\/www.arepoquality.eu\\\/fr\\\/2023\\\/04\\\/06\\\/5th-arepo-eu-event-on-quality-and-origin-products-in-the-framework-of-agrosmartglobal\\\/#primaryimage\"},\"thumbnailUrl\":\"https:\\\/\\\/www.arepoquality.eu\\\/wp-content\\\/uploads\\\/2023\\\/04\\\/capture-decran-2023-04-06-a-13.33.21.png\",\"datePublished\":\"2023-04-06T12:47:50+00:00\",\"dateModified\":\"2023-04-06T12:57:59+00:00\",\"breadcrumb\":{\"@id\":\"https:\\\/\\\/www.arepoquality.eu\\\/fr\\\/2023\\\/04\\\/06\\\/5th-arepo-eu-event-on-quality-and-origin-products-in-the-framework-of-agrosmartglobal\\\/#breadcrumb\"},\"inLanguage\":\"fr-FR\",\"potentialAction\":[{\"@type\":\"ReadAction\",\"target\":[\"https:\\\/\\\/www.arepoquality.eu\\\/fr\\\/2023\\\/04\\\/06\\\/5th-arepo-eu-event-on-quality-and-origin-products-in-the-framework-of-agrosmartglobal\\\/\"]}]},{\"@type\":\"ImageObject\",\"inLanguage\":\"fr-FR\",\"@id\":\"https:\\\/\\\/www.arepoquality.eu\\\/fr\\\/2023\\\/04\\\/06\\\/5th-arepo-eu-event-on-quality-and-origin-products-in-the-framework-of-agrosmartglobal\\\/#primaryimage\",\"url\":\"https:\\\/\\\/www.arepoquality.eu\\\/wp-content\\\/uploads\\\/2023\\\/04\\\/capture-decran-2023-04-06-a-13.33.21.png\",\"contentUrl\":\"https:\\\/\\\/www.arepoquality.eu\\\/wp-content\\\/uploads\\\/2023\\\/04\\\/capture-decran-2023-04-06-a-13.33.21.png\",\"width\":2272,\"height\":1520},{\"@type\":\"BreadcrumbList\",\"@id\":\"https:\\\/\\\/www.arepoquality.eu\\\/fr\\\/2023\\\/04\\\/06\\\/5th-arepo-eu-event-on-quality-and-origin-products-in-the-framework-of-agrosmartglobal\\\/#breadcrumb\",\"itemListElement\":[{\"@type\":\"ListItem\",\"position\":1,\"name\":\"Home\",\"item\":\"https:\\\/\\\/www.arepoquality.eu\\\/\"},{\"@type\":\"ListItem\",\"position\":2,\"name\":\"5\u00e8me \u00c9dition de l&rsquo;\u00c9v\u00e9nement Europ\u00e9en de l\u2019AREPO sur les Produits de Qualit\u00e9 et d&rsquo;Origine dans le cadre du projet Interreg Sudoe AGROSMARTglobal\"}]},{\"@type\":\"WebSite\",\"@id\":\"https:\\\/\\\/www.arepoquality.eu\\\/#website\",\"url\":\"https:\\\/\\\/www.arepoquality.eu\\\/\",\"name\":\"AREPO\",\"description\":\"\",\"publisher\":{\"@id\":\"https:\\\/\\\/www.arepoquality.eu\\\/#organization\"},\"potentialAction\":[{\"@type\":\"SearchAction\",\"target\":{\"@type\":\"EntryPoint\",\"urlTemplate\":\"https:\\\/\\\/www.arepoquality.eu\\\/?s={search_term_string}\"},\"query-input\":{\"@type\":\"PropertyValueSpecification\",\"valueRequired\":true,\"valueName\":\"search_term_string\"}}],\"inLanguage\":\"fr-FR\"},{\"@type\":\"Organization\",\"@id\":\"https:\\\/\\\/www.arepoquality.eu\\\/#organization\",\"name\":\"AREPO\",\"url\":\"https:\\\/\\\/www.arepoquality.eu\\\/\",\"logo\":{\"@type\":\"ImageObject\",\"inLanguage\":\"fr-FR\",\"@id\":\"https:\\\/\\\/www.arepoquality.eu\\\/#\\\/schema\\\/logo\\\/image\\\/\",\"url\":\"https:\\\/\\\/www.arepoquality.eu\\\/wp-content\\\/uploads\\\/2024\\\/05\\\/arepo.jpg\",\"contentUrl\":\"https:\\\/\\\/www.arepoquality.eu\\\/wp-content\\\/uploads\\\/2024\\\/05\\\/arepo.jpg\",\"width\":1113,\"height\":705,\"caption\":\"AREPO\"},\"image\":{\"@id\":\"https:\\\/\\\/www.arepoquality.eu\\\/#\\\/schema\\\/logo\\\/image\\\/\"},\"sameAs\":[\"https:\\\/\\\/www.facebook.com\\\/arepoquality\\\/\",\"https:\\\/\\\/x.com\\\/arepoquality_eu\",\"https:\\\/\\\/www.linkedin.com\\\/company\\\/arepoquality\\\/?viewAsMember=true\"]},{\"@type\":\"Person\",\"@id\":\"https:\\\/\\\/www.arepoquality.eu\\\/#\\\/schema\\\/person\\\/15f7c6b22cbe9706c69d5201712ded97\",\"name\":\"Francesca Alampi\",\"url\":\"https:\\\/\\\/www.arepoquality.eu\\\/fr\\\/author\\\/francesca-alampi\\\/\"}]}<\/script>\n<!-- \/ Yoast SEO plugin. -->","yoast_head_json":{"title":"5\u00e8me \u00c9dition de l'\u00c9v\u00e9nement Europ\u00e9en de l\u2019AREPO sur les Produits de Qualit\u00e9 et d'Origine dans le cadre du projet Interreg Sudoe AGROSMARTglobal - AREPO","robots":{"index":"index","follow":"follow","max-snippet":"max-snippet:-1","max-image-preview":"max-image-preview:large","max-video-preview":"max-video-preview:-1"},"canonical":"https:\/\/www.arepoquality.eu\/fr\/2023\/04\/06\/5th-arepo-eu-event-on-quality-and-origin-products-in-the-framework-of-agrosmartglobal\/","og_locale":"fr_FR","og_type":"article","og_title":"5\u00e8me \u00c9dition de l'\u00c9v\u00e9nement Europ\u00e9en de l\u2019AREPO sur les Produits de Qualit\u00e9 et d'Origine dans le cadre du projet Interreg Sudoe AGROSMARTglobal - AREPO","og_description":"Le 30 mars 2023, l&rsquo;AREPO &#8211; Association des R\u00e9gions Europ\u00e9ennes des Produits d&rsquo;Origine &#8211; a tenu \u00e0 Bruxelles la 5\u00e8me \u00e9dition de l&rsquo;\u00ab\u00a0\u00c9v\u00e9nement europ\u00e9en sur les produits de qualit\u00e9 et d&rsquo;origine\u00a0\u00bb, organis\u00e9 dans le cadre du projet Interreg Sudoe AGROSMARTglobal, afin de sensibiliser \u00e0 l&rsquo;importance des produits de qualit\u00e9 et d&rsquo;origine pour l&rsquo;agriculture de l&rsquo;UE [&hellip;]","og_url":"https:\/\/www.arepoquality.eu\/fr\/2023\/04\/06\/5th-arepo-eu-event-on-quality-and-origin-products-in-the-framework-of-agrosmartglobal\/","og_site_name":"AREPO","article_publisher":"https:\/\/www.facebook.com\/arepoquality\/","article_published_time":"2023-04-06T12:47:50+00:00","article_modified_time":"2023-04-06T12:57:59+00:00","og_image":[{"width":2272,"height":1520,"url":"https:\/\/www.arepoquality.eu\/wp-content\/uploads\/2023\/04\/capture-decran-2023-04-06-a-13.33.21.png","type":"image\/png"}],"author":"Francesca Alampi","twitter_card":"summary_large_image","twitter_creator":"@arepoquality_eu","twitter_site":"@arepoquality_eu","twitter_misc":{"\u00c9crit par":"Francesca Alampi","Dur\u00e9e de lecture estim\u00e9e":"8 minutes"},"schema":{"@context":"https:\/\/schema.org","@graph":[{"@type":"Article","@id":"https:\/\/www.arepoquality.eu\/fr\/2023\/04\/06\/5th-arepo-eu-event-on-quality-and-origin-products-in-the-framework-of-agrosmartglobal\/#article","isPartOf":{"@id":"https:\/\/www.arepoquality.eu\/fr\/2023\/04\/06\/5th-arepo-eu-event-on-quality-and-origin-products-in-the-framework-of-agrosmartglobal\/"},"author":{"name":"Francesca Alampi","@id":"https:\/\/www.arepoquality.eu\/#\/schema\/person\/15f7c6b22cbe9706c69d5201712ded97"},"headline":"5\u00e8me \u00c9dition de l&rsquo;\u00c9v\u00e9nement Europ\u00e9en de l\u2019AREPO sur les Produits de Qualit\u00e9 et d&rsquo;Origine dans le cadre du projet Interreg Sudoe AGROSMARTglobal","datePublished":"2023-04-06T12:47:50+00:00","dateModified":"2023-04-06T12:57:59+00:00","mainEntityOfPage":{"@id":"https:\/\/www.arepoquality.eu\/fr\/2023\/04\/06\/5th-arepo-eu-event-on-quality-and-origin-products-in-the-framework-of-agrosmartglobal\/"},"wordCount":1716,"commentCount":0,"publisher":{"@id":"https:\/\/www.arepoquality.eu\/#organization"},"image":{"@id":"https:\/\/www.arepoquality.eu\/fr\/2023\/04\/06\/5th-arepo-eu-event-on-quality-and-origin-products-in-the-framework-of-agrosmartglobal\/#primaryimage"},"thumbnailUrl":"https:\/\/www.arepoquality.eu\/wp-content\/uploads\/2023\/04\/capture-decran-2023-04-06-a-13.33.21.png","articleSection":["AGROSMARTglobal","\u00c9v\u00e8nement AREPO","Politique de qualit\u00e9","Projet UE","Protection IG"],"inLanguage":"fr-FR","potentialAction":[{"@type":"CommentAction","name":"Comment","target":["https:\/\/www.arepoquality.eu\/fr\/2023\/04\/06\/5th-arepo-eu-event-on-quality-and-origin-products-in-the-framework-of-agrosmartglobal\/#respond"]}]},{"@type":"WebPage","@id":"https:\/\/www.arepoquality.eu\/fr\/2023\/04\/06\/5th-arepo-eu-event-on-quality-and-origin-products-in-the-framework-of-agrosmartglobal\/","url":"https:\/\/www.arepoquality.eu\/fr\/2023\/04\/06\/5th-arepo-eu-event-on-quality-and-origin-products-in-the-framework-of-agrosmartglobal\/","name":"5\u00e8me \u00c9dition de l'\u00c9v\u00e9nement Europ\u00e9en de l\u2019AREPO sur les Produits de Qualit\u00e9 et d'Origine dans le cadre du projet Interreg Sudoe AGROSMARTglobal - AREPO","isPartOf":{"@id":"https:\/\/www.arepoquality.eu\/#website"},"primaryImageOfPage":{"@id":"https:\/\/www.arepoquality.eu\/fr\/2023\/04\/06\/5th-arepo-eu-event-on-quality-and-origin-products-in-the-framework-of-agrosmartglobal\/#primaryimage"},"image":{"@id":"https:\/\/www.arepoquality.eu\/fr\/2023\/04\/06\/5th-arepo-eu-event-on-quality-and-origin-products-in-the-framework-of-agrosmartglobal\/#primaryimage"},"thumbnailUrl":"https:\/\/www.arepoquality.eu\/wp-content\/uploads\/2023\/04\/capture-decran-2023-04-06-a-13.33.21.png","datePublished":"2023-04-06T12:47:50+00:00","dateModified":"2023-04-06T12:57:59+00:00","breadcrumb":{"@id":"https:\/\/www.arepoquality.eu\/fr\/2023\/04\/06\/5th-arepo-eu-event-on-quality-and-origin-products-in-the-framework-of-agrosmartglobal\/#breadcrumb"},"inLanguage":"fr-FR","potentialAction":[{"@type":"ReadAction","target":["https:\/\/www.arepoquality.eu\/fr\/2023\/04\/06\/5th-arepo-eu-event-on-quality-and-origin-products-in-the-framework-of-agrosmartglobal\/"]}]},{"@type":"ImageObject","inLanguage":"fr-FR","@id":"https:\/\/www.arepoquality.eu\/fr\/2023\/04\/06\/5th-arepo-eu-event-on-quality-and-origin-products-in-the-framework-of-agrosmartglobal\/#primaryimage","url":"https:\/\/www.arepoquality.eu\/wp-content\/uploads\/2023\/04\/capture-decran-2023-04-06-a-13.33.21.png","contentUrl":"https:\/\/www.arepoquality.eu\/wp-content\/uploads\/2023\/04\/capture-decran-2023-04-06-a-13.33.21.png","width":2272,"height":1520},{"@type":"BreadcrumbList","@id":"https:\/\/www.arepoquality.eu\/fr\/2023\/04\/06\/5th-arepo-eu-event-on-quality-and-origin-products-in-the-framework-of-agrosmartglobal\/#breadcrumb","itemListElement":[{"@type":"ListItem","position":1,"name":"Home","item":"https:\/\/www.arepoquality.eu\/"},{"@type":"ListItem","position":2,"name":"5\u00e8me \u00c9dition de l&rsquo;\u00c9v\u00e9nement Europ\u00e9en de l\u2019AREPO sur les Produits de Qualit\u00e9 et d&rsquo;Origine dans le cadre du projet Interreg Sudoe AGROSMARTglobal"}]},{"@type":"WebSite","@id":"https:\/\/www.arepoquality.eu\/#website","url":"https:\/\/www.arepoquality.eu\/","name":"AREPO","description":"","publisher":{"@id":"https:\/\/www.arepoquality.eu\/#organization"},"potentialAction":[{"@type":"SearchAction","target":{"@type":"EntryPoint","urlTemplate":"https:\/\/www.arepoquality.eu\/?s={search_term_string}"},"query-input":{"@type":"PropertyValueSpecification","valueRequired":true,"valueName":"search_term_string"}}],"inLanguage":"fr-FR"},{"@type":"Organization","@id":"https:\/\/www.arepoquality.eu\/#organization","name":"AREPO","url":"https:\/\/www.arepoquality.eu\/","logo":{"@type":"ImageObject","inLanguage":"fr-FR","@id":"https:\/\/www.arepoquality.eu\/#\/schema\/logo\/image\/","url":"https:\/\/www.arepoquality.eu\/wp-content\/uploads\/2024\/05\/arepo.jpg","contentUrl":"https:\/\/www.arepoquality.eu\/wp-content\/uploads\/2024\/05\/arepo.jpg","width":1113,"height":705,"caption":"AREPO"},"image":{"@id":"https:\/\/www.arepoquality.eu\/#\/schema\/logo\/image\/"},"sameAs":["https:\/\/www.facebook.com\/arepoquality\/","https:\/\/x.com\/arepoquality_eu","https:\/\/www.linkedin.com\/company\/arepoquality\/?viewAsMember=true"]},{"@type":"Person","@id":"https:\/\/www.arepoquality.eu\/#\/schema\/person\/15f7c6b22cbe9706c69d5201712ded97","name":"Francesca Alampi","url":"https:\/\/www.arepoquality.eu\/fr\/author\/francesca-alampi\/"}]}},"_links":{"self":[{"href":"https:\/\/www.arepoquality.eu\/fr\/wp-json\/wp\/v2\/posts\/14919","targetHints":{"allow":["GET"]}}],"collection":[{"href":"https:\/\/www.arepoquality.eu\/fr\/wp-json\/wp\/v2\/posts"}],"about":[{"href":"https:\/\/www.arepoquality.eu\/fr\/wp-json\/wp\/v2\/types\/post"}],"author":[{"embeddable":true,"href":"https:\/\/www.arepoquality.eu\/fr\/wp-json\/wp\/v2\/users\/3"}],"replies":[{"embeddable":true,"href":"https:\/\/www.arepoquality.eu\/fr\/wp-json\/wp\/v2\/comments?post=14919"}],"version-history":[{"count":2,"href":"https:\/\/www.arepoquality.eu\/fr\/wp-json\/wp\/v2\/posts\/14919\/revisions"}],"predecessor-version":[{"id":14927,"href":"https:\/\/www.arepoquality.eu\/fr\/wp-json\/wp\/v2\/posts\/14919\/revisions\/14927"}],"wp:featuredmedia":[{"embeddable":true,"href":"https:\/\/www.arepoquality.eu\/fr\/wp-json\/wp\/v2\/media\/14879"}],"wp:attachment":[{"href":"https:\/\/www.arepoquality.eu\/fr\/wp-json\/wp\/v2\/media?parent=14919"}],"wp:term":[{"taxonomy":"category","embeddable":true,"href":"https:\/\/www.arepoquality.eu\/fr\/wp-json\/wp\/v2\/categories?post=14919"},{"taxonomy":"post_tag","embeddable":true,"href":"https:\/\/www.arepoquality.eu\/fr\/wp-json\/wp\/v2\/tags?post=14919"}],"curies":[{"name":"wp","href":"https:\/\/api.w.org\/{rel}","templated":true}]}}