{"id":17384,"date":"2025-02-06T15:45:22","date_gmt":"2025-02-06T14:45:22","guid":{"rendered":"https:\/\/www.arepoquality.eu\/?p=17384"},"modified":"2026-02-12T15:26:26","modified_gmt":"2026-02-12T14:26:26","slug":"la-region-sardegna-adhere-a-larepo","status":"publish","type":"post","link":"https:\/\/www.arepoquality.eu\/fr\/2025\/02\/06\/la-region-sardegna-adhere-a-larepo\/","title":{"rendered":"La R\u00e9gion Sardegna adh\u00e8re \u00e0 l\u2019AREPO"},"content":{"rendered":"\n<div style=\"height:25px\" aria-hidden=\"true\" class=\"wp-block-spacer\"><\/div>\n\n\n\n<p>Le Ministre de l&rsquo;Agriculture et de la R\u00e9forme agropastorale de la R\u00e9gion Sardegna, <strong>M. Gian Franco Satta<\/strong>, a officiellement inform\u00e9 l&rsquo;AREPO de la d\u00e9cision <strong>d&rsquo;adh\u00e9rer au r\u00e9seau en tant que membre<\/strong>.<\/p>\n\n\n\n<p>L&rsquo;AREPO souhaite la bienvenue \u00e0 la R\u00e9gion Autonome de Sardegna et esp\u00e8re une collaboration positive sur l&rsquo;objectif commun de la valorisation des produits de qualit\u00e9.<\/p>\n\n\n\n<p>Vous souhaitez en savoir plus sur la Sardaigne et ses produits d&rsquo;origine ? <a href=\"https:\/\/www.arepoquality.eu\/fr\/member\/sardegna\/\">Cliquez ici<\/a> pour consulter la page d\u00e9di\u00e9e sur le site de l&rsquo;AREPO.<\/p>\n","protected":false},"excerpt":{"rendered":"<p>Le Ministre de l&rsquo;Agriculture et de la R\u00e9forme agropastorale de la R\u00e9gion Sardegna, M. Gian Franco Satta, a officiellement inform\u00e9 l&rsquo;AREPO de la d\u00e9cision d&rsquo;adh\u00e9rer au r\u00e9seau en tant que membre. L&rsquo;AREPO souhaite la bienvenue \u00e0 la R\u00e9gion Autonome de Sardegna et esp\u00e8re une collaboration positive sur l&rsquo;objectif commun de la valorisation des produits de [&hellip;]<\/p>\n","protected":false},"author":3,"featured_media":17372,"comment_status":"closed","ping_status":"closed","sticky":false,"template":"","format":"standard","meta":{"_acf_changed":false,"footnotes":""},"categories":[163],"tags":[],"class_list":["post-17384","post","type-post","status-publish","format-standard","has-post-thumbnail","hentry","category-nouveaux-membres"],"acf":[],"yoast_head":"<!-- This site is optimized with the Yoast SEO plugin v27.5 - https:\/\/yoast.com\/product\/yoast-seo-wordpress\/ -->\n<title>La R\u00e9gion Sardegna adh\u00e8re \u00e0 l\u2019AREPO - AREPO<\/title>\n<meta name=\"robots\" content=\"index, follow, max-snippet:-1, max-image-preview:large, max-video-preview:-1\" \/>\n<link rel=\"canonical\" href=\"https:\/\/www.arepoquality.eu\/fr\/2025\/02\/06\/la-region-sardegna-adhere-a-larepo\/\" \/>\n<meta property=\"og:locale\" content=\"fr_FR\" \/>\n<meta property=\"og:type\" content=\"article\" \/>\n<meta property=\"og:title\" content=\"La R\u00e9gion Sardegna adh\u00e8re \u00e0 l\u2019AREPO - AREPO\" \/>\n<meta property=\"og:description\" content=\"Le Ministre de l&rsquo;Agriculture et de la R\u00e9forme agropastorale de la R\u00e9gion Sardegna, M. Gian Franco Satta, a officiellement inform\u00e9 l&rsquo;AREPO de la d\u00e9cision d&rsquo;adh\u00e9rer au r\u00e9seau en tant que membre. L&rsquo;AREPO souhaite la bienvenue \u00e0 la R\u00e9gion Autonome de Sardegna et esp\u00e8re une collaboration positive sur l&rsquo;objectif commun de la valorisation des produits de [&hellip;]\" \/>\n<meta property=\"og:url\" content=\"https:\/\/www.arepoquality.eu\/fr\/2025\/02\/06\/la-region-sardegna-adhere-a-larepo\/\" \/>\n<meta property=\"og:site_name\" content=\"AREPO\" \/>\n<meta property=\"article:publisher\" content=\"https:\/\/www.facebook.com\/arepoquality\/\" \/>\n<meta property=\"article:published_time\" content=\"2025-02-06T14:45:22+00:00\" \/>\n<meta property=\"article:modified_time\" content=\"2026-02-12T14:26:26+00:00\" \/>\n<meta property=\"og:image\" content=\"https:\/\/www.arepoquality.eu\/wp-content\/uploads\/2025\/02\/bandiera_sx_2_righe.png\" \/>\n\t<meta property=\"og:image:width\" content=\"689\" \/>\n\t<meta property=\"og:image:height\" content=\"304\" \/>\n\t<meta property=\"og:image:type\" content=\"image\/png\" \/>\n<meta name=\"author\" content=\"Francesca Alampi\" \/>\n<meta name=\"twitter:card\" content=\"summary_large_image\" \/>\n<meta name=\"twitter:creator\" content=\"@arepoquality_eu\" \/>\n<meta name=\"twitter:site\" content=\"@arepoquality_eu\" \/>\n<meta name=\"twitter:label1\" content=\"\u00c9crit par\" \/>\n\t<meta name=\"twitter:data1\" content=\"Francesca Alampi\" \/>\n\t<meta name=\"twitter:label2\" content=\"Dur\u00e9e de lecture estim\u00e9e\" \/>\n\t<meta name=\"twitter:data2\" content=\"1 minute\" \/>\n<script type=\"application\/ld+json\" class=\"yoast-schema-graph\">{\"@context\":\"https:\\\/\\\/schema.org\",\"@graph\":[{\"@type\":\"Article\",\"@id\":\"https:\\\/\\\/www.arepoquality.eu\\\/fr\\\/2025\\\/02\\\/06\\\/la-region-sardegna-adhere-a-larepo\\\/#article\",\"isPartOf\":{\"@id\":\"https:\\\/\\\/www.arepoquality.eu\\\/fr\\\/2025\\\/02\\\/06\\\/la-region-sardegna-adhere-a-larepo\\\/\"},\"author\":{\"name\":\"Francesca Alampi\",\"@id\":\"https:\\\/\\\/www.arepoquality.eu\\\/#\\\/schema\\\/person\\\/15f7c6b22cbe9706c69d5201712ded97\"},\"headline\":\"La R\u00e9gion Sardegna adh\u00e8re \u00e0 l\u2019AREPO\",\"datePublished\":\"2025-02-06T14:45:22+00:00\",\"dateModified\":\"2026-02-12T14:26:26+00:00\",\"mainEntityOfPage\":{\"@id\":\"https:\\\/\\\/www.arepoquality.eu\\\/fr\\\/2025\\\/02\\\/06\\\/la-region-sardegna-adhere-a-larepo\\\/\"},\"wordCount\":96,\"publisher\":{\"@id\":\"https:\\\/\\\/www.arepoquality.eu\\\/#organization\"},\"image\":{\"@id\":\"https:\\\/\\\/www.arepoquality.eu\\\/fr\\\/2025\\\/02\\\/06\\\/la-region-sardegna-adhere-a-larepo\\\/#primaryimage\"},\"thumbnailUrl\":\"https:\\\/\\\/www.arepoquality.eu\\\/wp-content\\\/uploads\\\/2025\\\/02\\\/bandiera_sx_2_righe.png\",\"articleSection\":[\"Nouveau membre\"],\"inLanguage\":\"fr-FR\"},{\"@type\":\"WebPage\",\"@id\":\"https:\\\/\\\/www.arepoquality.eu\\\/fr\\\/2025\\\/02\\\/06\\\/la-region-sardegna-adhere-a-larepo\\\/\",\"url\":\"https:\\\/\\\/www.arepoquality.eu\\\/fr\\\/2025\\\/02\\\/06\\\/la-region-sardegna-adhere-a-larepo\\\/\",\"name\":\"La R\u00e9gion Sardegna adh\u00e8re \u00e0 l\u2019AREPO - AREPO\",\"isPartOf\":{\"@id\":\"https:\\\/\\\/www.arepoquality.eu\\\/#website\"},\"primaryImageOfPage\":{\"@id\":\"https:\\\/\\\/www.arepoquality.eu\\\/fr\\\/2025\\\/02\\\/06\\\/la-region-sardegna-adhere-a-larepo\\\/#primaryimage\"},\"image\":{\"@id\":\"https:\\\/\\\/www.arepoquality.eu\\\/fr\\\/2025\\\/02\\\/06\\\/la-region-sardegna-adhere-a-larepo\\\/#primaryimage\"},\"thumbnailUrl\":\"https:\\\/\\\/www.arepoquality.eu\\\/wp-content\\\/uploads\\\/2025\\\/02\\\/bandiera_sx_2_righe.png\",\"datePublished\":\"2025-02-06T14:45:22+00:00\",\"dateModified\":\"2026-02-12T14:26:26+00:00\",\"breadcrumb\":{\"@id\":\"https:\\\/\\\/www.arepoquality.eu\\\/fr\\\/2025\\\/02\\\/06\\\/la-region-sardegna-adhere-a-larepo\\\/#breadcrumb\"},\"inLanguage\":\"fr-FR\",\"potentialAction\":[{\"@type\":\"ReadAction\",\"target\":[\"https:\\\/\\\/www.arepoquality.eu\\\/fr\\\/2025\\\/02\\\/06\\\/la-region-sardegna-adhere-a-larepo\\\/\"]}]},{\"@type\":\"ImageObject\",\"inLanguage\":\"fr-FR\",\"@id\":\"https:\\\/\\\/www.arepoquality.eu\\\/fr\\\/2025\\\/02\\\/06\\\/la-region-sardegna-adhere-a-larepo\\\/#primaryimage\",\"url\":\"https:\\\/\\\/www.arepoquality.eu\\\/wp-content\\\/uploads\\\/2025\\\/02\\\/bandiera_sx_2_righe.png\",\"contentUrl\":\"https:\\\/\\\/www.arepoquality.eu\\\/wp-content\\\/uploads\\\/2025\\\/02\\\/bandiera_sx_2_righe.png\",\"width\":689,\"height\":304},{\"@type\":\"BreadcrumbList\",\"@id\":\"https:\\\/\\\/www.arepoquality.eu\\\/fr\\\/2025\\\/02\\\/06\\\/la-region-sardegna-adhere-a-larepo\\\/#breadcrumb\",\"itemListElement\":[{\"@type\":\"ListItem\",\"position\":1,\"name\":\"Home\",\"item\":\"https:\\\/\\\/www.arepoquality.eu\\\/\"},{\"@type\":\"ListItem\",\"position\":2,\"name\":\"La R\u00e9gion Sardegna adh\u00e8re \u00e0 l\u2019AREPO\"}]},{\"@type\":\"WebSite\",\"@id\":\"https:\\\/\\\/www.arepoquality.eu\\\/#website\",\"url\":\"https:\\\/\\\/www.arepoquality.eu\\\/\",\"name\":\"AREPO\",\"description\":\"\",\"publisher\":{\"@id\":\"https:\\\/\\\/www.arepoquality.eu\\\/#organization\"},\"potentialAction\":[{\"@type\":\"SearchAction\",\"target\":{\"@type\":\"EntryPoint\",\"urlTemplate\":\"https:\\\/\\\/www.arepoquality.eu\\\/?s={search_term_string}\"},\"query-input\":{\"@type\":\"PropertyValueSpecification\",\"valueRequired\":true,\"valueName\":\"search_term_string\"}}],\"inLanguage\":\"fr-FR\"},{\"@type\":\"Organization\",\"@id\":\"https:\\\/\\\/www.arepoquality.eu\\\/#organization\",\"name\":\"AREPO\",\"url\":\"https:\\\/\\\/www.arepoquality.eu\\\/\",\"logo\":{\"@type\":\"ImageObject\",\"inLanguage\":\"fr-FR\",\"@id\":\"https:\\\/\\\/www.arepoquality.eu\\\/#\\\/schema\\\/logo\\\/image\\\/\",\"url\":\"https:\\\/\\\/www.arepoquality.eu\\\/wp-content\\\/uploads\\\/2024\\\/05\\\/arepo.jpg\",\"contentUrl\":\"https:\\\/\\\/www.arepoquality.eu\\\/wp-content\\\/uploads\\\/2024\\\/05\\\/arepo.jpg\",\"width\":1113,\"height\":705,\"caption\":\"AREPO\"},\"image\":{\"@id\":\"https:\\\/\\\/www.arepoquality.eu\\\/#\\\/schema\\\/logo\\\/image\\\/\"},\"sameAs\":[\"https:\\\/\\\/www.facebook.com\\\/arepoquality\\\/\",\"https:\\\/\\\/x.com\\\/arepoquality_eu\",\"https:\\\/\\\/www.linkedin.com\\\/company\\\/arepoquality\\\/?viewAsMember=true\"]},{\"@type\":\"Person\",\"@id\":\"https:\\\/\\\/www.arepoquality.eu\\\/#\\\/schema\\\/person\\\/15f7c6b22cbe9706c69d5201712ded97\",\"name\":\"Francesca Alampi\",\"url\":\"https:\\\/\\\/www.arepoquality.eu\\\/fr\\\/author\\\/francesca-alampi\\\/\"}]}<\/script>\n<!-- \/ Yoast SEO plugin. -->","yoast_head_json":{"title":"La R\u00e9gion Sardegna adh\u00e8re \u00e0 l\u2019AREPO - AREPO","robots":{"index":"index","follow":"follow","max-snippet":"max-snippet:-1","max-image-preview":"max-image-preview:large","max-video-preview":"max-video-preview:-1"},"canonical":"https:\/\/www.arepoquality.eu\/fr\/2025\/02\/06\/la-region-sardegna-adhere-a-larepo\/","og_locale":"fr_FR","og_type":"article","og_title":"La R\u00e9gion Sardegna adh\u00e8re \u00e0 l\u2019AREPO - AREPO","og_description":"Le Ministre de l&rsquo;Agriculture et de la R\u00e9forme agropastorale de la R\u00e9gion Sardegna, M. Gian Franco Satta, a officiellement inform\u00e9 l&rsquo;AREPO de la d\u00e9cision d&rsquo;adh\u00e9rer au r\u00e9seau en tant que membre. L&rsquo;AREPO souhaite la bienvenue \u00e0 la R\u00e9gion Autonome de Sardegna et esp\u00e8re une collaboration positive sur l&rsquo;objectif commun de la valorisation des produits de [&hellip;]","og_url":"https:\/\/www.arepoquality.eu\/fr\/2025\/02\/06\/la-region-sardegna-adhere-a-larepo\/","og_site_name":"AREPO","article_publisher":"https:\/\/www.facebook.com\/arepoquality\/","article_published_time":"2025-02-06T14:45:22+00:00","article_modified_time":"2026-02-12T14:26:26+00:00","og_image":[{"width":689,"height":304,"url":"https:\/\/www.arepoquality.eu\/wp-content\/uploads\/2025\/02\/bandiera_sx_2_righe.png","type":"image\/png"}],"author":"Francesca Alampi","twitter_card":"summary_large_image","twitter_creator":"@arepoquality_eu","twitter_site":"@arepoquality_eu","twitter_misc":{"\u00c9crit par":"Francesca Alampi","Dur\u00e9e de lecture estim\u00e9e":"1 minute"},"schema":{"@context":"https:\/\/schema.org","@graph":[{"@type":"Article","@id":"https:\/\/www.arepoquality.eu\/fr\/2025\/02\/06\/la-region-sardegna-adhere-a-larepo\/#article","isPartOf":{"@id":"https:\/\/www.arepoquality.eu\/fr\/2025\/02\/06\/la-region-sardegna-adhere-a-larepo\/"},"author":{"name":"Francesca Alampi","@id":"https:\/\/www.arepoquality.eu\/#\/schema\/person\/15f7c6b22cbe9706c69d5201712ded97"},"headline":"La R\u00e9gion Sardegna adh\u00e8re \u00e0 l\u2019AREPO","datePublished":"2025-02-06T14:45:22+00:00","dateModified":"2026-02-12T14:26:26+00:00","mainEntityOfPage":{"@id":"https:\/\/www.arepoquality.eu\/fr\/2025\/02\/06\/la-region-sardegna-adhere-a-larepo\/"},"wordCount":96,"publisher":{"@id":"https:\/\/www.arepoquality.eu\/#organization"},"image":{"@id":"https:\/\/www.arepoquality.eu\/fr\/2025\/02\/06\/la-region-sardegna-adhere-a-larepo\/#primaryimage"},"thumbnailUrl":"https:\/\/www.arepoquality.eu\/wp-content\/uploads\/2025\/02\/bandiera_sx_2_righe.png","articleSection":["Nouveau membre"],"inLanguage":"fr-FR"},{"@type":"WebPage","@id":"https:\/\/www.arepoquality.eu\/fr\/2025\/02\/06\/la-region-sardegna-adhere-a-larepo\/","url":"https:\/\/www.arepoquality.eu\/fr\/2025\/02\/06\/la-region-sardegna-adhere-a-larepo\/","name":"La R\u00e9gion Sardegna adh\u00e8re \u00e0 l\u2019AREPO - AREPO","isPartOf":{"@id":"https:\/\/www.arepoquality.eu\/#website"},"primaryImageOfPage":{"@id":"https:\/\/www.arepoquality.eu\/fr\/2025\/02\/06\/la-region-sardegna-adhere-a-larepo\/#primaryimage"},"image":{"@id":"https:\/\/www.arepoquality.eu\/fr\/2025\/02\/06\/la-region-sardegna-adhere-a-larepo\/#primaryimage"},"thumbnailUrl":"https:\/\/www.arepoquality.eu\/wp-content\/uploads\/2025\/02\/bandiera_sx_2_righe.png","datePublished":"2025-02-06T14:45:22+00:00","dateModified":"2026-02-12T14:26:26+00:00","breadcrumb":{"@id":"https:\/\/www.arepoquality.eu\/fr\/2025\/02\/06\/la-region-sardegna-adhere-a-larepo\/#breadcrumb"},"inLanguage":"fr-FR","potentialAction":[{"@type":"ReadAction","target":["https:\/\/www.arepoquality.eu\/fr\/2025\/02\/06\/la-region-sardegna-adhere-a-larepo\/"]}]},{"@type":"ImageObject","inLanguage":"fr-FR","@id":"https:\/\/www.arepoquality.eu\/fr\/2025\/02\/06\/la-region-sardegna-adhere-a-larepo\/#primaryimage","url":"https:\/\/www.arepoquality.eu\/wp-content\/uploads\/2025\/02\/bandiera_sx_2_righe.png","contentUrl":"https:\/\/www.arepoquality.eu\/wp-content\/uploads\/2025\/02\/bandiera_sx_2_righe.png","width":689,"height":304},{"@type":"BreadcrumbList","@id":"https:\/\/www.arepoquality.eu\/fr\/2025\/02\/06\/la-region-sardegna-adhere-a-larepo\/#breadcrumb","itemListElement":[{"@type":"ListItem","position":1,"name":"Home","item":"https:\/\/www.arepoquality.eu\/"},{"@type":"ListItem","position":2,"name":"La R\u00e9gion Sardegna adh\u00e8re \u00e0 l\u2019AREPO"}]},{"@type":"WebSite","@id":"https:\/\/www.arepoquality.eu\/#website","url":"https:\/\/www.arepoquality.eu\/","name":"AREPO","description":"","publisher":{"@id":"https:\/\/www.arepoquality.eu\/#organization"},"potentialAction":[{"@type":"SearchAction","target":{"@type":"EntryPoint","urlTemplate":"https:\/\/www.arepoquality.eu\/?s={search_term_string}"},"query-input":{"@type":"PropertyValueSpecification","valueRequired":true,"valueName":"search_term_string"}}],"inLanguage":"fr-FR"},{"@type":"Organization","@id":"https:\/\/www.arepoquality.eu\/#organization","name":"AREPO","url":"https:\/\/www.arepoquality.eu\/","logo":{"@type":"ImageObject","inLanguage":"fr-FR","@id":"https:\/\/www.arepoquality.eu\/#\/schema\/logo\/image\/","url":"https:\/\/www.arepoquality.eu\/wp-content\/uploads\/2024\/05\/arepo.jpg","contentUrl":"https:\/\/www.arepoquality.eu\/wp-content\/uploads\/2024\/05\/arepo.jpg","width":1113,"height":705,"caption":"AREPO"},"image":{"@id":"https:\/\/www.arepoquality.eu\/#\/schema\/logo\/image\/"},"sameAs":["https:\/\/www.facebook.com\/arepoquality\/","https:\/\/x.com\/arepoquality_eu","https:\/\/www.linkedin.com\/company\/arepoquality\/?viewAsMember=true"]},{"@type":"Person","@id":"https:\/\/www.arepoquality.eu\/#\/schema\/person\/15f7c6b22cbe9706c69d5201712ded97","name":"Francesca Alampi","url":"https:\/\/www.arepoquality.eu\/fr\/author\/francesca-alampi\/"}]}},"_links":{"self":[{"href":"https:\/\/www.arepoquality.eu\/fr\/wp-json\/wp\/v2\/posts\/17384","targetHints":{"allow":["GET"]}}],"collection":[{"href":"https:\/\/www.arepoquality.eu\/fr\/wp-json\/wp\/v2\/posts"}],"about":[{"href":"https:\/\/www.arepoquality.eu\/fr\/wp-json\/wp\/v2\/types\/post"}],"author":[{"embeddable":true,"href":"https:\/\/www.arepoquality.eu\/fr\/wp-json\/wp\/v2\/users\/3"}],"replies":[{"embeddable":true,"href":"https:\/\/www.arepoquality.eu\/fr\/wp-json\/wp\/v2\/comments?post=17384"}],"version-history":[{"count":1,"href":"https:\/\/www.arepoquality.eu\/fr\/wp-json\/wp\/v2\/posts\/17384\/revisions"}],"predecessor-version":[{"id":17385,"href":"https:\/\/www.arepoquality.eu\/fr\/wp-json\/wp\/v2\/posts\/17384\/revisions\/17385"}],"wp:featuredmedia":[{"embeddable":true,"href":"https:\/\/www.arepoquality.eu\/fr\/wp-json\/wp\/v2\/media\/17372"}],"wp:attachment":[{"href":"https:\/\/www.arepoquality.eu\/fr\/wp-json\/wp\/v2\/media?parent=17384"}],"wp:term":[{"taxonomy":"category","embeddable":true,"href":"https:\/\/www.arepoquality.eu\/fr\/wp-json\/wp\/v2\/categories?post=17384"},{"taxonomy":"post_tag","embeddable":true,"href":"https:\/\/www.arepoquality.eu\/fr\/wp-json\/wp\/v2\/tags?post=17384"}],"curies":[{"name":"wp","href":"https:\/\/api.w.org\/{rel}","templated":true}]}}