{"id":18527,"date":"2026-04-30T12:56:13","date_gmt":"2026-04-30T10:56:13","guid":{"rendered":"https:\/\/www.arepoquality.eu\/?p=18527"},"modified":"2026-04-30T12:56:14","modified_gmt":"2026-04-30T10:56:14","slug":"6eme-edition-de-levenement-europeen-arepo-sur-les-produits-de-qualite-et-dorigine-mettre-en-valeur-les-indications-geographiques-a-travers-leurope","status":"publish","type":"post","link":"https:\/\/www.arepoquality.eu\/fr\/2026\/04\/30\/6eme-edition-de-levenement-europeen-arepo-sur-les-produits-de-qualite-et-dorigine-mettre-en-valeur-les-indications-geographiques-a-travers-leurope\/","title":{"rendered":"6\u00e8me \u00e9dition de\u00a0l&rsquo;\u00e9v\u00e9nement europ\u00e9en AREPO sur les produits de qualit\u00e9 et d&rsquo;origine : mettre en valeur les indications g\u00e9ographiques \u00e0 travers l&rsquo;Europe\u00a0\u00a0"},"content":{"rendered":"\n<p class=\"has-text-align-left\">Apr\u00e8s trois ans d&rsquo;absence,&nbsp;<strong>l&rsquo;\u00e9v\u00e9nement europ\u00e9en AREPO sur les produits de qualit\u00e9 et d&rsquo;origine&nbsp;<\/strong>a fait son retour pour sa&nbsp;<strong>sixi\u00e8me \u00e9dition&nbsp;<\/strong>le 23 avril 2026 \u00e0 la Maison commune des r\u00e9gions&nbsp;Hessen,&nbsp;Emilia-Romagna, Nouvelle-Aquitaine et&nbsp;Wielkopolska.&nbsp; Organis\u00e9 en collaboration avec le&nbsp;<strong>projet Horizon Europe&nbsp;<\/strong><a href=\"https:\/\/www.gismart.eu\/\" target=\"_blank\" rel=\"noreferrer noopener\"><strong>GI SMART<\/strong><\/a>, cet \u00e9v\u00e9nement a \u00e9galement marqu\u00e9 la troisi\u00e8me r\u00e9union de la plateforme communautaire europ\u00e9enne de&nbsp;GI SMART.&nbsp;&nbsp;<\/p>\n\n\n\n<p>Au fil des ans, cette&nbsp;rencontre&nbsp;a permis aux institutions europ\u00e9ennes, aux autorit\u00e9s r\u00e9gionales, aux producteurs d\u2019Indications&nbsp;G\u00e9ographiques&nbsp;(IG)&nbsp;et aux parties prenantes d\u2019engager des discussions politiques fructueuses sur l\u2019importance des&nbsp;IG&nbsp;dans le secteur agroalimentaire. Lors de cette \u00e9dition, une conf\u00e9rence de haut niveau a \u00e9t\u00e9 suivie d\u2019une d\u00e9gustation de produits IG provenant de 24 r\u00e9gions membres de l\u2019AREPO. Cette d\u00e9gustation a constitu\u00e9 un moment cl\u00e9 de d\u00e9couverte et de valorisation territoriale.&nbsp;&nbsp;<\/p>\n\n\n\n<p>La conf\u00e9rence, intitul\u00e9e&nbsp;<strong><em>\u00ab De la recherche \u00e0 l&rsquo;action : orienter les futures politiques de l&rsquo;UE pour renforcer l&rsquo;impact territorial des indications g\u00e9ographiques \u00bb<\/em><\/strong><strong>,&nbsp;<\/strong>s&rsquo;est articul\u00e9e autour de deux tables rondes anim\u00e9es par&nbsp;<strong>Mme Juliane Sch\u00e4fer&nbsp;<\/strong>(responsable&nbsp;comptes chez&nbsp;Givaudan&nbsp;et vigneronne de sixi\u00e8me g\u00e9n\u00e9ration au&nbsp;Weingut&nbsp;Klosterhof). Chaque session a d\u00e9but\u00e9 par une pr\u00e9sentation de GI SMART faisant le lien entre les donn\u00e9es scientifiques et le d\u00e9bat politique. Sur cette base, les intervenants&nbsp;<strong>ont pr\u00e9sent\u00e9 des propositions concr\u00e8tes visant \u00e0 renforcer la contribution des IG au d\u00e9veloppement socio-\u00e9conomique r\u00e9gional.&nbsp;<\/strong>&nbsp;<\/p>\n\n\n\n<p>La r\u00e9union a d\u00e9but\u00e9 par un message vid\u00e9o de&nbsp;<strong>M. Raffaele&nbsp;Fitto,<\/strong>&nbsp;vice-pr\u00e9sident ex\u00e9cutif charg\u00e9 de la coh\u00e9sion et des&nbsp;r\u00e9formes&nbsp;\u00e0 la Commission europ\u00e9enne<strong>,&nbsp;<\/strong>qui a soulign\u00e9 que&nbsp;<em>\u00ab les indications g\u00e9ographiques ne constituent pas un \u00e9l\u00e9ment marginal de nos politiques ; elles incarnent notre identit\u00e9 europ\u00e9enne, stimulent la croissance \u00e9conomique et servent de pont entre les r\u00e9gions, les communaut\u00e9s et les march\u00e9s mondiaux \u00bb.&nbsp;<\/em><strong>Il a r\u00e9affirm\u00e9 l\u2019engagement de la Commission europ\u00e9enne \u00e0 renforcer et \u00e0 promouvoir ce patrimoine \u00e0 travers l\u2019Europe et dans le monde entier.<\/strong>&nbsp;<em>\u00ab Ensemble, nous pouvons transformer cette dynamique en un impact durable pour nos r\u00e9gions et pour les g\u00e9n\u00e9rations futures \u00bb.\u202f\u202f<\/em>&nbsp;<\/p>\n\n\n\n<figure class=\"wp-block-video\"><video height=\"360\" style=\"aspect-ratio: 640 \/ 360;\" width=\"640\" controls src=\"https:\/\/www.arepoquality.eu\/wp-content\/uploads\/2026\/04\/2.-video-fitto-3.mov\"><\/video><\/figure>\n\n\n\n<p>\u00a0<a id=\"_msocom_1\"><\/a><\/p>\n\n\n\n<p class=\"has-text-align-left\"><strong>M. Alessandro&nbsp;Beduschi,&nbsp;<\/strong>pr\u00e9sident de l\u2019AREPO et ministre r\u00e9gional de l\u2019Agriculture, de la Souverainet\u00e9 alimentaire et des For\u00eats de Lombardie, a ensuite prononc\u00e9 quelques mots de bienvenue, rappelant que \u00ab&nbsp;<em>les IG sont souvent remises en question et soumises \u00e0 des pressions commerciales, ce qui rend d\u2019autant plus n\u00e9cessaire de renforcer leur reconnaissance et leur protection.&nbsp;<\/em><strong><em>Il est donc essentiel de promouvoir une approche commune qui mette en avant leur importance \u00e9conomique, culturelle et territoriale \u00bb.\u202f\u202f<\/em><\/strong>&nbsp;<\/p>\n\n\n\n<h2 class=\"wp-block-heading\"><strong>Des pratiques de durabilit\u00e9 \u00e0 la perception des consommateurs<\/strong>\u00a0<\/h2>\n\n\n\n<p>La premi\u00e8re session\u00a0s\u2019est ouverte sur une pr\u00e9sentation scientifique du\u00a0<strong>Dr Matthew\u00a0Gorton\u00a0<\/strong>(professeur de marketing \u00e0 l\u2019universit\u00e9 de Newcastle<strong>,\u00a0<\/strong>partenaire de GI SMART). Le projet a recens\u00e9 459 pratiques durables mises en \u0153uvre dans les syst\u00e8mes d\u2019IG europ\u00e9ens, montrant que les producteurs d\u2019IG en font davantage pour la durabilit\u00e9 que ne le pensent la plupart des consommateurs. Pour combler ce foss\u00e9 de communication, le projet a d\u00e9velopp\u00e9 le \u00ab World Caf\u00e9 \u00bb, une approche innovante con\u00e7ue pour favoriser le dialogue entre consommateurs et producteurs.\u00a0\u00a0<\/p>\n\n\n<div class=\"wp-block-image\">\n<figure class=\"alignleft size-large is-resized\"><img loading=\"lazy\" decoding=\"async\" width=\"1024\" height=\"684\" src=\"https:\/\/www.arepoquality.eu\/wp-content\/uploads\/2026\/04\/20260423-arepo-europeanevent140-allgp-2048pix-pye_9543-1-1-1024x684.jpg\" alt=\"\" class=\"wp-image-18540\" style=\"aspect-ratio:1.4970925110132158;width:431px;height:auto\" srcset=\"https:\/\/www.arepoquality.eu\/wp-content\/uploads\/2026\/04\/20260423-arepo-europeanevent140-allgp-2048pix-pye_9543-1-1-1024x684.jpg 1024w, https:\/\/www.arepoquality.eu\/wp-content\/uploads\/2026\/04\/20260423-arepo-europeanevent140-allgp-2048pix-pye_9543-1-1-300x200.jpg 300w, https:\/\/www.arepoquality.eu\/wp-content\/uploads\/2026\/04\/20260423-arepo-europeanevent140-allgp-2048pix-pye_9543-1-1-768x513.jpg 768w, https:\/\/www.arepoquality.eu\/wp-content\/uploads\/2026\/04\/20260423-arepo-europeanevent140-allgp-2048pix-pye_9543-1-1-1536x1025.jpg 1536w, https:\/\/www.arepoquality.eu\/wp-content\/uploads\/2026\/04\/20260423-arepo-europeanevent140-allgp-2048pix-pye_9543-1-1-320x214.jpg 320w, https:\/\/www.arepoquality.eu\/wp-content\/uploads\/2026\/04\/20260423-arepo-europeanevent140-allgp-2048pix-pye_9543-1-1-640x427.jpg 640w, https:\/\/www.arepoquality.eu\/wp-content\/uploads\/2026\/04\/20260423-arepo-europeanevent140-allgp-2048pix-pye_9543-1-1-1280x854.jpg 1280w, https:\/\/www.arepoquality.eu\/wp-content\/uploads\/2026\/04\/20260423-arepo-europeanevent140-allgp-2048pix-pye_9543-1-1-1920x1282.jpg 1920w, https:\/\/www.arepoquality.eu\/wp-content\/uploads\/2026\/04\/20260423-arepo-europeanevent140-allgp-2048pix-pye_9543-1-1.jpg 2048w\" sizes=\"auto, (max-width: 1024px) 100vw, 1024px\" \/><\/figure>\n<\/div>\n\n\n<p><strong>M<\/strong>.\u00a0<strong>Luigi\u00a0Tozzi\u00a0<\/strong>(directeur adjoint de SAFE, partenaire de GI SMART) a bris\u00e9 la glace lors de la\u00a0<strong>deuxi\u00e8me table ronde\u00a0<\/strong>en soulignant que la sensibilisation des consommateurs varie d\u2019un march\u00e9 \u00e0 l\u2019autre. Alors que l\u2019origine est de plus en plus valoris\u00e9e, en particulier sur certains march\u00e9s, les groupes de consommateurs \u00e9mergents et diversifi\u00e9s n\u00e9cessitent des strat\u00e9gies d\u2019\u00e9ducation et de communication cibl\u00e9es.\u00a0<strong>Mme Cristina Rueda\u00a0Catry\u00a0<\/strong>(cheffe de l&rsquo;unit\u00e9 F.1 \u00ab Politique de communication externe et de promotion \u00bb, DG AGRI, Commission europ\u00e9enne) a rappel\u00e9 que la promotion est un objectif cl\u00e9 du r\u00e8glement sur les IG et a soulign\u00e9 l&rsquo;importance de programmes de promotion continus et ax\u00e9s sur la demande, incluant des liens \u00e9troits avec la politique commerciale de l\u2019UE et les strat\u00e9gies d&rsquo;exportation.\u00a0<strong>Mme Katerina\u00a0Zografou\u00a0<\/strong>(Vice-gouverneure\u00a0de l&rsquo;unit\u00e9 r\u00e9gionale de Chalcidique, r\u00e9gion de Mac\u00e9doine centrale) a pr\u00e9sent\u00e9 les efforts r\u00e9gionaux visant \u00e0 associer les IG au tourisme, \u00e0 la gastronomie et \u00e0 la recherche scientifique, par le biais de partenariats avec des d\u00e9taillants et des universit\u00e9s. Repr\u00e9sentant le point de vue des producteurs<strong>, M. Klaus Hoffman\u00a0<\/strong>(IGP\u00a0Bayerisches\u00a0Bier, IGP\u00a0M\u00fcnchener\u00a0Bier\u00a0et IGP\u00a0Oktoberfestbier) a soulign\u00e9 que la durabilit\u00e9 des IG devait \u00eatre appr\u00e9hend\u00e9e dans ses trois dimensions \u2013 environnementale, sociale et \u00e9conomique \u2013 en mettant l\u2019accent sur le r\u00f4le des syst\u00e8mes de qualit\u00e9 dans le soutien \u00e0 l\u2019emploi local, aux entreprises familiales et \u00e0 la comp\u00e9titivit\u00e9 \u00e0 l\u2019exportation. En conclusion de la session,\u00a0<strong>Mme Julia De Castro\u00a0<\/strong>(cheffe de projet, CNAOL) a mis l&rsquo;accent sur leurs efforts de communication ciblant la tranche d&rsquo;\u00e2ge des 25-40 ans, dont la confiance dans les logos IG reste relativement faible.\u00a0\u00a0\u00a0<\/p>\n\n\n\n<h2 class=\"wp-block-heading\"><mark style=\"background-color:rgba(0, 0, 0, 0)\" class=\"has-inline-color has-orange-color\"><strong>Politiques publiques, d\u00e9veloppement territorial et indications g\u00e9ographiques<\/strong>\u00a0<\/mark><\/h2>\n\n\n\n<p>L&rsquo;expos\u00e9 scientifique de\u00a0<strong>Mme Armelle Maz\u00e9\u00a0<\/strong>(chercheuse senior en \u00e9conomie \u00e0 l&rsquo;INRAE et chef de file du projet GI SMART) a pos\u00e9 les bases de\u00a0<strong>la discussion de la deuxi\u00e8me table ronde<\/strong>. Elle a pr\u00e9sent\u00e9 les travaux du projet visant \u00e0 identifier des indicateurs sociaux, \u00e9conomiques et environnementaux permettant d&rsquo;\u00e9valuer la durabilit\u00e9 et d&rsquo;\u00e9clairer les politiques publiques. Le projet compare \u00e9galement les strat\u00e9gies nationales et les cadres institutionnels r\u00e9gissant les indications g\u00e9ographiques afin d&rsquo;identifier les meilleures pratiques et de soutenir une approche commune au niveau de l&rsquo;UE.\u00a0\u00a0<\/p>\n\n\n\n<p>La discussion s&rsquo;est ensuite concentr\u00e9e sur\u00a0<strong>la mani\u00e8re dont les politiques aux niveaux europ\u00e9en, national et r\u00e9gional peuvent\u00a0soutenir\u00a0efficacement\u00a0les IG\u00a0et renforcer leur impact territorial<\/strong>, notamment dans la perspective du prochain\u00a0Plan d&rsquo;Action de l&rsquo;UE sur les IG et de la PAC apr\u00e8s 2027.\u00a0\u00a0\u00a0<\/p>\n\n\n<div class=\"wp-block-image\">\n<figure class=\"alignright size-large is-resized\"><img loading=\"lazy\" decoding=\"async\" width=\"1024\" height=\"684\" src=\"https:\/\/www.arepoquality.eu\/wp-content\/uploads\/2026\/04\/20260423-arepo-europeanevent316-allgp-2048pix-pye_9940-1-1-1024x684.jpg\" alt=\"\" class=\"wp-image-18544\" style=\"aspect-ratio:1.4970973249857713;width:405px;height:auto\" srcset=\"https:\/\/www.arepoquality.eu\/wp-content\/uploads\/2026\/04\/20260423-arepo-europeanevent316-allgp-2048pix-pye_9940-1-1-1024x684.jpg 1024w, https:\/\/www.arepoquality.eu\/wp-content\/uploads\/2026\/04\/20260423-arepo-europeanevent316-allgp-2048pix-pye_9940-1-1-300x200.jpg 300w, https:\/\/www.arepoquality.eu\/wp-content\/uploads\/2026\/04\/20260423-arepo-europeanevent316-allgp-2048pix-pye_9940-1-1-768x513.jpg 768w, https:\/\/www.arepoquality.eu\/wp-content\/uploads\/2026\/04\/20260423-arepo-europeanevent316-allgp-2048pix-pye_9940-1-1-1536x1025.jpg 1536w, https:\/\/www.arepoquality.eu\/wp-content\/uploads\/2026\/04\/20260423-arepo-europeanevent316-allgp-2048pix-pye_9940-1-1-320x214.jpg 320w, https:\/\/www.arepoquality.eu\/wp-content\/uploads\/2026\/04\/20260423-arepo-europeanevent316-allgp-2048pix-pye_9940-1-1-640x427.jpg 640w, https:\/\/www.arepoquality.eu\/wp-content\/uploads\/2026\/04\/20260423-arepo-europeanevent316-allgp-2048pix-pye_9940-1-1-1280x854.jpg 1280w, https:\/\/www.arepoquality.eu\/wp-content\/uploads\/2026\/04\/20260423-arepo-europeanevent316-allgp-2048pix-pye_9940-1-1-1920x1282.jpg 1920w, https:\/\/www.arepoquality.eu\/wp-content\/uploads\/2026\/04\/20260423-arepo-europeanevent316-allgp-2048pix-pye_9940-1-1.jpg 2048w\" sizes=\"auto, (max-width: 1024px) 100vw, 1024px\" \/><\/figure>\n<\/div>\n\n\n<p><strong>M. Jo\u00e3o\u00a0Onofre\u00a0<\/strong>(chef de l&rsquo;unit\u00e9 F.3 \u00ab Indications\u00a0g\u00e9ographiques\u00a0\u00bb, DG AGRI, Commission europ\u00e9enne) a attir\u00e9 l&rsquo;attention sur la forte valeur \u00e9conomique des IG et a confirm\u00e9 l&rsquo;engagement de la Commission \u00e0 pr\u00e9senter un Plan d&rsquo;Action sur les IG d&rsquo;ici 2027, tout en pr\u00e9cisant qu&rsquo;aucun budget suppl\u00e9mentaire ne serait allou\u00e9 pour soutenir sa mise en \u0153uvre.\u00a0<strong>Mme\u00a0Temanuata\u00a0Girard\u00a0<\/strong>(tr\u00e9sori\u00e8re de l\u2019AREPO et vice-pr\u00e9sidente charg\u00e9e de l\u2019agriculture et de l\u2019alimentation de la r\u00e9gion Centre-Val de Loire) a soulign\u00e9 que les strat\u00e9gies d\u2019attractivit\u00e9 devaient s\u2019appuyer sur des dispositifs collaboratifs impliquant les producteurs et leur savoir-faire.\u00a0<strong>M. Alessio\u00a0Mammi\u00a0<\/strong>(ministre r\u00e9gional de l&rsquo;Agriculture, de l&rsquo;Agroalimentaire et des Relations avec l&rsquo;UE de l&rsquo;\u00c9milie-Romagne) a plaid\u00e9 en faveur de politiques de d\u00e9veloppement rural fortes, d&rsquo;une PAC ad\u00e9quate et d&rsquo;un plan d&rsquo;action ambitieux visant \u00e0 pr\u00e9server la diversit\u00e9 alimentaire et le patrimoine culturel des IG.\u00a0\u00a0<strong>M. Francesco\u00a0Paolicelli\u00a0<\/strong>(ministre r\u00e9gional de l&rsquo;Agriculture et du D\u00e9veloppement rural des Pouilles) a soulign\u00e9 le r\u00f4le strat\u00e9gique du tourisme dans la promotion des produits IG et la dynamisation des \u00e9conomies r\u00e9gionales.\u00a0<strong>M. Charles\u00a0Deparis\u00a0<\/strong>(pr\u00e9sident\u00a0d&rsquo;oriGIn\u00a0EU et producteur de lait cru pour les AOP \u00ab Pont-l&rsquo;\u00c9v\u00eaque \u00bb et \u00ab Camembert de Normandie \u00bb) a conclu la table ronde en appelant \u00e0 la mise en place de syst\u00e8mes de protection solides et de politiques qui pr\u00e9servent l&rsquo;authenticit\u00e9 et \u00e9vitent une standardisation excessive.<\/p>\n\n\n\n<h2 class=\"wp-block-heading\"><strong><mark style=\"background-color:rgba(0, 0, 0, 0)\" class=\"has-inline-color has-orange-color\"><strong>Conclusion et inauguration de la d\u00e9gustation des IG\u00a0<\/strong>\u00a0\u00a0<\/mark><\/strong><\/h2>\n\n\n\n<p><strong>M. C\u00e9sar\u00a0Salda\u00f1a\u00a0<\/strong>(vice-pr\u00e9sident de l&rsquo;AREPO et pr\u00e9sident de la\u00a0Conferencia\u00a0Andaluza\u00a0de DOP e IGP &#8211; CADO) a prononc\u00e9 le discours de cl\u00f4ture, appelant \u00e0 l&rsquo;int\u00e9gration des IG dans l&rsquo;approche strat\u00e9gique de la Commission europ\u00e9enne en mati\u00e8re de recherche et d&rsquo;innovation agricoles, comme le d\u00e9montre GI SMART,\u00a0<strong>\u00e0 travers la d\u00e9finition de priorit\u00e9s sp\u00e9cifiques visant \u00e0 renforcer\u00a0leur contribution \u00e0 la production de biens publics<\/strong>.<strong>\u00a0<\/strong>Cette intervention a \u00e9t\u00e9 suivie d\u2019un message vid\u00e9o de M<strong>. Carlo\u00a0Fidanza, d\u00e9put\u00e9 europ\u00e9en\u00a0<\/strong>(vice-pr\u00e9sident de l\u2019Intergroupe \u00ab Vin, produits alimentaires de qualit\u00e9 et spiritueux \u00bb du Parlement europ\u00e9en), qui a soulign\u00e9 la capacit\u00e9 des IG \u00e0 agir comme moteurs du d\u00e9veloppement r\u00e9gional et comme puissants leviers de comp\u00e9titivit\u00e9.\u00a0<strong>Le d\u00e9put\u00e9 europ\u00e9en Benoit\u00a0Cassart\u00a0<\/strong>(membre de l\u2019Intergroupe \u00ab Vin, produits alimentaires de qualit\u00e9 et spiritueux \u00bb du Parlement europ\u00e9en) a mis en avant le r\u00f4le des IG en tant qu\u2019outils de soft power, exer\u00e7ant un impact transversal sur les territoires \u00e0 travers la coop\u00e9ration, les cha\u00eenes d\u2019approvisionnement locales et les pratiques durables. Ce message a \u00e9t\u00e9 repris par\u00a0<strong>le d\u00e9put\u00e9 europ\u00e9en\u00a0Herbert\u00a0Dorfmann\u00a0<\/strong>(membre de l\u2019Intergroupe \u00ab Vin, produits alimentaires de qualit\u00e9 et spiritueux \u00bb\u00a0du Parlement europ\u00e9en), qui a r\u00e9affirm\u00e9 l\u2019engagement du Parlement europ\u00e9en \u00e0 faire progresser la l\u00e9gislation et les accords internationaux qui prot\u00e8gent syst\u00e9matiquement les produits de qualit\u00e9 europ\u00e9ens.\u00a0\u00a0\u00a0<\/p>\n\n\n\n<p>Ensuite,&nbsp;<strong>M. Alessandro&nbsp;Beduschi&nbsp;<\/strong>(pr\u00e9sident de l\u2019AREPO),&nbsp;<strong>Mme&nbsp;Temanuata&nbsp;Girard&nbsp;<\/strong>(tr\u00e9sori\u00e8re de l\u2019AREPO),&nbsp;<strong>Benoit&nbsp;Cassart&nbsp;et Herbert&nbsp;Dorfmann&nbsp;<\/strong>(d\u00e9put\u00e9s europ\u00e9ens)<strong>, M. Jo\u00e3o&nbsp;Onofre&nbsp;<\/strong>et&nbsp;<strong>Mme Cristina Rueda&nbsp;Catry&nbsp;<\/strong>(Commission europ\u00e9enne) ont officiellement inaugur\u00e9&nbsp;la d\u00e9gustation de produits de qualit\u00e9 et d\u2019origine provenant des r\u00e9gions membres de l\u2019AREPO.\u202f\u202f&nbsp;<\/p>\n\n\n\n<p>La d\u00e9gustation s\u2019est une nouvelle fois r\u00e9v\u00e9l\u00e9e \u00eatre le&nbsp;temps fort&nbsp;de l\u2019\u00e9v\u00e9nement, suscitant une forte participation et un vif int\u00e9r\u00eat tant de la part des repr\u00e9sentants institutionnels que des parties prenantes.&nbsp;R\u00e9unissant une grande diversit\u00e9 de produits \u00e0 IG, elle a favoris\u00e9 les \u00e9changes directs avec les producteurs et&nbsp;renforc\u00e9&nbsp;l\u2019objectif central de l\u2019\u00e9v\u00e9nement : promouvoir la valeur des IG pour le d\u00e9veloppement r\u00e9gional et le secteur agroalimentaire.&nbsp;\u202f\u00a0\u202f<\/p>\n\n\n\n<div class=\"wp-block-columns is-layout-flex wp-container-core-columns-is-layout-9d6595d7 wp-block-columns-is-layout-flex\">\n<div class=\"wp-block-column is-layout-flow wp-block-column-is-layout-flow\" style=\"flex-basis:100%\">\n<div class=\"wp-block-columns is-layout-flex wp-container-core-columns-is-layout-9d6595d7 wp-block-columns-is-layout-flex\">\n<div class=\"wp-block-column is-layout-flow wp-block-column-is-layout-flow\">\n<figure class=\"wp-block-image size-large\"><img loading=\"lazy\" decoding=\"async\" width=\"1024\" height=\"684\" src=\"https:\/\/www.arepoquality.eu\/wp-content\/uploads\/2026\/04\/20260423-arepo-europeanevent564-allgp-2048pix-pye_0311-1-6-1024x684.jpg\" alt=\"\" class=\"wp-image-18607\" srcset=\"https:\/\/www.arepoquality.eu\/wp-content\/uploads\/2026\/04\/20260423-arepo-europeanevent564-allgp-2048pix-pye_0311-1-6-1024x684.jpg 1024w, https:\/\/www.arepoquality.eu\/wp-content\/uploads\/2026\/04\/20260423-arepo-europeanevent564-allgp-2048pix-pye_0311-1-6-300x200.jpg 300w, https:\/\/www.arepoquality.eu\/wp-content\/uploads\/2026\/04\/20260423-arepo-europeanevent564-allgp-2048pix-pye_0311-1-6-768x513.jpg 768w, https:\/\/www.arepoquality.eu\/wp-content\/uploads\/2026\/04\/20260423-arepo-europeanevent564-allgp-2048pix-pye_0311-1-6-1536x1025.jpg 1536w, https:\/\/www.arepoquality.eu\/wp-content\/uploads\/2026\/04\/20260423-arepo-europeanevent564-allgp-2048pix-pye_0311-1-6-320x214.jpg 320w, https:\/\/www.arepoquality.eu\/wp-content\/uploads\/2026\/04\/20260423-arepo-europeanevent564-allgp-2048pix-pye_0311-1-6-640x427.jpg 640w, https:\/\/www.arepoquality.eu\/wp-content\/uploads\/2026\/04\/20260423-arepo-europeanevent564-allgp-2048pix-pye_0311-1-6-1280x854.jpg 1280w, https:\/\/www.arepoquality.eu\/wp-content\/uploads\/2026\/04\/20260423-arepo-europeanevent564-allgp-2048pix-pye_0311-1-6-1920x1282.jpg 1920w, https:\/\/www.arepoquality.eu\/wp-content\/uploads\/2026\/04\/20260423-arepo-europeanevent564-allgp-2048pix-pye_0311-1-6.jpg 2048w\" sizes=\"auto, (max-width: 1024px) 100vw, 1024px\" \/><\/figure>\n<\/div>\n\n\n\n<div class=\"wp-block-column is-layout-flow wp-block-column-is-layout-flow\">\n<figure class=\"wp-block-image size-large\"><img loading=\"lazy\" decoding=\"async\" width=\"1024\" height=\"684\" src=\"https:\/\/www.arepoquality.eu\/wp-content\/uploads\/2026\/04\/20260423-arepo-europeanevent487-allgp-2048pix-pye_7170-1-3-1024x684.jpg\" alt=\"\" class=\"wp-image-18611\" srcset=\"https:\/\/www.arepoquality.eu\/wp-content\/uploads\/2026\/04\/20260423-arepo-europeanevent487-allgp-2048pix-pye_7170-1-3-1024x684.jpg 1024w, https:\/\/www.arepoquality.eu\/wp-content\/uploads\/2026\/04\/20260423-arepo-europeanevent487-allgp-2048pix-pye_7170-1-3-300x200.jpg 300w, https:\/\/www.arepoquality.eu\/wp-content\/uploads\/2026\/04\/20260423-arepo-europeanevent487-allgp-2048pix-pye_7170-1-3-768x513.jpg 768w, https:\/\/www.arepoquality.eu\/wp-content\/uploads\/2026\/04\/20260423-arepo-europeanevent487-allgp-2048pix-pye_7170-1-3-1536x1025.jpg 1536w, https:\/\/www.arepoquality.eu\/wp-content\/uploads\/2026\/04\/20260423-arepo-europeanevent487-allgp-2048pix-pye_7170-1-3-320x214.jpg 320w, https:\/\/www.arepoquality.eu\/wp-content\/uploads\/2026\/04\/20260423-arepo-europeanevent487-allgp-2048pix-pye_7170-1-3-640x427.jpg 640w, https:\/\/www.arepoquality.eu\/wp-content\/uploads\/2026\/04\/20260423-arepo-europeanevent487-allgp-2048pix-pye_7170-1-3-1280x854.jpg 1280w, https:\/\/www.arepoquality.eu\/wp-content\/uploads\/2026\/04\/20260423-arepo-europeanevent487-allgp-2048pix-pye_7170-1-3-1920x1282.jpg 1920w, https:\/\/www.arepoquality.eu\/wp-content\/uploads\/2026\/04\/20260423-arepo-europeanevent487-allgp-2048pix-pye_7170-1-3.jpg 2048w\" sizes=\"auto, (max-width: 1024px) 100vw, 1024px\" \/><\/figure>\n<\/div>\n<\/div>\n<\/div>\n<\/div>\n\n\n<div class=\"wp-block-image\">\n<figure class=\"aligncenter size-large is-resized\"><img loading=\"lazy\" decoding=\"async\" width=\"1024\" height=\"684\" src=\"https:\/\/www.arepoquality.eu\/wp-content\/uploads\/2026\/04\/20260423-arepo-europeanevent433-allgp-2048pix-pye_7043-1-1-1024x684.jpg\" alt=\"\" class=\"wp-image-18648\" style=\"width:606px;height:auto\" srcset=\"https:\/\/www.arepoquality.eu\/wp-content\/uploads\/2026\/04\/20260423-arepo-europeanevent433-allgp-2048pix-pye_7043-1-1-1024x684.jpg 1024w, https:\/\/www.arepoquality.eu\/wp-content\/uploads\/2026\/04\/20260423-arepo-europeanevent433-allgp-2048pix-pye_7043-1-1-300x200.jpg 300w, https:\/\/www.arepoquality.eu\/wp-content\/uploads\/2026\/04\/20260423-arepo-europeanevent433-allgp-2048pix-pye_7043-1-1-768x513.jpg 768w, https:\/\/www.arepoquality.eu\/wp-content\/uploads\/2026\/04\/20260423-arepo-europeanevent433-allgp-2048pix-pye_7043-1-1-1536x1025.jpg 1536w, https:\/\/www.arepoquality.eu\/wp-content\/uploads\/2026\/04\/20260423-arepo-europeanevent433-allgp-2048pix-pye_7043-1-1-320x214.jpg 320w, https:\/\/www.arepoquality.eu\/wp-content\/uploads\/2026\/04\/20260423-arepo-europeanevent433-allgp-2048pix-pye_7043-1-1-640x427.jpg 640w, https:\/\/www.arepoquality.eu\/wp-content\/uploads\/2026\/04\/20260423-arepo-europeanevent433-allgp-2048pix-pye_7043-1-1-1280x854.jpg 1280w, https:\/\/www.arepoquality.eu\/wp-content\/uploads\/2026\/04\/20260423-arepo-europeanevent433-allgp-2048pix-pye_7043-1-1-1920x1282.jpg 1920w, https:\/\/www.arepoquality.eu\/wp-content\/uploads\/2026\/04\/20260423-arepo-europeanevent433-allgp-2048pix-pye_7043-1-1.jpg 2048w\" sizes=\"auto, (max-width: 1024px) 100vw, 1024px\" \/><\/figure>\n<\/div>\n\n\n<div style=\"height:55px\" aria-hidden=\"true\" class=\"wp-block-spacer\"><\/div>\n\n\n\n<p>Photos &#8211; Copyright \u00a9 Eric Berghen<\/p>\n\n\n\n<p><\/p>\n","protected":false},"excerpt":{"rendered":"<p>Apr\u00e8s trois ans d&rsquo;absence,&nbsp;l&rsquo;\u00e9v\u00e9nement europ\u00e9en AREPO sur les produits de qualit\u00e9 et d&rsquo;origine&nbsp;a fait son retour pour sa&nbsp;sixi\u00e8me \u00e9dition&nbsp;le 23 avril 2026 \u00e0 la Maison commune des r\u00e9gions&nbsp;Hessen,&nbsp;Emilia-Romagna, Nouvelle-Aquitaine et&nbsp;Wielkopolska.&nbsp; Organis\u00e9 en collaboration avec le&nbsp;projet Horizon Europe&nbsp;GI SMART, cet \u00e9v\u00e9nement a \u00e9galement marqu\u00e9 la troisi\u00e8me r\u00e9union de la plateforme communautaire europ\u00e9enne de&nbsp;GI SMART.&nbsp;&nbsp; Au fil [&hellip;]<\/p>\n","protected":false},"author":3,"featured_media":18641,"comment_status":"closed","ping_status":"closed","sticky":false,"template":"","format":"standard","meta":{"_acf_changed":false,"footnotes":""},"categories":[160,685],"tags":[],"class_list":["post-18527","post","type-post","status-publish","format-standard","has-post-thumbnail","hentry","category-evenements-arepo","category-gi-smart"],"acf":[],"yoast_head":"<!-- This site is optimized with the Yoast SEO plugin v27.5 - https:\/\/yoast.com\/product\/yoast-seo-wordpress\/ -->\n<title>6\u00e8me \u00e9dition de\u00a0l&#039;\u00e9v\u00e9nement europ\u00e9en AREPO sur les produits de qualit\u00e9 et d&#039;origine : mettre en valeur les indications g\u00e9ographiques \u00e0 travers l&#039;Europe\u00a0\u00a0 - AREPO<\/title>\n<meta name=\"robots\" content=\"index, follow, max-snippet:-1, max-image-preview:large, max-video-preview:-1\" \/>\n<link rel=\"canonical\" href=\"https:\/\/www.arepoquality.eu\/fr\/2026\/04\/30\/6eme-edition-de-levenement-europeen-arepo-sur-les-produits-de-qualite-et-dorigine-mettre-en-valeur-les-indications-geographiques-a-travers-leurope\/\" \/>\n<meta property=\"og:locale\" content=\"fr_FR\" \/>\n<meta property=\"og:type\" content=\"article\" \/>\n<meta property=\"og:title\" content=\"6\u00e8me \u00e9dition de\u00a0l&#039;\u00e9v\u00e9nement europ\u00e9en AREPO sur les produits de qualit\u00e9 et d&#039;origine : mettre en valeur les indications g\u00e9ographiques \u00e0 travers l&#039;Europe\u00a0\u00a0 - AREPO\" \/>\n<meta property=\"og:description\" content=\"Apr\u00e8s trois ans d&rsquo;absence,&nbsp;l&rsquo;\u00e9v\u00e9nement europ\u00e9en AREPO sur les produits de qualit\u00e9 et d&rsquo;origine&nbsp;a fait son retour pour sa&nbsp;sixi\u00e8me \u00e9dition&nbsp;le 23 avril 2026 \u00e0 la Maison commune des r\u00e9gions&nbsp;Hessen,&nbsp;Emilia-Romagna, Nouvelle-Aquitaine et&nbsp;Wielkopolska.&nbsp; Organis\u00e9 en collaboration avec le&nbsp;projet Horizon Europe&nbsp;GI SMART, cet \u00e9v\u00e9nement a \u00e9galement marqu\u00e9 la troisi\u00e8me r\u00e9union de la plateforme communautaire europ\u00e9enne de&nbsp;GI SMART.&nbsp;&nbsp; Au fil [&hellip;]\" \/>\n<meta property=\"og:url\" content=\"https:\/\/www.arepoquality.eu\/fr\/2026\/04\/30\/6eme-edition-de-levenement-europeen-arepo-sur-les-produits-de-qualite-et-dorigine-mettre-en-valeur-les-indications-geographiques-a-travers-leurope\/\" \/>\n<meta property=\"og:site_name\" content=\"AREPO\" \/>\n<meta property=\"article:publisher\" content=\"https:\/\/www.facebook.com\/arepoquality\/\" \/>\n<meta property=\"article:published_time\" content=\"2026-04-30T10:56:13+00:00\" \/>\n<meta property=\"article:modified_time\" content=\"2026-04-30T10:56:14+00:00\" \/>\n<meta property=\"og:image\" content=\"https:\/\/www.arepoquality.eu\/wp-content\/uploads\/2026\/04\/20260423-arepo-europeanevent077-allgp-2048pix-pye_6704-.jpg\" \/>\n\t<meta property=\"og:image:width\" content=\"2048\" \/>\n\t<meta property=\"og:image:height\" content=\"1367\" \/>\n\t<meta property=\"og:image:type\" content=\"image\/jpeg\" \/>\n<meta name=\"author\" content=\"Francesca Alampi\" \/>\n<meta name=\"twitter:card\" content=\"summary_large_image\" \/>\n<meta name=\"twitter:creator\" content=\"@arepoquality_eu\" \/>\n<meta name=\"twitter:site\" content=\"@arepoquality_eu\" \/>\n<meta name=\"twitter:label1\" content=\"\u00c9crit par\" \/>\n\t<meta name=\"twitter:data1\" content=\"Francesca Alampi\" \/>\n\t<meta name=\"twitter:label2\" content=\"Dur\u00e9e de lecture estim\u00e9e\" \/>\n\t<meta name=\"twitter:data2\" content=\"8 minutes\" \/>\n<script type=\"application\/ld+json\" class=\"yoast-schema-graph\">{\"@context\":\"https:\\\/\\\/schema.org\",\"@graph\":[{\"@type\":\"Article\",\"@id\":\"https:\\\/\\\/www.arepoquality.eu\\\/fr\\\/2026\\\/04\\\/30\\\/6eme-edition-de-levenement-europeen-arepo-sur-les-produits-de-qualite-et-dorigine-mettre-en-valeur-les-indications-geographiques-a-travers-leurope\\\/#article\",\"isPartOf\":{\"@id\":\"https:\\\/\\\/www.arepoquality.eu\\\/fr\\\/2026\\\/04\\\/30\\\/6eme-edition-de-levenement-europeen-arepo-sur-les-produits-de-qualite-et-dorigine-mettre-en-valeur-les-indications-geographiques-a-travers-leurope\\\/\"},\"author\":{\"name\":\"Francesca Alampi\",\"@id\":\"https:\\\/\\\/www.arepoquality.eu\\\/#\\\/schema\\\/person\\\/15f7c6b22cbe9706c69d5201712ded97\"},\"headline\":\"6\u00e8me \u00e9dition de\u00a0l&rsquo;\u00e9v\u00e9nement europ\u00e9en AREPO sur les produits de qualit\u00e9 et d&rsquo;origine : mettre en valeur les indications g\u00e9ographiques \u00e0 travers l&rsquo;Europe\u00a0\u00a0\",\"datePublished\":\"2026-04-30T10:56:13+00:00\",\"dateModified\":\"2026-04-30T10:56:14+00:00\",\"mainEntityOfPage\":{\"@id\":\"https:\\\/\\\/www.arepoquality.eu\\\/fr\\\/2026\\\/04\\\/30\\\/6eme-edition-de-levenement-europeen-arepo-sur-les-produits-de-qualite-et-dorigine-mettre-en-valeur-les-indications-geographiques-a-travers-leurope\\\/\"},\"wordCount\":1756,\"publisher\":{\"@id\":\"https:\\\/\\\/www.arepoquality.eu\\\/#organization\"},\"image\":{\"@id\":\"https:\\\/\\\/www.arepoquality.eu\\\/fr\\\/2026\\\/04\\\/30\\\/6eme-edition-de-levenement-europeen-arepo-sur-les-produits-de-qualite-et-dorigine-mettre-en-valeur-les-indications-geographiques-a-travers-leurope\\\/#primaryimage\"},\"thumbnailUrl\":\"https:\\\/\\\/www.arepoquality.eu\\\/wp-content\\\/uploads\\\/2026\\\/04\\\/20260423-arepo-europeanevent077-allgp-2048pix-pye_6704-.jpg\",\"articleSection\":[\"\u00c9v\u00e8nement AREPO\",\"GI-SMART\"],\"inLanguage\":\"fr-FR\"},{\"@type\":\"WebPage\",\"@id\":\"https:\\\/\\\/www.arepoquality.eu\\\/fr\\\/2026\\\/04\\\/30\\\/6eme-edition-de-levenement-europeen-arepo-sur-les-produits-de-qualite-et-dorigine-mettre-en-valeur-les-indications-geographiques-a-travers-leurope\\\/\",\"url\":\"https:\\\/\\\/www.arepoquality.eu\\\/fr\\\/2026\\\/04\\\/30\\\/6eme-edition-de-levenement-europeen-arepo-sur-les-produits-de-qualite-et-dorigine-mettre-en-valeur-les-indications-geographiques-a-travers-leurope\\\/\",\"name\":\"6\u00e8me \u00e9dition de\u00a0l'\u00e9v\u00e9nement europ\u00e9en AREPO sur les produits de qualit\u00e9 et d'origine : mettre en valeur les indications g\u00e9ographiques \u00e0 travers l'Europe\u00a0\u00a0 - AREPO\",\"isPartOf\":{\"@id\":\"https:\\\/\\\/www.arepoquality.eu\\\/#website\"},\"primaryImageOfPage\":{\"@id\":\"https:\\\/\\\/www.arepoquality.eu\\\/fr\\\/2026\\\/04\\\/30\\\/6eme-edition-de-levenement-europeen-arepo-sur-les-produits-de-qualite-et-dorigine-mettre-en-valeur-les-indications-geographiques-a-travers-leurope\\\/#primaryimage\"},\"image\":{\"@id\":\"https:\\\/\\\/www.arepoquality.eu\\\/fr\\\/2026\\\/04\\\/30\\\/6eme-edition-de-levenement-europeen-arepo-sur-les-produits-de-qualite-et-dorigine-mettre-en-valeur-les-indications-geographiques-a-travers-leurope\\\/#primaryimage\"},\"thumbnailUrl\":\"https:\\\/\\\/www.arepoquality.eu\\\/wp-content\\\/uploads\\\/2026\\\/04\\\/20260423-arepo-europeanevent077-allgp-2048pix-pye_6704-.jpg\",\"datePublished\":\"2026-04-30T10:56:13+00:00\",\"dateModified\":\"2026-04-30T10:56:14+00:00\",\"breadcrumb\":{\"@id\":\"https:\\\/\\\/www.arepoquality.eu\\\/fr\\\/2026\\\/04\\\/30\\\/6eme-edition-de-levenement-europeen-arepo-sur-les-produits-de-qualite-et-dorigine-mettre-en-valeur-les-indications-geographiques-a-travers-leurope\\\/#breadcrumb\"},\"inLanguage\":\"fr-FR\",\"potentialAction\":[{\"@type\":\"ReadAction\",\"target\":[\"https:\\\/\\\/www.arepoquality.eu\\\/fr\\\/2026\\\/04\\\/30\\\/6eme-edition-de-levenement-europeen-arepo-sur-les-produits-de-qualite-et-dorigine-mettre-en-valeur-les-indications-geographiques-a-travers-leurope\\\/\"]}]},{\"@type\":\"ImageObject\",\"inLanguage\":\"fr-FR\",\"@id\":\"https:\\\/\\\/www.arepoquality.eu\\\/fr\\\/2026\\\/04\\\/30\\\/6eme-edition-de-levenement-europeen-arepo-sur-les-produits-de-qualite-et-dorigine-mettre-en-valeur-les-indications-geographiques-a-travers-leurope\\\/#primaryimage\",\"url\":\"https:\\\/\\\/www.arepoquality.eu\\\/wp-content\\\/uploads\\\/2026\\\/04\\\/20260423-arepo-europeanevent077-allgp-2048pix-pye_6704-.jpg\",\"contentUrl\":\"https:\\\/\\\/www.arepoquality.eu\\\/wp-content\\\/uploads\\\/2026\\\/04\\\/20260423-arepo-europeanevent077-allgp-2048pix-pye_6704-.jpg\",\"width\":2048,\"height\":1367,\"caption\":\"CopyrightEricBerghen-AllRightsReserv\"},{\"@type\":\"BreadcrumbList\",\"@id\":\"https:\\\/\\\/www.arepoquality.eu\\\/fr\\\/2026\\\/04\\\/30\\\/6eme-edition-de-levenement-europeen-arepo-sur-les-produits-de-qualite-et-dorigine-mettre-en-valeur-les-indications-geographiques-a-travers-leurope\\\/#breadcrumb\",\"itemListElement\":[{\"@type\":\"ListItem\",\"position\":1,\"name\":\"Home\",\"item\":\"https:\\\/\\\/www.arepoquality.eu\\\/\"},{\"@type\":\"ListItem\",\"position\":2,\"name\":\"6\u00e8me \u00e9dition de\u00a0l&#8217;\u00e9v\u00e9nement europ\u00e9en AREPO sur les produits de qualit\u00e9 et d&#8217;origine : mettre en valeur les indications g\u00e9ographiques \u00e0 travers l&#8217;Europe\u00a0\u00a0\"}]},{\"@type\":\"WebSite\",\"@id\":\"https:\\\/\\\/www.arepoquality.eu\\\/#website\",\"url\":\"https:\\\/\\\/www.arepoquality.eu\\\/\",\"name\":\"AREPO\",\"description\":\"\",\"publisher\":{\"@id\":\"https:\\\/\\\/www.arepoquality.eu\\\/#organization\"},\"potentialAction\":[{\"@type\":\"SearchAction\",\"target\":{\"@type\":\"EntryPoint\",\"urlTemplate\":\"https:\\\/\\\/www.arepoquality.eu\\\/?s={search_term_string}\"},\"query-input\":{\"@type\":\"PropertyValueSpecification\",\"valueRequired\":true,\"valueName\":\"search_term_string\"}}],\"inLanguage\":\"fr-FR\"},{\"@type\":\"Organization\",\"@id\":\"https:\\\/\\\/www.arepoquality.eu\\\/#organization\",\"name\":\"AREPO\",\"url\":\"https:\\\/\\\/www.arepoquality.eu\\\/\",\"logo\":{\"@type\":\"ImageObject\",\"inLanguage\":\"fr-FR\",\"@id\":\"https:\\\/\\\/www.arepoquality.eu\\\/#\\\/schema\\\/logo\\\/image\\\/\",\"url\":\"https:\\\/\\\/www.arepoquality.eu\\\/wp-content\\\/uploads\\\/2024\\\/05\\\/arepo.jpg\",\"contentUrl\":\"https:\\\/\\\/www.arepoquality.eu\\\/wp-content\\\/uploads\\\/2024\\\/05\\\/arepo.jpg\",\"width\":1113,\"height\":705,\"caption\":\"AREPO\"},\"image\":{\"@id\":\"https:\\\/\\\/www.arepoquality.eu\\\/#\\\/schema\\\/logo\\\/image\\\/\"},\"sameAs\":[\"https:\\\/\\\/www.facebook.com\\\/arepoquality\\\/\",\"https:\\\/\\\/x.com\\\/arepoquality_eu\",\"https:\\\/\\\/www.linkedin.com\\\/company\\\/arepoquality\\\/?viewAsMember=true\"]},{\"@type\":\"Person\",\"@id\":\"https:\\\/\\\/www.arepoquality.eu\\\/#\\\/schema\\\/person\\\/15f7c6b22cbe9706c69d5201712ded97\",\"name\":\"Francesca Alampi\",\"url\":\"https:\\\/\\\/www.arepoquality.eu\\\/fr\\\/author\\\/francesca-alampi\\\/\"}]}<\/script>\n<!-- \/ Yoast SEO plugin. -->","yoast_head_json":{"title":"6\u00e8me \u00e9dition de\u00a0l'\u00e9v\u00e9nement europ\u00e9en AREPO sur les produits de qualit\u00e9 et d'origine : mettre en valeur les indications g\u00e9ographiques \u00e0 travers l'Europe\u00a0\u00a0 - AREPO","robots":{"index":"index","follow":"follow","max-snippet":"max-snippet:-1","max-image-preview":"max-image-preview:large","max-video-preview":"max-video-preview:-1"},"canonical":"https:\/\/www.arepoquality.eu\/fr\/2026\/04\/30\/6eme-edition-de-levenement-europeen-arepo-sur-les-produits-de-qualite-et-dorigine-mettre-en-valeur-les-indications-geographiques-a-travers-leurope\/","og_locale":"fr_FR","og_type":"article","og_title":"6\u00e8me \u00e9dition de\u00a0l'\u00e9v\u00e9nement europ\u00e9en AREPO sur les produits de qualit\u00e9 et d'origine : mettre en valeur les indications g\u00e9ographiques \u00e0 travers l'Europe\u00a0\u00a0 - AREPO","og_description":"Apr\u00e8s trois ans d&rsquo;absence,&nbsp;l&rsquo;\u00e9v\u00e9nement europ\u00e9en AREPO sur les produits de qualit\u00e9 et d&rsquo;origine&nbsp;a fait son retour pour sa&nbsp;sixi\u00e8me \u00e9dition&nbsp;le 23 avril 2026 \u00e0 la Maison commune des r\u00e9gions&nbsp;Hessen,&nbsp;Emilia-Romagna, Nouvelle-Aquitaine et&nbsp;Wielkopolska.&nbsp; Organis\u00e9 en collaboration avec le&nbsp;projet Horizon Europe&nbsp;GI SMART, cet \u00e9v\u00e9nement a \u00e9galement marqu\u00e9 la troisi\u00e8me r\u00e9union de la plateforme communautaire europ\u00e9enne de&nbsp;GI SMART.&nbsp;&nbsp; Au fil [&hellip;]","og_url":"https:\/\/www.arepoquality.eu\/fr\/2026\/04\/30\/6eme-edition-de-levenement-europeen-arepo-sur-les-produits-de-qualite-et-dorigine-mettre-en-valeur-les-indications-geographiques-a-travers-leurope\/","og_site_name":"AREPO","article_publisher":"https:\/\/www.facebook.com\/arepoquality\/","article_published_time":"2026-04-30T10:56:13+00:00","article_modified_time":"2026-04-30T10:56:14+00:00","og_image":[{"width":2048,"height":1367,"url":"https:\/\/www.arepoquality.eu\/wp-content\/uploads\/2026\/04\/20260423-arepo-europeanevent077-allgp-2048pix-pye_6704-.jpg","type":"image\/jpeg"}],"author":"Francesca Alampi","twitter_card":"summary_large_image","twitter_creator":"@arepoquality_eu","twitter_site":"@arepoquality_eu","twitter_misc":{"\u00c9crit par":"Francesca Alampi","Dur\u00e9e de lecture estim\u00e9e":"8 minutes"},"schema":{"@context":"https:\/\/schema.org","@graph":[{"@type":"Article","@id":"https:\/\/www.arepoquality.eu\/fr\/2026\/04\/30\/6eme-edition-de-levenement-europeen-arepo-sur-les-produits-de-qualite-et-dorigine-mettre-en-valeur-les-indications-geographiques-a-travers-leurope\/#article","isPartOf":{"@id":"https:\/\/www.arepoquality.eu\/fr\/2026\/04\/30\/6eme-edition-de-levenement-europeen-arepo-sur-les-produits-de-qualite-et-dorigine-mettre-en-valeur-les-indications-geographiques-a-travers-leurope\/"},"author":{"name":"Francesca Alampi","@id":"https:\/\/www.arepoquality.eu\/#\/schema\/person\/15f7c6b22cbe9706c69d5201712ded97"},"headline":"6\u00e8me \u00e9dition de\u00a0l&rsquo;\u00e9v\u00e9nement europ\u00e9en AREPO sur les produits de qualit\u00e9 et d&rsquo;origine : mettre en valeur les indications g\u00e9ographiques \u00e0 travers l&rsquo;Europe\u00a0\u00a0","datePublished":"2026-04-30T10:56:13+00:00","dateModified":"2026-04-30T10:56:14+00:00","mainEntityOfPage":{"@id":"https:\/\/www.arepoquality.eu\/fr\/2026\/04\/30\/6eme-edition-de-levenement-europeen-arepo-sur-les-produits-de-qualite-et-dorigine-mettre-en-valeur-les-indications-geographiques-a-travers-leurope\/"},"wordCount":1756,"publisher":{"@id":"https:\/\/www.arepoquality.eu\/#organization"},"image":{"@id":"https:\/\/www.arepoquality.eu\/fr\/2026\/04\/30\/6eme-edition-de-levenement-europeen-arepo-sur-les-produits-de-qualite-et-dorigine-mettre-en-valeur-les-indications-geographiques-a-travers-leurope\/#primaryimage"},"thumbnailUrl":"https:\/\/www.arepoquality.eu\/wp-content\/uploads\/2026\/04\/20260423-arepo-europeanevent077-allgp-2048pix-pye_6704-.jpg","articleSection":["\u00c9v\u00e8nement AREPO","GI-SMART"],"inLanguage":"fr-FR"},{"@type":"WebPage","@id":"https:\/\/www.arepoquality.eu\/fr\/2026\/04\/30\/6eme-edition-de-levenement-europeen-arepo-sur-les-produits-de-qualite-et-dorigine-mettre-en-valeur-les-indications-geographiques-a-travers-leurope\/","url":"https:\/\/www.arepoquality.eu\/fr\/2026\/04\/30\/6eme-edition-de-levenement-europeen-arepo-sur-les-produits-de-qualite-et-dorigine-mettre-en-valeur-les-indications-geographiques-a-travers-leurope\/","name":"6\u00e8me \u00e9dition de\u00a0l'\u00e9v\u00e9nement europ\u00e9en AREPO sur les produits de qualit\u00e9 et d'origine : mettre en valeur les indications g\u00e9ographiques \u00e0 travers l'Europe\u00a0\u00a0 - AREPO","isPartOf":{"@id":"https:\/\/www.arepoquality.eu\/#website"},"primaryImageOfPage":{"@id":"https:\/\/www.arepoquality.eu\/fr\/2026\/04\/30\/6eme-edition-de-levenement-europeen-arepo-sur-les-produits-de-qualite-et-dorigine-mettre-en-valeur-les-indications-geographiques-a-travers-leurope\/#primaryimage"},"image":{"@id":"https:\/\/www.arepoquality.eu\/fr\/2026\/04\/30\/6eme-edition-de-levenement-europeen-arepo-sur-les-produits-de-qualite-et-dorigine-mettre-en-valeur-les-indications-geographiques-a-travers-leurope\/#primaryimage"},"thumbnailUrl":"https:\/\/www.arepoquality.eu\/wp-content\/uploads\/2026\/04\/20260423-arepo-europeanevent077-allgp-2048pix-pye_6704-.jpg","datePublished":"2026-04-30T10:56:13+00:00","dateModified":"2026-04-30T10:56:14+00:00","breadcrumb":{"@id":"https:\/\/www.arepoquality.eu\/fr\/2026\/04\/30\/6eme-edition-de-levenement-europeen-arepo-sur-les-produits-de-qualite-et-dorigine-mettre-en-valeur-les-indications-geographiques-a-travers-leurope\/#breadcrumb"},"inLanguage":"fr-FR","potentialAction":[{"@type":"ReadAction","target":["https:\/\/www.arepoquality.eu\/fr\/2026\/04\/30\/6eme-edition-de-levenement-europeen-arepo-sur-les-produits-de-qualite-et-dorigine-mettre-en-valeur-les-indications-geographiques-a-travers-leurope\/"]}]},{"@type":"ImageObject","inLanguage":"fr-FR","@id":"https:\/\/www.arepoquality.eu\/fr\/2026\/04\/30\/6eme-edition-de-levenement-europeen-arepo-sur-les-produits-de-qualite-et-dorigine-mettre-en-valeur-les-indications-geographiques-a-travers-leurope\/#primaryimage","url":"https:\/\/www.arepoquality.eu\/wp-content\/uploads\/2026\/04\/20260423-arepo-europeanevent077-allgp-2048pix-pye_6704-.jpg","contentUrl":"https:\/\/www.arepoquality.eu\/wp-content\/uploads\/2026\/04\/20260423-arepo-europeanevent077-allgp-2048pix-pye_6704-.jpg","width":2048,"height":1367,"caption":"CopyrightEricBerghen-AllRightsReserv"},{"@type":"BreadcrumbList","@id":"https:\/\/www.arepoquality.eu\/fr\/2026\/04\/30\/6eme-edition-de-levenement-europeen-arepo-sur-les-produits-de-qualite-et-dorigine-mettre-en-valeur-les-indications-geographiques-a-travers-leurope\/#breadcrumb","itemListElement":[{"@type":"ListItem","position":1,"name":"Home","item":"https:\/\/www.arepoquality.eu\/"},{"@type":"ListItem","position":2,"name":"6\u00e8me \u00e9dition de\u00a0l&#8217;\u00e9v\u00e9nement europ\u00e9en AREPO sur les produits de qualit\u00e9 et d&#8217;origine : mettre en valeur les indications g\u00e9ographiques \u00e0 travers l&#8217;Europe\u00a0\u00a0"}]},{"@type":"WebSite","@id":"https:\/\/www.arepoquality.eu\/#website","url":"https:\/\/www.arepoquality.eu\/","name":"AREPO","description":"","publisher":{"@id":"https:\/\/www.arepoquality.eu\/#organization"},"potentialAction":[{"@type":"SearchAction","target":{"@type":"EntryPoint","urlTemplate":"https:\/\/www.arepoquality.eu\/?s={search_term_string}"},"query-input":{"@type":"PropertyValueSpecification","valueRequired":true,"valueName":"search_term_string"}}],"inLanguage":"fr-FR"},{"@type":"Organization","@id":"https:\/\/www.arepoquality.eu\/#organization","name":"AREPO","url":"https:\/\/www.arepoquality.eu\/","logo":{"@type":"ImageObject","inLanguage":"fr-FR","@id":"https:\/\/www.arepoquality.eu\/#\/schema\/logo\/image\/","url":"https:\/\/www.arepoquality.eu\/wp-content\/uploads\/2024\/05\/arepo.jpg","contentUrl":"https:\/\/www.arepoquality.eu\/wp-content\/uploads\/2024\/05\/arepo.jpg","width":1113,"height":705,"caption":"AREPO"},"image":{"@id":"https:\/\/www.arepoquality.eu\/#\/schema\/logo\/image\/"},"sameAs":["https:\/\/www.facebook.com\/arepoquality\/","https:\/\/x.com\/arepoquality_eu","https:\/\/www.linkedin.com\/company\/arepoquality\/?viewAsMember=true"]},{"@type":"Person","@id":"https:\/\/www.arepoquality.eu\/#\/schema\/person\/15f7c6b22cbe9706c69d5201712ded97","name":"Francesca Alampi","url":"https:\/\/www.arepoquality.eu\/fr\/author\/francesca-alampi\/"}]}},"_links":{"self":[{"href":"https:\/\/www.arepoquality.eu\/fr\/wp-json\/wp\/v2\/posts\/18527","targetHints":{"allow":["GET"]}}],"collection":[{"href":"https:\/\/www.arepoquality.eu\/fr\/wp-json\/wp\/v2\/posts"}],"about":[{"href":"https:\/\/www.arepoquality.eu\/fr\/wp-json\/wp\/v2\/types\/post"}],"author":[{"embeddable":true,"href":"https:\/\/www.arepoquality.eu\/fr\/wp-json\/wp\/v2\/users\/3"}],"replies":[{"embeddable":true,"href":"https:\/\/www.arepoquality.eu\/fr\/wp-json\/wp\/v2\/comments?post=18527"}],"version-history":[{"count":30,"href":"https:\/\/www.arepoquality.eu\/fr\/wp-json\/wp\/v2\/posts\/18527\/revisions"}],"predecessor-version":[{"id":18680,"href":"https:\/\/www.arepoquality.eu\/fr\/wp-json\/wp\/v2\/posts\/18527\/revisions\/18680"}],"wp:featuredmedia":[{"embeddable":true,"href":"https:\/\/www.arepoquality.eu\/fr\/wp-json\/wp\/v2\/media\/18641"}],"wp:attachment":[{"href":"https:\/\/www.arepoquality.eu\/fr\/wp-json\/wp\/v2\/media?parent=18527"}],"wp:term":[{"taxonomy":"category","embeddable":true,"href":"https:\/\/www.arepoquality.eu\/fr\/wp-json\/wp\/v2\/categories?post=18527"},{"taxonomy":"post_tag","embeddable":true,"href":"https:\/\/www.arepoquality.eu\/fr\/wp-json\/wp\/v2\/tags?post=18527"}],"curies":[{"name":"wp","href":"https:\/\/api.w.org\/{rel}","templated":true}]}}