{"id":3357,"date":"2012-04-11T10:04:50","date_gmt":"2012-04-11T08:04:50","guid":{"rendered":"http:\/\/252373706c.url-de-test.ws\/arepo\/?p=3357"},"modified":"2021-07-30T10:06:07","modified_gmt":"2021-07-30T08:06:07","slug":"intervention-de-larepo-au-debat-de-haut-niveau-sur-la-promotion-des-produits-agroalimentaires-organise-par-qualivita-en-partenariat-avec-larepo-2","status":"publish","type":"post","link":"https:\/\/www.arepoquality.eu\/fr\/2012\/04\/11\/intervention-de-larepo-au-debat-de-haut-niveau-sur-la-promotion-des-produits-agroalimentaires-organise-par-qualivita-en-partenariat-avec-larepo-2\/","title":{"rendered":"Intervention de l\u2019AREPO au d\u00e9bat de haut niveau sur la promotion des produits agroalimentaires organis\u00e9 par Qualivita, en partenariat avec l\u2019AREPO"},"content":{"rendered":"\n<p>\n\nLe 11 avril Qualivita, en partenariat avec l\u2019AREPO, a organis\u00e9 un d\u00e9bat autour de la politique europ\u00e9enne de promotion des produits agroalimentaires. L\u2019AREPO a pr\u00e9sent\u00e9 ses positions concernant cette politique, notamment la n\u00e9cessit\u00e9 de d\u00e9velopper une approche globale qui cr\u00e9e des synergies entre PAC, Paquet Qualit\u00e9 et Politique de promotion afin de valoriser les produits sous signe de qualit\u00e9.<br>Au d\u00e9bat ont particip\u00e9 des repr\u00e9sentants d\u2019importantes institutions et associations d\u2019Europe, telles que l\u2019INAO, l\u2019Association Bavaroise des produits de qualit\u00e9, la FedeLIS, l\u2019AICIG et l\u2019AFIG, ainsi que des repr\u00e9sentants de l\u2019industrie de la communication sp\u00e9cialis\u00e9e du secteur, tels que Sopexa.<br>Une deuxi\u00e8me table ronde a \u00e9t\u00e9 anim\u00e9e par d\u2019excellents repr\u00e9sentants de la Commission et du Parlement Europ\u00e9en, en particulier par M. Erhart, chef de l\u2019unit\u00e9 en charge de la politique europ\u00e9enne de la qualit\u00e9 et par les Eurod\u00e9put\u00e9s Giancarlo Scott\u00e0, Herbert Dorfmann, Michel Dantin et Mairead Mc Guinness. Le Pr\u00e9sident de la COMAGRI, Paolo De Castro a cl\u00f4tur\u00e9 le d\u00e9bat en soulignant l\u2019importance d\u2019une promotion adapt\u00e9e pour les produits de qualit\u00e9.\n\n<\/p>\n","protected":false},"excerpt":{"rendered":"<p>Le 11 avril Qualivita, en partenariat avec l\u2019AREPO, a organis\u00e9 un d\u00e9bat autour de la politique europ\u00e9enne de promotion des produits agroalimentaires. L\u2019AREPO a pr\u00e9sent\u00e9 ses positions concernant cette politique, notamment la n\u00e9cessit\u00e9 de d\u00e9velopper une approche globale qui cr\u00e9e des synergies entre PAC, Paquet Qualit\u00e9 et Politique de promotion afin de valoriser les produits [&hellip;]<\/p>\n","protected":false},"author":3,"featured_media":0,"comment_status":"open","ping_status":"open","sticky":false,"template":"","format":"standard","meta":{"_acf_changed":false,"footnotes":""},"categories":[160,134],"tags":[],"class_list":["post-3357","post","type-post","status-publish","format-standard","hentry","category-evenements-arepo","category-recherche-et-innovation"],"acf":[],"yoast_head":"<!-- This site is optimized with the Yoast SEO plugin v27.5 - https:\/\/yoast.com\/product\/yoast-seo-wordpress\/ -->\n<title>Intervention de l\u2019AREPO au d\u00e9bat de haut niveau sur la promotion des produits agroalimentaires organis\u00e9 par Qualivita, en partenariat avec l\u2019AREPO - AREPO<\/title>\n<meta name=\"robots\" content=\"index, follow, max-snippet:-1, max-image-preview:large, max-video-preview:-1\" \/>\n<link rel=\"canonical\" href=\"https:\/\/www.arepoquality.eu\/fr\/2012\/04\/11\/intervention-de-larepo-au-debat-de-haut-niveau-sur-la-promotion-des-produits-agroalimentaires-organise-par-qualivita-en-partenariat-avec-larepo-2\/\" \/>\n<meta property=\"og:locale\" content=\"fr_FR\" \/>\n<meta property=\"og:type\" content=\"article\" \/>\n<meta property=\"og:title\" content=\"Intervention de l\u2019AREPO au d\u00e9bat de haut niveau sur la promotion des produits agroalimentaires organis\u00e9 par Qualivita, en partenariat avec l\u2019AREPO - AREPO\" \/>\n<meta property=\"og:description\" content=\"Le 11 avril Qualivita, en partenariat avec l\u2019AREPO, a organis\u00e9 un d\u00e9bat autour de la politique europ\u00e9enne de promotion des produits agroalimentaires. L\u2019AREPO a pr\u00e9sent\u00e9 ses positions concernant cette politique, notamment la n\u00e9cessit\u00e9 de d\u00e9velopper une approche globale qui cr\u00e9e des synergies entre PAC, Paquet Qualit\u00e9 et Politique de promotion afin de valoriser les produits [&hellip;]\" \/>\n<meta property=\"og:url\" content=\"https:\/\/www.arepoquality.eu\/fr\/2012\/04\/11\/intervention-de-larepo-au-debat-de-haut-niveau-sur-la-promotion-des-produits-agroalimentaires-organise-par-qualivita-en-partenariat-avec-larepo-2\/\" \/>\n<meta property=\"og:site_name\" content=\"AREPO\" \/>\n<meta property=\"article:publisher\" content=\"https:\/\/www.facebook.com\/arepoquality\/\" \/>\n<meta property=\"article:published_time\" content=\"2012-04-11T08:04:50+00:00\" \/>\n<meta property=\"article:modified_time\" content=\"2021-07-30T08:06:07+00:00\" \/>\n<meta name=\"author\" content=\"Francesca Alampi\" \/>\n<meta name=\"twitter:card\" content=\"summary_large_image\" \/>\n<meta name=\"twitter:creator\" content=\"@arepoquality_eu\" \/>\n<meta name=\"twitter:site\" content=\"@arepoquality_eu\" \/>\n<meta name=\"twitter:label1\" content=\"\u00c9crit par\" \/>\n\t<meta name=\"twitter:data1\" content=\"Francesca Alampi\" \/>\n\t<meta name=\"twitter:label2\" content=\"Dur\u00e9e de lecture estim\u00e9e\" \/>\n\t<meta name=\"twitter:data2\" content=\"1 minute\" \/>\n<script type=\"application\/ld+json\" class=\"yoast-schema-graph\">{\"@context\":\"https:\\\/\\\/schema.org\",\"@graph\":[{\"@type\":\"Article\",\"@id\":\"https:\\\/\\\/www.arepoquality.eu\\\/fr\\\/2012\\\/04\\\/11\\\/intervention-de-larepo-au-debat-de-haut-niveau-sur-la-promotion-des-produits-agroalimentaires-organise-par-qualivita-en-partenariat-avec-larepo-2\\\/#article\",\"isPartOf\":{\"@id\":\"https:\\\/\\\/www.arepoquality.eu\\\/fr\\\/2012\\\/04\\\/11\\\/intervention-de-larepo-au-debat-de-haut-niveau-sur-la-promotion-des-produits-agroalimentaires-organise-par-qualivita-en-partenariat-avec-larepo-2\\\/\"},\"author\":{\"name\":\"Francesca Alampi\",\"@id\":\"https:\\\/\\\/www.arepoquality.eu\\\/#\\\/schema\\\/person\\\/15f7c6b22cbe9706c69d5201712ded97\"},\"headline\":\"Intervention de l\u2019AREPO au d\u00e9bat de haut niveau sur la promotion des produits agroalimentaires organis\u00e9 par Qualivita, en partenariat avec l\u2019AREPO\",\"datePublished\":\"2012-04-11T08:04:50+00:00\",\"dateModified\":\"2021-07-30T08:06:07+00:00\",\"mainEntityOfPage\":{\"@id\":\"https:\\\/\\\/www.arepoquality.eu\\\/fr\\\/2012\\\/04\\\/11\\\/intervention-de-larepo-au-debat-de-haut-niveau-sur-la-promotion-des-produits-agroalimentaires-organise-par-qualivita-en-partenariat-avec-larepo-2\\\/\"},\"wordCount\":228,\"commentCount\":0,\"publisher\":{\"@id\":\"https:\\\/\\\/www.arepoquality.eu\\\/#organization\"},\"articleSection\":[\"\u00c9v\u00e8nement AREPO\",\"Recherche et Innovation\"],\"inLanguage\":\"fr-FR\",\"potentialAction\":[{\"@type\":\"CommentAction\",\"name\":\"Comment\",\"target\":[\"https:\\\/\\\/www.arepoquality.eu\\\/fr\\\/2012\\\/04\\\/11\\\/intervention-de-larepo-au-debat-de-haut-niveau-sur-la-promotion-des-produits-agroalimentaires-organise-par-qualivita-en-partenariat-avec-larepo-2\\\/#respond\"]}]},{\"@type\":\"WebPage\",\"@id\":\"https:\\\/\\\/www.arepoquality.eu\\\/fr\\\/2012\\\/04\\\/11\\\/intervention-de-larepo-au-debat-de-haut-niveau-sur-la-promotion-des-produits-agroalimentaires-organise-par-qualivita-en-partenariat-avec-larepo-2\\\/\",\"url\":\"https:\\\/\\\/www.arepoquality.eu\\\/fr\\\/2012\\\/04\\\/11\\\/intervention-de-larepo-au-debat-de-haut-niveau-sur-la-promotion-des-produits-agroalimentaires-organise-par-qualivita-en-partenariat-avec-larepo-2\\\/\",\"name\":\"Intervention de l\u2019AREPO au d\u00e9bat de haut niveau sur la promotion des produits agroalimentaires organis\u00e9 par Qualivita, en partenariat avec l\u2019AREPO - AREPO\",\"isPartOf\":{\"@id\":\"https:\\\/\\\/www.arepoquality.eu\\\/#website\"},\"datePublished\":\"2012-04-11T08:04:50+00:00\",\"dateModified\":\"2021-07-30T08:06:07+00:00\",\"breadcrumb\":{\"@id\":\"https:\\\/\\\/www.arepoquality.eu\\\/fr\\\/2012\\\/04\\\/11\\\/intervention-de-larepo-au-debat-de-haut-niveau-sur-la-promotion-des-produits-agroalimentaires-organise-par-qualivita-en-partenariat-avec-larepo-2\\\/#breadcrumb\"},\"inLanguage\":\"fr-FR\",\"potentialAction\":[{\"@type\":\"ReadAction\",\"target\":[\"https:\\\/\\\/www.arepoquality.eu\\\/fr\\\/2012\\\/04\\\/11\\\/intervention-de-larepo-au-debat-de-haut-niveau-sur-la-promotion-des-produits-agroalimentaires-organise-par-qualivita-en-partenariat-avec-larepo-2\\\/\"]}]},{\"@type\":\"BreadcrumbList\",\"@id\":\"https:\\\/\\\/www.arepoquality.eu\\\/fr\\\/2012\\\/04\\\/11\\\/intervention-de-larepo-au-debat-de-haut-niveau-sur-la-promotion-des-produits-agroalimentaires-organise-par-qualivita-en-partenariat-avec-larepo-2\\\/#breadcrumb\",\"itemListElement\":[{\"@type\":\"ListItem\",\"position\":1,\"name\":\"Home\",\"item\":\"https:\\\/\\\/www.arepoquality.eu\\\/\"},{\"@type\":\"ListItem\",\"position\":2,\"name\":\"Intervention de l\u2019AREPO au d\u00e9bat de haut niveau sur la promotion des produits agroalimentaires organis\u00e9 par Qualivita, en partenariat avec l\u2019AREPO\"}]},{\"@type\":\"WebSite\",\"@id\":\"https:\\\/\\\/www.arepoquality.eu\\\/#website\",\"url\":\"https:\\\/\\\/www.arepoquality.eu\\\/\",\"name\":\"AREPO\",\"description\":\"\",\"publisher\":{\"@id\":\"https:\\\/\\\/www.arepoquality.eu\\\/#organization\"},\"potentialAction\":[{\"@type\":\"SearchAction\",\"target\":{\"@type\":\"EntryPoint\",\"urlTemplate\":\"https:\\\/\\\/www.arepoquality.eu\\\/?s={search_term_string}\"},\"query-input\":{\"@type\":\"PropertyValueSpecification\",\"valueRequired\":true,\"valueName\":\"search_term_string\"}}],\"inLanguage\":\"fr-FR\"},{\"@type\":\"Organization\",\"@id\":\"https:\\\/\\\/www.arepoquality.eu\\\/#organization\",\"name\":\"AREPO\",\"url\":\"https:\\\/\\\/www.arepoquality.eu\\\/\",\"logo\":{\"@type\":\"ImageObject\",\"inLanguage\":\"fr-FR\",\"@id\":\"https:\\\/\\\/www.arepoquality.eu\\\/#\\\/schema\\\/logo\\\/image\\\/\",\"url\":\"https:\\\/\\\/www.arepoquality.eu\\\/wp-content\\\/uploads\\\/2024\\\/05\\\/arepo.jpg\",\"contentUrl\":\"https:\\\/\\\/www.arepoquality.eu\\\/wp-content\\\/uploads\\\/2024\\\/05\\\/arepo.jpg\",\"width\":1113,\"height\":705,\"caption\":\"AREPO\"},\"image\":{\"@id\":\"https:\\\/\\\/www.arepoquality.eu\\\/#\\\/schema\\\/logo\\\/image\\\/\"},\"sameAs\":[\"https:\\\/\\\/www.facebook.com\\\/arepoquality\\\/\",\"https:\\\/\\\/x.com\\\/arepoquality_eu\",\"https:\\\/\\\/www.linkedin.com\\\/company\\\/arepoquality\\\/?viewAsMember=true\"]},{\"@type\":\"Person\",\"@id\":\"https:\\\/\\\/www.arepoquality.eu\\\/#\\\/schema\\\/person\\\/15f7c6b22cbe9706c69d5201712ded97\",\"name\":\"Francesca Alampi\",\"url\":\"https:\\\/\\\/www.arepoquality.eu\\\/fr\\\/author\\\/francesca-alampi\\\/\"}]}<\/script>\n<!-- \/ Yoast SEO plugin. -->","yoast_head_json":{"title":"Intervention de l\u2019AREPO au d\u00e9bat de haut niveau sur la promotion des produits agroalimentaires organis\u00e9 par Qualivita, en partenariat avec l\u2019AREPO - AREPO","robots":{"index":"index","follow":"follow","max-snippet":"max-snippet:-1","max-image-preview":"max-image-preview:large","max-video-preview":"max-video-preview:-1"},"canonical":"https:\/\/www.arepoquality.eu\/fr\/2012\/04\/11\/intervention-de-larepo-au-debat-de-haut-niveau-sur-la-promotion-des-produits-agroalimentaires-organise-par-qualivita-en-partenariat-avec-larepo-2\/","og_locale":"fr_FR","og_type":"article","og_title":"Intervention de l\u2019AREPO au d\u00e9bat de haut niveau sur la promotion des produits agroalimentaires organis\u00e9 par Qualivita, en partenariat avec l\u2019AREPO - AREPO","og_description":"Le 11 avril Qualivita, en partenariat avec l\u2019AREPO, a organis\u00e9 un d\u00e9bat autour de la politique europ\u00e9enne de promotion des produits agroalimentaires. L\u2019AREPO a pr\u00e9sent\u00e9 ses positions concernant cette politique, notamment la n\u00e9cessit\u00e9 de d\u00e9velopper une approche globale qui cr\u00e9e des synergies entre PAC, Paquet Qualit\u00e9 et Politique de promotion afin de valoriser les produits [&hellip;]","og_url":"https:\/\/www.arepoquality.eu\/fr\/2012\/04\/11\/intervention-de-larepo-au-debat-de-haut-niveau-sur-la-promotion-des-produits-agroalimentaires-organise-par-qualivita-en-partenariat-avec-larepo-2\/","og_site_name":"AREPO","article_publisher":"https:\/\/www.facebook.com\/arepoquality\/","article_published_time":"2012-04-11T08:04:50+00:00","article_modified_time":"2021-07-30T08:06:07+00:00","author":"Francesca Alampi","twitter_card":"summary_large_image","twitter_creator":"@arepoquality_eu","twitter_site":"@arepoquality_eu","twitter_misc":{"\u00c9crit par":"Francesca Alampi","Dur\u00e9e de lecture estim\u00e9e":"1 minute"},"schema":{"@context":"https:\/\/schema.org","@graph":[{"@type":"Article","@id":"https:\/\/www.arepoquality.eu\/fr\/2012\/04\/11\/intervention-de-larepo-au-debat-de-haut-niveau-sur-la-promotion-des-produits-agroalimentaires-organise-par-qualivita-en-partenariat-avec-larepo-2\/#article","isPartOf":{"@id":"https:\/\/www.arepoquality.eu\/fr\/2012\/04\/11\/intervention-de-larepo-au-debat-de-haut-niveau-sur-la-promotion-des-produits-agroalimentaires-organise-par-qualivita-en-partenariat-avec-larepo-2\/"},"author":{"name":"Francesca Alampi","@id":"https:\/\/www.arepoquality.eu\/#\/schema\/person\/15f7c6b22cbe9706c69d5201712ded97"},"headline":"Intervention de l\u2019AREPO au d\u00e9bat de haut niveau sur la promotion des produits agroalimentaires organis\u00e9 par Qualivita, en partenariat avec l\u2019AREPO","datePublished":"2012-04-11T08:04:50+00:00","dateModified":"2021-07-30T08:06:07+00:00","mainEntityOfPage":{"@id":"https:\/\/www.arepoquality.eu\/fr\/2012\/04\/11\/intervention-de-larepo-au-debat-de-haut-niveau-sur-la-promotion-des-produits-agroalimentaires-organise-par-qualivita-en-partenariat-avec-larepo-2\/"},"wordCount":228,"commentCount":0,"publisher":{"@id":"https:\/\/www.arepoquality.eu\/#organization"},"articleSection":["\u00c9v\u00e8nement AREPO","Recherche et Innovation"],"inLanguage":"fr-FR","potentialAction":[{"@type":"CommentAction","name":"Comment","target":["https:\/\/www.arepoquality.eu\/fr\/2012\/04\/11\/intervention-de-larepo-au-debat-de-haut-niveau-sur-la-promotion-des-produits-agroalimentaires-organise-par-qualivita-en-partenariat-avec-larepo-2\/#respond"]}]},{"@type":"WebPage","@id":"https:\/\/www.arepoquality.eu\/fr\/2012\/04\/11\/intervention-de-larepo-au-debat-de-haut-niveau-sur-la-promotion-des-produits-agroalimentaires-organise-par-qualivita-en-partenariat-avec-larepo-2\/","url":"https:\/\/www.arepoquality.eu\/fr\/2012\/04\/11\/intervention-de-larepo-au-debat-de-haut-niveau-sur-la-promotion-des-produits-agroalimentaires-organise-par-qualivita-en-partenariat-avec-larepo-2\/","name":"Intervention de l\u2019AREPO au d\u00e9bat de haut niveau sur la promotion des produits agroalimentaires organis\u00e9 par Qualivita, en partenariat avec l\u2019AREPO - AREPO","isPartOf":{"@id":"https:\/\/www.arepoquality.eu\/#website"},"datePublished":"2012-04-11T08:04:50+00:00","dateModified":"2021-07-30T08:06:07+00:00","breadcrumb":{"@id":"https:\/\/www.arepoquality.eu\/fr\/2012\/04\/11\/intervention-de-larepo-au-debat-de-haut-niveau-sur-la-promotion-des-produits-agroalimentaires-organise-par-qualivita-en-partenariat-avec-larepo-2\/#breadcrumb"},"inLanguage":"fr-FR","potentialAction":[{"@type":"ReadAction","target":["https:\/\/www.arepoquality.eu\/fr\/2012\/04\/11\/intervention-de-larepo-au-debat-de-haut-niveau-sur-la-promotion-des-produits-agroalimentaires-organise-par-qualivita-en-partenariat-avec-larepo-2\/"]}]},{"@type":"BreadcrumbList","@id":"https:\/\/www.arepoquality.eu\/fr\/2012\/04\/11\/intervention-de-larepo-au-debat-de-haut-niveau-sur-la-promotion-des-produits-agroalimentaires-organise-par-qualivita-en-partenariat-avec-larepo-2\/#breadcrumb","itemListElement":[{"@type":"ListItem","position":1,"name":"Home","item":"https:\/\/www.arepoquality.eu\/"},{"@type":"ListItem","position":2,"name":"Intervention de l\u2019AREPO au d\u00e9bat de haut niveau sur la promotion des produits agroalimentaires organis\u00e9 par Qualivita, en partenariat avec l\u2019AREPO"}]},{"@type":"WebSite","@id":"https:\/\/www.arepoquality.eu\/#website","url":"https:\/\/www.arepoquality.eu\/","name":"AREPO","description":"","publisher":{"@id":"https:\/\/www.arepoquality.eu\/#organization"},"potentialAction":[{"@type":"SearchAction","target":{"@type":"EntryPoint","urlTemplate":"https:\/\/www.arepoquality.eu\/?s={search_term_string}"},"query-input":{"@type":"PropertyValueSpecification","valueRequired":true,"valueName":"search_term_string"}}],"inLanguage":"fr-FR"},{"@type":"Organization","@id":"https:\/\/www.arepoquality.eu\/#organization","name":"AREPO","url":"https:\/\/www.arepoquality.eu\/","logo":{"@type":"ImageObject","inLanguage":"fr-FR","@id":"https:\/\/www.arepoquality.eu\/#\/schema\/logo\/image\/","url":"https:\/\/www.arepoquality.eu\/wp-content\/uploads\/2024\/05\/arepo.jpg","contentUrl":"https:\/\/www.arepoquality.eu\/wp-content\/uploads\/2024\/05\/arepo.jpg","width":1113,"height":705,"caption":"AREPO"},"image":{"@id":"https:\/\/www.arepoquality.eu\/#\/schema\/logo\/image\/"},"sameAs":["https:\/\/www.facebook.com\/arepoquality\/","https:\/\/x.com\/arepoquality_eu","https:\/\/www.linkedin.com\/company\/arepoquality\/?viewAsMember=true"]},{"@type":"Person","@id":"https:\/\/www.arepoquality.eu\/#\/schema\/person\/15f7c6b22cbe9706c69d5201712ded97","name":"Francesca Alampi","url":"https:\/\/www.arepoquality.eu\/fr\/author\/francesca-alampi\/"}]}},"_links":{"self":[{"href":"https:\/\/www.arepoquality.eu\/fr\/wp-json\/wp\/v2\/posts\/3357","targetHints":{"allow":["GET"]}}],"collection":[{"href":"https:\/\/www.arepoquality.eu\/fr\/wp-json\/wp\/v2\/posts"}],"about":[{"href":"https:\/\/www.arepoquality.eu\/fr\/wp-json\/wp\/v2\/types\/post"}],"author":[{"embeddable":true,"href":"https:\/\/www.arepoquality.eu\/fr\/wp-json\/wp\/v2\/users\/3"}],"replies":[{"embeddable":true,"href":"https:\/\/www.arepoquality.eu\/fr\/wp-json\/wp\/v2\/comments?post=3357"}],"version-history":[{"count":1,"href":"https:\/\/www.arepoquality.eu\/fr\/wp-json\/wp\/v2\/posts\/3357\/revisions"}],"predecessor-version":[{"id":3358,"href":"https:\/\/www.arepoquality.eu\/fr\/wp-json\/wp\/v2\/posts\/3357\/revisions\/3358"}],"wp:attachment":[{"href":"https:\/\/www.arepoquality.eu\/fr\/wp-json\/wp\/v2\/media?parent=3357"}],"wp:term":[{"taxonomy":"category","embeddable":true,"href":"https:\/\/www.arepoquality.eu\/fr\/wp-json\/wp\/v2\/categories?post=3357"},{"taxonomy":"post_tag","embeddable":true,"href":"https:\/\/www.arepoquality.eu\/fr\/wp-json\/wp\/v2\/tags?post=3357"}],"curies":[{"name":"wp","href":"https:\/\/api.w.org\/{rel}","templated":true}]}}