{"id":3628,"date":"2015-11-25T16:33:44","date_gmt":"2015-11-25T15:33:44","guid":{"rendered":"http:\/\/252373706c.url-de-test.ws\/arepo\/?p=3628"},"modified":"2021-07-30T16:34:39","modified_gmt":"2021-07-30T14:34:39","slug":"horizon-2020-info-week-sur-les-defis-de-societe-2-programme-de-travail-2016-2017","status":"publish","type":"post","link":"https:\/\/www.arepoquality.eu\/fr\/2015\/11\/25\/horizon-2020-info-week-sur-les-defis-de-societe-2-programme-de-travail-2016-2017\/","title":{"rendered":"Horizon 2020 : Info week sur les D\u00e9fis de Soci\u00e9t\u00e9 2 &#8211; Programme de travail 2016-2017"},"content":{"rendered":"\n<p> Le mardi 24 et le mercredi 25 novembre 2015, l\u2019AREPO a particip\u00e9 aux initiatives organis\u00e9es par la Commission europ\u00e9enne \u00e0 l&rsquo;occasion de l\u2019info week sur les\u00a0<a href=\"http:\/\/ec.europa.eu\/programmes\/horizon2020\/en\/news\/info-week-societal-challenge-2-work-programme-2016-2017\">D\u00e9fis Soci\u00e9taux 2 d\u2019Horizon 2020<\/a>. <\/p>\n\n\n\n<p>Le workshop \u00ab&nbsp;<em>Innovation interactive en mouvement<\/em>&nbsp;\u00bb avait pour but de partager les exp\u00e9riences des premiers projets multi-acteurs et r\u00e9seaux th\u00e9matiques, afin de servir de source d\u2019inspiration pour les prochains projets. Sur la base des r\u00e9sultats de ces exp\u00e9riences et du premier tour de s\u00e9lection, la Commission a compl\u00e9t\u00e9 et clarifi\u00e9 sa d\u00e9finition de l\u2019approche multi-acteurs et des r\u00e9seaux th\u00e9matiques.<\/p>\n\n\n\n<p>Pour les&nbsp;<strong>projets multi-acteurs<\/strong>, l\u2019accent a \u00e9t\u00e9 mis sur l\u2019<strong>impact&nbsp;<\/strong>du projet et sur la&nbsp;<strong>compl\u00e9mentarit\u00e9 des diff\u00e9rents types de savoirs<\/strong>&nbsp;(scientifiques et pratiques) qui doivent \u00eatre pris en compte dans la composition du consortium et tout au long du projet pour assurer la&nbsp;<strong>circulation et l\u2019\u00e9change des connaissances<\/strong>. Les candidats doivent d\u00e9montrer que les objectifs du projet sont cibl\u00e9s sur les besoins, les probl\u00e8mes et les moyens des b\u00e9n\u00e9ficiaires finaux. Les r\u00e9sultats du projet doivent venir&nbsp;<strong>compl\u00e9ter<\/strong>&nbsp;la recherche existante mais aussi cr\u00e9er une&nbsp;<strong>r\u00e9elle valeur ajout\u00e9e<\/strong>&nbsp;et \u00eatre r\u00e9dig\u00e9s de fa\u00e7on&nbsp;<strong>pratique et compr\u00e9hensible<\/strong>&nbsp;pour une large diffusion.<\/p>\n\n\n\n<p>D\u2019autre part, les&nbsp;<strong>r\u00e9seaux th\u00e9matiques&nbsp;<\/strong>visent \u00e0&nbsp;<strong>rassembler les connaissances pr\u00eates pour leur mise en pratique.<\/strong>&nbsp;Les r\u00e9seaux th\u00e9matiques doivent impliquer tous les&nbsp;<strong>acteurs concern\u00e9s par le th\u00e8me choisi<\/strong>&nbsp;afin de fournir une description compr\u00e9hensible de l\u2019\u00e9tat de l\u2019art. Les partenaires doivent r\u00e9sumer, partager et pr\u00e9senter les connaissances scientifiques existantes et les bonnes pratiques qui ne sont pas suffisamment connues et appliqu\u00e9es par les praticiens, en se focalisant sur les besoins les plus urgents des secteurs de la production agricole et foresti\u00e8re.<\/p>\n\n\n\n<p>Pour plus d\u2019informations, la Commission europ\u00e9enne publiera les pr\u00e9sentations et les enregistrements vid\u00e9os sur la&nbsp;<a href=\"http:\/\/ec.europa.eu\/programmes\/horizon2020\/en\/news\/interactive-innovation-motion-multi-actor-projects-and-thematic-networks-under-horizon-2020\">page web du workshop<\/a>.<\/p>\n\n\n\n<p><strong>Horizon 2020 D\u00e9fis Soci\u00e9taux 2 Info Day<\/strong><\/p>\n\n\n\n<p>Pendant l\u2019\u00e9v\u00e9nement, la Commission a donn\u00e9 un aper\u00e7u des nouvelles opportunit\u00e9s de financement dans le cadre des appels \u00e0 projet des D\u00e9fis Soci\u00e9taux 2 (SC2) de 2016 : \u00ab S\u00e9curit\u00e9 alimentaire durable \u00bb ; \u00ab Croissance bleue \u00bb ; \u00ab Renaissance rurale \u00bb et \u00ab Innovation de la bio\u00e9conomie \u00bb.<\/p>\n\n\n\n<p>La session du matin s\u2019est focalis\u00e9e sur les priorit\u00e9s de la recherche du nouveau programme de travail et a \u00e9clair\u00e9 sur les aspects pratiques du d\u00e9p\u00f4t et de l\u2019\u00e9valuation des propositions de projet. La session de l\u2019apr\u00e8s-midi a \u00e9t\u00e9 divis\u00e9e en sessions parall\u00e8les organis\u00e9es en fonction des th\u00e9matiques du programme au sein desquelles chaque appel \u00e0 projet a \u00e9t\u00e9 pr\u00e9sent\u00e9.<\/p>\n\n\n\n<p>Pour plus d\u2019informations, vous pouvez consulter la&nbsp;<a href=\"http:\/\/ec.europa.eu\/rea\/about_us\/events\/societal_challenge2_info_day_event_en.htm\">page web de l\u2019Info Day<\/a>.<\/p>\n\n\n\n<p>Pour en savoir plus sur les appels \u00e0 projet et les opportunit\u00e9s pour 2016, vous pouvez consulter la brochure EIP-AGRI \u00ab&nbsp;<a href=\"http:\/\/ec.europa.eu\/eip\/agriculture\/node\/1354\">Les possibilit\u00e9s de financement sous Horizon 2020 &#8211; Appels \u00e0 projet 2016<\/a>&nbsp;\u00bb.<\/p>\n","protected":false},"excerpt":{"rendered":"<p>Le mardi 24 et le mercredi 25 novembre 2015, l\u2019AREPO a particip\u00e9 aux initiatives organis\u00e9es par la Commission europ\u00e9enne \u00e0 l&rsquo;occasion de l\u2019info week sur les\u00a0D\u00e9fis Soci\u00e9taux 2 d\u2019Horizon 2020. Le workshop \u00ab&nbsp;Innovation interactive en mouvement&nbsp;\u00bb avait pour but de partager les exp\u00e9riences des premiers projets multi-acteurs et r\u00e9seaux th\u00e9matiques, afin de servir de source [&hellip;]<\/p>\n","protected":false},"author":3,"featured_media":0,"comment_status":"open","ping_status":"open","sticky":false,"template":"","format":"standard","meta":{"_acf_changed":false,"footnotes":""},"categories":[127],"tags":[],"class_list":["post-3628","post","type-post","status-publish","format-standard","hentry","category-strength2food-fr"],"acf":[],"yoast_head":"<!-- This site is optimized with the Yoast SEO plugin v27.4 - https:\/\/yoast.com\/product\/yoast-seo-wordpress\/ -->\n<title>Horizon 2020 : Info week sur les D\u00e9fis de Soci\u00e9t\u00e9 2 - Programme de travail 2016-2017 - AREPO<\/title>\n<meta name=\"robots\" content=\"index, follow, max-snippet:-1, max-image-preview:large, max-video-preview:-1\" \/>\n<link rel=\"canonical\" href=\"https:\/\/www.arepoquality.eu\/fr\/2015\/11\/25\/horizon-2020-info-week-sur-les-defis-de-societe-2-programme-de-travail-2016-2017\/\" \/>\n<meta property=\"og:locale\" content=\"fr_FR\" \/>\n<meta property=\"og:type\" content=\"article\" \/>\n<meta property=\"og:title\" content=\"Horizon 2020 : Info week sur les D\u00e9fis de Soci\u00e9t\u00e9 2 - Programme de travail 2016-2017 - AREPO\" \/>\n<meta property=\"og:description\" content=\"Le mardi 24 et le mercredi 25 novembre 2015, l\u2019AREPO a particip\u00e9 aux initiatives organis\u00e9es par la Commission europ\u00e9enne \u00e0 l&rsquo;occasion de l\u2019info week sur les\u00a0D\u00e9fis Soci\u00e9taux 2 d\u2019Horizon 2020. Le workshop \u00ab&nbsp;Innovation interactive en mouvement&nbsp;\u00bb avait pour but de partager les exp\u00e9riences des premiers projets multi-acteurs et r\u00e9seaux th\u00e9matiques, afin de servir de source [&hellip;]\" \/>\n<meta property=\"og:url\" content=\"https:\/\/www.arepoquality.eu\/fr\/2015\/11\/25\/horizon-2020-info-week-sur-les-defis-de-societe-2-programme-de-travail-2016-2017\/\" \/>\n<meta property=\"og:site_name\" content=\"AREPO\" \/>\n<meta property=\"article:publisher\" content=\"https:\/\/www.facebook.com\/arepoquality\/\" \/>\n<meta property=\"article:published_time\" content=\"2015-11-25T15:33:44+00:00\" \/>\n<meta property=\"article:modified_time\" content=\"2021-07-30T14:34:39+00:00\" \/>\n<meta name=\"author\" content=\"Francesca Alampi\" \/>\n<meta name=\"twitter:card\" content=\"summary_large_image\" \/>\n<meta name=\"twitter:creator\" content=\"@arepoquality_eu\" \/>\n<meta name=\"twitter:site\" content=\"@arepoquality_eu\" \/>\n<meta name=\"twitter:label1\" content=\"\u00c9crit par\" \/>\n\t<meta name=\"twitter:data1\" content=\"Francesca Alampi\" \/>\n\t<meta name=\"twitter:label2\" content=\"Dur\u00e9e de lecture estim\u00e9e\" \/>\n\t<meta name=\"twitter:data2\" content=\"3 minutes\" \/>\n<script type=\"application\/ld+json\" class=\"yoast-schema-graph\">{\"@context\":\"https:\\\/\\\/schema.org\",\"@graph\":[{\"@type\":\"Article\",\"@id\":\"https:\\\/\\\/www.arepoquality.eu\\\/fr\\\/2015\\\/11\\\/25\\\/horizon-2020-info-week-sur-les-defis-de-societe-2-programme-de-travail-2016-2017\\\/#article\",\"isPartOf\":{\"@id\":\"https:\\\/\\\/www.arepoquality.eu\\\/fr\\\/2015\\\/11\\\/25\\\/horizon-2020-info-week-sur-les-defis-de-societe-2-programme-de-travail-2016-2017\\\/\"},\"author\":{\"name\":\"Francesca Alampi\",\"@id\":\"https:\\\/\\\/www.arepoquality.eu\\\/#\\\/schema\\\/person\\\/15f7c6b22cbe9706c69d5201712ded97\"},\"headline\":\"Horizon 2020 : Info week sur les D\u00e9fis de Soci\u00e9t\u00e9 2 &#8211; Programme de travail 2016-2017\",\"datePublished\":\"2015-11-25T15:33:44+00:00\",\"dateModified\":\"2021-07-30T14:34:39+00:00\",\"mainEntityOfPage\":{\"@id\":\"https:\\\/\\\/www.arepoquality.eu\\\/fr\\\/2015\\\/11\\\/25\\\/horizon-2020-info-week-sur-les-defis-de-societe-2-programme-de-travail-2016-2017\\\/\"},\"wordCount\":545,\"commentCount\":0,\"publisher\":{\"@id\":\"https:\\\/\\\/www.arepoquality.eu\\\/#organization\"},\"articleSection\":[\"Strength2Food\"],\"inLanguage\":\"fr-FR\",\"potentialAction\":[{\"@type\":\"CommentAction\",\"name\":\"Comment\",\"target\":[\"https:\\\/\\\/www.arepoquality.eu\\\/fr\\\/2015\\\/11\\\/25\\\/horizon-2020-info-week-sur-les-defis-de-societe-2-programme-de-travail-2016-2017\\\/#respond\"]}]},{\"@type\":\"WebPage\",\"@id\":\"https:\\\/\\\/www.arepoquality.eu\\\/fr\\\/2015\\\/11\\\/25\\\/horizon-2020-info-week-sur-les-defis-de-societe-2-programme-de-travail-2016-2017\\\/\",\"url\":\"https:\\\/\\\/www.arepoquality.eu\\\/fr\\\/2015\\\/11\\\/25\\\/horizon-2020-info-week-sur-les-defis-de-societe-2-programme-de-travail-2016-2017\\\/\",\"name\":\"Horizon 2020 : Info week sur les D\u00e9fis de Soci\u00e9t\u00e9 2 - Programme de travail 2016-2017 - AREPO\",\"isPartOf\":{\"@id\":\"https:\\\/\\\/www.arepoquality.eu\\\/#website\"},\"datePublished\":\"2015-11-25T15:33:44+00:00\",\"dateModified\":\"2021-07-30T14:34:39+00:00\",\"breadcrumb\":{\"@id\":\"https:\\\/\\\/www.arepoquality.eu\\\/fr\\\/2015\\\/11\\\/25\\\/horizon-2020-info-week-sur-les-defis-de-societe-2-programme-de-travail-2016-2017\\\/#breadcrumb\"},\"inLanguage\":\"fr-FR\",\"potentialAction\":[{\"@type\":\"ReadAction\",\"target\":[\"https:\\\/\\\/www.arepoquality.eu\\\/fr\\\/2015\\\/11\\\/25\\\/horizon-2020-info-week-sur-les-defis-de-societe-2-programme-de-travail-2016-2017\\\/\"]}]},{\"@type\":\"BreadcrumbList\",\"@id\":\"https:\\\/\\\/www.arepoquality.eu\\\/fr\\\/2015\\\/11\\\/25\\\/horizon-2020-info-week-sur-les-defis-de-societe-2-programme-de-travail-2016-2017\\\/#breadcrumb\",\"itemListElement\":[{\"@type\":\"ListItem\",\"position\":1,\"name\":\"Home\",\"item\":\"https:\\\/\\\/www.arepoquality.eu\\\/\"},{\"@type\":\"ListItem\",\"position\":2,\"name\":\"Horizon 2020 : Info week sur les D\u00e9fis de Soci\u00e9t\u00e9 2 &#8211; Programme de travail 2016-2017\"}]},{\"@type\":\"WebSite\",\"@id\":\"https:\\\/\\\/www.arepoquality.eu\\\/#website\",\"url\":\"https:\\\/\\\/www.arepoquality.eu\\\/\",\"name\":\"AREPO\",\"description\":\"\",\"publisher\":{\"@id\":\"https:\\\/\\\/www.arepoquality.eu\\\/#organization\"},\"potentialAction\":[{\"@type\":\"SearchAction\",\"target\":{\"@type\":\"EntryPoint\",\"urlTemplate\":\"https:\\\/\\\/www.arepoquality.eu\\\/?s={search_term_string}\"},\"query-input\":{\"@type\":\"PropertyValueSpecification\",\"valueRequired\":true,\"valueName\":\"search_term_string\"}}],\"inLanguage\":\"fr-FR\"},{\"@type\":\"Organization\",\"@id\":\"https:\\\/\\\/www.arepoquality.eu\\\/#organization\",\"name\":\"AREPO\",\"url\":\"https:\\\/\\\/www.arepoquality.eu\\\/\",\"logo\":{\"@type\":\"ImageObject\",\"inLanguage\":\"fr-FR\",\"@id\":\"https:\\\/\\\/www.arepoquality.eu\\\/#\\\/schema\\\/logo\\\/image\\\/\",\"url\":\"https:\\\/\\\/www.arepoquality.eu\\\/wp-content\\\/uploads\\\/2024\\\/05\\\/arepo.jpg\",\"contentUrl\":\"https:\\\/\\\/www.arepoquality.eu\\\/wp-content\\\/uploads\\\/2024\\\/05\\\/arepo.jpg\",\"width\":1113,\"height\":705,\"caption\":\"AREPO\"},\"image\":{\"@id\":\"https:\\\/\\\/www.arepoquality.eu\\\/#\\\/schema\\\/logo\\\/image\\\/\"},\"sameAs\":[\"https:\\\/\\\/www.facebook.com\\\/arepoquality\\\/\",\"https:\\\/\\\/x.com\\\/arepoquality_eu\",\"https:\\\/\\\/www.linkedin.com\\\/company\\\/arepoquality\\\/?viewAsMember=true\"]},{\"@type\":\"Person\",\"@id\":\"https:\\\/\\\/www.arepoquality.eu\\\/#\\\/schema\\\/person\\\/15f7c6b22cbe9706c69d5201712ded97\",\"name\":\"Francesca Alampi\",\"url\":\"https:\\\/\\\/www.arepoquality.eu\\\/fr\\\/author\\\/francesca-alampi\\\/\"}]}<\/script>\n<!-- \/ Yoast SEO plugin. -->","yoast_head_json":{"title":"Horizon 2020 : Info week sur les D\u00e9fis de Soci\u00e9t\u00e9 2 - Programme de travail 2016-2017 - AREPO","robots":{"index":"index","follow":"follow","max-snippet":"max-snippet:-1","max-image-preview":"max-image-preview:large","max-video-preview":"max-video-preview:-1"},"canonical":"https:\/\/www.arepoquality.eu\/fr\/2015\/11\/25\/horizon-2020-info-week-sur-les-defis-de-societe-2-programme-de-travail-2016-2017\/","og_locale":"fr_FR","og_type":"article","og_title":"Horizon 2020 : Info week sur les D\u00e9fis de Soci\u00e9t\u00e9 2 - Programme de travail 2016-2017 - AREPO","og_description":"Le mardi 24 et le mercredi 25 novembre 2015, l\u2019AREPO a particip\u00e9 aux initiatives organis\u00e9es par la Commission europ\u00e9enne \u00e0 l&rsquo;occasion de l\u2019info week sur les\u00a0D\u00e9fis Soci\u00e9taux 2 d\u2019Horizon 2020. Le workshop \u00ab&nbsp;Innovation interactive en mouvement&nbsp;\u00bb avait pour but de partager les exp\u00e9riences des premiers projets multi-acteurs et r\u00e9seaux th\u00e9matiques, afin de servir de source [&hellip;]","og_url":"https:\/\/www.arepoquality.eu\/fr\/2015\/11\/25\/horizon-2020-info-week-sur-les-defis-de-societe-2-programme-de-travail-2016-2017\/","og_site_name":"AREPO","article_publisher":"https:\/\/www.facebook.com\/arepoquality\/","article_published_time":"2015-11-25T15:33:44+00:00","article_modified_time":"2021-07-30T14:34:39+00:00","author":"Francesca Alampi","twitter_card":"summary_large_image","twitter_creator":"@arepoquality_eu","twitter_site":"@arepoquality_eu","twitter_misc":{"\u00c9crit par":"Francesca Alampi","Dur\u00e9e de lecture estim\u00e9e":"3 minutes"},"schema":{"@context":"https:\/\/schema.org","@graph":[{"@type":"Article","@id":"https:\/\/www.arepoquality.eu\/fr\/2015\/11\/25\/horizon-2020-info-week-sur-les-defis-de-societe-2-programme-de-travail-2016-2017\/#article","isPartOf":{"@id":"https:\/\/www.arepoquality.eu\/fr\/2015\/11\/25\/horizon-2020-info-week-sur-les-defis-de-societe-2-programme-de-travail-2016-2017\/"},"author":{"name":"Francesca Alampi","@id":"https:\/\/www.arepoquality.eu\/#\/schema\/person\/15f7c6b22cbe9706c69d5201712ded97"},"headline":"Horizon 2020 : Info week sur les D\u00e9fis de Soci\u00e9t\u00e9 2 &#8211; Programme de travail 2016-2017","datePublished":"2015-11-25T15:33:44+00:00","dateModified":"2021-07-30T14:34:39+00:00","mainEntityOfPage":{"@id":"https:\/\/www.arepoquality.eu\/fr\/2015\/11\/25\/horizon-2020-info-week-sur-les-defis-de-societe-2-programme-de-travail-2016-2017\/"},"wordCount":545,"commentCount":0,"publisher":{"@id":"https:\/\/www.arepoquality.eu\/#organization"},"articleSection":["Strength2Food"],"inLanguage":"fr-FR","potentialAction":[{"@type":"CommentAction","name":"Comment","target":["https:\/\/www.arepoquality.eu\/fr\/2015\/11\/25\/horizon-2020-info-week-sur-les-defis-de-societe-2-programme-de-travail-2016-2017\/#respond"]}]},{"@type":"WebPage","@id":"https:\/\/www.arepoquality.eu\/fr\/2015\/11\/25\/horizon-2020-info-week-sur-les-defis-de-societe-2-programme-de-travail-2016-2017\/","url":"https:\/\/www.arepoquality.eu\/fr\/2015\/11\/25\/horizon-2020-info-week-sur-les-defis-de-societe-2-programme-de-travail-2016-2017\/","name":"Horizon 2020 : Info week sur les D\u00e9fis de Soci\u00e9t\u00e9 2 - Programme de travail 2016-2017 - AREPO","isPartOf":{"@id":"https:\/\/www.arepoquality.eu\/#website"},"datePublished":"2015-11-25T15:33:44+00:00","dateModified":"2021-07-30T14:34:39+00:00","breadcrumb":{"@id":"https:\/\/www.arepoquality.eu\/fr\/2015\/11\/25\/horizon-2020-info-week-sur-les-defis-de-societe-2-programme-de-travail-2016-2017\/#breadcrumb"},"inLanguage":"fr-FR","potentialAction":[{"@type":"ReadAction","target":["https:\/\/www.arepoquality.eu\/fr\/2015\/11\/25\/horizon-2020-info-week-sur-les-defis-de-societe-2-programme-de-travail-2016-2017\/"]}]},{"@type":"BreadcrumbList","@id":"https:\/\/www.arepoquality.eu\/fr\/2015\/11\/25\/horizon-2020-info-week-sur-les-defis-de-societe-2-programme-de-travail-2016-2017\/#breadcrumb","itemListElement":[{"@type":"ListItem","position":1,"name":"Home","item":"https:\/\/www.arepoquality.eu\/"},{"@type":"ListItem","position":2,"name":"Horizon 2020 : Info week sur les D\u00e9fis de Soci\u00e9t\u00e9 2 &#8211; Programme de travail 2016-2017"}]},{"@type":"WebSite","@id":"https:\/\/www.arepoquality.eu\/#website","url":"https:\/\/www.arepoquality.eu\/","name":"AREPO","description":"","publisher":{"@id":"https:\/\/www.arepoquality.eu\/#organization"},"potentialAction":[{"@type":"SearchAction","target":{"@type":"EntryPoint","urlTemplate":"https:\/\/www.arepoquality.eu\/?s={search_term_string}"},"query-input":{"@type":"PropertyValueSpecification","valueRequired":true,"valueName":"search_term_string"}}],"inLanguage":"fr-FR"},{"@type":"Organization","@id":"https:\/\/www.arepoquality.eu\/#organization","name":"AREPO","url":"https:\/\/www.arepoquality.eu\/","logo":{"@type":"ImageObject","inLanguage":"fr-FR","@id":"https:\/\/www.arepoquality.eu\/#\/schema\/logo\/image\/","url":"https:\/\/www.arepoquality.eu\/wp-content\/uploads\/2024\/05\/arepo.jpg","contentUrl":"https:\/\/www.arepoquality.eu\/wp-content\/uploads\/2024\/05\/arepo.jpg","width":1113,"height":705,"caption":"AREPO"},"image":{"@id":"https:\/\/www.arepoquality.eu\/#\/schema\/logo\/image\/"},"sameAs":["https:\/\/www.facebook.com\/arepoquality\/","https:\/\/x.com\/arepoquality_eu","https:\/\/www.linkedin.com\/company\/arepoquality\/?viewAsMember=true"]},{"@type":"Person","@id":"https:\/\/www.arepoquality.eu\/#\/schema\/person\/15f7c6b22cbe9706c69d5201712ded97","name":"Francesca Alampi","url":"https:\/\/www.arepoquality.eu\/fr\/author\/francesca-alampi\/"}]}},"_links":{"self":[{"href":"https:\/\/www.arepoquality.eu\/fr\/wp-json\/wp\/v2\/posts\/3628","targetHints":{"allow":["GET"]}}],"collection":[{"href":"https:\/\/www.arepoquality.eu\/fr\/wp-json\/wp\/v2\/posts"}],"about":[{"href":"https:\/\/www.arepoquality.eu\/fr\/wp-json\/wp\/v2\/types\/post"}],"author":[{"embeddable":true,"href":"https:\/\/www.arepoquality.eu\/fr\/wp-json\/wp\/v2\/users\/3"}],"replies":[{"embeddable":true,"href":"https:\/\/www.arepoquality.eu\/fr\/wp-json\/wp\/v2\/comments?post=3628"}],"version-history":[{"count":1,"href":"https:\/\/www.arepoquality.eu\/fr\/wp-json\/wp\/v2\/posts\/3628\/revisions"}],"predecessor-version":[{"id":3629,"href":"https:\/\/www.arepoquality.eu\/fr\/wp-json\/wp\/v2\/posts\/3628\/revisions\/3629"}],"wp:attachment":[{"href":"https:\/\/www.arepoquality.eu\/fr\/wp-json\/wp\/v2\/media?parent=3628"}],"wp:term":[{"taxonomy":"category","embeddable":true,"href":"https:\/\/www.arepoquality.eu\/fr\/wp-json\/wp\/v2\/categories?post=3628"},{"taxonomy":"post_tag","embeddable":true,"href":"https:\/\/www.arepoquality.eu\/fr\/wp-json\/wp\/v2\/tags?post=3628"}],"curies":[{"name":"wp","href":"https:\/\/api.w.org\/{rel}","templated":true}]}}