{"id":3633,"date":"2015-11-16T16:37:13","date_gmt":"2015-11-16T15:37:13","guid":{"rendered":"http:\/\/252373706c.url-de-test.ws\/arepo\/?p=3633"},"modified":"2021-07-30T16:37:55","modified_gmt":"2021-07-30T14:37:55","slug":"reunion-pleniere-de-larepo-a-bruxelles-2","status":"publish","type":"post","link":"https:\/\/www.arepoquality.eu\/fr\/2015\/11\/16\/reunion-pleniere-de-larepo-a-bruxelles-2\/","title":{"rendered":"R\u00c9UNION PL\u00c9NI\u00c8RE DE L&rsquo;AREPO \u00c0 BRUXELLES"},"content":{"rendered":"\n<p style=\"text-align:center\">La deuxi\u00e8me r\u00e9union pl\u00e9ni\u00e8re de l\u2019AREPO de 2015 a eu lieu le 12 novembre dernier au si\u00e8ge de la&nbsp;<strong>R\u00e9gion Pi\u00e9mont&nbsp;<\/strong>\u00e0 Bruxelles.<\/p>\n\n\n\n<p>Cette r\u00e9union a \u00e9t\u00e9 pr\u00e9sid\u00e9e par&nbsp;<strong>Vincent Labarthe<\/strong>,&nbsp;<em>vice-pr\u00e9sident de la R\u00e9gion Midi-Pyr\u00e9n\u00e9es en charge de l\u2019agriculture<\/em>&nbsp;et \u00e9lu \u00e0 la pr\u00e9sidence de l\u2019AREPO en octobre 2014.<br>A l\u2019ordre du jour de cette r\u00e9union, le rapport annuel et la proposition de la cotisation 2016. Elle sera valid\u00e9e par un courrier aux r\u00e9gions membres.<\/p>\n\n\n\n<p>Le pr\u00e9sident a introduit cette r\u00e9union en remerciant les bureaux de la R\u00e9gion Pi\u00e9mont pour leur accueil. Il a ensuite remerci\u00e9 l\u2019ensemble des R\u00e9gions membres qui renouvellent leur confiance chaque ann\u00e9e et qui travaillent \u00e0 renforcer la l\u00e9gitimit\u00e9 de l\u2019AREPO.<\/p>\n\n\n\n<p>Laurent Gomez, secr\u00e9taire g\u00e9n\u00e9ral de l\u2019AREPO a ensuite pr\u00e9sent\u00e9 l&rsquo;\u00e9tat interm\u00e9diaire des comptes financiers 2015 et un premier projet de budget 2016 avec les points les plus significatifs et notamment l\u2019impact de la r\u00e9forme territoriale en France :<\/p>\n\n\n\n<ul class=\"wp-block-list\"><li>Fusion des R\u00e9gions&nbsp;<strong>Aquitaine<\/strong>&nbsp;et&nbsp;<strong>Limousin<\/strong>&nbsp;(avec le Poitou-Charentes)<\/li><li>Fusion des R\u00e9gions&nbsp;<strong>Rh\u00f4ne-Alpes<\/strong>&nbsp;et&nbsp;<strong>Auvergne<\/strong><\/li><li>Fusion des R\u00e9gions&nbsp;<strong>Midi-Pyr\u00e9n\u00e9es<\/strong>&nbsp;et&nbsp;<strong>Languedoc-Roussillon<\/strong><\/li><\/ul>\n\n\n\n<p>Les autres points \u00e0 l\u2019ordre du jour de la r\u00e9union pl\u00e9ni\u00e8re ont \u00e9t\u00e9 la pr\u00e9sentation des r\u00e9sultats et des r\u00e9flexions du s\u00e9minaire de l\u2019AREPO \u00e0 l\u2019Expo universelle de Milan&nbsp;<em>\u00ab<\/em>&nbsp;<em>Innover et structurer la Recherche, l\u2019Enseignement et la Formation pour des Indications G\u00e9ographiques durables&nbsp;\u00bb. L\u2019objectif est<\/em>&nbsp;l\u2019\u00e9laboration d\u2019un document de position destin\u00e9 \u00e0 la Commission europ\u00e9enne pour un Livre Blanc sur ces questions&nbsp;; le r\u00e8glement sur l\u2019<strong>Agriculture Biologique&nbsp;<\/strong>; la&nbsp;<strong>politique de promotion des produits agricoles et alimentaires europ\u00e9ens<\/strong>&nbsp;; les&nbsp;<strong>Indications G\u00e9ographiques non agricoles&nbsp;<\/strong>; les&nbsp;<strong>IG au sein du TTIP<\/strong>&nbsp;et la participation aux&nbsp;<strong>projets europ\u00e9ens<\/strong>.<\/p>\n","protected":false},"excerpt":{"rendered":"<p>La deuxi\u00e8me r\u00e9union pl\u00e9ni\u00e8re de l\u2019AREPO de 2015 a eu lieu le 12 novembre dernier au si\u00e8ge de la&nbsp;R\u00e9gion Pi\u00e9mont&nbsp;\u00e0 Bruxelles. Cette r\u00e9union a \u00e9t\u00e9 pr\u00e9sid\u00e9e par&nbsp;Vincent Labarthe,&nbsp;vice-pr\u00e9sident de la R\u00e9gion Midi-Pyr\u00e9n\u00e9es en charge de l\u2019agriculture&nbsp;et \u00e9lu \u00e0 la pr\u00e9sidence de l\u2019AREPO en octobre 2014.A l\u2019ordre du jour de cette r\u00e9union, le rapport annuel et [&hellip;]<\/p>\n","protected":false},"author":3,"featured_media":0,"comment_status":"open","ping_status":"open","sticky":false,"template":"","format":"standard","meta":{"_acf_changed":false,"footnotes":""},"categories":[106],"tags":[],"class_list":["post-3633","post","type-post","status-publish","format-standard","hentry","category-reunions-arepo-fr"],"acf":[],"yoast_head":"<!-- This site is optimized with the Yoast SEO plugin v27.4 - https:\/\/yoast.com\/product\/yoast-seo-wordpress\/ -->\n<title>R\u00c9UNION PL\u00c9NI\u00c8RE DE L&#039;AREPO \u00c0 BRUXELLES - AREPO<\/title>\n<meta name=\"robots\" content=\"index, follow, max-snippet:-1, max-image-preview:large, max-video-preview:-1\" \/>\n<link rel=\"canonical\" href=\"https:\/\/www.arepoquality.eu\/fr\/2015\/11\/16\/reunion-pleniere-de-larepo-a-bruxelles-2\/\" \/>\n<meta property=\"og:locale\" content=\"fr_FR\" \/>\n<meta property=\"og:type\" content=\"article\" \/>\n<meta property=\"og:title\" content=\"R\u00c9UNION PL\u00c9NI\u00c8RE DE L&#039;AREPO \u00c0 BRUXELLES - AREPO\" \/>\n<meta property=\"og:description\" content=\"La deuxi\u00e8me r\u00e9union pl\u00e9ni\u00e8re de l\u2019AREPO de 2015 a eu lieu le 12 novembre dernier au si\u00e8ge de la&nbsp;R\u00e9gion Pi\u00e9mont&nbsp;\u00e0 Bruxelles. Cette r\u00e9union a \u00e9t\u00e9 pr\u00e9sid\u00e9e par&nbsp;Vincent Labarthe,&nbsp;vice-pr\u00e9sident de la R\u00e9gion Midi-Pyr\u00e9n\u00e9es en charge de l\u2019agriculture&nbsp;et \u00e9lu \u00e0 la pr\u00e9sidence de l\u2019AREPO en octobre 2014.A l\u2019ordre du jour de cette r\u00e9union, le rapport annuel et [&hellip;]\" \/>\n<meta property=\"og:url\" content=\"https:\/\/www.arepoquality.eu\/fr\/2015\/11\/16\/reunion-pleniere-de-larepo-a-bruxelles-2\/\" \/>\n<meta property=\"og:site_name\" content=\"AREPO\" \/>\n<meta property=\"article:publisher\" content=\"https:\/\/www.facebook.com\/arepoquality\/\" \/>\n<meta property=\"article:published_time\" content=\"2015-11-16T15:37:13+00:00\" \/>\n<meta property=\"article:modified_time\" content=\"2021-07-30T14:37:55+00:00\" \/>\n<meta name=\"author\" content=\"Francesca Alampi\" \/>\n<meta name=\"twitter:card\" content=\"summary_large_image\" \/>\n<meta name=\"twitter:creator\" content=\"@arepoquality_eu\" \/>\n<meta name=\"twitter:site\" content=\"@arepoquality_eu\" \/>\n<meta name=\"twitter:label1\" content=\"\u00c9crit par\" \/>\n\t<meta name=\"twitter:data1\" content=\"Francesca Alampi\" \/>\n\t<meta name=\"twitter:label2\" content=\"Dur\u00e9e de lecture estim\u00e9e\" \/>\n\t<meta name=\"twitter:data2\" content=\"2 minutes\" \/>\n<script type=\"application\/ld+json\" class=\"yoast-schema-graph\">{\"@context\":\"https:\\\/\\\/schema.org\",\"@graph\":[{\"@type\":\"Article\",\"@id\":\"https:\\\/\\\/www.arepoquality.eu\\\/fr\\\/2015\\\/11\\\/16\\\/reunion-pleniere-de-larepo-a-bruxelles-2\\\/#article\",\"isPartOf\":{\"@id\":\"https:\\\/\\\/www.arepoquality.eu\\\/fr\\\/2015\\\/11\\\/16\\\/reunion-pleniere-de-larepo-a-bruxelles-2\\\/\"},\"author\":{\"name\":\"Francesca Alampi\",\"@id\":\"https:\\\/\\\/www.arepoquality.eu\\\/#\\\/schema\\\/person\\\/15f7c6b22cbe9706c69d5201712ded97\"},\"headline\":\"R\u00c9UNION PL\u00c9NI\u00c8RE DE L&rsquo;AREPO \u00c0 BRUXELLES\",\"datePublished\":\"2015-11-16T15:37:13+00:00\",\"dateModified\":\"2021-07-30T14:37:55+00:00\",\"mainEntityOfPage\":{\"@id\":\"https:\\\/\\\/www.arepoquality.eu\\\/fr\\\/2015\\\/11\\\/16\\\/reunion-pleniere-de-larepo-a-bruxelles-2\\\/\"},\"wordCount\":359,\"commentCount\":0,\"publisher\":{\"@id\":\"https:\\\/\\\/www.arepoquality.eu\\\/#organization\"},\"articleSection\":[\"R\u00e9union AREPO\"],\"inLanguage\":\"fr-FR\",\"potentialAction\":[{\"@type\":\"CommentAction\",\"name\":\"Comment\",\"target\":[\"https:\\\/\\\/www.arepoquality.eu\\\/fr\\\/2015\\\/11\\\/16\\\/reunion-pleniere-de-larepo-a-bruxelles-2\\\/#respond\"]}]},{\"@type\":\"WebPage\",\"@id\":\"https:\\\/\\\/www.arepoquality.eu\\\/fr\\\/2015\\\/11\\\/16\\\/reunion-pleniere-de-larepo-a-bruxelles-2\\\/\",\"url\":\"https:\\\/\\\/www.arepoquality.eu\\\/fr\\\/2015\\\/11\\\/16\\\/reunion-pleniere-de-larepo-a-bruxelles-2\\\/\",\"name\":\"R\u00c9UNION PL\u00c9NI\u00c8RE DE L'AREPO \u00c0 BRUXELLES - AREPO\",\"isPartOf\":{\"@id\":\"https:\\\/\\\/www.arepoquality.eu\\\/#website\"},\"datePublished\":\"2015-11-16T15:37:13+00:00\",\"dateModified\":\"2021-07-30T14:37:55+00:00\",\"breadcrumb\":{\"@id\":\"https:\\\/\\\/www.arepoquality.eu\\\/fr\\\/2015\\\/11\\\/16\\\/reunion-pleniere-de-larepo-a-bruxelles-2\\\/#breadcrumb\"},\"inLanguage\":\"fr-FR\",\"potentialAction\":[{\"@type\":\"ReadAction\",\"target\":[\"https:\\\/\\\/www.arepoquality.eu\\\/fr\\\/2015\\\/11\\\/16\\\/reunion-pleniere-de-larepo-a-bruxelles-2\\\/\"]}]},{\"@type\":\"BreadcrumbList\",\"@id\":\"https:\\\/\\\/www.arepoquality.eu\\\/fr\\\/2015\\\/11\\\/16\\\/reunion-pleniere-de-larepo-a-bruxelles-2\\\/#breadcrumb\",\"itemListElement\":[{\"@type\":\"ListItem\",\"position\":1,\"name\":\"Home\",\"item\":\"https:\\\/\\\/www.arepoquality.eu\\\/\"},{\"@type\":\"ListItem\",\"position\":2,\"name\":\"R\u00c9UNION PL\u00c9NI\u00c8RE DE L&rsquo;AREPO \u00c0 BRUXELLES\"}]},{\"@type\":\"WebSite\",\"@id\":\"https:\\\/\\\/www.arepoquality.eu\\\/#website\",\"url\":\"https:\\\/\\\/www.arepoquality.eu\\\/\",\"name\":\"AREPO\",\"description\":\"\",\"publisher\":{\"@id\":\"https:\\\/\\\/www.arepoquality.eu\\\/#organization\"},\"potentialAction\":[{\"@type\":\"SearchAction\",\"target\":{\"@type\":\"EntryPoint\",\"urlTemplate\":\"https:\\\/\\\/www.arepoquality.eu\\\/?s={search_term_string}\"},\"query-input\":{\"@type\":\"PropertyValueSpecification\",\"valueRequired\":true,\"valueName\":\"search_term_string\"}}],\"inLanguage\":\"fr-FR\"},{\"@type\":\"Organization\",\"@id\":\"https:\\\/\\\/www.arepoquality.eu\\\/#organization\",\"name\":\"AREPO\",\"url\":\"https:\\\/\\\/www.arepoquality.eu\\\/\",\"logo\":{\"@type\":\"ImageObject\",\"inLanguage\":\"fr-FR\",\"@id\":\"https:\\\/\\\/www.arepoquality.eu\\\/#\\\/schema\\\/logo\\\/image\\\/\",\"url\":\"https:\\\/\\\/www.arepoquality.eu\\\/wp-content\\\/uploads\\\/2024\\\/05\\\/arepo.jpg\",\"contentUrl\":\"https:\\\/\\\/www.arepoquality.eu\\\/wp-content\\\/uploads\\\/2024\\\/05\\\/arepo.jpg\",\"width\":1113,\"height\":705,\"caption\":\"AREPO\"},\"image\":{\"@id\":\"https:\\\/\\\/www.arepoquality.eu\\\/#\\\/schema\\\/logo\\\/image\\\/\"},\"sameAs\":[\"https:\\\/\\\/www.facebook.com\\\/arepoquality\\\/\",\"https:\\\/\\\/x.com\\\/arepoquality_eu\",\"https:\\\/\\\/www.linkedin.com\\\/company\\\/arepoquality\\\/?viewAsMember=true\"]},{\"@type\":\"Person\",\"@id\":\"https:\\\/\\\/www.arepoquality.eu\\\/#\\\/schema\\\/person\\\/15f7c6b22cbe9706c69d5201712ded97\",\"name\":\"Francesca Alampi\",\"url\":\"https:\\\/\\\/www.arepoquality.eu\\\/fr\\\/author\\\/francesca-alampi\\\/\"}]}<\/script>\n<!-- \/ Yoast SEO plugin. -->","yoast_head_json":{"title":"R\u00c9UNION PL\u00c9NI\u00c8RE DE L'AREPO \u00c0 BRUXELLES - AREPO","robots":{"index":"index","follow":"follow","max-snippet":"max-snippet:-1","max-image-preview":"max-image-preview:large","max-video-preview":"max-video-preview:-1"},"canonical":"https:\/\/www.arepoquality.eu\/fr\/2015\/11\/16\/reunion-pleniere-de-larepo-a-bruxelles-2\/","og_locale":"fr_FR","og_type":"article","og_title":"R\u00c9UNION PL\u00c9NI\u00c8RE DE L'AREPO \u00c0 BRUXELLES - AREPO","og_description":"La deuxi\u00e8me r\u00e9union pl\u00e9ni\u00e8re de l\u2019AREPO de 2015 a eu lieu le 12 novembre dernier au si\u00e8ge de la&nbsp;R\u00e9gion Pi\u00e9mont&nbsp;\u00e0 Bruxelles. Cette r\u00e9union a \u00e9t\u00e9 pr\u00e9sid\u00e9e par&nbsp;Vincent Labarthe,&nbsp;vice-pr\u00e9sident de la R\u00e9gion Midi-Pyr\u00e9n\u00e9es en charge de l\u2019agriculture&nbsp;et \u00e9lu \u00e0 la pr\u00e9sidence de l\u2019AREPO en octobre 2014.A l\u2019ordre du jour de cette r\u00e9union, le rapport annuel et [&hellip;]","og_url":"https:\/\/www.arepoquality.eu\/fr\/2015\/11\/16\/reunion-pleniere-de-larepo-a-bruxelles-2\/","og_site_name":"AREPO","article_publisher":"https:\/\/www.facebook.com\/arepoquality\/","article_published_time":"2015-11-16T15:37:13+00:00","article_modified_time":"2021-07-30T14:37:55+00:00","author":"Francesca Alampi","twitter_card":"summary_large_image","twitter_creator":"@arepoquality_eu","twitter_site":"@arepoquality_eu","twitter_misc":{"\u00c9crit par":"Francesca Alampi","Dur\u00e9e de lecture estim\u00e9e":"2 minutes"},"schema":{"@context":"https:\/\/schema.org","@graph":[{"@type":"Article","@id":"https:\/\/www.arepoquality.eu\/fr\/2015\/11\/16\/reunion-pleniere-de-larepo-a-bruxelles-2\/#article","isPartOf":{"@id":"https:\/\/www.arepoquality.eu\/fr\/2015\/11\/16\/reunion-pleniere-de-larepo-a-bruxelles-2\/"},"author":{"name":"Francesca Alampi","@id":"https:\/\/www.arepoquality.eu\/#\/schema\/person\/15f7c6b22cbe9706c69d5201712ded97"},"headline":"R\u00c9UNION PL\u00c9NI\u00c8RE DE L&rsquo;AREPO \u00c0 BRUXELLES","datePublished":"2015-11-16T15:37:13+00:00","dateModified":"2021-07-30T14:37:55+00:00","mainEntityOfPage":{"@id":"https:\/\/www.arepoquality.eu\/fr\/2015\/11\/16\/reunion-pleniere-de-larepo-a-bruxelles-2\/"},"wordCount":359,"commentCount":0,"publisher":{"@id":"https:\/\/www.arepoquality.eu\/#organization"},"articleSection":["R\u00e9union AREPO"],"inLanguage":"fr-FR","potentialAction":[{"@type":"CommentAction","name":"Comment","target":["https:\/\/www.arepoquality.eu\/fr\/2015\/11\/16\/reunion-pleniere-de-larepo-a-bruxelles-2\/#respond"]}]},{"@type":"WebPage","@id":"https:\/\/www.arepoquality.eu\/fr\/2015\/11\/16\/reunion-pleniere-de-larepo-a-bruxelles-2\/","url":"https:\/\/www.arepoquality.eu\/fr\/2015\/11\/16\/reunion-pleniere-de-larepo-a-bruxelles-2\/","name":"R\u00c9UNION PL\u00c9NI\u00c8RE DE L'AREPO \u00c0 BRUXELLES - AREPO","isPartOf":{"@id":"https:\/\/www.arepoquality.eu\/#website"},"datePublished":"2015-11-16T15:37:13+00:00","dateModified":"2021-07-30T14:37:55+00:00","breadcrumb":{"@id":"https:\/\/www.arepoquality.eu\/fr\/2015\/11\/16\/reunion-pleniere-de-larepo-a-bruxelles-2\/#breadcrumb"},"inLanguage":"fr-FR","potentialAction":[{"@type":"ReadAction","target":["https:\/\/www.arepoquality.eu\/fr\/2015\/11\/16\/reunion-pleniere-de-larepo-a-bruxelles-2\/"]}]},{"@type":"BreadcrumbList","@id":"https:\/\/www.arepoquality.eu\/fr\/2015\/11\/16\/reunion-pleniere-de-larepo-a-bruxelles-2\/#breadcrumb","itemListElement":[{"@type":"ListItem","position":1,"name":"Home","item":"https:\/\/www.arepoquality.eu\/"},{"@type":"ListItem","position":2,"name":"R\u00c9UNION PL\u00c9NI\u00c8RE DE L&rsquo;AREPO \u00c0 BRUXELLES"}]},{"@type":"WebSite","@id":"https:\/\/www.arepoquality.eu\/#website","url":"https:\/\/www.arepoquality.eu\/","name":"AREPO","description":"","publisher":{"@id":"https:\/\/www.arepoquality.eu\/#organization"},"potentialAction":[{"@type":"SearchAction","target":{"@type":"EntryPoint","urlTemplate":"https:\/\/www.arepoquality.eu\/?s={search_term_string}"},"query-input":{"@type":"PropertyValueSpecification","valueRequired":true,"valueName":"search_term_string"}}],"inLanguage":"fr-FR"},{"@type":"Organization","@id":"https:\/\/www.arepoquality.eu\/#organization","name":"AREPO","url":"https:\/\/www.arepoquality.eu\/","logo":{"@type":"ImageObject","inLanguage":"fr-FR","@id":"https:\/\/www.arepoquality.eu\/#\/schema\/logo\/image\/","url":"https:\/\/www.arepoquality.eu\/wp-content\/uploads\/2024\/05\/arepo.jpg","contentUrl":"https:\/\/www.arepoquality.eu\/wp-content\/uploads\/2024\/05\/arepo.jpg","width":1113,"height":705,"caption":"AREPO"},"image":{"@id":"https:\/\/www.arepoquality.eu\/#\/schema\/logo\/image\/"},"sameAs":["https:\/\/www.facebook.com\/arepoquality\/","https:\/\/x.com\/arepoquality_eu","https:\/\/www.linkedin.com\/company\/arepoquality\/?viewAsMember=true"]},{"@type":"Person","@id":"https:\/\/www.arepoquality.eu\/#\/schema\/person\/15f7c6b22cbe9706c69d5201712ded97","name":"Francesca Alampi","url":"https:\/\/www.arepoquality.eu\/fr\/author\/francesca-alampi\/"}]}},"_links":{"self":[{"href":"https:\/\/www.arepoquality.eu\/fr\/wp-json\/wp\/v2\/posts\/3633","targetHints":{"allow":["GET"]}}],"collection":[{"href":"https:\/\/www.arepoquality.eu\/fr\/wp-json\/wp\/v2\/posts"}],"about":[{"href":"https:\/\/www.arepoquality.eu\/fr\/wp-json\/wp\/v2\/types\/post"}],"author":[{"embeddable":true,"href":"https:\/\/www.arepoquality.eu\/fr\/wp-json\/wp\/v2\/users\/3"}],"replies":[{"embeddable":true,"href":"https:\/\/www.arepoquality.eu\/fr\/wp-json\/wp\/v2\/comments?post=3633"}],"version-history":[{"count":1,"href":"https:\/\/www.arepoquality.eu\/fr\/wp-json\/wp\/v2\/posts\/3633\/revisions"}],"predecessor-version":[{"id":3634,"href":"https:\/\/www.arepoquality.eu\/fr\/wp-json\/wp\/v2\/posts\/3633\/revisions\/3634"}],"wp:attachment":[{"href":"https:\/\/www.arepoquality.eu\/fr\/wp-json\/wp\/v2\/media?parent=3633"}],"wp:term":[{"taxonomy":"category","embeddable":true,"href":"https:\/\/www.arepoquality.eu\/fr\/wp-json\/wp\/v2\/categories?post=3633"},{"taxonomy":"post_tag","embeddable":true,"href":"https:\/\/www.arepoquality.eu\/fr\/wp-json\/wp\/v2\/tags?post=3633"}],"curies":[{"name":"wp","href":"https:\/\/api.w.org\/{rel}","templated":true}]}}