{"id":3882,"date":"2016-09-08T18:01:50","date_gmt":"2016-09-08T16:01:50","guid":{"rendered":"http:\/\/252373706c.url-de-test.ws\/arepo\/?p=3882"},"modified":"2021-07-31T18:02:32","modified_gmt":"2021-07-31T16:02:32","slug":"larepo-a-participe-a-la-conference-cork-2-0-sur-le-developpement-rural","status":"publish","type":"post","link":"https:\/\/www.arepoquality.eu\/fr\/2016\/09\/08\/larepo-a-participe-a-la-conference-cork-2-0-sur-le-developpement-rural\/","title":{"rendered":"L\u2019AREPO a particip\u00e9 \u00e0 la conf\u00e9rence Cork 2.0 sur le D\u00e9veloppement Rural"},"content":{"rendered":"\n<p>Le 6 septembre, une nouvelle d\u00e9claration de Cork intitul\u00e9e \u00ab&nbsp;<a href=\"http:\/\/ec.europa.eu\/agriculture\/events\/2016\/rural-development\/cork-declaration-2-0_en.pdf\">Une vie meilleure dans les zones rurales<\/a>&nbsp;\u00bb a \u00e9t\u00e9 r\u00e9dig\u00e9e suite \u00e0 deux jours de Conf\u00e9rence des parties prenantes sur le D\u00e9veloppement Rural. L\u2019AREPO a particip\u00e9 \u00e0 la Conf\u00e9rence Cork 2.0 pour contribuer \u00e0 la discussion en soulignant le potentiel des produits de qualit\u00e9 et d\u2019origine pour le d\u00e9veloppement rural.<\/p>\n\n\n\n<p>Organis\u00e9e exactement 20 ans apr\u00e8s la premi\u00e8re conf\u00e9rence, Cork 2.0 a r\u00e9uni environ 300 parties prenantes dans une s\u00e9rie d\u2019ateliers, afin de r\u00e9diger une nouvelle d\u00e9claration qui puisse inclure les nouveaux d\u00e9fis du secteur du XXI si\u00e8cle.<\/p>\n\n\n\n<p>Le Commissaire europ\u00e9en Phil Hogan a ouvert et conclu la conf\u00e9rence, avec d\u2019autres intervenants, y compris le Pr\u00e9sident de la COMAGRI Czes\u0142aw Siekierski, la Ministre slovaque et actuel Pr\u00e9sidente du Conseil AGRIFISH Gabrielea Mate\u010dn\u00e1, et les anciens Commissaires europ\u00e9ens Janesz Poto\u010dnik et Franz Fischler.<\/p>\n\n\n\n<p>La d\u00e9claration demande une politique rurale et agricole de l\u2019UE innovante, int\u00e9gr\u00e9e et inclusive. En outre, le document d\u00e9finit 10 orientations politiques pour atteindre cet objectif, tout en favorisant la prosp\u00e9rit\u00e9 et la vitalit\u00e9 rurale, en renfor\u00e7ant les cha\u00eenes de valeur rurales, en pr\u00e9servant l&rsquo;environnement et les ressources naturelles, en encourageant l&rsquo;action climatique, en stimulant la connaissance et l&rsquo;innovation et en am\u00e9liorant la gouvernance rurale. Ces orientations soulignent \u00e9galement la n\u00e9cessit\u00e9 d\u2019am\u00e9liorer la mise en \u0153uvre et la simplification des politiques, ainsi que leur performance et responsabilit\u00e9.<\/p>\n\n\n\n<p>La d\u00e9claration pr\u00e9cise que nous devrions satisfaire la demande des consommateurs pour des produits de qualit\u00e9 et reconna\u00eetre le r\u00f4le important de l\u2019identit\u00e9 alimentaire.<\/p>\n\n\n\n<p>Le Commissaire europ\u00e9en Phil Hogan a conclu la conf\u00e9rence en approuvant l\u2019appel pour une meilleure reconnaissance du potentiel rural pour offrir des solutions innovantes, durables et inclusives pour les d\u00e9fis soci\u00e9taux actuel et futurs et a accueilli l\u2019appel \u00e0 tester l\u2019impact des toutes les politiques de l\u2019UE sur les zones rurales.<\/p>\n\n\n\n<p><strong>Pour plus de d\u00e9tails, consulter le&nbsp;<a href=\"http:\/\/ec.europa.eu\/agriculture\/events\/rural-development-2016_en.htm\">site web de la conf\u00e9rence.<\/a><\/strong><\/p>\n\n\n\n<p><a href=\"http:\/\/ec.europa.eu\/agriculture\/events\/2016\/rural-development\/cork-declaration-2-0_en.pdf\">Cliquer ici pour lire le contenu int\u00e9gral de la d\u00e9claration \u00ab&nbsp;<strong>A Better Life in Rural Areas&nbsp;\u00bb.&nbsp;<\/strong><\/a><\/p>\n","protected":false},"excerpt":{"rendered":"<p>Le 6 septembre, une nouvelle d\u00e9claration de Cork intitul\u00e9e \u00ab&nbsp;Une vie meilleure dans les zones rurales&nbsp;\u00bb a \u00e9t\u00e9 r\u00e9dig\u00e9e suite \u00e0 deux jours de Conf\u00e9rence des parties prenantes sur le D\u00e9veloppement Rural. L\u2019AREPO a particip\u00e9 \u00e0 la Conf\u00e9rence Cork 2.0 pour contribuer \u00e0 la discussion en soulignant le potentiel des produits de qualit\u00e9 et d\u2019origine [&hellip;]<\/p>\n","protected":false},"author":3,"featured_media":0,"comment_status":"open","ping_status":"open","sticky":false,"template":"","format":"standard","meta":{"_acf_changed":false,"footnotes":""},"categories":[233,39],"tags":[],"class_list":["post-3882","post","type-post","status-publish","format-standard","hentry","category-arepo-participations-fr","category-politique-de-qualite"],"acf":[],"yoast_head":"<!-- This site is optimized with the Yoast SEO plugin v27.5 - https:\/\/yoast.com\/product\/yoast-seo-wordpress\/ -->\n<title>L\u2019AREPO a particip\u00e9 \u00e0 la conf\u00e9rence Cork 2.0 sur le D\u00e9veloppement Rural - AREPO<\/title>\n<meta name=\"robots\" content=\"index, follow, max-snippet:-1, max-image-preview:large, max-video-preview:-1\" \/>\n<link rel=\"canonical\" href=\"https:\/\/www.arepoquality.eu\/fr\/2016\/09\/08\/larepo-a-participe-a-la-conference-cork-2-0-sur-le-developpement-rural\/\" \/>\n<meta property=\"og:locale\" content=\"fr_FR\" \/>\n<meta property=\"og:type\" content=\"article\" \/>\n<meta property=\"og:title\" content=\"L\u2019AREPO a particip\u00e9 \u00e0 la conf\u00e9rence Cork 2.0 sur le D\u00e9veloppement Rural - AREPO\" \/>\n<meta property=\"og:description\" content=\"Le 6 septembre, une nouvelle d\u00e9claration de Cork intitul\u00e9e \u00ab&nbsp;Une vie meilleure dans les zones rurales&nbsp;\u00bb a \u00e9t\u00e9 r\u00e9dig\u00e9e suite \u00e0 deux jours de Conf\u00e9rence des parties prenantes sur le D\u00e9veloppement Rural. L\u2019AREPO a particip\u00e9 \u00e0 la Conf\u00e9rence Cork 2.0 pour contribuer \u00e0 la discussion en soulignant le potentiel des produits de qualit\u00e9 et d\u2019origine [&hellip;]\" \/>\n<meta property=\"og:url\" content=\"https:\/\/www.arepoquality.eu\/fr\/2016\/09\/08\/larepo-a-participe-a-la-conference-cork-2-0-sur-le-developpement-rural\/\" \/>\n<meta property=\"og:site_name\" content=\"AREPO\" \/>\n<meta property=\"article:publisher\" content=\"https:\/\/www.facebook.com\/arepoquality\/\" \/>\n<meta property=\"article:published_time\" content=\"2016-09-08T16:01:50+00:00\" \/>\n<meta property=\"article:modified_time\" content=\"2021-07-31T16:02:32+00:00\" \/>\n<meta name=\"author\" content=\"Francesca Alampi\" \/>\n<meta name=\"twitter:card\" content=\"summary_large_image\" \/>\n<meta name=\"twitter:creator\" content=\"@arepoquality_eu\" \/>\n<meta name=\"twitter:site\" content=\"@arepoquality_eu\" \/>\n<meta name=\"twitter:label1\" content=\"\u00c9crit par\" \/>\n\t<meta name=\"twitter:data1\" content=\"Francesca Alampi\" \/>\n\t<meta name=\"twitter:label2\" content=\"Dur\u00e9e de lecture estim\u00e9e\" \/>\n\t<meta name=\"twitter:data2\" content=\"2 minutes\" \/>\n<script type=\"application\/ld+json\" class=\"yoast-schema-graph\">{\"@context\":\"https:\\\/\\\/schema.org\",\"@graph\":[{\"@type\":\"Article\",\"@id\":\"https:\\\/\\\/www.arepoquality.eu\\\/fr\\\/2016\\\/09\\\/08\\\/larepo-a-participe-a-la-conference-cork-2-0-sur-le-developpement-rural\\\/#article\",\"isPartOf\":{\"@id\":\"https:\\\/\\\/www.arepoquality.eu\\\/fr\\\/2016\\\/09\\\/08\\\/larepo-a-participe-a-la-conference-cork-2-0-sur-le-developpement-rural\\\/\"},\"author\":{\"name\":\"Francesca Alampi\",\"@id\":\"https:\\\/\\\/www.arepoquality.eu\\\/#\\\/schema\\\/person\\\/15f7c6b22cbe9706c69d5201712ded97\"},\"headline\":\"L\u2019AREPO a particip\u00e9 \u00e0 la conf\u00e9rence Cork 2.0 sur le D\u00e9veloppement Rural\",\"datePublished\":\"2016-09-08T16:01:50+00:00\",\"dateModified\":\"2021-07-31T16:02:32+00:00\",\"mainEntityOfPage\":{\"@id\":\"https:\\\/\\\/www.arepoquality.eu\\\/fr\\\/2016\\\/09\\\/08\\\/larepo-a-participe-a-la-conference-cork-2-0-sur-le-developpement-rural\\\/\"},\"wordCount\":398,\"commentCount\":0,\"publisher\":{\"@id\":\"https:\\\/\\\/www.arepoquality.eu\\\/#organization\"},\"articleSection\":[\"Participation AREPO\",\"Politique de qualit\u00e9\"],\"inLanguage\":\"fr-FR\",\"potentialAction\":[{\"@type\":\"CommentAction\",\"name\":\"Comment\",\"target\":[\"https:\\\/\\\/www.arepoquality.eu\\\/fr\\\/2016\\\/09\\\/08\\\/larepo-a-participe-a-la-conference-cork-2-0-sur-le-developpement-rural\\\/#respond\"]}]},{\"@type\":\"WebPage\",\"@id\":\"https:\\\/\\\/www.arepoquality.eu\\\/fr\\\/2016\\\/09\\\/08\\\/larepo-a-participe-a-la-conference-cork-2-0-sur-le-developpement-rural\\\/\",\"url\":\"https:\\\/\\\/www.arepoquality.eu\\\/fr\\\/2016\\\/09\\\/08\\\/larepo-a-participe-a-la-conference-cork-2-0-sur-le-developpement-rural\\\/\",\"name\":\"L\u2019AREPO a particip\u00e9 \u00e0 la conf\u00e9rence Cork 2.0 sur le D\u00e9veloppement Rural - AREPO\",\"isPartOf\":{\"@id\":\"https:\\\/\\\/www.arepoquality.eu\\\/#website\"},\"datePublished\":\"2016-09-08T16:01:50+00:00\",\"dateModified\":\"2021-07-31T16:02:32+00:00\",\"breadcrumb\":{\"@id\":\"https:\\\/\\\/www.arepoquality.eu\\\/fr\\\/2016\\\/09\\\/08\\\/larepo-a-participe-a-la-conference-cork-2-0-sur-le-developpement-rural\\\/#breadcrumb\"},\"inLanguage\":\"fr-FR\",\"potentialAction\":[{\"@type\":\"ReadAction\",\"target\":[\"https:\\\/\\\/www.arepoquality.eu\\\/fr\\\/2016\\\/09\\\/08\\\/larepo-a-participe-a-la-conference-cork-2-0-sur-le-developpement-rural\\\/\"]}]},{\"@type\":\"BreadcrumbList\",\"@id\":\"https:\\\/\\\/www.arepoquality.eu\\\/fr\\\/2016\\\/09\\\/08\\\/larepo-a-participe-a-la-conference-cork-2-0-sur-le-developpement-rural\\\/#breadcrumb\",\"itemListElement\":[{\"@type\":\"ListItem\",\"position\":1,\"name\":\"Home\",\"item\":\"https:\\\/\\\/www.arepoquality.eu\\\/\"},{\"@type\":\"ListItem\",\"position\":2,\"name\":\"L\u2019AREPO a particip\u00e9 \u00e0 la conf\u00e9rence Cork 2.0 sur le D\u00e9veloppement Rural\"}]},{\"@type\":\"WebSite\",\"@id\":\"https:\\\/\\\/www.arepoquality.eu\\\/#website\",\"url\":\"https:\\\/\\\/www.arepoquality.eu\\\/\",\"name\":\"AREPO\",\"description\":\"\",\"publisher\":{\"@id\":\"https:\\\/\\\/www.arepoquality.eu\\\/#organization\"},\"potentialAction\":[{\"@type\":\"SearchAction\",\"target\":{\"@type\":\"EntryPoint\",\"urlTemplate\":\"https:\\\/\\\/www.arepoquality.eu\\\/?s={search_term_string}\"},\"query-input\":{\"@type\":\"PropertyValueSpecification\",\"valueRequired\":true,\"valueName\":\"search_term_string\"}}],\"inLanguage\":\"fr-FR\"},{\"@type\":\"Organization\",\"@id\":\"https:\\\/\\\/www.arepoquality.eu\\\/#organization\",\"name\":\"AREPO\",\"url\":\"https:\\\/\\\/www.arepoquality.eu\\\/\",\"logo\":{\"@type\":\"ImageObject\",\"inLanguage\":\"fr-FR\",\"@id\":\"https:\\\/\\\/www.arepoquality.eu\\\/#\\\/schema\\\/logo\\\/image\\\/\",\"url\":\"https:\\\/\\\/www.arepoquality.eu\\\/wp-content\\\/uploads\\\/2024\\\/05\\\/arepo.jpg\",\"contentUrl\":\"https:\\\/\\\/www.arepoquality.eu\\\/wp-content\\\/uploads\\\/2024\\\/05\\\/arepo.jpg\",\"width\":1113,\"height\":705,\"caption\":\"AREPO\"},\"image\":{\"@id\":\"https:\\\/\\\/www.arepoquality.eu\\\/#\\\/schema\\\/logo\\\/image\\\/\"},\"sameAs\":[\"https:\\\/\\\/www.facebook.com\\\/arepoquality\\\/\",\"https:\\\/\\\/x.com\\\/arepoquality_eu\",\"https:\\\/\\\/www.linkedin.com\\\/company\\\/arepoquality\\\/?viewAsMember=true\"]},{\"@type\":\"Person\",\"@id\":\"https:\\\/\\\/www.arepoquality.eu\\\/#\\\/schema\\\/person\\\/15f7c6b22cbe9706c69d5201712ded97\",\"name\":\"Francesca Alampi\",\"url\":\"https:\\\/\\\/www.arepoquality.eu\\\/fr\\\/author\\\/francesca-alampi\\\/\"}]}<\/script>\n<!-- \/ Yoast SEO plugin. -->","yoast_head_json":{"title":"L\u2019AREPO a particip\u00e9 \u00e0 la conf\u00e9rence Cork 2.0 sur le D\u00e9veloppement Rural - AREPO","robots":{"index":"index","follow":"follow","max-snippet":"max-snippet:-1","max-image-preview":"max-image-preview:large","max-video-preview":"max-video-preview:-1"},"canonical":"https:\/\/www.arepoquality.eu\/fr\/2016\/09\/08\/larepo-a-participe-a-la-conference-cork-2-0-sur-le-developpement-rural\/","og_locale":"fr_FR","og_type":"article","og_title":"L\u2019AREPO a particip\u00e9 \u00e0 la conf\u00e9rence Cork 2.0 sur le D\u00e9veloppement Rural - AREPO","og_description":"Le 6 septembre, une nouvelle d\u00e9claration de Cork intitul\u00e9e \u00ab&nbsp;Une vie meilleure dans les zones rurales&nbsp;\u00bb a \u00e9t\u00e9 r\u00e9dig\u00e9e suite \u00e0 deux jours de Conf\u00e9rence des parties prenantes sur le D\u00e9veloppement Rural. L\u2019AREPO a particip\u00e9 \u00e0 la Conf\u00e9rence Cork 2.0 pour contribuer \u00e0 la discussion en soulignant le potentiel des produits de qualit\u00e9 et d\u2019origine [&hellip;]","og_url":"https:\/\/www.arepoquality.eu\/fr\/2016\/09\/08\/larepo-a-participe-a-la-conference-cork-2-0-sur-le-developpement-rural\/","og_site_name":"AREPO","article_publisher":"https:\/\/www.facebook.com\/arepoquality\/","article_published_time":"2016-09-08T16:01:50+00:00","article_modified_time":"2021-07-31T16:02:32+00:00","author":"Francesca Alampi","twitter_card":"summary_large_image","twitter_creator":"@arepoquality_eu","twitter_site":"@arepoquality_eu","twitter_misc":{"\u00c9crit par":"Francesca Alampi","Dur\u00e9e de lecture estim\u00e9e":"2 minutes"},"schema":{"@context":"https:\/\/schema.org","@graph":[{"@type":"Article","@id":"https:\/\/www.arepoquality.eu\/fr\/2016\/09\/08\/larepo-a-participe-a-la-conference-cork-2-0-sur-le-developpement-rural\/#article","isPartOf":{"@id":"https:\/\/www.arepoquality.eu\/fr\/2016\/09\/08\/larepo-a-participe-a-la-conference-cork-2-0-sur-le-developpement-rural\/"},"author":{"name":"Francesca Alampi","@id":"https:\/\/www.arepoquality.eu\/#\/schema\/person\/15f7c6b22cbe9706c69d5201712ded97"},"headline":"L\u2019AREPO a particip\u00e9 \u00e0 la conf\u00e9rence Cork 2.0 sur le D\u00e9veloppement Rural","datePublished":"2016-09-08T16:01:50+00:00","dateModified":"2021-07-31T16:02:32+00:00","mainEntityOfPage":{"@id":"https:\/\/www.arepoquality.eu\/fr\/2016\/09\/08\/larepo-a-participe-a-la-conference-cork-2-0-sur-le-developpement-rural\/"},"wordCount":398,"commentCount":0,"publisher":{"@id":"https:\/\/www.arepoquality.eu\/#organization"},"articleSection":["Participation AREPO","Politique de qualit\u00e9"],"inLanguage":"fr-FR","potentialAction":[{"@type":"CommentAction","name":"Comment","target":["https:\/\/www.arepoquality.eu\/fr\/2016\/09\/08\/larepo-a-participe-a-la-conference-cork-2-0-sur-le-developpement-rural\/#respond"]}]},{"@type":"WebPage","@id":"https:\/\/www.arepoquality.eu\/fr\/2016\/09\/08\/larepo-a-participe-a-la-conference-cork-2-0-sur-le-developpement-rural\/","url":"https:\/\/www.arepoquality.eu\/fr\/2016\/09\/08\/larepo-a-participe-a-la-conference-cork-2-0-sur-le-developpement-rural\/","name":"L\u2019AREPO a particip\u00e9 \u00e0 la conf\u00e9rence Cork 2.0 sur le D\u00e9veloppement Rural - AREPO","isPartOf":{"@id":"https:\/\/www.arepoquality.eu\/#website"},"datePublished":"2016-09-08T16:01:50+00:00","dateModified":"2021-07-31T16:02:32+00:00","breadcrumb":{"@id":"https:\/\/www.arepoquality.eu\/fr\/2016\/09\/08\/larepo-a-participe-a-la-conference-cork-2-0-sur-le-developpement-rural\/#breadcrumb"},"inLanguage":"fr-FR","potentialAction":[{"@type":"ReadAction","target":["https:\/\/www.arepoquality.eu\/fr\/2016\/09\/08\/larepo-a-participe-a-la-conference-cork-2-0-sur-le-developpement-rural\/"]}]},{"@type":"BreadcrumbList","@id":"https:\/\/www.arepoquality.eu\/fr\/2016\/09\/08\/larepo-a-participe-a-la-conference-cork-2-0-sur-le-developpement-rural\/#breadcrumb","itemListElement":[{"@type":"ListItem","position":1,"name":"Home","item":"https:\/\/www.arepoquality.eu\/"},{"@type":"ListItem","position":2,"name":"L\u2019AREPO a particip\u00e9 \u00e0 la conf\u00e9rence Cork 2.0 sur le D\u00e9veloppement Rural"}]},{"@type":"WebSite","@id":"https:\/\/www.arepoquality.eu\/#website","url":"https:\/\/www.arepoquality.eu\/","name":"AREPO","description":"","publisher":{"@id":"https:\/\/www.arepoquality.eu\/#organization"},"potentialAction":[{"@type":"SearchAction","target":{"@type":"EntryPoint","urlTemplate":"https:\/\/www.arepoquality.eu\/?s={search_term_string}"},"query-input":{"@type":"PropertyValueSpecification","valueRequired":true,"valueName":"search_term_string"}}],"inLanguage":"fr-FR"},{"@type":"Organization","@id":"https:\/\/www.arepoquality.eu\/#organization","name":"AREPO","url":"https:\/\/www.arepoquality.eu\/","logo":{"@type":"ImageObject","inLanguage":"fr-FR","@id":"https:\/\/www.arepoquality.eu\/#\/schema\/logo\/image\/","url":"https:\/\/www.arepoquality.eu\/wp-content\/uploads\/2024\/05\/arepo.jpg","contentUrl":"https:\/\/www.arepoquality.eu\/wp-content\/uploads\/2024\/05\/arepo.jpg","width":1113,"height":705,"caption":"AREPO"},"image":{"@id":"https:\/\/www.arepoquality.eu\/#\/schema\/logo\/image\/"},"sameAs":["https:\/\/www.facebook.com\/arepoquality\/","https:\/\/x.com\/arepoquality_eu","https:\/\/www.linkedin.com\/company\/arepoquality\/?viewAsMember=true"]},{"@type":"Person","@id":"https:\/\/www.arepoquality.eu\/#\/schema\/person\/15f7c6b22cbe9706c69d5201712ded97","name":"Francesca Alampi","url":"https:\/\/www.arepoquality.eu\/fr\/author\/francesca-alampi\/"}]}},"_links":{"self":[{"href":"https:\/\/www.arepoquality.eu\/fr\/wp-json\/wp\/v2\/posts\/3882","targetHints":{"allow":["GET"]}}],"collection":[{"href":"https:\/\/www.arepoquality.eu\/fr\/wp-json\/wp\/v2\/posts"}],"about":[{"href":"https:\/\/www.arepoquality.eu\/fr\/wp-json\/wp\/v2\/types\/post"}],"author":[{"embeddable":true,"href":"https:\/\/www.arepoquality.eu\/fr\/wp-json\/wp\/v2\/users\/3"}],"replies":[{"embeddable":true,"href":"https:\/\/www.arepoquality.eu\/fr\/wp-json\/wp\/v2\/comments?post=3882"}],"version-history":[{"count":1,"href":"https:\/\/www.arepoquality.eu\/fr\/wp-json\/wp\/v2\/posts\/3882\/revisions"}],"predecessor-version":[{"id":3883,"href":"https:\/\/www.arepoquality.eu\/fr\/wp-json\/wp\/v2\/posts\/3882\/revisions\/3883"}],"wp:attachment":[{"href":"https:\/\/www.arepoquality.eu\/fr\/wp-json\/wp\/v2\/media?parent=3882"}],"wp:term":[{"taxonomy":"category","embeddable":true,"href":"https:\/\/www.arepoquality.eu\/fr\/wp-json\/wp\/v2\/categories?post=3882"},{"taxonomy":"post_tag","embeddable":true,"href":"https:\/\/www.arepoquality.eu\/fr\/wp-json\/wp\/v2\/tags?post=3882"}],"curies":[{"name":"wp","href":"https:\/\/api.w.org\/{rel}","templated":true}]}}