{"id":3913,"date":"2016-11-21T18:34:11","date_gmt":"2016-11-21T17:34:11","guid":{"rendered":"http:\/\/252373706c.url-de-test.ws\/arepo\/?p=3913"},"modified":"2021-07-31T18:34:53","modified_gmt":"2021-07-31T16:34:53","slug":"2eme-reunion-transnationale-de-coordination-du-projet-agrosmartcoop","status":"publish","type":"post","link":"https:\/\/www.arepoquality.eu\/fr\/2016\/11\/21\/2eme-reunion-transnationale-de-coordination-du-projet-agrosmartcoop\/","title":{"rendered":"2\u00e8me R\u00e9union Transnationale de Coordination du projet AGROSMARTcoop !"},"content":{"rendered":"\n<p>Le consortium du projet Interreg Sudoe #AGROSMARTcoop a c\u00e9l\u00e9br\u00e9 le 14 novembre dernier sa&nbsp;<strong>2\u00e8me R\u00e9union Transnationale de Coordination du projet<\/strong>. La r\u00e9union a \u00e9t\u00e9 organis\u00e9e par l\u2019Universit\u00e9 de Tr\u00e1s-os-Montes e Alto Douro&nbsp;\u00e0 Vila Real au Portugal.<\/p>\n\n\n\n<p>La 1\u00e8re R\u00e9union Transnationale de Coordination a eu lieu au m\u00eame moment que le lancement du projet le 6 et 7 septembre 2016 \u00e0 Saint-Jacques de Compostelle en Espagne.<\/p>\n\n\n\n<p>Le projet AGROSMARTcoop \u00ab&nbsp;Espace pour l\u2019int\u00e9gration, la comp\u00e9titivit\u00e9 et la croissance \u00e9conomique intelligente des coop\u00e9ratives agroalimentaires de l\u2019espace rural Sudoe&nbsp;\u00bb dispose d\u2019un&nbsp;<strong>budget total de 1 295 000 d\u2019euros cofinanc\u00e9 \u00e0 75% par&nbsp;<\/strong><strong>le FEDER&nbsp;<\/strong>(Fonds Europ\u00e9en de D\u00e9veloppement Economique R\u00e9gional).<\/p>\n\n\n\n<p>Jusqu\u2019au 30 juin 2018, les huit entit\u00e9s partenaires du projet issues de six r\u00e9gions europ\u00e9ennes vont travailler en synergie pour&nbsp;<strong>cr\u00e9er un&nbsp;espace de promotion, d\u2019interconnexion et d\u2019interaction intelligente pour les coop\u00e9ratives agroalimentaires de l\u2019espace Sudoe<\/strong>&nbsp;avec des outils et des services de soutien avanc\u00e9s.<\/p>\n\n\n\n<p>Cette r\u00e9union a permis de&nbsp;<strong>valider les engagements pris lors de la 1\u00e8re r\u00e9union de coordination<\/strong>&nbsp;et de&nbsp;<strong>r\u00e9viser le plan de travail du projet<\/strong>&nbsp;par le biais de&nbsp;groupes de travail et d&rsquo;activit\u00e9s transversales : GT1&nbsp;: Analyse de la capacit\u00e9 d\u2019adaptation des coop\u00e9ratives agroalimentaires de l\u2019espace Sudoe au march\u00e9 actuel&nbsp;; GT2&nbsp;: D\u00e9veloppement d\u2019une plateforme virtuelle d\u2019intercoop\u00e9ration des coop\u00e9ratives agroalimentaires de l\u2019espace Sudoe et GT3 &#8211;&nbsp;dont l&rsquo;AREPO est responsable &#8211;&nbsp;: Actions pour la diffusion et la promotion des connaissances scientifiques et technologiques et pour la promotion et l\u2019intercoop\u00e9ration des coop\u00e9ratives de l\u2019espace Sudoe.<\/p>\n\n\n\n<p>COMPOSITION DU CONSORTIUM<\/p>\n\n\n\n<p>Entit\u00e9s espagnoles :<br><strong>AGACA&nbsp;:<\/strong>&nbsp;Asociaci\u00f3n Galega de Cooperativas Agrarias (chef de file)<br><strong>CICYTEX&nbsp;:<\/strong>&nbsp;Centro de Investigaciones Cient\u00edficas y Tecnol\u00f3gicas de Extremadura<br><strong>CACLM&nbsp;:<\/strong>&nbsp;Cooperativas Agro-alimentarias de Castilla-La Mancha<br><strong>FCAE&nbsp;:<\/strong>&nbsp;Federaci\u00f3n de Cooperativas Agro-alimentarias de Euskadi<\/p>\n\n\n\n<p>Entit\u00e9s portugaises&nbsp;:<br><strong>UTAD&nbsp;:<\/strong>&nbsp;Universidade de Tr\u00e1s-os-montes e Alto Douro<br><strong>UniNorte&nbsp;:<\/strong>&nbsp;Uni\u00e3o Cooperativa Polivalente da Regi\u00e3o Norte<\/p>\n\n\n\n<p>Entit\u00e9s fran\u00e7aises&nbsp;:<br><strong>CDF Aquitaine&nbsp;:<\/strong>&nbsp;Coop de France Aquitaine<br><strong>AREPO&nbsp;:<\/strong>&nbsp;Association des R\u00e9gions Europ\u00e9ennes des Produits d\u2019Origine<\/p>\n","protected":false},"excerpt":{"rendered":"<p>Le consortium du projet Interreg Sudoe #AGROSMARTcoop a c\u00e9l\u00e9br\u00e9 le 14 novembre dernier sa&nbsp;2\u00e8me R\u00e9union Transnationale de Coordination du projet. La r\u00e9union a \u00e9t\u00e9 organis\u00e9e par l\u2019Universit\u00e9 de Tr\u00e1s-os-Montes e Alto Douro&nbsp;\u00e0 Vila Real au Portugal. La 1\u00e8re R\u00e9union Transnationale de Coordination a eu lieu au m\u00eame moment que le lancement du projet le 6 [&hellip;]<\/p>\n","protected":false},"author":3,"featured_media":0,"comment_status":"open","ping_status":"open","sticky":false,"template":"","format":"standard","meta":{"_acf_changed":false,"footnotes":""},"categories":[153,160,343],"tags":[],"class_list":["post-3913","post","type-post","status-publish","format-standard","hentry","category-agrosmartcoop-fr","category-evenements-arepo","category-projet-europeen"],"acf":[],"yoast_head":"<!-- This site is optimized with the Yoast SEO plugin v27.4 - https:\/\/yoast.com\/product\/yoast-seo-wordpress\/ -->\n<title>2\u00e8me R\u00e9union Transnationale de Coordination du projet AGROSMARTcoop ! - AREPO<\/title>\n<meta name=\"robots\" content=\"index, follow, max-snippet:-1, max-image-preview:large, max-video-preview:-1\" \/>\n<link rel=\"canonical\" href=\"https:\/\/www.arepoquality.eu\/fr\/2016\/11\/21\/2eme-reunion-transnationale-de-coordination-du-projet-agrosmartcoop\/\" \/>\n<meta property=\"og:locale\" content=\"fr_FR\" \/>\n<meta property=\"og:type\" content=\"article\" \/>\n<meta property=\"og:title\" content=\"2\u00e8me R\u00e9union Transnationale de Coordination du projet AGROSMARTcoop ! - AREPO\" \/>\n<meta property=\"og:description\" content=\"Le consortium du projet Interreg Sudoe #AGROSMARTcoop a c\u00e9l\u00e9br\u00e9 le 14 novembre dernier sa&nbsp;2\u00e8me R\u00e9union Transnationale de Coordination du projet. La r\u00e9union a \u00e9t\u00e9 organis\u00e9e par l\u2019Universit\u00e9 de Tr\u00e1s-os-Montes e Alto Douro&nbsp;\u00e0 Vila Real au Portugal. La 1\u00e8re R\u00e9union Transnationale de Coordination a eu lieu au m\u00eame moment que le lancement du projet le 6 [&hellip;]\" \/>\n<meta property=\"og:url\" content=\"https:\/\/www.arepoquality.eu\/fr\/2016\/11\/21\/2eme-reunion-transnationale-de-coordination-du-projet-agrosmartcoop\/\" \/>\n<meta property=\"og:site_name\" content=\"AREPO\" \/>\n<meta property=\"article:publisher\" content=\"https:\/\/www.facebook.com\/arepoquality\/\" \/>\n<meta property=\"article:published_time\" content=\"2016-11-21T17:34:11+00:00\" \/>\n<meta property=\"article:modified_time\" content=\"2021-07-31T16:34:53+00:00\" \/>\n<meta name=\"author\" content=\"Francesca Alampi\" \/>\n<meta name=\"twitter:card\" content=\"summary_large_image\" \/>\n<meta name=\"twitter:creator\" content=\"@arepoquality_eu\" \/>\n<meta name=\"twitter:site\" content=\"@arepoquality_eu\" \/>\n<meta name=\"twitter:label1\" content=\"\u00c9crit par\" \/>\n\t<meta name=\"twitter:data1\" content=\"Francesca Alampi\" \/>\n\t<meta name=\"twitter:label2\" content=\"Dur\u00e9e de lecture estim\u00e9e\" \/>\n\t<meta name=\"twitter:data2\" content=\"2 minutes\" \/>\n<script type=\"application\/ld+json\" class=\"yoast-schema-graph\">{\"@context\":\"https:\\\/\\\/schema.org\",\"@graph\":[{\"@type\":\"Article\",\"@id\":\"https:\\\/\\\/www.arepoquality.eu\\\/fr\\\/2016\\\/11\\\/21\\\/2eme-reunion-transnationale-de-coordination-du-projet-agrosmartcoop\\\/#article\",\"isPartOf\":{\"@id\":\"https:\\\/\\\/www.arepoquality.eu\\\/fr\\\/2016\\\/11\\\/21\\\/2eme-reunion-transnationale-de-coordination-du-projet-agrosmartcoop\\\/\"},\"author\":{\"name\":\"Francesca Alampi\",\"@id\":\"https:\\\/\\\/www.arepoquality.eu\\\/#\\\/schema\\\/person\\\/15f7c6b22cbe9706c69d5201712ded97\"},\"headline\":\"2\u00e8me R\u00e9union Transnationale de Coordination du projet AGROSMARTcoop !\",\"datePublished\":\"2016-11-21T17:34:11+00:00\",\"dateModified\":\"2021-07-31T16:34:53+00:00\",\"mainEntityOfPage\":{\"@id\":\"https:\\\/\\\/www.arepoquality.eu\\\/fr\\\/2016\\\/11\\\/21\\\/2eme-reunion-transnationale-de-coordination-du-projet-agrosmartcoop\\\/\"},\"wordCount\":408,\"commentCount\":0,\"publisher\":{\"@id\":\"https:\\\/\\\/www.arepoquality.eu\\\/#organization\"},\"articleSection\":[\"AGROSMARTcoop\",\"\u00c9v\u00e8nement AREPO\",\"Projet UE\"],\"inLanguage\":\"fr-FR\",\"potentialAction\":[{\"@type\":\"CommentAction\",\"name\":\"Comment\",\"target\":[\"https:\\\/\\\/www.arepoquality.eu\\\/fr\\\/2016\\\/11\\\/21\\\/2eme-reunion-transnationale-de-coordination-du-projet-agrosmartcoop\\\/#respond\"]}]},{\"@type\":\"WebPage\",\"@id\":\"https:\\\/\\\/www.arepoquality.eu\\\/fr\\\/2016\\\/11\\\/21\\\/2eme-reunion-transnationale-de-coordination-du-projet-agrosmartcoop\\\/\",\"url\":\"https:\\\/\\\/www.arepoquality.eu\\\/fr\\\/2016\\\/11\\\/21\\\/2eme-reunion-transnationale-de-coordination-du-projet-agrosmartcoop\\\/\",\"name\":\"2\u00e8me R\u00e9union Transnationale de Coordination du projet AGROSMARTcoop ! - AREPO\",\"isPartOf\":{\"@id\":\"https:\\\/\\\/www.arepoquality.eu\\\/#website\"},\"datePublished\":\"2016-11-21T17:34:11+00:00\",\"dateModified\":\"2021-07-31T16:34:53+00:00\",\"breadcrumb\":{\"@id\":\"https:\\\/\\\/www.arepoquality.eu\\\/fr\\\/2016\\\/11\\\/21\\\/2eme-reunion-transnationale-de-coordination-du-projet-agrosmartcoop\\\/#breadcrumb\"},\"inLanguage\":\"fr-FR\",\"potentialAction\":[{\"@type\":\"ReadAction\",\"target\":[\"https:\\\/\\\/www.arepoquality.eu\\\/fr\\\/2016\\\/11\\\/21\\\/2eme-reunion-transnationale-de-coordination-du-projet-agrosmartcoop\\\/\"]}]},{\"@type\":\"BreadcrumbList\",\"@id\":\"https:\\\/\\\/www.arepoquality.eu\\\/fr\\\/2016\\\/11\\\/21\\\/2eme-reunion-transnationale-de-coordination-du-projet-agrosmartcoop\\\/#breadcrumb\",\"itemListElement\":[{\"@type\":\"ListItem\",\"position\":1,\"name\":\"Home\",\"item\":\"https:\\\/\\\/www.arepoquality.eu\\\/\"},{\"@type\":\"ListItem\",\"position\":2,\"name\":\"2\u00e8me R\u00e9union Transnationale de Coordination du projet AGROSMARTcoop !\"}]},{\"@type\":\"WebSite\",\"@id\":\"https:\\\/\\\/www.arepoquality.eu\\\/#website\",\"url\":\"https:\\\/\\\/www.arepoquality.eu\\\/\",\"name\":\"AREPO\",\"description\":\"\",\"publisher\":{\"@id\":\"https:\\\/\\\/www.arepoquality.eu\\\/#organization\"},\"potentialAction\":[{\"@type\":\"SearchAction\",\"target\":{\"@type\":\"EntryPoint\",\"urlTemplate\":\"https:\\\/\\\/www.arepoquality.eu\\\/?s={search_term_string}\"},\"query-input\":{\"@type\":\"PropertyValueSpecification\",\"valueRequired\":true,\"valueName\":\"search_term_string\"}}],\"inLanguage\":\"fr-FR\"},{\"@type\":\"Organization\",\"@id\":\"https:\\\/\\\/www.arepoquality.eu\\\/#organization\",\"name\":\"AREPO\",\"url\":\"https:\\\/\\\/www.arepoquality.eu\\\/\",\"logo\":{\"@type\":\"ImageObject\",\"inLanguage\":\"fr-FR\",\"@id\":\"https:\\\/\\\/www.arepoquality.eu\\\/#\\\/schema\\\/logo\\\/image\\\/\",\"url\":\"https:\\\/\\\/www.arepoquality.eu\\\/wp-content\\\/uploads\\\/2024\\\/05\\\/arepo.jpg\",\"contentUrl\":\"https:\\\/\\\/www.arepoquality.eu\\\/wp-content\\\/uploads\\\/2024\\\/05\\\/arepo.jpg\",\"width\":1113,\"height\":705,\"caption\":\"AREPO\"},\"image\":{\"@id\":\"https:\\\/\\\/www.arepoquality.eu\\\/#\\\/schema\\\/logo\\\/image\\\/\"},\"sameAs\":[\"https:\\\/\\\/www.facebook.com\\\/arepoquality\\\/\",\"https:\\\/\\\/x.com\\\/arepoquality_eu\",\"https:\\\/\\\/www.linkedin.com\\\/company\\\/arepoquality\\\/?viewAsMember=true\"]},{\"@type\":\"Person\",\"@id\":\"https:\\\/\\\/www.arepoquality.eu\\\/#\\\/schema\\\/person\\\/15f7c6b22cbe9706c69d5201712ded97\",\"name\":\"Francesca Alampi\",\"url\":\"https:\\\/\\\/www.arepoquality.eu\\\/fr\\\/author\\\/francesca-alampi\\\/\"}]}<\/script>\n<!-- \/ Yoast SEO plugin. -->","yoast_head_json":{"title":"2\u00e8me R\u00e9union Transnationale de Coordination du projet AGROSMARTcoop ! - AREPO","robots":{"index":"index","follow":"follow","max-snippet":"max-snippet:-1","max-image-preview":"max-image-preview:large","max-video-preview":"max-video-preview:-1"},"canonical":"https:\/\/www.arepoquality.eu\/fr\/2016\/11\/21\/2eme-reunion-transnationale-de-coordination-du-projet-agrosmartcoop\/","og_locale":"fr_FR","og_type":"article","og_title":"2\u00e8me R\u00e9union Transnationale de Coordination du projet AGROSMARTcoop ! - AREPO","og_description":"Le consortium du projet Interreg Sudoe #AGROSMARTcoop a c\u00e9l\u00e9br\u00e9 le 14 novembre dernier sa&nbsp;2\u00e8me R\u00e9union Transnationale de Coordination du projet. La r\u00e9union a \u00e9t\u00e9 organis\u00e9e par l\u2019Universit\u00e9 de Tr\u00e1s-os-Montes e Alto Douro&nbsp;\u00e0 Vila Real au Portugal. La 1\u00e8re R\u00e9union Transnationale de Coordination a eu lieu au m\u00eame moment que le lancement du projet le 6 [&hellip;]","og_url":"https:\/\/www.arepoquality.eu\/fr\/2016\/11\/21\/2eme-reunion-transnationale-de-coordination-du-projet-agrosmartcoop\/","og_site_name":"AREPO","article_publisher":"https:\/\/www.facebook.com\/arepoquality\/","article_published_time":"2016-11-21T17:34:11+00:00","article_modified_time":"2021-07-31T16:34:53+00:00","author":"Francesca Alampi","twitter_card":"summary_large_image","twitter_creator":"@arepoquality_eu","twitter_site":"@arepoquality_eu","twitter_misc":{"\u00c9crit par":"Francesca Alampi","Dur\u00e9e de lecture estim\u00e9e":"2 minutes"},"schema":{"@context":"https:\/\/schema.org","@graph":[{"@type":"Article","@id":"https:\/\/www.arepoquality.eu\/fr\/2016\/11\/21\/2eme-reunion-transnationale-de-coordination-du-projet-agrosmartcoop\/#article","isPartOf":{"@id":"https:\/\/www.arepoquality.eu\/fr\/2016\/11\/21\/2eme-reunion-transnationale-de-coordination-du-projet-agrosmartcoop\/"},"author":{"name":"Francesca Alampi","@id":"https:\/\/www.arepoquality.eu\/#\/schema\/person\/15f7c6b22cbe9706c69d5201712ded97"},"headline":"2\u00e8me R\u00e9union Transnationale de Coordination du projet AGROSMARTcoop !","datePublished":"2016-11-21T17:34:11+00:00","dateModified":"2021-07-31T16:34:53+00:00","mainEntityOfPage":{"@id":"https:\/\/www.arepoquality.eu\/fr\/2016\/11\/21\/2eme-reunion-transnationale-de-coordination-du-projet-agrosmartcoop\/"},"wordCount":408,"commentCount":0,"publisher":{"@id":"https:\/\/www.arepoquality.eu\/#organization"},"articleSection":["AGROSMARTcoop","\u00c9v\u00e8nement AREPO","Projet UE"],"inLanguage":"fr-FR","potentialAction":[{"@type":"CommentAction","name":"Comment","target":["https:\/\/www.arepoquality.eu\/fr\/2016\/11\/21\/2eme-reunion-transnationale-de-coordination-du-projet-agrosmartcoop\/#respond"]}]},{"@type":"WebPage","@id":"https:\/\/www.arepoquality.eu\/fr\/2016\/11\/21\/2eme-reunion-transnationale-de-coordination-du-projet-agrosmartcoop\/","url":"https:\/\/www.arepoquality.eu\/fr\/2016\/11\/21\/2eme-reunion-transnationale-de-coordination-du-projet-agrosmartcoop\/","name":"2\u00e8me R\u00e9union Transnationale de Coordination du projet AGROSMARTcoop ! - AREPO","isPartOf":{"@id":"https:\/\/www.arepoquality.eu\/#website"},"datePublished":"2016-11-21T17:34:11+00:00","dateModified":"2021-07-31T16:34:53+00:00","breadcrumb":{"@id":"https:\/\/www.arepoquality.eu\/fr\/2016\/11\/21\/2eme-reunion-transnationale-de-coordination-du-projet-agrosmartcoop\/#breadcrumb"},"inLanguage":"fr-FR","potentialAction":[{"@type":"ReadAction","target":["https:\/\/www.arepoquality.eu\/fr\/2016\/11\/21\/2eme-reunion-transnationale-de-coordination-du-projet-agrosmartcoop\/"]}]},{"@type":"BreadcrumbList","@id":"https:\/\/www.arepoquality.eu\/fr\/2016\/11\/21\/2eme-reunion-transnationale-de-coordination-du-projet-agrosmartcoop\/#breadcrumb","itemListElement":[{"@type":"ListItem","position":1,"name":"Home","item":"https:\/\/www.arepoquality.eu\/"},{"@type":"ListItem","position":2,"name":"2\u00e8me R\u00e9union Transnationale de Coordination du projet AGROSMARTcoop !"}]},{"@type":"WebSite","@id":"https:\/\/www.arepoquality.eu\/#website","url":"https:\/\/www.arepoquality.eu\/","name":"AREPO","description":"","publisher":{"@id":"https:\/\/www.arepoquality.eu\/#organization"},"potentialAction":[{"@type":"SearchAction","target":{"@type":"EntryPoint","urlTemplate":"https:\/\/www.arepoquality.eu\/?s={search_term_string}"},"query-input":{"@type":"PropertyValueSpecification","valueRequired":true,"valueName":"search_term_string"}}],"inLanguage":"fr-FR"},{"@type":"Organization","@id":"https:\/\/www.arepoquality.eu\/#organization","name":"AREPO","url":"https:\/\/www.arepoquality.eu\/","logo":{"@type":"ImageObject","inLanguage":"fr-FR","@id":"https:\/\/www.arepoquality.eu\/#\/schema\/logo\/image\/","url":"https:\/\/www.arepoquality.eu\/wp-content\/uploads\/2024\/05\/arepo.jpg","contentUrl":"https:\/\/www.arepoquality.eu\/wp-content\/uploads\/2024\/05\/arepo.jpg","width":1113,"height":705,"caption":"AREPO"},"image":{"@id":"https:\/\/www.arepoquality.eu\/#\/schema\/logo\/image\/"},"sameAs":["https:\/\/www.facebook.com\/arepoquality\/","https:\/\/x.com\/arepoquality_eu","https:\/\/www.linkedin.com\/company\/arepoquality\/?viewAsMember=true"]},{"@type":"Person","@id":"https:\/\/www.arepoquality.eu\/#\/schema\/person\/15f7c6b22cbe9706c69d5201712ded97","name":"Francesca Alampi","url":"https:\/\/www.arepoquality.eu\/fr\/author\/francesca-alampi\/"}]}},"_links":{"self":[{"href":"https:\/\/www.arepoquality.eu\/fr\/wp-json\/wp\/v2\/posts\/3913","targetHints":{"allow":["GET"]}}],"collection":[{"href":"https:\/\/www.arepoquality.eu\/fr\/wp-json\/wp\/v2\/posts"}],"about":[{"href":"https:\/\/www.arepoquality.eu\/fr\/wp-json\/wp\/v2\/types\/post"}],"author":[{"embeddable":true,"href":"https:\/\/www.arepoquality.eu\/fr\/wp-json\/wp\/v2\/users\/3"}],"replies":[{"embeddable":true,"href":"https:\/\/www.arepoquality.eu\/fr\/wp-json\/wp\/v2\/comments?post=3913"}],"version-history":[{"count":1,"href":"https:\/\/www.arepoquality.eu\/fr\/wp-json\/wp\/v2\/posts\/3913\/revisions"}],"predecessor-version":[{"id":3914,"href":"https:\/\/www.arepoquality.eu\/fr\/wp-json\/wp\/v2\/posts\/3913\/revisions\/3914"}],"wp:attachment":[{"href":"https:\/\/www.arepoquality.eu\/fr\/wp-json\/wp\/v2\/media?parent=3913"}],"wp:term":[{"taxonomy":"category","embeddable":true,"href":"https:\/\/www.arepoquality.eu\/fr\/wp-json\/wp\/v2\/categories?post=3913"},{"taxonomy":"post_tag","embeddable":true,"href":"https:\/\/www.arepoquality.eu\/fr\/wp-json\/wp\/v2\/tags?post=3913"}],"curies":[{"name":"wp","href":"https:\/\/api.w.org\/{rel}","templated":true}]}}