{"id":3927,"date":"2016-11-08T18:40:47","date_gmt":"2016-11-08T17:40:47","guid":{"rendered":"http:\/\/252373706c.url-de-test.ws\/arepo\/?p=3927"},"modified":"2021-08-11T11:42:17","modified_gmt":"2021-08-11T09:42:17","slug":"lancement-de-lenquete-de-larepo-sur-les-groupes-operationnels","status":"publish","type":"post","link":"https:\/\/www.arepoquality.eu\/fr\/2016\/11\/08\/lancement-de-lenquete-de-larepo-sur-les-groupes-operationnels\/","title":{"rendered":"Lancement de l\u2019enqu\u00eate de l\u2019AREPO sur les groupes op\u00e9rationnels"},"content":{"rendered":"\n<p>Comme annonc\u00e9 lors de la derni\u00e8re r\u00e9union pl\u00e9ni\u00e8re de l\u2019AREPO, nous lan\u00e7ons un&nbsp;<strong>questionnaire<\/strong>&nbsp;concernant&nbsp;<strong>les groups op\u00e9rationnels<\/strong>, en collaboration avec le r\u00e9seau des R\u00e9gions Europ\u00e9ennes pour l\u2019Innovation dans l\u2019Agriculture, l\u2019Alimentation et la Sylviculture (ERIAFF).<\/p>\n\n\n\n<p>L\u2019<strong>objectif de la consultation<\/strong>&nbsp;est de r\u00e9colter des informations concernant diff\u00e9rents aspects de la mise en \u0153uvre de la mesure du d\u00e9veloppement rural&nbsp;<strong>sur les groupes op\u00e9rationnels<\/strong>&nbsp;dans les r\u00e9gions Europ\u00e9ennes. Une attention particuli\u00e8re est accord\u00e9e aux groupes op\u00e9rationnels traitant des indications g\u00e9ographiques et des produits de qualit\u00e9.<\/p>\n\n\n\n<p><strong>Comment soumettre votre contribution<\/strong>&nbsp;?<\/p>\n\n\n\n<p>Vous pouvez participer \u00e0 l\u2019enqu\u00eate en&nbsp;<strong>remplissant le&nbsp;<\/strong><a href=\"https:\/\/docs.google.com\/forms\/d\/e\/1FAIpQLScCO0g99P0fSpO7cvFlH1W7ZEtA8ai4mCiVfZfsnrOHXSYriQ\/viewform\"><strong>questionnaire en ligne<\/strong><\/a><strong>&nbsp;avant le 28 novembre 2016<\/strong>.<\/p>\n\n\n\n<p>Vous pouvez visualiser\/imprimer une version PDF du questionnaire en ligne ( disponible en&nbsp;<a href=\"http:\/\/www.arepoquality.eu\/sites\/arepoquality.eu\/files\/press\/SurveyOperationalGroups_EN.pdf\">EN<\/a>,&nbsp;<a href=\"http:\/\/www.arepoquality.eu\/sites\/arepoquality.eu\/files\/press\/SurveyOperationalGroups_FR.pdf\">FR<\/a>,&nbsp;<a href=\"http:\/\/www.arepoquality.eu\/sites\/arepoquality.eu\/files\/press\/SurveyOperationalGroups_ES.pdf\">ES<\/a>,&nbsp;<a href=\"http:\/\/www.arepoquality.eu\/sites\/arepoquality.eu\/files\/press\/SurveyOperationalGroups_IT.pdf\">IT<\/a>) pour vous aider \u00e0 pr\u00e9parer vos r\u00e9ponses.<\/p>\n\n\n\n<p>Les r\u00e9sultats de la consultation seront utilis\u00e9s pour l&rsquo;\u00e9tude d&rsquo;AREPO sur la mise en \u0153uvre de la mesure du PDR 16.01 sur les groupes op\u00e9rationnels et seront partag\u00e9s et publi\u00e9s sur le site Web d&rsquo;AREPO sous la forme d&rsquo;un inventaire des bonnes pratiques.<\/p>\n\n\n\n<p>En cas de questions techniques ou pour plus d&rsquo;informations, n&rsquo;h\u00e9sitez pas \u00e0 contacter:<\/p>\n\n\n\n<p><strong>Giulia Scaglioni, Charg\u00e9e de mission:&nbsp;<\/strong><a href=\"mailto:policyofficer@arepoquality.eu\"><strong>policyofficer@arepoquality.eu<\/strong><\/a><\/p>\n","protected":false},"excerpt":{"rendered":"<p>Comme annonc\u00e9 lors de la derni\u00e8re r\u00e9union pl\u00e9ni\u00e8re de l\u2019AREPO, nous lan\u00e7ons un&nbsp;questionnaire&nbsp;concernant&nbsp;les groups op\u00e9rationnels, en collaboration avec le r\u00e9seau des R\u00e9gions Europ\u00e9ennes pour l\u2019Innovation dans l\u2019Agriculture, l\u2019Alimentation et la Sylviculture (ERIAFF). L\u2019objectif de la consultation&nbsp;est de r\u00e9colter des informations concernant diff\u00e9rents aspects de la mise en \u0153uvre de la mesure du d\u00e9veloppement rural&nbsp;sur les [&hellip;]<\/p>\n","protected":false},"author":3,"featured_media":0,"comment_status":"open","ping_status":"open","sticky":false,"template":"","format":"standard","meta":{"_acf_changed":false,"footnotes":""},"categories":[110],"tags":[],"class_list":["post-3927","post","type-post","status-publish","format-standard","hentry","category-etudes-arepo-fr"],"acf":[],"yoast_head":"<!-- This site is optimized with the Yoast SEO plugin v27.5 - https:\/\/yoast.com\/product\/yoast-seo-wordpress\/ -->\n<title>Lancement de l\u2019enqu\u00eate de l\u2019AREPO sur les groupes op\u00e9rationnels - AREPO<\/title>\n<meta name=\"robots\" content=\"index, follow, max-snippet:-1, max-image-preview:large, max-video-preview:-1\" \/>\n<link rel=\"canonical\" href=\"https:\/\/www.arepoquality.eu\/fr\/2016\/11\/08\/lancement-de-lenquete-de-larepo-sur-les-groupes-operationnels\/\" \/>\n<meta property=\"og:locale\" content=\"fr_FR\" \/>\n<meta property=\"og:type\" content=\"article\" \/>\n<meta property=\"og:title\" content=\"Lancement de l\u2019enqu\u00eate de l\u2019AREPO sur les groupes op\u00e9rationnels - AREPO\" \/>\n<meta property=\"og:description\" content=\"Comme annonc\u00e9 lors de la derni\u00e8re r\u00e9union pl\u00e9ni\u00e8re de l\u2019AREPO, nous lan\u00e7ons un&nbsp;questionnaire&nbsp;concernant&nbsp;les groups op\u00e9rationnels, en collaboration avec le r\u00e9seau des R\u00e9gions Europ\u00e9ennes pour l\u2019Innovation dans l\u2019Agriculture, l\u2019Alimentation et la Sylviculture (ERIAFF). L\u2019objectif de la consultation&nbsp;est de r\u00e9colter des informations concernant diff\u00e9rents aspects de la mise en \u0153uvre de la mesure du d\u00e9veloppement rural&nbsp;sur les [&hellip;]\" \/>\n<meta property=\"og:url\" content=\"https:\/\/www.arepoquality.eu\/fr\/2016\/11\/08\/lancement-de-lenquete-de-larepo-sur-les-groupes-operationnels\/\" \/>\n<meta property=\"og:site_name\" content=\"AREPO\" \/>\n<meta property=\"article:publisher\" content=\"https:\/\/www.facebook.com\/arepoquality\/\" \/>\n<meta property=\"article:published_time\" content=\"2016-11-08T17:40:47+00:00\" \/>\n<meta property=\"article:modified_time\" content=\"2021-08-11T09:42:17+00:00\" \/>\n<meta name=\"author\" content=\"Francesca Alampi\" \/>\n<meta name=\"twitter:card\" content=\"summary_large_image\" \/>\n<meta name=\"twitter:creator\" content=\"@arepoquality_eu\" \/>\n<meta name=\"twitter:site\" content=\"@arepoquality_eu\" \/>\n<meta name=\"twitter:label1\" content=\"\u00c9crit par\" \/>\n\t<meta name=\"twitter:data1\" content=\"Francesca Alampi\" \/>\n\t<meta name=\"twitter:label2\" content=\"Dur\u00e9e de lecture estim\u00e9e\" \/>\n\t<meta name=\"twitter:data2\" content=\"1 minute\" \/>\n<script type=\"application\/ld+json\" class=\"yoast-schema-graph\">{\"@context\":\"https:\\\/\\\/schema.org\",\"@graph\":[{\"@type\":\"Article\",\"@id\":\"https:\\\/\\\/www.arepoquality.eu\\\/fr\\\/2016\\\/11\\\/08\\\/lancement-de-lenquete-de-larepo-sur-les-groupes-operationnels\\\/#article\",\"isPartOf\":{\"@id\":\"https:\\\/\\\/www.arepoquality.eu\\\/fr\\\/2016\\\/11\\\/08\\\/lancement-de-lenquete-de-larepo-sur-les-groupes-operationnels\\\/\"},\"author\":{\"name\":\"Francesca Alampi\",\"@id\":\"https:\\\/\\\/www.arepoquality.eu\\\/#\\\/schema\\\/person\\\/15f7c6b22cbe9706c69d5201712ded97\"},\"headline\":\"Lancement de l\u2019enqu\u00eate de l\u2019AREPO sur les groupes op\u00e9rationnels\",\"datePublished\":\"2016-11-08T17:40:47+00:00\",\"dateModified\":\"2021-08-11T09:42:17+00:00\",\"mainEntityOfPage\":{\"@id\":\"https:\\\/\\\/www.arepoquality.eu\\\/fr\\\/2016\\\/11\\\/08\\\/lancement-de-lenquete-de-larepo-sur-les-groupes-operationnels\\\/\"},\"wordCount\":249,\"commentCount\":0,\"publisher\":{\"@id\":\"https:\\\/\\\/www.arepoquality.eu\\\/#organization\"},\"articleSection\":[\"\u00c9tude AREPO\"],\"inLanguage\":\"fr-FR\",\"potentialAction\":[{\"@type\":\"CommentAction\",\"name\":\"Comment\",\"target\":[\"https:\\\/\\\/www.arepoquality.eu\\\/fr\\\/2016\\\/11\\\/08\\\/lancement-de-lenquete-de-larepo-sur-les-groupes-operationnels\\\/#respond\"]}]},{\"@type\":\"WebPage\",\"@id\":\"https:\\\/\\\/www.arepoquality.eu\\\/fr\\\/2016\\\/11\\\/08\\\/lancement-de-lenquete-de-larepo-sur-les-groupes-operationnels\\\/\",\"url\":\"https:\\\/\\\/www.arepoquality.eu\\\/fr\\\/2016\\\/11\\\/08\\\/lancement-de-lenquete-de-larepo-sur-les-groupes-operationnels\\\/\",\"name\":\"Lancement de l\u2019enqu\u00eate de l\u2019AREPO sur les groupes op\u00e9rationnels - AREPO\",\"isPartOf\":{\"@id\":\"https:\\\/\\\/www.arepoquality.eu\\\/#website\"},\"datePublished\":\"2016-11-08T17:40:47+00:00\",\"dateModified\":\"2021-08-11T09:42:17+00:00\",\"breadcrumb\":{\"@id\":\"https:\\\/\\\/www.arepoquality.eu\\\/fr\\\/2016\\\/11\\\/08\\\/lancement-de-lenquete-de-larepo-sur-les-groupes-operationnels\\\/#breadcrumb\"},\"inLanguage\":\"fr-FR\",\"potentialAction\":[{\"@type\":\"ReadAction\",\"target\":[\"https:\\\/\\\/www.arepoquality.eu\\\/fr\\\/2016\\\/11\\\/08\\\/lancement-de-lenquete-de-larepo-sur-les-groupes-operationnels\\\/\"]}]},{\"@type\":\"BreadcrumbList\",\"@id\":\"https:\\\/\\\/www.arepoquality.eu\\\/fr\\\/2016\\\/11\\\/08\\\/lancement-de-lenquete-de-larepo-sur-les-groupes-operationnels\\\/#breadcrumb\",\"itemListElement\":[{\"@type\":\"ListItem\",\"position\":1,\"name\":\"Home\",\"item\":\"https:\\\/\\\/www.arepoquality.eu\\\/\"},{\"@type\":\"ListItem\",\"position\":2,\"name\":\"Lancement de l\u2019enqu\u00eate de l\u2019AREPO sur les groupes op\u00e9rationnels\"}]},{\"@type\":\"WebSite\",\"@id\":\"https:\\\/\\\/www.arepoquality.eu\\\/#website\",\"url\":\"https:\\\/\\\/www.arepoquality.eu\\\/\",\"name\":\"AREPO\",\"description\":\"\",\"publisher\":{\"@id\":\"https:\\\/\\\/www.arepoquality.eu\\\/#organization\"},\"potentialAction\":[{\"@type\":\"SearchAction\",\"target\":{\"@type\":\"EntryPoint\",\"urlTemplate\":\"https:\\\/\\\/www.arepoquality.eu\\\/?s={search_term_string}\"},\"query-input\":{\"@type\":\"PropertyValueSpecification\",\"valueRequired\":true,\"valueName\":\"search_term_string\"}}],\"inLanguage\":\"fr-FR\"},{\"@type\":\"Organization\",\"@id\":\"https:\\\/\\\/www.arepoquality.eu\\\/#organization\",\"name\":\"AREPO\",\"url\":\"https:\\\/\\\/www.arepoquality.eu\\\/\",\"logo\":{\"@type\":\"ImageObject\",\"inLanguage\":\"fr-FR\",\"@id\":\"https:\\\/\\\/www.arepoquality.eu\\\/#\\\/schema\\\/logo\\\/image\\\/\",\"url\":\"https:\\\/\\\/www.arepoquality.eu\\\/wp-content\\\/uploads\\\/2024\\\/05\\\/arepo.jpg\",\"contentUrl\":\"https:\\\/\\\/www.arepoquality.eu\\\/wp-content\\\/uploads\\\/2024\\\/05\\\/arepo.jpg\",\"width\":1113,\"height\":705,\"caption\":\"AREPO\"},\"image\":{\"@id\":\"https:\\\/\\\/www.arepoquality.eu\\\/#\\\/schema\\\/logo\\\/image\\\/\"},\"sameAs\":[\"https:\\\/\\\/www.facebook.com\\\/arepoquality\\\/\",\"https:\\\/\\\/x.com\\\/arepoquality_eu\",\"https:\\\/\\\/www.linkedin.com\\\/company\\\/arepoquality\\\/?viewAsMember=true\"]},{\"@type\":\"Person\",\"@id\":\"https:\\\/\\\/www.arepoquality.eu\\\/#\\\/schema\\\/person\\\/15f7c6b22cbe9706c69d5201712ded97\",\"name\":\"Francesca Alampi\",\"url\":\"https:\\\/\\\/www.arepoquality.eu\\\/fr\\\/author\\\/francesca-alampi\\\/\"}]}<\/script>\n<!-- \/ Yoast SEO plugin. -->","yoast_head_json":{"title":"Lancement de l\u2019enqu\u00eate de l\u2019AREPO sur les groupes op\u00e9rationnels - AREPO","robots":{"index":"index","follow":"follow","max-snippet":"max-snippet:-1","max-image-preview":"max-image-preview:large","max-video-preview":"max-video-preview:-1"},"canonical":"https:\/\/www.arepoquality.eu\/fr\/2016\/11\/08\/lancement-de-lenquete-de-larepo-sur-les-groupes-operationnels\/","og_locale":"fr_FR","og_type":"article","og_title":"Lancement de l\u2019enqu\u00eate de l\u2019AREPO sur les groupes op\u00e9rationnels - AREPO","og_description":"Comme annonc\u00e9 lors de la derni\u00e8re r\u00e9union pl\u00e9ni\u00e8re de l\u2019AREPO, nous lan\u00e7ons un&nbsp;questionnaire&nbsp;concernant&nbsp;les groups op\u00e9rationnels, en collaboration avec le r\u00e9seau des R\u00e9gions Europ\u00e9ennes pour l\u2019Innovation dans l\u2019Agriculture, l\u2019Alimentation et la Sylviculture (ERIAFF). L\u2019objectif de la consultation&nbsp;est de r\u00e9colter des informations concernant diff\u00e9rents aspects de la mise en \u0153uvre de la mesure du d\u00e9veloppement rural&nbsp;sur les [&hellip;]","og_url":"https:\/\/www.arepoquality.eu\/fr\/2016\/11\/08\/lancement-de-lenquete-de-larepo-sur-les-groupes-operationnels\/","og_site_name":"AREPO","article_publisher":"https:\/\/www.facebook.com\/arepoquality\/","article_published_time":"2016-11-08T17:40:47+00:00","article_modified_time":"2021-08-11T09:42:17+00:00","author":"Francesca Alampi","twitter_card":"summary_large_image","twitter_creator":"@arepoquality_eu","twitter_site":"@arepoquality_eu","twitter_misc":{"\u00c9crit par":"Francesca Alampi","Dur\u00e9e de lecture estim\u00e9e":"1 minute"},"schema":{"@context":"https:\/\/schema.org","@graph":[{"@type":"Article","@id":"https:\/\/www.arepoquality.eu\/fr\/2016\/11\/08\/lancement-de-lenquete-de-larepo-sur-les-groupes-operationnels\/#article","isPartOf":{"@id":"https:\/\/www.arepoquality.eu\/fr\/2016\/11\/08\/lancement-de-lenquete-de-larepo-sur-les-groupes-operationnels\/"},"author":{"name":"Francesca Alampi","@id":"https:\/\/www.arepoquality.eu\/#\/schema\/person\/15f7c6b22cbe9706c69d5201712ded97"},"headline":"Lancement de l\u2019enqu\u00eate de l\u2019AREPO sur les groupes op\u00e9rationnels","datePublished":"2016-11-08T17:40:47+00:00","dateModified":"2021-08-11T09:42:17+00:00","mainEntityOfPage":{"@id":"https:\/\/www.arepoquality.eu\/fr\/2016\/11\/08\/lancement-de-lenquete-de-larepo-sur-les-groupes-operationnels\/"},"wordCount":249,"commentCount":0,"publisher":{"@id":"https:\/\/www.arepoquality.eu\/#organization"},"articleSection":["\u00c9tude AREPO"],"inLanguage":"fr-FR","potentialAction":[{"@type":"CommentAction","name":"Comment","target":["https:\/\/www.arepoquality.eu\/fr\/2016\/11\/08\/lancement-de-lenquete-de-larepo-sur-les-groupes-operationnels\/#respond"]}]},{"@type":"WebPage","@id":"https:\/\/www.arepoquality.eu\/fr\/2016\/11\/08\/lancement-de-lenquete-de-larepo-sur-les-groupes-operationnels\/","url":"https:\/\/www.arepoquality.eu\/fr\/2016\/11\/08\/lancement-de-lenquete-de-larepo-sur-les-groupes-operationnels\/","name":"Lancement de l\u2019enqu\u00eate de l\u2019AREPO sur les groupes op\u00e9rationnels - AREPO","isPartOf":{"@id":"https:\/\/www.arepoquality.eu\/#website"},"datePublished":"2016-11-08T17:40:47+00:00","dateModified":"2021-08-11T09:42:17+00:00","breadcrumb":{"@id":"https:\/\/www.arepoquality.eu\/fr\/2016\/11\/08\/lancement-de-lenquete-de-larepo-sur-les-groupes-operationnels\/#breadcrumb"},"inLanguage":"fr-FR","potentialAction":[{"@type":"ReadAction","target":["https:\/\/www.arepoquality.eu\/fr\/2016\/11\/08\/lancement-de-lenquete-de-larepo-sur-les-groupes-operationnels\/"]}]},{"@type":"BreadcrumbList","@id":"https:\/\/www.arepoquality.eu\/fr\/2016\/11\/08\/lancement-de-lenquete-de-larepo-sur-les-groupes-operationnels\/#breadcrumb","itemListElement":[{"@type":"ListItem","position":1,"name":"Home","item":"https:\/\/www.arepoquality.eu\/"},{"@type":"ListItem","position":2,"name":"Lancement de l\u2019enqu\u00eate de l\u2019AREPO sur les groupes op\u00e9rationnels"}]},{"@type":"WebSite","@id":"https:\/\/www.arepoquality.eu\/#website","url":"https:\/\/www.arepoquality.eu\/","name":"AREPO","description":"","publisher":{"@id":"https:\/\/www.arepoquality.eu\/#organization"},"potentialAction":[{"@type":"SearchAction","target":{"@type":"EntryPoint","urlTemplate":"https:\/\/www.arepoquality.eu\/?s={search_term_string}"},"query-input":{"@type":"PropertyValueSpecification","valueRequired":true,"valueName":"search_term_string"}}],"inLanguage":"fr-FR"},{"@type":"Organization","@id":"https:\/\/www.arepoquality.eu\/#organization","name":"AREPO","url":"https:\/\/www.arepoquality.eu\/","logo":{"@type":"ImageObject","inLanguage":"fr-FR","@id":"https:\/\/www.arepoquality.eu\/#\/schema\/logo\/image\/","url":"https:\/\/www.arepoquality.eu\/wp-content\/uploads\/2024\/05\/arepo.jpg","contentUrl":"https:\/\/www.arepoquality.eu\/wp-content\/uploads\/2024\/05\/arepo.jpg","width":1113,"height":705,"caption":"AREPO"},"image":{"@id":"https:\/\/www.arepoquality.eu\/#\/schema\/logo\/image\/"},"sameAs":["https:\/\/www.facebook.com\/arepoquality\/","https:\/\/x.com\/arepoquality_eu","https:\/\/www.linkedin.com\/company\/arepoquality\/?viewAsMember=true"]},{"@type":"Person","@id":"https:\/\/www.arepoquality.eu\/#\/schema\/person\/15f7c6b22cbe9706c69d5201712ded97","name":"Francesca Alampi","url":"https:\/\/www.arepoquality.eu\/fr\/author\/francesca-alampi\/"}]}},"_links":{"self":[{"href":"https:\/\/www.arepoquality.eu\/fr\/wp-json\/wp\/v2\/posts\/3927","targetHints":{"allow":["GET"]}}],"collection":[{"href":"https:\/\/www.arepoquality.eu\/fr\/wp-json\/wp\/v2\/posts"}],"about":[{"href":"https:\/\/www.arepoquality.eu\/fr\/wp-json\/wp\/v2\/types\/post"}],"author":[{"embeddable":true,"href":"https:\/\/www.arepoquality.eu\/fr\/wp-json\/wp\/v2\/users\/3"}],"replies":[{"embeddable":true,"href":"https:\/\/www.arepoquality.eu\/fr\/wp-json\/wp\/v2\/comments?post=3927"}],"version-history":[{"count":1,"href":"https:\/\/www.arepoquality.eu\/fr\/wp-json\/wp\/v2\/posts\/3927\/revisions"}],"predecessor-version":[{"id":3928,"href":"https:\/\/www.arepoquality.eu\/fr\/wp-json\/wp\/v2\/posts\/3927\/revisions\/3928"}],"wp:attachment":[{"href":"https:\/\/www.arepoquality.eu\/fr\/wp-json\/wp\/v2\/media?parent=3927"}],"wp:term":[{"taxonomy":"category","embeddable":true,"href":"https:\/\/www.arepoquality.eu\/fr\/wp-json\/wp\/v2\/categories?post=3927"},{"taxonomy":"post_tag","embeddable":true,"href":"https:\/\/www.arepoquality.eu\/fr\/wp-json\/wp\/v2\/tags?post=3927"}],"curies":[{"name":"wp","href":"https:\/\/api.w.org\/{rel}","templated":true}]}}