{"id":4134,"date":"2017-06-15T17:40:38","date_gmt":"2017-06-15T15:40:38","guid":{"rendered":"http:\/\/252373706c.url-de-test.ws\/arepo\/?p=4134"},"modified":"2021-08-02T17:41:50","modified_gmt":"2021-08-02T15:41:50","slug":"la-comagri-a-vote-pour-augmenter-le-soutien-financier-aux-agriculteurs-confrontes-a-la-crise-du-covid-19","status":"publish","type":"post","link":"https:\/\/www.arepoquality.eu\/fr\/2017\/06\/15\/la-comagri-a-vote-pour-augmenter-le-soutien-financier-aux-agriculteurs-confrontes-a-la-crise-du-covid-19\/","title":{"rendered":"La COMAGRI a vot\u00e9 pour augmenter le soutien financier aux agriculteurs confront\u00e9s \u00e0 la crise du COVID-19"},"content":{"rendered":"\n<p>Au sein de&nbsp;<a href=\"https:\/\/ec.europa.eu\/commission\/presscorner\/detail\/en\/IP_20_788\">l\u2019ensemble de mesures<\/a>&nbsp;propos\u00e9es par la Commission europ\u00e9enne pour faire face aux effets de la crise COVID-19, la Commission de l&rsquo;agriculture du Parlement europ\u00e9en a approuv\u00e9 la semaine derni\u00e8re des&nbsp;<strong>r\u00e8gles visant \u00e0 accro\u00eetre le soutien financier que les pays de l&rsquo;UE pourraient accorder aux agriculteurs et aux PME agroalimentaires au titre du Fonds europ\u00e9en de d\u00e9veloppement rural<\/strong>.<\/p>\n\n\n\n<p>Cette mesure temporaire permettrait aux \u00c9tats membres d&rsquo;utiliser l&rsquo;argent de leurs programmes de d\u00e9veloppement rural pour verser&nbsp;<strong>une compensation forfaitaire unique<\/strong>&nbsp;aux agriculteurs et aux petites entreprises rurales, afin de les aider \u00e0 rester en activit\u00e9.<\/p>\n\n\n\n<p>Plus pr\u00e9cis\u00e9ment, les d\u00e9put\u00e9s ont vot\u00e9 sur une s\u00e9rie d&rsquo;amendements, convenus de mani\u00e8re informelle avec le Conseil, visant \u00e0 relever les plafonds de&nbsp;<a href=\"https:\/\/www.europarl.europa.eu\/RegData\/docs_autres_institutions\/commission_europeenne\/com\/2020\/0186\/COM_COM(2020)0186_EN.pdf\">l&rsquo;aide initialement propos\u00e9e par la Commission<\/a>&nbsp;et \u00e0 prolonger le d\u00e9lai de d\u00e9blocage.<\/p>\n\n\n\n<p>La Comagri a vot\u00e9 \u00e0 l&rsquo;unanimit\u00e9 en faveur de&nbsp;<strong>l&rsquo;augmentation jusqu&rsquo;\u00e0 7.000 \u20ac de l&rsquo;indemnit\u00e9 individuelle payable aux agriculteurs<\/strong>&nbsp;et du maintien&nbsp;<strong>du niveau de 50.000 \u20ac pour le soutien aux PME agroalimentaires<\/strong>. En outre, ils se sont tous accord\u00e9s sur la&nbsp;<strong>prolongation du d\u00e9lai pour effectuer le paiement jusqu&rsquo;au 30 juin 2021.<\/strong>&nbsp;Toutefois, les demandes d&rsquo;aide devront \u00eatre approuv\u00e9es avant le 31 d\u00e9cembre 2020.<\/p>\n\n\n\n<p>Enfin, par rapport \u00e0 la proposition de la Commission,&nbsp;<strong>le plafond de financement de cette mesure de soutien des liquidit\u00e9s a \u00e9t\u00e9 port\u00e9 \u00e0 2 % de la contribution totale du Fonds europ\u00e9en agricole pour le d\u00e9veloppement rural (FEADER) aux programmes de d\u00e9veloppement rural dans chaque \u00c9tat membre<\/strong>.<\/p>\n\n\n\n<p>Cette semaine, la pl\u00e9ni\u00e8re devrait donner son feu vert \u00e0 cette s\u00e9rie d&rsquo;amendements. Ainsi, apr\u00e8s l&rsquo;approbation du Conseil, le r\u00e8glement devrait \u00eatre publi\u00e9 au Journal officiel de l&rsquo;UE et entrer en vigueur imm\u00e9diatement apr\u00e8s.<\/p>\n\n\n\n<p><em>Plus d\u2019informations&nbsp;:<\/em><\/p>\n\n\n\n<p><a href=\"https:\/\/www.europarl.europa.eu\/news\/en\/press-room\/20200609IPR80805\/covid-19-meps-boost-aid-for-farmers-from-the-eu-rural-development-fund\">COVID-19: MEPs boost aid for farmers from the EU rural development fund<\/a><\/p>\n\n\n\n<p><a href=\"https:\/\/www.europarl.europa.eu\/RegData\/etudes\/ATAG\/2020\/649388\/EPRS_ATA(2020)649388_EN.pdf\">EPRS: Coronavirus crisis support for EU farmers<\/a><\/p>\n","protected":false},"excerpt":{"rendered":"<p>Au sein de&nbsp;l\u2019ensemble de mesures&nbsp;propos\u00e9es par la Commission europ\u00e9enne pour faire face aux effets de la crise COVID-19, la Commission de l&rsquo;agriculture du Parlement europ\u00e9en a approuv\u00e9 la semaine derni\u00e8re des&nbsp;r\u00e8gles visant \u00e0 accro\u00eetre le soutien financier que les pays de l&rsquo;UE pourraient accorder aux agriculteurs et aux PME agroalimentaires au titre du Fonds europ\u00e9en [&hellip;]<\/p>\n","protected":false},"author":3,"featured_media":4130,"comment_status":"open","ping_status":"open","sticky":false,"template":"","format":"standard","meta":{"_acf_changed":false,"footnotes":""},"categories":[140],"tags":[],"class_list":["post-4134","post","type-post","status-publish","format-standard","has-post-thumbnail","hentry","category-covid-19-fr"],"acf":[],"yoast_head":"<!-- This site is optimized with the Yoast SEO plugin v27.5 - https:\/\/yoast.com\/product\/yoast-seo-wordpress\/ -->\n<title>La COMAGRI a vot\u00e9 pour augmenter le soutien financier aux agriculteurs confront\u00e9s \u00e0 la crise du COVID-19 - AREPO<\/title>\n<meta name=\"robots\" content=\"index, follow, max-snippet:-1, max-image-preview:large, max-video-preview:-1\" \/>\n<link rel=\"canonical\" href=\"https:\/\/www.arepoquality.eu\/2020\/06\/15\/ep-agri-committee-voted-to-raise-financial-support-for-farmers-dealing-with-covid-19-crisis\/\" \/>\n<meta property=\"og:locale\" content=\"fr_FR\" \/>\n<meta property=\"og:type\" content=\"article\" \/>\n<meta property=\"og:title\" content=\"La COMAGRI a vot\u00e9 pour augmenter le soutien financier aux agriculteurs confront\u00e9s \u00e0 la crise du COVID-19 - AREPO\" \/>\n<meta property=\"og:description\" content=\"Au sein de&nbsp;l\u2019ensemble de mesures&nbsp;propos\u00e9es par la Commission europ\u00e9enne pour faire face aux effets de la crise COVID-19, la Commission de l&rsquo;agriculture du Parlement europ\u00e9en a approuv\u00e9 la semaine derni\u00e8re des&nbsp;r\u00e8gles visant \u00e0 accro\u00eetre le soutien financier que les pays de l&rsquo;UE pourraient accorder aux agriculteurs et aux PME agroalimentaires au titre du Fonds europ\u00e9en [&hellip;]\" \/>\n<meta property=\"og:url\" content=\"https:\/\/www.arepoquality.eu\/2020\/06\/15\/ep-agri-committee-voted-to-raise-financial-support-for-farmers-dealing-with-covid-19-crisis\/\" \/>\n<meta property=\"og:site_name\" content=\"AREPO\" \/>\n<meta property=\"article:publisher\" content=\"https:\/\/www.facebook.com\/arepoquality\/\" \/>\n<meta property=\"article:published_time\" content=\"2017-06-15T15:40:38+00:00\" \/>\n<meta property=\"article:modified_time\" content=\"2021-08-02T15:41:50+00:00\" \/>\n<meta property=\"og:image\" content=\"https:\/\/www.arepoquality.eu\/wp-content\/uploads\/2021\/08\/images.png\" \/>\n\t<meta property=\"og:image:width\" content=\"271\" \/>\n\t<meta property=\"og:image:height\" content=\"186\" \/>\n\t<meta property=\"og:image:type\" content=\"image\/png\" \/>\n<meta name=\"author\" content=\"Francesca Alampi\" \/>\n<meta name=\"twitter:card\" content=\"summary_large_image\" \/>\n<meta name=\"twitter:creator\" content=\"@arepoquality_eu\" \/>\n<meta name=\"twitter:site\" content=\"@arepoquality_eu\" \/>\n<meta name=\"twitter:label1\" content=\"\u00c9crit par\" \/>\n\t<meta name=\"twitter:data1\" content=\"Francesca Alampi\" \/>\n\t<meta name=\"twitter:label2\" content=\"Dur\u00e9e de lecture estim\u00e9e\" \/>\n\t<meta name=\"twitter:data2\" content=\"2 minutes\" \/>\n<script type=\"application\/ld+json\" class=\"yoast-schema-graph\">{\"@context\":\"https:\\\/\\\/schema.org\",\"@graph\":[{\"@type\":\"Article\",\"@id\":\"https:\\\/\\\/www.arepoquality.eu\\\/2020\\\/06\\\/15\\\/ep-agri-committee-voted-to-raise-financial-support-for-farmers-dealing-with-covid-19-crisis\\\/#article\",\"isPartOf\":{\"@id\":\"https:\\\/\\\/www.arepoquality.eu\\\/2020\\\/06\\\/15\\\/ep-agri-committee-voted-to-raise-financial-support-for-farmers-dealing-with-covid-19-crisis\\\/\"},\"author\":{\"name\":\"Francesca Alampi\",\"@id\":\"https:\\\/\\\/www.arepoquality.eu\\\/#\\\/schema\\\/person\\\/15f7c6b22cbe9706c69d5201712ded97\"},\"headline\":\"La COMAGRI a vot\u00e9 pour augmenter le soutien financier aux agriculteurs confront\u00e9s \u00e0 la crise du COVID-19\",\"datePublished\":\"2017-06-15T15:40:38+00:00\",\"dateModified\":\"2021-08-02T15:41:50+00:00\",\"mainEntityOfPage\":{\"@id\":\"https:\\\/\\\/www.arepoquality.eu\\\/2020\\\/06\\\/15\\\/ep-agri-committee-voted-to-raise-financial-support-for-farmers-dealing-with-covid-19-crisis\\\/\"},\"wordCount\":349,\"commentCount\":0,\"publisher\":{\"@id\":\"https:\\\/\\\/www.arepoquality.eu\\\/#organization\"},\"image\":{\"@id\":\"https:\\\/\\\/www.arepoquality.eu\\\/2020\\\/06\\\/15\\\/ep-agri-committee-voted-to-raise-financial-support-for-farmers-dealing-with-covid-19-crisis\\\/#primaryimage\"},\"thumbnailUrl\":\"https:\\\/\\\/www.arepoquality.eu\\\/wp-content\\\/uploads\\\/2021\\\/08\\\/images.png\",\"articleSection\":[\"Covid-19\"],\"inLanguage\":\"fr-FR\",\"potentialAction\":[{\"@type\":\"CommentAction\",\"name\":\"Comment\",\"target\":[\"https:\\\/\\\/www.arepoquality.eu\\\/2020\\\/06\\\/15\\\/ep-agri-committee-voted-to-raise-financial-support-for-farmers-dealing-with-covid-19-crisis\\\/#respond\"]}]},{\"@type\":\"WebPage\",\"@id\":\"https:\\\/\\\/www.arepoquality.eu\\\/2020\\\/06\\\/15\\\/ep-agri-committee-voted-to-raise-financial-support-for-farmers-dealing-with-covid-19-crisis\\\/\",\"url\":\"https:\\\/\\\/www.arepoquality.eu\\\/2020\\\/06\\\/15\\\/ep-agri-committee-voted-to-raise-financial-support-for-farmers-dealing-with-covid-19-crisis\\\/\",\"name\":\"La COMAGRI a vot\u00e9 pour augmenter le soutien financier aux agriculteurs confront\u00e9s \u00e0 la crise du COVID-19 - AREPO\",\"isPartOf\":{\"@id\":\"https:\\\/\\\/www.arepoquality.eu\\\/#website\"},\"primaryImageOfPage\":{\"@id\":\"https:\\\/\\\/www.arepoquality.eu\\\/2020\\\/06\\\/15\\\/ep-agri-committee-voted-to-raise-financial-support-for-farmers-dealing-with-covid-19-crisis\\\/#primaryimage\"},\"image\":{\"@id\":\"https:\\\/\\\/www.arepoquality.eu\\\/2020\\\/06\\\/15\\\/ep-agri-committee-voted-to-raise-financial-support-for-farmers-dealing-with-covid-19-crisis\\\/#primaryimage\"},\"thumbnailUrl\":\"https:\\\/\\\/www.arepoquality.eu\\\/wp-content\\\/uploads\\\/2021\\\/08\\\/images.png\",\"datePublished\":\"2017-06-15T15:40:38+00:00\",\"dateModified\":\"2021-08-02T15:41:50+00:00\",\"breadcrumb\":{\"@id\":\"https:\\\/\\\/www.arepoquality.eu\\\/2020\\\/06\\\/15\\\/ep-agri-committee-voted-to-raise-financial-support-for-farmers-dealing-with-covid-19-crisis\\\/#breadcrumb\"},\"inLanguage\":\"fr-FR\",\"potentialAction\":[{\"@type\":\"ReadAction\",\"target\":[\"https:\\\/\\\/www.arepoquality.eu\\\/2020\\\/06\\\/15\\\/ep-agri-committee-voted-to-raise-financial-support-for-farmers-dealing-with-covid-19-crisis\\\/\"]}]},{\"@type\":\"ImageObject\",\"inLanguage\":\"fr-FR\",\"@id\":\"https:\\\/\\\/www.arepoquality.eu\\\/2020\\\/06\\\/15\\\/ep-agri-committee-voted-to-raise-financial-support-for-farmers-dealing-with-covid-19-crisis\\\/#primaryimage\",\"url\":\"https:\\\/\\\/www.arepoquality.eu\\\/wp-content\\\/uploads\\\/2021\\\/08\\\/images.png\",\"contentUrl\":\"https:\\\/\\\/www.arepoquality.eu\\\/wp-content\\\/uploads\\\/2021\\\/08\\\/images.png\",\"width\":271,\"height\":186},{\"@type\":\"BreadcrumbList\",\"@id\":\"https:\\\/\\\/www.arepoquality.eu\\\/2020\\\/06\\\/15\\\/ep-agri-committee-voted-to-raise-financial-support-for-farmers-dealing-with-covid-19-crisis\\\/#breadcrumb\",\"itemListElement\":[{\"@type\":\"ListItem\",\"position\":1,\"name\":\"Home\",\"item\":\"https:\\\/\\\/www.arepoquality.eu\\\/\"},{\"@type\":\"ListItem\",\"position\":2,\"name\":\"La COMAGRI a vot\u00e9 pour augmenter le soutien financier aux agriculteurs confront\u00e9s \u00e0 la crise du COVID-19\"}]},{\"@type\":\"WebSite\",\"@id\":\"https:\\\/\\\/www.arepoquality.eu\\\/#website\",\"url\":\"https:\\\/\\\/www.arepoquality.eu\\\/\",\"name\":\"AREPO\",\"description\":\"\",\"publisher\":{\"@id\":\"https:\\\/\\\/www.arepoquality.eu\\\/#organization\"},\"potentialAction\":[{\"@type\":\"SearchAction\",\"target\":{\"@type\":\"EntryPoint\",\"urlTemplate\":\"https:\\\/\\\/www.arepoquality.eu\\\/?s={search_term_string}\"},\"query-input\":{\"@type\":\"PropertyValueSpecification\",\"valueRequired\":true,\"valueName\":\"search_term_string\"}}],\"inLanguage\":\"fr-FR\"},{\"@type\":\"Organization\",\"@id\":\"https:\\\/\\\/www.arepoquality.eu\\\/#organization\",\"name\":\"AREPO\",\"url\":\"https:\\\/\\\/www.arepoquality.eu\\\/\",\"logo\":{\"@type\":\"ImageObject\",\"inLanguage\":\"fr-FR\",\"@id\":\"https:\\\/\\\/www.arepoquality.eu\\\/#\\\/schema\\\/logo\\\/image\\\/\",\"url\":\"https:\\\/\\\/www.arepoquality.eu\\\/wp-content\\\/uploads\\\/2024\\\/05\\\/arepo.jpg\",\"contentUrl\":\"https:\\\/\\\/www.arepoquality.eu\\\/wp-content\\\/uploads\\\/2024\\\/05\\\/arepo.jpg\",\"width\":1113,\"height\":705,\"caption\":\"AREPO\"},\"image\":{\"@id\":\"https:\\\/\\\/www.arepoquality.eu\\\/#\\\/schema\\\/logo\\\/image\\\/\"},\"sameAs\":[\"https:\\\/\\\/www.facebook.com\\\/arepoquality\\\/\",\"https:\\\/\\\/x.com\\\/arepoquality_eu\",\"https:\\\/\\\/www.linkedin.com\\\/company\\\/arepoquality\\\/?viewAsMember=true\"]},{\"@type\":\"Person\",\"@id\":\"https:\\\/\\\/www.arepoquality.eu\\\/#\\\/schema\\\/person\\\/15f7c6b22cbe9706c69d5201712ded97\",\"name\":\"Francesca Alampi\",\"url\":\"https:\\\/\\\/www.arepoquality.eu\\\/fr\\\/author\\\/francesca-alampi\\\/\"}]}<\/script>\n<!-- \/ Yoast SEO plugin. -->","yoast_head_json":{"title":"La COMAGRI a vot\u00e9 pour augmenter le soutien financier aux agriculteurs confront\u00e9s \u00e0 la crise du COVID-19 - AREPO","robots":{"index":"index","follow":"follow","max-snippet":"max-snippet:-1","max-image-preview":"max-image-preview:large","max-video-preview":"max-video-preview:-1"},"canonical":"https:\/\/www.arepoquality.eu\/2020\/06\/15\/ep-agri-committee-voted-to-raise-financial-support-for-farmers-dealing-with-covid-19-crisis\/","og_locale":"fr_FR","og_type":"article","og_title":"La COMAGRI a vot\u00e9 pour augmenter le soutien financier aux agriculteurs confront\u00e9s \u00e0 la crise du COVID-19 - AREPO","og_description":"Au sein de&nbsp;l\u2019ensemble de mesures&nbsp;propos\u00e9es par la Commission europ\u00e9enne pour faire face aux effets de la crise COVID-19, la Commission de l&rsquo;agriculture du Parlement europ\u00e9en a approuv\u00e9 la semaine derni\u00e8re des&nbsp;r\u00e8gles visant \u00e0 accro\u00eetre le soutien financier que les pays de l&rsquo;UE pourraient accorder aux agriculteurs et aux PME agroalimentaires au titre du Fonds europ\u00e9en [&hellip;]","og_url":"https:\/\/www.arepoquality.eu\/2020\/06\/15\/ep-agri-committee-voted-to-raise-financial-support-for-farmers-dealing-with-covid-19-crisis\/","og_site_name":"AREPO","article_publisher":"https:\/\/www.facebook.com\/arepoquality\/","article_published_time":"2017-06-15T15:40:38+00:00","article_modified_time":"2021-08-02T15:41:50+00:00","og_image":[{"width":271,"height":186,"url":"https:\/\/www.arepoquality.eu\/wp-content\/uploads\/2021\/08\/images.png","type":"image\/png"}],"author":"Francesca Alampi","twitter_card":"summary_large_image","twitter_creator":"@arepoquality_eu","twitter_site":"@arepoquality_eu","twitter_misc":{"\u00c9crit par":"Francesca Alampi","Dur\u00e9e de lecture estim\u00e9e":"2 minutes"},"schema":{"@context":"https:\/\/schema.org","@graph":[{"@type":"Article","@id":"https:\/\/www.arepoquality.eu\/2020\/06\/15\/ep-agri-committee-voted-to-raise-financial-support-for-farmers-dealing-with-covid-19-crisis\/#article","isPartOf":{"@id":"https:\/\/www.arepoquality.eu\/2020\/06\/15\/ep-agri-committee-voted-to-raise-financial-support-for-farmers-dealing-with-covid-19-crisis\/"},"author":{"name":"Francesca Alampi","@id":"https:\/\/www.arepoquality.eu\/#\/schema\/person\/15f7c6b22cbe9706c69d5201712ded97"},"headline":"La COMAGRI a vot\u00e9 pour augmenter le soutien financier aux agriculteurs confront\u00e9s \u00e0 la crise du COVID-19","datePublished":"2017-06-15T15:40:38+00:00","dateModified":"2021-08-02T15:41:50+00:00","mainEntityOfPage":{"@id":"https:\/\/www.arepoquality.eu\/2020\/06\/15\/ep-agri-committee-voted-to-raise-financial-support-for-farmers-dealing-with-covid-19-crisis\/"},"wordCount":349,"commentCount":0,"publisher":{"@id":"https:\/\/www.arepoquality.eu\/#organization"},"image":{"@id":"https:\/\/www.arepoquality.eu\/2020\/06\/15\/ep-agri-committee-voted-to-raise-financial-support-for-farmers-dealing-with-covid-19-crisis\/#primaryimage"},"thumbnailUrl":"https:\/\/www.arepoquality.eu\/wp-content\/uploads\/2021\/08\/images.png","articleSection":["Covid-19"],"inLanguage":"fr-FR","potentialAction":[{"@type":"CommentAction","name":"Comment","target":["https:\/\/www.arepoquality.eu\/2020\/06\/15\/ep-agri-committee-voted-to-raise-financial-support-for-farmers-dealing-with-covid-19-crisis\/#respond"]}]},{"@type":"WebPage","@id":"https:\/\/www.arepoquality.eu\/2020\/06\/15\/ep-agri-committee-voted-to-raise-financial-support-for-farmers-dealing-with-covid-19-crisis\/","url":"https:\/\/www.arepoquality.eu\/2020\/06\/15\/ep-agri-committee-voted-to-raise-financial-support-for-farmers-dealing-with-covid-19-crisis\/","name":"La COMAGRI a vot\u00e9 pour augmenter le soutien financier aux agriculteurs confront\u00e9s \u00e0 la crise du COVID-19 - AREPO","isPartOf":{"@id":"https:\/\/www.arepoquality.eu\/#website"},"primaryImageOfPage":{"@id":"https:\/\/www.arepoquality.eu\/2020\/06\/15\/ep-agri-committee-voted-to-raise-financial-support-for-farmers-dealing-with-covid-19-crisis\/#primaryimage"},"image":{"@id":"https:\/\/www.arepoquality.eu\/2020\/06\/15\/ep-agri-committee-voted-to-raise-financial-support-for-farmers-dealing-with-covid-19-crisis\/#primaryimage"},"thumbnailUrl":"https:\/\/www.arepoquality.eu\/wp-content\/uploads\/2021\/08\/images.png","datePublished":"2017-06-15T15:40:38+00:00","dateModified":"2021-08-02T15:41:50+00:00","breadcrumb":{"@id":"https:\/\/www.arepoquality.eu\/2020\/06\/15\/ep-agri-committee-voted-to-raise-financial-support-for-farmers-dealing-with-covid-19-crisis\/#breadcrumb"},"inLanguage":"fr-FR","potentialAction":[{"@type":"ReadAction","target":["https:\/\/www.arepoquality.eu\/2020\/06\/15\/ep-agri-committee-voted-to-raise-financial-support-for-farmers-dealing-with-covid-19-crisis\/"]}]},{"@type":"ImageObject","inLanguage":"fr-FR","@id":"https:\/\/www.arepoquality.eu\/2020\/06\/15\/ep-agri-committee-voted-to-raise-financial-support-for-farmers-dealing-with-covid-19-crisis\/#primaryimage","url":"https:\/\/www.arepoquality.eu\/wp-content\/uploads\/2021\/08\/images.png","contentUrl":"https:\/\/www.arepoquality.eu\/wp-content\/uploads\/2021\/08\/images.png","width":271,"height":186},{"@type":"BreadcrumbList","@id":"https:\/\/www.arepoquality.eu\/2020\/06\/15\/ep-agri-committee-voted-to-raise-financial-support-for-farmers-dealing-with-covid-19-crisis\/#breadcrumb","itemListElement":[{"@type":"ListItem","position":1,"name":"Home","item":"https:\/\/www.arepoquality.eu\/"},{"@type":"ListItem","position":2,"name":"La COMAGRI a vot\u00e9 pour augmenter le soutien financier aux agriculteurs confront\u00e9s \u00e0 la crise du COVID-19"}]},{"@type":"WebSite","@id":"https:\/\/www.arepoquality.eu\/#website","url":"https:\/\/www.arepoquality.eu\/","name":"AREPO","description":"","publisher":{"@id":"https:\/\/www.arepoquality.eu\/#organization"},"potentialAction":[{"@type":"SearchAction","target":{"@type":"EntryPoint","urlTemplate":"https:\/\/www.arepoquality.eu\/?s={search_term_string}"},"query-input":{"@type":"PropertyValueSpecification","valueRequired":true,"valueName":"search_term_string"}}],"inLanguage":"fr-FR"},{"@type":"Organization","@id":"https:\/\/www.arepoquality.eu\/#organization","name":"AREPO","url":"https:\/\/www.arepoquality.eu\/","logo":{"@type":"ImageObject","inLanguage":"fr-FR","@id":"https:\/\/www.arepoquality.eu\/#\/schema\/logo\/image\/","url":"https:\/\/www.arepoquality.eu\/wp-content\/uploads\/2024\/05\/arepo.jpg","contentUrl":"https:\/\/www.arepoquality.eu\/wp-content\/uploads\/2024\/05\/arepo.jpg","width":1113,"height":705,"caption":"AREPO"},"image":{"@id":"https:\/\/www.arepoquality.eu\/#\/schema\/logo\/image\/"},"sameAs":["https:\/\/www.facebook.com\/arepoquality\/","https:\/\/x.com\/arepoquality_eu","https:\/\/www.linkedin.com\/company\/arepoquality\/?viewAsMember=true"]},{"@type":"Person","@id":"https:\/\/www.arepoquality.eu\/#\/schema\/person\/15f7c6b22cbe9706c69d5201712ded97","name":"Francesca Alampi","url":"https:\/\/www.arepoquality.eu\/fr\/author\/francesca-alampi\/"}]}},"_links":{"self":[{"href":"https:\/\/www.arepoquality.eu\/fr\/wp-json\/wp\/v2\/posts\/4134","targetHints":{"allow":["GET"]}}],"collection":[{"href":"https:\/\/www.arepoquality.eu\/fr\/wp-json\/wp\/v2\/posts"}],"about":[{"href":"https:\/\/www.arepoquality.eu\/fr\/wp-json\/wp\/v2\/types\/post"}],"author":[{"embeddable":true,"href":"https:\/\/www.arepoquality.eu\/fr\/wp-json\/wp\/v2\/users\/3"}],"replies":[{"embeddable":true,"href":"https:\/\/www.arepoquality.eu\/fr\/wp-json\/wp\/v2\/comments?post=4134"}],"version-history":[{"count":1,"href":"https:\/\/www.arepoquality.eu\/fr\/wp-json\/wp\/v2\/posts\/4134\/revisions"}],"predecessor-version":[{"id":4135,"href":"https:\/\/www.arepoquality.eu\/fr\/wp-json\/wp\/v2\/posts\/4134\/revisions\/4135"}],"wp:featuredmedia":[{"embeddable":true,"href":"https:\/\/www.arepoquality.eu\/fr\/wp-json\/wp\/v2\/media\/4130"}],"wp:attachment":[{"href":"https:\/\/www.arepoquality.eu\/fr\/wp-json\/wp\/v2\/media?parent=4134"}],"wp:term":[{"taxonomy":"category","embeddable":true,"href":"https:\/\/www.arepoquality.eu\/fr\/wp-json\/wp\/v2\/categories?post=4134"},{"taxonomy":"post_tag","embeddable":true,"href":"https:\/\/www.arepoquality.eu\/fr\/wp-json\/wp\/v2\/tags?post=4134"}],"curies":[{"name":"wp","href":"https:\/\/api.w.org\/{rel}","templated":true}]}}