{"id":4365,"date":"2016-04-25T10:22:10","date_gmt":"2016-04-25T08:22:10","guid":{"rendered":"http:\/\/252373706c.url-de-test.ws\/arepo\/?p=4365"},"modified":"2021-08-11T11:43:01","modified_gmt":"2021-08-11T09:43:01","slug":"larepo-demande-une-reconnaissance-large-et-une-protection-forte-des-ig-dans-le-ttip","status":"publish","type":"post","link":"https:\/\/www.arepoquality.eu\/fr\/2016\/04\/25\/larepo-demande-une-reconnaissance-large-et-une-protection-forte-des-ig-dans-le-ttip\/","title":{"rendered":"L\u2019AREPO demande une reconnaissance large et une protection forte des IG dans le TTIP"},"content":{"rendered":"\n<p>Le 14 avril 2016, l\u2019assembl\u00e9e g\u00e9n\u00e9rale de l\u2019AREPO &#8211; Association des R\u00e9gions Europ\u00e9ennes des Produits d\u2019Origine \u2013 a adopt\u00e9 une position commune sur les n\u00e9gociations pour le TTIP, suite \u00e0 la publication par la Commission europ\u00e9enne en mars 2016 des documents de n\u00e9gociations.&nbsp;<strong>L\u2019AREPO se d\u00e9clare oppos\u00e9e au principe d\u2019une liste restreinte d\u2019indications g\u00e9ographiques (IG) \u00ab a priori \u00bb et demande \u00e0 la Commission europ\u00e9enne d\u2019\u0153uvrer pour une reconnaissance large et une protection forte des IG dans le TTIP.<\/strong><\/p>\n\n\n\n<p>Les 1.300 IG agroalimentaires enregistr\u00e9es par la Commission europ\u00e9enne sont des droits inali\u00e9nables de propri\u00e9t\u00e9 intellectuelle collective reconnus dans le cadre r\u00e8glementaire europ\u00e9en. Ces produits repr\u00e9sentent non seulement un pan entier de la culture agricole et alimentaire europ\u00e9enne, mais aussi une partie tr\u00e8s importante de l\u2019\u00e9conomie rurale, avec un chiffre d\u2019affaires annuel d\u2019au moins 60 milliards d\u2019euros. En outre, le chiffre d\u2019affaires \u00e0 l\u2019exportation des IG europ\u00e9ennes est de 15 milliards d\u2019euros et les Etats-Unis sont de loin le premier pays de destination des IG europ\u00e9ennes, repr\u00e9sentant 30% du total des exportations de l\u2019UE.<\/p>\n\n\n\n<p><strong>Pour cette raison, l\u2019AREPO rappelle que les IG repr\u00e9sentent un int\u00e9r\u00eat essentiel de l\u2019UE et que toutes les IG enregistr\u00e9es devraient \u00eatre prot\u00e9g\u00e9es dans l\u2019ensemble des accords commerciaux sign\u00e9s par l\u2019UE.<\/strong><\/p>\n\n\n\n<p>L\u2019AREPO s\u2019interroge sur les modalit\u00e9s du processus d\u00e9mocratique qui a pr\u00e9sid\u00e9 \u00e0 la r\u00e9daction de la liste restreinte rendue publique par la CE. Les membres de l\u2019AREPO affirment qu\u2019<strong>un nombre significatif d\u2019IG ayant des ambitions ou des enjeux commerciaux sur le territoire des Etats-Unis n\u2019apparaissent pas dans la liste rendue publique par la CE.<\/strong><\/p>\n\n\n\n<p>En tout \u00e9tat de cause, si le r\u00e9sultat des n\u00e9gociations entre l\u2019Union europ\u00e9enne et les autorit\u00e9s am\u00e9ricaines dans le cadre du TTIP devait finalement conclure \u00e0 la proposition \u00ab a posteriori \u00bb d\u2019une liste restreinte d\u2019IG, les IG incluses devraient \u00eatre s\u00e9lectionn\u00e9es par un processus concert\u00e9.&nbsp;<strong>Ainsi l\u2019AREPO invite la Commission europ\u00e9enne \u00e0 engager de toute urgence une consultation exhaustive des IG europ\u00e9ennes quant \u00e0 leur volont\u00e9 ou non d\u2019\u00eatre prot\u00e9g\u00e9es dans le cadre du TTIP.<\/strong>&nbsp;En outre, il est consid\u00e9r\u00e9 indispensable que le processus d\u2019inscription dans un \u00e9ventuel registre bilat\u00e9ral reste ouvert aux futures IG.<\/p>\n\n\n\n<p>Finalement, l\u2019AREPO demande qu\u2019il soit mis fin \u00e0 l\u2019usage par les Etats-Unis des noms des IG europ\u00e9ennes viticoles au nom d\u2019une soi-disant semi g\u00e9n\u00e9ricit\u00e9. Les AOP concern\u00e9es sont des produits typiques, expressions de leurs terroirs d\u2019origine, des conditions naturelles et des savoir-faire locaux. Elles ne peuvent en aucun cas \u00eatre consid\u00e9r\u00e9es comme des recettes&nbsp;!<\/p>\n\n\n\n<p><strong>T\u00e9l\u00e9charger&nbsp;le Communiqu\u00e9 de Presse:&nbsp;<a href=\"http:\/\/www.arepoquality.eu\/sites\/arepoquality.eu\/files\/press\/AREPO%20TTIP%20EN.pdf\">EN<\/a>&nbsp;&nbsp;<a href=\"http:\/\/www.arepoquality.eu\/sites\/arepoquality.eu\/files\/press\/AREPO%20TTIP%20ES.pdf\">ES<\/a>&nbsp;&nbsp;<a href=\"http:\/\/www.arepoquality.eu\/sites\/arepoquality.eu\/files\/press\/AREPO%20TTIP%20FR.pdf\">FR<\/a>&nbsp;&nbsp;<a href=\"http:\/\/www.arepoquality.eu\/sites\/arepoquality.eu\/files\/press\/AREPO%20TTIP%20IT.pdf\">IT<\/a><\/strong><\/p>\n\n\n\n<p><strong>Vous pouvez&nbsp;consulter la&nbsp;position compl\u00e8te de l&rsquo;AREPO en cliquant ici:&nbsp;<a href=\"http:\/\/www.arepoquality.eu\/sites\/arepoquality.eu\/files\/press\/Position_AREPO_TTIP_EN.pdf\">EN<\/a>&nbsp;&nbsp;<a href=\"http:\/\/www.arepoquality.eu\/sites\/arepoquality.eu\/files\/press\/Position_AREPO_TTIP_ES.pdf\">ES<\/a>&nbsp;&nbsp;<a href=\"http:\/\/www.arepoquality.eu\/sites\/arepoquality.eu\/files\/press\/Position_AREPO_TTIP_FR.pdf\">FR<\/a>&nbsp;&nbsp;<a href=\"http:\/\/www.arepoquality.eu\/sites\/arepoquality.eu\/files\/press\/Position_AREPO_TTIP_IT.pdf\">IT<\/a><\/strong><\/p>\n","protected":false},"excerpt":{"rendered":"<p>Le 14 avril 2016, l\u2019assembl\u00e9e g\u00e9n\u00e9rale de l\u2019AREPO &#8211; Association des R\u00e9gions Europ\u00e9ennes des Produits d\u2019Origine \u2013 a adopt\u00e9 une position commune sur les n\u00e9gociations pour le TTIP, suite \u00e0 la publication par la Commission europ\u00e9enne en mars 2016 des documents de n\u00e9gociations.&nbsp;L\u2019AREPO se d\u00e9clare oppos\u00e9e au principe d\u2019une liste restreinte d\u2019indications g\u00e9ographiques (IG) \u00ab [&hellip;]<\/p>\n","protected":false},"author":3,"featured_media":0,"comment_status":"open","ping_status":"open","sticky":false,"template":"","format":"standard","meta":{"_acf_changed":false,"footnotes":""},"categories":[232,233,109,82],"tags":[],"class_list":["post-4365","post","type-post","status-publish","format-standard","hentry","category-arepo-participations-2","category-arepo-participations-fr","category-politique-commerciale-fr","category-trade-policy"],"acf":[],"yoast_head":"<!-- This site is optimized with the Yoast SEO plugin v27.4 - https:\/\/yoast.com\/product\/yoast-seo-wordpress\/ -->\n<title>L\u2019AREPO demande une reconnaissance large et une protection forte des IG dans le TTIP - AREPO<\/title>\n<meta name=\"robots\" content=\"index, follow, max-snippet:-1, max-image-preview:large, max-video-preview:-1\" \/>\n<link rel=\"canonical\" href=\"https:\/\/www.arepoquality.eu\/fr\/2016\/04\/25\/larepo-demande-une-reconnaissance-large-et-une-protection-forte-des-ig-dans-le-ttip\/\" \/>\n<meta property=\"og:locale\" content=\"fr_FR\" \/>\n<meta property=\"og:type\" content=\"article\" \/>\n<meta property=\"og:title\" content=\"L\u2019AREPO demande une reconnaissance large et une protection forte des IG dans le TTIP - AREPO\" \/>\n<meta property=\"og:description\" content=\"Le 14 avril 2016, l\u2019assembl\u00e9e g\u00e9n\u00e9rale de l\u2019AREPO &#8211; Association des R\u00e9gions Europ\u00e9ennes des Produits d\u2019Origine \u2013 a adopt\u00e9 une position commune sur les n\u00e9gociations pour le TTIP, suite \u00e0 la publication par la Commission europ\u00e9enne en mars 2016 des documents de n\u00e9gociations.&nbsp;L\u2019AREPO se d\u00e9clare oppos\u00e9e au principe d\u2019une liste restreinte d\u2019indications g\u00e9ographiques (IG) \u00ab [&hellip;]\" \/>\n<meta property=\"og:url\" content=\"https:\/\/www.arepoquality.eu\/fr\/2016\/04\/25\/larepo-demande-une-reconnaissance-large-et-une-protection-forte-des-ig-dans-le-ttip\/\" \/>\n<meta property=\"og:site_name\" content=\"AREPO\" \/>\n<meta property=\"article:publisher\" content=\"https:\/\/www.facebook.com\/arepoquality\/\" \/>\n<meta property=\"article:published_time\" content=\"2016-04-25T08:22:10+00:00\" \/>\n<meta property=\"article:modified_time\" content=\"2021-08-11T09:43:01+00:00\" \/>\n<meta name=\"author\" content=\"Francesca Alampi\" \/>\n<meta name=\"twitter:card\" content=\"summary_large_image\" \/>\n<meta name=\"twitter:creator\" content=\"@arepoquality_eu\" \/>\n<meta name=\"twitter:site\" content=\"@arepoquality_eu\" \/>\n<meta name=\"twitter:label1\" content=\"\u00c9crit par\" \/>\n\t<meta name=\"twitter:data1\" content=\"Francesca Alampi\" \/>\n\t<meta name=\"twitter:label2\" content=\"Dur\u00e9e de lecture estim\u00e9e\" \/>\n\t<meta name=\"twitter:data2\" content=\"3 minutes\" \/>\n<script type=\"application\/ld+json\" class=\"yoast-schema-graph\">{\"@context\":\"https:\\\/\\\/schema.org\",\"@graph\":[{\"@type\":\"Article\",\"@id\":\"https:\\\/\\\/www.arepoquality.eu\\\/fr\\\/2016\\\/04\\\/25\\\/larepo-demande-une-reconnaissance-large-et-une-protection-forte-des-ig-dans-le-ttip\\\/#article\",\"isPartOf\":{\"@id\":\"https:\\\/\\\/www.arepoquality.eu\\\/fr\\\/2016\\\/04\\\/25\\\/larepo-demande-une-reconnaissance-large-et-une-protection-forte-des-ig-dans-le-ttip\\\/\"},\"author\":{\"name\":\"Francesca Alampi\",\"@id\":\"https:\\\/\\\/www.arepoquality.eu\\\/#\\\/schema\\\/person\\\/15f7c6b22cbe9706c69d5201712ded97\"},\"headline\":\"L\u2019AREPO demande une reconnaissance large et une protection forte des IG dans le TTIP\",\"datePublished\":\"2016-04-25T08:22:10+00:00\",\"dateModified\":\"2021-08-11T09:43:01+00:00\",\"mainEntityOfPage\":{\"@id\":\"https:\\\/\\\/www.arepoquality.eu\\\/fr\\\/2016\\\/04\\\/25\\\/larepo-demande-une-reconnaissance-large-et-une-protection-forte-des-ig-dans-le-ttip\\\/\"},\"wordCount\":541,\"commentCount\":0,\"publisher\":{\"@id\":\"https:\\\/\\\/www.arepoquality.eu\\\/#organization\"},\"articleSection\":[\"AREPO participation\",\"Participation AREPO\",\"Politique commerciale\",\"Trade policy\"],\"inLanguage\":\"fr-FR\",\"potentialAction\":[{\"@type\":\"CommentAction\",\"name\":\"Comment\",\"target\":[\"https:\\\/\\\/www.arepoquality.eu\\\/fr\\\/2016\\\/04\\\/25\\\/larepo-demande-une-reconnaissance-large-et-une-protection-forte-des-ig-dans-le-ttip\\\/#respond\"]}]},{\"@type\":\"WebPage\",\"@id\":\"https:\\\/\\\/www.arepoquality.eu\\\/fr\\\/2016\\\/04\\\/25\\\/larepo-demande-une-reconnaissance-large-et-une-protection-forte-des-ig-dans-le-ttip\\\/\",\"url\":\"https:\\\/\\\/www.arepoquality.eu\\\/fr\\\/2016\\\/04\\\/25\\\/larepo-demande-une-reconnaissance-large-et-une-protection-forte-des-ig-dans-le-ttip\\\/\",\"name\":\"L\u2019AREPO demande une reconnaissance large et une protection forte des IG dans le TTIP - AREPO\",\"isPartOf\":{\"@id\":\"https:\\\/\\\/www.arepoquality.eu\\\/#website\"},\"datePublished\":\"2016-04-25T08:22:10+00:00\",\"dateModified\":\"2021-08-11T09:43:01+00:00\",\"breadcrumb\":{\"@id\":\"https:\\\/\\\/www.arepoquality.eu\\\/fr\\\/2016\\\/04\\\/25\\\/larepo-demande-une-reconnaissance-large-et-une-protection-forte-des-ig-dans-le-ttip\\\/#breadcrumb\"},\"inLanguage\":\"fr-FR\",\"potentialAction\":[{\"@type\":\"ReadAction\",\"target\":[\"https:\\\/\\\/www.arepoquality.eu\\\/fr\\\/2016\\\/04\\\/25\\\/larepo-demande-une-reconnaissance-large-et-une-protection-forte-des-ig-dans-le-ttip\\\/\"]}]},{\"@type\":\"BreadcrumbList\",\"@id\":\"https:\\\/\\\/www.arepoquality.eu\\\/fr\\\/2016\\\/04\\\/25\\\/larepo-demande-une-reconnaissance-large-et-une-protection-forte-des-ig-dans-le-ttip\\\/#breadcrumb\",\"itemListElement\":[{\"@type\":\"ListItem\",\"position\":1,\"name\":\"Home\",\"item\":\"https:\\\/\\\/www.arepoquality.eu\\\/\"},{\"@type\":\"ListItem\",\"position\":2,\"name\":\"L\u2019AREPO demande une reconnaissance large et une protection forte des IG dans le TTIP\"}]},{\"@type\":\"WebSite\",\"@id\":\"https:\\\/\\\/www.arepoquality.eu\\\/#website\",\"url\":\"https:\\\/\\\/www.arepoquality.eu\\\/\",\"name\":\"AREPO\",\"description\":\"\",\"publisher\":{\"@id\":\"https:\\\/\\\/www.arepoquality.eu\\\/#organization\"},\"potentialAction\":[{\"@type\":\"SearchAction\",\"target\":{\"@type\":\"EntryPoint\",\"urlTemplate\":\"https:\\\/\\\/www.arepoquality.eu\\\/?s={search_term_string}\"},\"query-input\":{\"@type\":\"PropertyValueSpecification\",\"valueRequired\":true,\"valueName\":\"search_term_string\"}}],\"inLanguage\":\"fr-FR\"},{\"@type\":\"Organization\",\"@id\":\"https:\\\/\\\/www.arepoquality.eu\\\/#organization\",\"name\":\"AREPO\",\"url\":\"https:\\\/\\\/www.arepoquality.eu\\\/\",\"logo\":{\"@type\":\"ImageObject\",\"inLanguage\":\"fr-FR\",\"@id\":\"https:\\\/\\\/www.arepoquality.eu\\\/#\\\/schema\\\/logo\\\/image\\\/\",\"url\":\"https:\\\/\\\/www.arepoquality.eu\\\/wp-content\\\/uploads\\\/2024\\\/05\\\/arepo.jpg\",\"contentUrl\":\"https:\\\/\\\/www.arepoquality.eu\\\/wp-content\\\/uploads\\\/2024\\\/05\\\/arepo.jpg\",\"width\":1113,\"height\":705,\"caption\":\"AREPO\"},\"image\":{\"@id\":\"https:\\\/\\\/www.arepoquality.eu\\\/#\\\/schema\\\/logo\\\/image\\\/\"},\"sameAs\":[\"https:\\\/\\\/www.facebook.com\\\/arepoquality\\\/\",\"https:\\\/\\\/x.com\\\/arepoquality_eu\",\"https:\\\/\\\/www.linkedin.com\\\/company\\\/arepoquality\\\/?viewAsMember=true\"]},{\"@type\":\"Person\",\"@id\":\"https:\\\/\\\/www.arepoquality.eu\\\/#\\\/schema\\\/person\\\/15f7c6b22cbe9706c69d5201712ded97\",\"name\":\"Francesca Alampi\",\"url\":\"https:\\\/\\\/www.arepoquality.eu\\\/fr\\\/author\\\/francesca-alampi\\\/\"}]}<\/script>\n<!-- \/ Yoast SEO plugin. -->","yoast_head_json":{"title":"L\u2019AREPO demande une reconnaissance large et une protection forte des IG dans le TTIP - AREPO","robots":{"index":"index","follow":"follow","max-snippet":"max-snippet:-1","max-image-preview":"max-image-preview:large","max-video-preview":"max-video-preview:-1"},"canonical":"https:\/\/www.arepoquality.eu\/fr\/2016\/04\/25\/larepo-demande-une-reconnaissance-large-et-une-protection-forte-des-ig-dans-le-ttip\/","og_locale":"fr_FR","og_type":"article","og_title":"L\u2019AREPO demande une reconnaissance large et une protection forte des IG dans le TTIP - AREPO","og_description":"Le 14 avril 2016, l\u2019assembl\u00e9e g\u00e9n\u00e9rale de l\u2019AREPO &#8211; Association des R\u00e9gions Europ\u00e9ennes des Produits d\u2019Origine \u2013 a adopt\u00e9 une position commune sur les n\u00e9gociations pour le TTIP, suite \u00e0 la publication par la Commission europ\u00e9enne en mars 2016 des documents de n\u00e9gociations.&nbsp;L\u2019AREPO se d\u00e9clare oppos\u00e9e au principe d\u2019une liste restreinte d\u2019indications g\u00e9ographiques (IG) \u00ab [&hellip;]","og_url":"https:\/\/www.arepoquality.eu\/fr\/2016\/04\/25\/larepo-demande-une-reconnaissance-large-et-une-protection-forte-des-ig-dans-le-ttip\/","og_site_name":"AREPO","article_publisher":"https:\/\/www.facebook.com\/arepoquality\/","article_published_time":"2016-04-25T08:22:10+00:00","article_modified_time":"2021-08-11T09:43:01+00:00","author":"Francesca Alampi","twitter_card":"summary_large_image","twitter_creator":"@arepoquality_eu","twitter_site":"@arepoquality_eu","twitter_misc":{"\u00c9crit par":"Francesca Alampi","Dur\u00e9e de lecture estim\u00e9e":"3 minutes"},"schema":{"@context":"https:\/\/schema.org","@graph":[{"@type":"Article","@id":"https:\/\/www.arepoquality.eu\/fr\/2016\/04\/25\/larepo-demande-une-reconnaissance-large-et-une-protection-forte-des-ig-dans-le-ttip\/#article","isPartOf":{"@id":"https:\/\/www.arepoquality.eu\/fr\/2016\/04\/25\/larepo-demande-une-reconnaissance-large-et-une-protection-forte-des-ig-dans-le-ttip\/"},"author":{"name":"Francesca Alampi","@id":"https:\/\/www.arepoquality.eu\/#\/schema\/person\/15f7c6b22cbe9706c69d5201712ded97"},"headline":"L\u2019AREPO demande une reconnaissance large et une protection forte des IG dans le TTIP","datePublished":"2016-04-25T08:22:10+00:00","dateModified":"2021-08-11T09:43:01+00:00","mainEntityOfPage":{"@id":"https:\/\/www.arepoquality.eu\/fr\/2016\/04\/25\/larepo-demande-une-reconnaissance-large-et-une-protection-forte-des-ig-dans-le-ttip\/"},"wordCount":541,"commentCount":0,"publisher":{"@id":"https:\/\/www.arepoquality.eu\/#organization"},"articleSection":["AREPO participation","Participation AREPO","Politique commerciale","Trade policy"],"inLanguage":"fr-FR","potentialAction":[{"@type":"CommentAction","name":"Comment","target":["https:\/\/www.arepoquality.eu\/fr\/2016\/04\/25\/larepo-demande-une-reconnaissance-large-et-une-protection-forte-des-ig-dans-le-ttip\/#respond"]}]},{"@type":"WebPage","@id":"https:\/\/www.arepoquality.eu\/fr\/2016\/04\/25\/larepo-demande-une-reconnaissance-large-et-une-protection-forte-des-ig-dans-le-ttip\/","url":"https:\/\/www.arepoquality.eu\/fr\/2016\/04\/25\/larepo-demande-une-reconnaissance-large-et-une-protection-forte-des-ig-dans-le-ttip\/","name":"L\u2019AREPO demande une reconnaissance large et une protection forte des IG dans le TTIP - AREPO","isPartOf":{"@id":"https:\/\/www.arepoquality.eu\/#website"},"datePublished":"2016-04-25T08:22:10+00:00","dateModified":"2021-08-11T09:43:01+00:00","breadcrumb":{"@id":"https:\/\/www.arepoquality.eu\/fr\/2016\/04\/25\/larepo-demande-une-reconnaissance-large-et-une-protection-forte-des-ig-dans-le-ttip\/#breadcrumb"},"inLanguage":"fr-FR","potentialAction":[{"@type":"ReadAction","target":["https:\/\/www.arepoquality.eu\/fr\/2016\/04\/25\/larepo-demande-une-reconnaissance-large-et-une-protection-forte-des-ig-dans-le-ttip\/"]}]},{"@type":"BreadcrumbList","@id":"https:\/\/www.arepoquality.eu\/fr\/2016\/04\/25\/larepo-demande-une-reconnaissance-large-et-une-protection-forte-des-ig-dans-le-ttip\/#breadcrumb","itemListElement":[{"@type":"ListItem","position":1,"name":"Home","item":"https:\/\/www.arepoquality.eu\/"},{"@type":"ListItem","position":2,"name":"L\u2019AREPO demande une reconnaissance large et une protection forte des IG dans le TTIP"}]},{"@type":"WebSite","@id":"https:\/\/www.arepoquality.eu\/#website","url":"https:\/\/www.arepoquality.eu\/","name":"AREPO","description":"","publisher":{"@id":"https:\/\/www.arepoquality.eu\/#organization"},"potentialAction":[{"@type":"SearchAction","target":{"@type":"EntryPoint","urlTemplate":"https:\/\/www.arepoquality.eu\/?s={search_term_string}"},"query-input":{"@type":"PropertyValueSpecification","valueRequired":true,"valueName":"search_term_string"}}],"inLanguage":"fr-FR"},{"@type":"Organization","@id":"https:\/\/www.arepoquality.eu\/#organization","name":"AREPO","url":"https:\/\/www.arepoquality.eu\/","logo":{"@type":"ImageObject","inLanguage":"fr-FR","@id":"https:\/\/www.arepoquality.eu\/#\/schema\/logo\/image\/","url":"https:\/\/www.arepoquality.eu\/wp-content\/uploads\/2024\/05\/arepo.jpg","contentUrl":"https:\/\/www.arepoquality.eu\/wp-content\/uploads\/2024\/05\/arepo.jpg","width":1113,"height":705,"caption":"AREPO"},"image":{"@id":"https:\/\/www.arepoquality.eu\/#\/schema\/logo\/image\/"},"sameAs":["https:\/\/www.facebook.com\/arepoquality\/","https:\/\/x.com\/arepoquality_eu","https:\/\/www.linkedin.com\/company\/arepoquality\/?viewAsMember=true"]},{"@type":"Person","@id":"https:\/\/www.arepoquality.eu\/#\/schema\/person\/15f7c6b22cbe9706c69d5201712ded97","name":"Francesca Alampi","url":"https:\/\/www.arepoquality.eu\/fr\/author\/francesca-alampi\/"}]}},"_links":{"self":[{"href":"https:\/\/www.arepoquality.eu\/fr\/wp-json\/wp\/v2\/posts\/4365","targetHints":{"allow":["GET"]}}],"collection":[{"href":"https:\/\/www.arepoquality.eu\/fr\/wp-json\/wp\/v2\/posts"}],"about":[{"href":"https:\/\/www.arepoquality.eu\/fr\/wp-json\/wp\/v2\/types\/post"}],"author":[{"embeddable":true,"href":"https:\/\/www.arepoquality.eu\/fr\/wp-json\/wp\/v2\/users\/3"}],"replies":[{"embeddable":true,"href":"https:\/\/www.arepoquality.eu\/fr\/wp-json\/wp\/v2\/comments?post=4365"}],"version-history":[{"count":1,"href":"https:\/\/www.arepoquality.eu\/fr\/wp-json\/wp\/v2\/posts\/4365\/revisions"}],"predecessor-version":[{"id":4366,"href":"https:\/\/www.arepoquality.eu\/fr\/wp-json\/wp\/v2\/posts\/4365\/revisions\/4366"}],"wp:attachment":[{"href":"https:\/\/www.arepoquality.eu\/fr\/wp-json\/wp\/v2\/media?parent=4365"}],"wp:term":[{"taxonomy":"category","embeddable":true,"href":"https:\/\/www.arepoquality.eu\/fr\/wp-json\/wp\/v2\/categories?post=4365"},{"taxonomy":"post_tag","embeddable":true,"href":"https:\/\/www.arepoquality.eu\/fr\/wp-json\/wp\/v2\/tags?post=4365"}],"curies":[{"name":"wp","href":"https:\/\/api.w.org\/{rel}","templated":true}]}}