{"id":767,"date":"2014-06-18T12:13:29","date_gmt":"2014-06-18T10:13:29","guid":{"rendered":"http:\/\/252373706c.url-de-test.ws\/arepo\/2014\/06\/18\/la-commission-a-publie-un-rapport-concernant-le-paquet-lait\/"},"modified":"2021-08-12T17:34:35","modified_gmt":"2021-08-12T15:34:35","slug":"la-commission-a-publie-un-rapport-concernant-le-paquet-lait","status":"publish","type":"post","link":"https:\/\/www.arepoquality.eu\/fr\/2014\/06\/18\/la-commission-a-publie-un-rapport-concernant-le-paquet-lait\/","title":{"rendered":"La Commission a publi\u00e9 un rapport concernant le \u00abpaquet lait\u00bb"},"content":{"rendered":"<p>Le 13 Juin, la Commission europ\u00e9enne a publi\u00e9 un rapport concernant l&rsquo;\u00e9volution de la situation du march\u00e9 dans le secteur du lait et le fonctionnement du \u00abpaquet lait\u00bb de 2012. Il d\u00e9crit les perspectives du secteur laitier, dresse le bilan de la mise en \u0153uvre du \u00abpaquet lait\u00bb et des possibilit\u00e9s qu&rsquo;il offre, et met en lumi\u00e8re d&rsquo;autres consid\u00e9rations en vue de la suppression du syst\u00e8me des quotas en 2015.<\/p>\n<p><strong>Pour plus d\u2019informations sur le \u00abpaquet lait\u00bb<\/strong>&nbsp;: <a href=\"http:\/\/ec.europa.eu\/agriculture\/milk\/milk-package\/index_en.htm\">http:\/\/ec.europa.eu\/agriculture\/milk\/milk-package\/index_en.htm<\/a><\/p>\n","protected":false},"excerpt":{"rendered":"<p>Le 13 Juin, la Commission europ\u00e9enne a publi\u00e9 un rapport concernant l&rsquo;\u00e9volution de la situation du march\u00e9 dans le secteur du lait et le fonctionnement du \u00abpaquet lait\u00bb de 2012. Il d\u00e9crit les perspectives du secteur laitier, dresse le bilan de la mise en \u0153uvre du \u00abpaquet lait\u00bb et des possibilit\u00e9s qu&rsquo;il offre, et met [&hellip;]<\/p>\n","protected":false},"author":2,"featured_media":0,"comment_status":"closed","ping_status":"closed","sticky":false,"template":"","format":"standard","meta":{"_acf_changed":false,"footnotes":""},"categories":[246],"tags":[],"class_list":["post-767","post","type-post","status-publish","format-standard","hentry","category-ue-fr"],"acf":[],"yoast_head":"<!-- This site is optimized with the Yoast SEO plugin v27.4 - https:\/\/yoast.com\/product\/yoast-seo-wordpress\/ -->\n<title>La Commission a publi\u00e9 un rapport concernant le \u00abpaquet lait\u00bb - AREPO<\/title>\n<meta name=\"robots\" content=\"index, follow, max-snippet:-1, max-image-preview:large, max-video-preview:-1\" \/>\n<link rel=\"canonical\" href=\"https:\/\/www.arepoquality.eu\/fr\/2014\/06\/18\/la-commission-a-publie-un-rapport-concernant-le-paquet-lait\/\" \/>\n<meta property=\"og:locale\" content=\"fr_FR\" \/>\n<meta property=\"og:type\" content=\"article\" \/>\n<meta property=\"og:title\" content=\"La Commission a publi\u00e9 un rapport concernant le \u00abpaquet lait\u00bb - AREPO\" \/>\n<meta property=\"og:description\" content=\"Le 13 Juin, la Commission europ\u00e9enne a publi\u00e9 un rapport concernant l&rsquo;\u00e9volution de la situation du march\u00e9 dans le secteur du lait et le fonctionnement du \u00abpaquet lait\u00bb de 2012. Il d\u00e9crit les perspectives du secteur laitier, dresse le bilan de la mise en \u0153uvre du \u00abpaquet lait\u00bb et des possibilit\u00e9s qu&rsquo;il offre, et met [&hellip;]\" \/>\n<meta property=\"og:url\" content=\"https:\/\/www.arepoquality.eu\/fr\/2014\/06\/18\/la-commission-a-publie-un-rapport-concernant-le-paquet-lait\/\" \/>\n<meta property=\"og:site_name\" content=\"AREPO\" \/>\n<meta property=\"article:publisher\" content=\"https:\/\/www.facebook.com\/arepoquality\/\" \/>\n<meta property=\"article:published_time\" content=\"2014-06-18T10:13:29+00:00\" \/>\n<meta property=\"article:modified_time\" content=\"2021-08-12T15:34:35+00:00\" \/>\n<meta name=\"author\" content=\"Giulia Scaglioni\" \/>\n<meta name=\"twitter:card\" content=\"summary_large_image\" \/>\n<meta name=\"twitter:creator\" content=\"@arepoquality_eu\" \/>\n<meta name=\"twitter:site\" content=\"@arepoquality_eu\" \/>\n<meta name=\"twitter:label1\" content=\"\u00c9crit par\" \/>\n\t<meta name=\"twitter:data1\" content=\"Giulia Scaglioni\" \/>\n<script type=\"application\/ld+json\" class=\"yoast-schema-graph\">{\"@context\":\"https:\\\/\\\/schema.org\",\"@graph\":[{\"@type\":\"Article\",\"@id\":\"https:\\\/\\\/www.arepoquality.eu\\\/fr\\\/2014\\\/06\\\/18\\\/la-commission-a-publie-un-rapport-concernant-le-paquet-lait\\\/#article\",\"isPartOf\":{\"@id\":\"https:\\\/\\\/www.arepoquality.eu\\\/fr\\\/2014\\\/06\\\/18\\\/la-commission-a-publie-un-rapport-concernant-le-paquet-lait\\\/\"},\"author\":{\"name\":\"Giulia Scaglioni\",\"@id\":\"https:\\\/\\\/www.arepoquality.eu\\\/#\\\/schema\\\/person\\\/45550165fffb5c0705e14a58767af5a2\"},\"headline\":\"La Commission a publi\u00e9 un rapport concernant le \u00abpaquet lait\u00bb\",\"datePublished\":\"2014-06-18T10:13:29+00:00\",\"dateModified\":\"2021-08-12T15:34:35+00:00\",\"mainEntityOfPage\":{\"@id\":\"https:\\\/\\\/www.arepoquality.eu\\\/fr\\\/2014\\\/06\\\/18\\\/la-commission-a-publie-un-rapport-concernant-le-paquet-lait\\\/\"},\"wordCount\":103,\"publisher\":{\"@id\":\"https:\\\/\\\/www.arepoquality.eu\\\/#organization\"},\"articleSection\":[\"UE\"],\"inLanguage\":\"fr-FR\"},{\"@type\":\"WebPage\",\"@id\":\"https:\\\/\\\/www.arepoquality.eu\\\/fr\\\/2014\\\/06\\\/18\\\/la-commission-a-publie-un-rapport-concernant-le-paquet-lait\\\/\",\"url\":\"https:\\\/\\\/www.arepoquality.eu\\\/fr\\\/2014\\\/06\\\/18\\\/la-commission-a-publie-un-rapport-concernant-le-paquet-lait\\\/\",\"name\":\"La Commission a publi\u00e9 un rapport concernant le \u00abpaquet lait\u00bb - AREPO\",\"isPartOf\":{\"@id\":\"https:\\\/\\\/www.arepoquality.eu\\\/#website\"},\"datePublished\":\"2014-06-18T10:13:29+00:00\",\"dateModified\":\"2021-08-12T15:34:35+00:00\",\"breadcrumb\":{\"@id\":\"https:\\\/\\\/www.arepoquality.eu\\\/fr\\\/2014\\\/06\\\/18\\\/la-commission-a-publie-un-rapport-concernant-le-paquet-lait\\\/#breadcrumb\"},\"inLanguage\":\"fr-FR\",\"potentialAction\":[{\"@type\":\"ReadAction\",\"target\":[\"https:\\\/\\\/www.arepoquality.eu\\\/fr\\\/2014\\\/06\\\/18\\\/la-commission-a-publie-un-rapport-concernant-le-paquet-lait\\\/\"]}]},{\"@type\":\"BreadcrumbList\",\"@id\":\"https:\\\/\\\/www.arepoquality.eu\\\/fr\\\/2014\\\/06\\\/18\\\/la-commission-a-publie-un-rapport-concernant-le-paquet-lait\\\/#breadcrumb\",\"itemListElement\":[{\"@type\":\"ListItem\",\"position\":1,\"name\":\"Home\",\"item\":\"https:\\\/\\\/www.arepoquality.eu\\\/\"},{\"@type\":\"ListItem\",\"position\":2,\"name\":\"La Commission a publi\u00e9 un rapport concernant le \u00abpaquet lait\u00bb\"}]},{\"@type\":\"WebSite\",\"@id\":\"https:\\\/\\\/www.arepoquality.eu\\\/#website\",\"url\":\"https:\\\/\\\/www.arepoquality.eu\\\/\",\"name\":\"AREPO\",\"description\":\"\",\"publisher\":{\"@id\":\"https:\\\/\\\/www.arepoquality.eu\\\/#organization\"},\"potentialAction\":[{\"@type\":\"SearchAction\",\"target\":{\"@type\":\"EntryPoint\",\"urlTemplate\":\"https:\\\/\\\/www.arepoquality.eu\\\/?s={search_term_string}\"},\"query-input\":{\"@type\":\"PropertyValueSpecification\",\"valueRequired\":true,\"valueName\":\"search_term_string\"}}],\"inLanguage\":\"fr-FR\"},{\"@type\":\"Organization\",\"@id\":\"https:\\\/\\\/www.arepoquality.eu\\\/#organization\",\"name\":\"AREPO\",\"url\":\"https:\\\/\\\/www.arepoquality.eu\\\/\",\"logo\":{\"@type\":\"ImageObject\",\"inLanguage\":\"fr-FR\",\"@id\":\"https:\\\/\\\/www.arepoquality.eu\\\/#\\\/schema\\\/logo\\\/image\\\/\",\"url\":\"https:\\\/\\\/www.arepoquality.eu\\\/wp-content\\\/uploads\\\/2024\\\/05\\\/arepo.jpg\",\"contentUrl\":\"https:\\\/\\\/www.arepoquality.eu\\\/wp-content\\\/uploads\\\/2024\\\/05\\\/arepo.jpg\",\"width\":1113,\"height\":705,\"caption\":\"AREPO\"},\"image\":{\"@id\":\"https:\\\/\\\/www.arepoquality.eu\\\/#\\\/schema\\\/logo\\\/image\\\/\"},\"sameAs\":[\"https:\\\/\\\/www.facebook.com\\\/arepoquality\\\/\",\"https:\\\/\\\/x.com\\\/arepoquality_eu\",\"https:\\\/\\\/www.linkedin.com\\\/company\\\/arepoquality\\\/?viewAsMember=true\"]},{\"@type\":\"Person\",\"@id\":\"https:\\\/\\\/www.arepoquality.eu\\\/#\\\/schema\\\/person\\\/45550165fffb5c0705e14a58767af5a2\",\"name\":\"Giulia Scaglioni\",\"url\":\"https:\\\/\\\/www.arepoquality.eu\\\/fr\\\/author\\\/giulia-scaglioni\\\/\"}]}<\/script>\n<!-- \/ Yoast SEO plugin. -->","yoast_head_json":{"title":"La Commission a publi\u00e9 un rapport concernant le \u00abpaquet lait\u00bb - AREPO","robots":{"index":"index","follow":"follow","max-snippet":"max-snippet:-1","max-image-preview":"max-image-preview:large","max-video-preview":"max-video-preview:-1"},"canonical":"https:\/\/www.arepoquality.eu\/fr\/2014\/06\/18\/la-commission-a-publie-un-rapport-concernant-le-paquet-lait\/","og_locale":"fr_FR","og_type":"article","og_title":"La Commission a publi\u00e9 un rapport concernant le \u00abpaquet lait\u00bb - AREPO","og_description":"Le 13 Juin, la Commission europ\u00e9enne a publi\u00e9 un rapport concernant l&rsquo;\u00e9volution de la situation du march\u00e9 dans le secteur du lait et le fonctionnement du \u00abpaquet lait\u00bb de 2012. Il d\u00e9crit les perspectives du secteur laitier, dresse le bilan de la mise en \u0153uvre du \u00abpaquet lait\u00bb et des possibilit\u00e9s qu&rsquo;il offre, et met [&hellip;]","og_url":"https:\/\/www.arepoquality.eu\/fr\/2014\/06\/18\/la-commission-a-publie-un-rapport-concernant-le-paquet-lait\/","og_site_name":"AREPO","article_publisher":"https:\/\/www.facebook.com\/arepoquality\/","article_published_time":"2014-06-18T10:13:29+00:00","article_modified_time":"2021-08-12T15:34:35+00:00","author":"Giulia Scaglioni","twitter_card":"summary_large_image","twitter_creator":"@arepoquality_eu","twitter_site":"@arepoquality_eu","twitter_misc":{"\u00c9crit par":"Giulia Scaglioni"},"schema":{"@context":"https:\/\/schema.org","@graph":[{"@type":"Article","@id":"https:\/\/www.arepoquality.eu\/fr\/2014\/06\/18\/la-commission-a-publie-un-rapport-concernant-le-paquet-lait\/#article","isPartOf":{"@id":"https:\/\/www.arepoquality.eu\/fr\/2014\/06\/18\/la-commission-a-publie-un-rapport-concernant-le-paquet-lait\/"},"author":{"name":"Giulia Scaglioni","@id":"https:\/\/www.arepoquality.eu\/#\/schema\/person\/45550165fffb5c0705e14a58767af5a2"},"headline":"La Commission a publi\u00e9 un rapport concernant le \u00abpaquet lait\u00bb","datePublished":"2014-06-18T10:13:29+00:00","dateModified":"2021-08-12T15:34:35+00:00","mainEntityOfPage":{"@id":"https:\/\/www.arepoquality.eu\/fr\/2014\/06\/18\/la-commission-a-publie-un-rapport-concernant-le-paquet-lait\/"},"wordCount":103,"publisher":{"@id":"https:\/\/www.arepoquality.eu\/#organization"},"articleSection":["UE"],"inLanguage":"fr-FR"},{"@type":"WebPage","@id":"https:\/\/www.arepoquality.eu\/fr\/2014\/06\/18\/la-commission-a-publie-un-rapport-concernant-le-paquet-lait\/","url":"https:\/\/www.arepoquality.eu\/fr\/2014\/06\/18\/la-commission-a-publie-un-rapport-concernant-le-paquet-lait\/","name":"La Commission a publi\u00e9 un rapport concernant le \u00abpaquet lait\u00bb - AREPO","isPartOf":{"@id":"https:\/\/www.arepoquality.eu\/#website"},"datePublished":"2014-06-18T10:13:29+00:00","dateModified":"2021-08-12T15:34:35+00:00","breadcrumb":{"@id":"https:\/\/www.arepoquality.eu\/fr\/2014\/06\/18\/la-commission-a-publie-un-rapport-concernant-le-paquet-lait\/#breadcrumb"},"inLanguage":"fr-FR","potentialAction":[{"@type":"ReadAction","target":["https:\/\/www.arepoquality.eu\/fr\/2014\/06\/18\/la-commission-a-publie-un-rapport-concernant-le-paquet-lait\/"]}]},{"@type":"BreadcrumbList","@id":"https:\/\/www.arepoquality.eu\/fr\/2014\/06\/18\/la-commission-a-publie-un-rapport-concernant-le-paquet-lait\/#breadcrumb","itemListElement":[{"@type":"ListItem","position":1,"name":"Home","item":"https:\/\/www.arepoquality.eu\/"},{"@type":"ListItem","position":2,"name":"La Commission a publi\u00e9 un rapport concernant le \u00abpaquet lait\u00bb"}]},{"@type":"WebSite","@id":"https:\/\/www.arepoquality.eu\/#website","url":"https:\/\/www.arepoquality.eu\/","name":"AREPO","description":"","publisher":{"@id":"https:\/\/www.arepoquality.eu\/#organization"},"potentialAction":[{"@type":"SearchAction","target":{"@type":"EntryPoint","urlTemplate":"https:\/\/www.arepoquality.eu\/?s={search_term_string}"},"query-input":{"@type":"PropertyValueSpecification","valueRequired":true,"valueName":"search_term_string"}}],"inLanguage":"fr-FR"},{"@type":"Organization","@id":"https:\/\/www.arepoquality.eu\/#organization","name":"AREPO","url":"https:\/\/www.arepoquality.eu\/","logo":{"@type":"ImageObject","inLanguage":"fr-FR","@id":"https:\/\/www.arepoquality.eu\/#\/schema\/logo\/image\/","url":"https:\/\/www.arepoquality.eu\/wp-content\/uploads\/2024\/05\/arepo.jpg","contentUrl":"https:\/\/www.arepoquality.eu\/wp-content\/uploads\/2024\/05\/arepo.jpg","width":1113,"height":705,"caption":"AREPO"},"image":{"@id":"https:\/\/www.arepoquality.eu\/#\/schema\/logo\/image\/"},"sameAs":["https:\/\/www.facebook.com\/arepoquality\/","https:\/\/x.com\/arepoquality_eu","https:\/\/www.linkedin.com\/company\/arepoquality\/?viewAsMember=true"]},{"@type":"Person","@id":"https:\/\/www.arepoquality.eu\/#\/schema\/person\/45550165fffb5c0705e14a58767af5a2","name":"Giulia Scaglioni","url":"https:\/\/www.arepoquality.eu\/fr\/author\/giulia-scaglioni\/"}]}},"_links":{"self":[{"href":"https:\/\/www.arepoquality.eu\/fr\/wp-json\/wp\/v2\/posts\/767","targetHints":{"allow":["GET"]}}],"collection":[{"href":"https:\/\/www.arepoquality.eu\/fr\/wp-json\/wp\/v2\/posts"}],"about":[{"href":"https:\/\/www.arepoquality.eu\/fr\/wp-json\/wp\/v2\/types\/post"}],"author":[{"embeddable":true,"href":"https:\/\/www.arepoquality.eu\/fr\/wp-json\/wp\/v2\/users\/2"}],"replies":[{"embeddable":true,"href":"https:\/\/www.arepoquality.eu\/fr\/wp-json\/wp\/v2\/comments?post=767"}],"version-history":[{"count":1,"href":"https:\/\/www.arepoquality.eu\/fr\/wp-json\/wp\/v2\/posts\/767\/revisions"}],"predecessor-version":[{"id":4511,"href":"https:\/\/www.arepoquality.eu\/fr\/wp-json\/wp\/v2\/posts\/767\/revisions\/4511"}],"wp:attachment":[{"href":"https:\/\/www.arepoquality.eu\/fr\/wp-json\/wp\/v2\/media?parent=767"}],"wp:term":[{"taxonomy":"category","embeddable":true,"href":"https:\/\/www.arepoquality.eu\/fr\/wp-json\/wp\/v2\/categories?post=767"},{"taxonomy":"post_tag","embeddable":true,"href":"https:\/\/www.arepoquality.eu\/fr\/wp-json\/wp\/v2\/tags?post=767"}],"curies":[{"name":"wp","href":"https:\/\/api.w.org\/{rel}","templated":true}]}}