{"id":771,"date":"2014-07-21T16:43:55","date_gmt":"2014-07-21T14:43:55","guid":{"rendered":"http:\/\/252373706c.url-de-test.ws\/arepo\/2014\/07\/21\/groupes-de-dialogue-civil-aupres-de-la-dg-agri-larepo-presente-dans-3-groupes\/"},"modified":"2021-08-12T17:30:25","modified_gmt":"2021-08-12T15:30:25","slug":"groupes-de-dialogue-civil-aupres-de-la-dg-agri-larepo-presente-dans-3-groupes","status":"publish","type":"post","link":"https:\/\/www.arepoquality.eu\/fr\/2014\/07\/21\/groupes-de-dialogue-civil-aupres-de-la-dg-agri-larepo-presente-dans-3-groupes\/","title":{"rendered":"Groupes de dialogue civil aupr\u00e8s de la DG AGRI : l&rsquo;AREPO pr\u00e9sente dans 3 groupes"},"content":{"rendered":"<p>La DG AGRI a rendu publique la constitution des nouveaux \u00ab&nbsp;groupes de dialogues civils&nbsp;\u00bb qui, pendant les 7 ann\u00e9es \u00e0 venir, formuleront avis et recommandations destin\u00e9s \u00e0 alimenter ses travaux.<\/p>\n<div>Ces groupes remplaceront les actuels groupes consultatifs. Les membres constituant les groupes ont \u00e9t\u00e9 s\u00e9lectionn\u00e9s sur appel \u00e0 candidatures, en fonction de leur repr\u00e9sentativit\u00e9 europ\u00e9enne.<\/div>\n<div>Gr\u00e2ce au travail intense de son pr\u00e9sident, de son secr\u00e9tariat g\u00e9n\u00e9ral et de sa charg\u00e9e de mission \u00e0 Bruxelles, l&rsquo;AREPO sera repr\u00e9sent\u00e9e dans 3 groupes : avec deux si\u00e8ges dans le groupe \u00ab&nbsp;qualit\u00e9 et promotion&nbsp;\u00bb, avec deux si\u00e8ges dans le groupe \u00ab&nbsp;agriculture biologique \u00bb&nbsp;; avec un si\u00e8ge dans le groupe \u00ab&nbsp;d\u00e9veloppement rural&nbsp;\u00bb.<\/div>\n<div>&nbsp;<\/div>\n<div><a href=\"http:\/\/ec.europa.eu\/agriculture\/civil-dialogue-groups\/call-for-applications_en.htm\">http:\/\/ec.europa.eu\/agriculture\/civil-dialogue-groups\/call-for-applications_en.htm<\/a><\/div>\n","protected":false},"excerpt":{"rendered":"<p>La DG AGRI a rendu publique la constitution des nouveaux \u00ab&nbsp;groupes de dialogues civils&nbsp;\u00bb qui, pendant les 7 ann\u00e9es \u00e0 venir, formuleront avis et recommandations destin\u00e9s \u00e0 alimenter ses travaux. Ces groupes remplaceront les actuels groupes consultatifs. Les membres constituant les groupes ont \u00e9t\u00e9 s\u00e9lectionn\u00e9s sur appel \u00e0 candidatures, en fonction de leur repr\u00e9sentativit\u00e9 europ\u00e9enne. [&hellip;]<\/p>\n","protected":false},"author":2,"featured_media":0,"comment_status":"closed","ping_status":"closed","sticky":false,"template":"","format":"standard","meta":{"_acf_changed":false,"footnotes":""},"categories":[233,246],"tags":[],"class_list":["post-771","post","type-post","status-publish","format-standard","hentry","category-arepo-participations-fr","category-ue-fr"],"acf":[],"yoast_head":"<!-- This site is optimized with the Yoast SEO plugin v27.4 - https:\/\/yoast.com\/product\/yoast-seo-wordpress\/ -->\n<title>Groupes de dialogue civil aupr\u00e8s de la DG AGRI : l&#039;AREPO pr\u00e9sente dans 3 groupes - AREPO<\/title>\n<meta name=\"robots\" content=\"index, follow, max-snippet:-1, max-image-preview:large, max-video-preview:-1\" \/>\n<link rel=\"canonical\" href=\"https:\/\/www.arepoquality.eu\/fr\/2014\/07\/21\/groupes-de-dialogue-civil-aupres-de-la-dg-agri-larepo-presente-dans-3-groupes\/\" \/>\n<meta property=\"og:locale\" content=\"fr_FR\" \/>\n<meta property=\"og:type\" content=\"article\" \/>\n<meta property=\"og:title\" content=\"Groupes de dialogue civil aupr\u00e8s de la DG AGRI : l&#039;AREPO pr\u00e9sente dans 3 groupes - AREPO\" \/>\n<meta property=\"og:description\" content=\"La DG AGRI a rendu publique la constitution des nouveaux \u00ab&nbsp;groupes de dialogues civils&nbsp;\u00bb qui, pendant les 7 ann\u00e9es \u00e0 venir, formuleront avis et recommandations destin\u00e9s \u00e0 alimenter ses travaux. Ces groupes remplaceront les actuels groupes consultatifs. Les membres constituant les groupes ont \u00e9t\u00e9 s\u00e9lectionn\u00e9s sur appel \u00e0 candidatures, en fonction de leur repr\u00e9sentativit\u00e9 europ\u00e9enne. [&hellip;]\" \/>\n<meta property=\"og:url\" content=\"https:\/\/www.arepoquality.eu\/fr\/2014\/07\/21\/groupes-de-dialogue-civil-aupres-de-la-dg-agri-larepo-presente-dans-3-groupes\/\" \/>\n<meta property=\"og:site_name\" content=\"AREPO\" \/>\n<meta property=\"article:publisher\" content=\"https:\/\/www.facebook.com\/arepoquality\/\" \/>\n<meta property=\"article:published_time\" content=\"2014-07-21T14:43:55+00:00\" \/>\n<meta property=\"article:modified_time\" content=\"2021-08-12T15:30:25+00:00\" \/>\n<meta name=\"author\" content=\"Giulia Scaglioni\" \/>\n<meta name=\"twitter:card\" content=\"summary_large_image\" \/>\n<meta name=\"twitter:creator\" content=\"@arepoquality_eu\" \/>\n<meta name=\"twitter:site\" content=\"@arepoquality_eu\" \/>\n<meta name=\"twitter:label1\" content=\"\u00c9crit par\" \/>\n\t<meta name=\"twitter:data1\" content=\"Giulia Scaglioni\" \/>\n\t<meta name=\"twitter:label2\" content=\"Dur\u00e9e de lecture estim\u00e9e\" \/>\n\t<meta name=\"twitter:data2\" content=\"1 minute\" \/>\n<script type=\"application\/ld+json\" class=\"yoast-schema-graph\">{\"@context\":\"https:\\\/\\\/schema.org\",\"@graph\":[{\"@type\":\"Article\",\"@id\":\"https:\\\/\\\/www.arepoquality.eu\\\/fr\\\/2014\\\/07\\\/21\\\/groupes-de-dialogue-civil-aupres-de-la-dg-agri-larepo-presente-dans-3-groupes\\\/#article\",\"isPartOf\":{\"@id\":\"https:\\\/\\\/www.arepoquality.eu\\\/fr\\\/2014\\\/07\\\/21\\\/groupes-de-dialogue-civil-aupres-de-la-dg-agri-larepo-presente-dans-3-groupes\\\/\"},\"author\":{\"name\":\"Giulia Scaglioni\",\"@id\":\"https:\\\/\\\/www.arepoquality.eu\\\/#\\\/schema\\\/person\\\/45550165fffb5c0705e14a58767af5a2\"},\"headline\":\"Groupes de dialogue civil aupr\u00e8s de la DG AGRI : l&rsquo;AREPO pr\u00e9sente dans 3 groupes\",\"datePublished\":\"2014-07-21T14:43:55+00:00\",\"dateModified\":\"2021-08-12T15:30:25+00:00\",\"mainEntityOfPage\":{\"@id\":\"https:\\\/\\\/www.arepoquality.eu\\\/fr\\\/2014\\\/07\\\/21\\\/groupes-de-dialogue-civil-aupres-de-la-dg-agri-larepo-presente-dans-3-groupes\\\/\"},\"wordCount\":150,\"publisher\":{\"@id\":\"https:\\\/\\\/www.arepoquality.eu\\\/#organization\"},\"articleSection\":[\"Participation AREPO\",\"UE\"],\"inLanguage\":\"fr-FR\"},{\"@type\":\"WebPage\",\"@id\":\"https:\\\/\\\/www.arepoquality.eu\\\/fr\\\/2014\\\/07\\\/21\\\/groupes-de-dialogue-civil-aupres-de-la-dg-agri-larepo-presente-dans-3-groupes\\\/\",\"url\":\"https:\\\/\\\/www.arepoquality.eu\\\/fr\\\/2014\\\/07\\\/21\\\/groupes-de-dialogue-civil-aupres-de-la-dg-agri-larepo-presente-dans-3-groupes\\\/\",\"name\":\"Groupes de dialogue civil aupr\u00e8s de la DG AGRI : l'AREPO pr\u00e9sente dans 3 groupes - AREPO\",\"isPartOf\":{\"@id\":\"https:\\\/\\\/www.arepoquality.eu\\\/#website\"},\"datePublished\":\"2014-07-21T14:43:55+00:00\",\"dateModified\":\"2021-08-12T15:30:25+00:00\",\"breadcrumb\":{\"@id\":\"https:\\\/\\\/www.arepoquality.eu\\\/fr\\\/2014\\\/07\\\/21\\\/groupes-de-dialogue-civil-aupres-de-la-dg-agri-larepo-presente-dans-3-groupes\\\/#breadcrumb\"},\"inLanguage\":\"fr-FR\",\"potentialAction\":[{\"@type\":\"ReadAction\",\"target\":[\"https:\\\/\\\/www.arepoquality.eu\\\/fr\\\/2014\\\/07\\\/21\\\/groupes-de-dialogue-civil-aupres-de-la-dg-agri-larepo-presente-dans-3-groupes\\\/\"]}]},{\"@type\":\"BreadcrumbList\",\"@id\":\"https:\\\/\\\/www.arepoquality.eu\\\/fr\\\/2014\\\/07\\\/21\\\/groupes-de-dialogue-civil-aupres-de-la-dg-agri-larepo-presente-dans-3-groupes\\\/#breadcrumb\",\"itemListElement\":[{\"@type\":\"ListItem\",\"position\":1,\"name\":\"Home\",\"item\":\"https:\\\/\\\/www.arepoquality.eu\\\/\"},{\"@type\":\"ListItem\",\"position\":2,\"name\":\"Groupes de dialogue civil aupr\u00e8s de la DG AGRI : l&rsquo;AREPO pr\u00e9sente dans 3 groupes\"}]},{\"@type\":\"WebSite\",\"@id\":\"https:\\\/\\\/www.arepoquality.eu\\\/#website\",\"url\":\"https:\\\/\\\/www.arepoquality.eu\\\/\",\"name\":\"AREPO\",\"description\":\"\",\"publisher\":{\"@id\":\"https:\\\/\\\/www.arepoquality.eu\\\/#organization\"},\"potentialAction\":[{\"@type\":\"SearchAction\",\"target\":{\"@type\":\"EntryPoint\",\"urlTemplate\":\"https:\\\/\\\/www.arepoquality.eu\\\/?s={search_term_string}\"},\"query-input\":{\"@type\":\"PropertyValueSpecification\",\"valueRequired\":true,\"valueName\":\"search_term_string\"}}],\"inLanguage\":\"fr-FR\"},{\"@type\":\"Organization\",\"@id\":\"https:\\\/\\\/www.arepoquality.eu\\\/#organization\",\"name\":\"AREPO\",\"url\":\"https:\\\/\\\/www.arepoquality.eu\\\/\",\"logo\":{\"@type\":\"ImageObject\",\"inLanguage\":\"fr-FR\",\"@id\":\"https:\\\/\\\/www.arepoquality.eu\\\/#\\\/schema\\\/logo\\\/image\\\/\",\"url\":\"https:\\\/\\\/www.arepoquality.eu\\\/wp-content\\\/uploads\\\/2024\\\/05\\\/arepo.jpg\",\"contentUrl\":\"https:\\\/\\\/www.arepoquality.eu\\\/wp-content\\\/uploads\\\/2024\\\/05\\\/arepo.jpg\",\"width\":1113,\"height\":705,\"caption\":\"AREPO\"},\"image\":{\"@id\":\"https:\\\/\\\/www.arepoquality.eu\\\/#\\\/schema\\\/logo\\\/image\\\/\"},\"sameAs\":[\"https:\\\/\\\/www.facebook.com\\\/arepoquality\\\/\",\"https:\\\/\\\/x.com\\\/arepoquality_eu\",\"https:\\\/\\\/www.linkedin.com\\\/company\\\/arepoquality\\\/?viewAsMember=true\"]},{\"@type\":\"Person\",\"@id\":\"https:\\\/\\\/www.arepoquality.eu\\\/#\\\/schema\\\/person\\\/45550165fffb5c0705e14a58767af5a2\",\"name\":\"Giulia Scaglioni\",\"url\":\"https:\\\/\\\/www.arepoquality.eu\\\/fr\\\/author\\\/giulia-scaglioni\\\/\"}]}<\/script>\n<!-- \/ Yoast SEO plugin. -->","yoast_head_json":{"title":"Groupes de dialogue civil aupr\u00e8s de la DG AGRI : l'AREPO pr\u00e9sente dans 3 groupes - AREPO","robots":{"index":"index","follow":"follow","max-snippet":"max-snippet:-1","max-image-preview":"max-image-preview:large","max-video-preview":"max-video-preview:-1"},"canonical":"https:\/\/www.arepoquality.eu\/fr\/2014\/07\/21\/groupes-de-dialogue-civil-aupres-de-la-dg-agri-larepo-presente-dans-3-groupes\/","og_locale":"fr_FR","og_type":"article","og_title":"Groupes de dialogue civil aupr\u00e8s de la DG AGRI : l'AREPO pr\u00e9sente dans 3 groupes - AREPO","og_description":"La DG AGRI a rendu publique la constitution des nouveaux \u00ab&nbsp;groupes de dialogues civils&nbsp;\u00bb qui, pendant les 7 ann\u00e9es \u00e0 venir, formuleront avis et recommandations destin\u00e9s \u00e0 alimenter ses travaux. Ces groupes remplaceront les actuels groupes consultatifs. Les membres constituant les groupes ont \u00e9t\u00e9 s\u00e9lectionn\u00e9s sur appel \u00e0 candidatures, en fonction de leur repr\u00e9sentativit\u00e9 europ\u00e9enne. [&hellip;]","og_url":"https:\/\/www.arepoquality.eu\/fr\/2014\/07\/21\/groupes-de-dialogue-civil-aupres-de-la-dg-agri-larepo-presente-dans-3-groupes\/","og_site_name":"AREPO","article_publisher":"https:\/\/www.facebook.com\/arepoquality\/","article_published_time":"2014-07-21T14:43:55+00:00","article_modified_time":"2021-08-12T15:30:25+00:00","author":"Giulia Scaglioni","twitter_card":"summary_large_image","twitter_creator":"@arepoquality_eu","twitter_site":"@arepoquality_eu","twitter_misc":{"\u00c9crit par":"Giulia Scaglioni","Dur\u00e9e de lecture estim\u00e9e":"1 minute"},"schema":{"@context":"https:\/\/schema.org","@graph":[{"@type":"Article","@id":"https:\/\/www.arepoquality.eu\/fr\/2014\/07\/21\/groupes-de-dialogue-civil-aupres-de-la-dg-agri-larepo-presente-dans-3-groupes\/#article","isPartOf":{"@id":"https:\/\/www.arepoquality.eu\/fr\/2014\/07\/21\/groupes-de-dialogue-civil-aupres-de-la-dg-agri-larepo-presente-dans-3-groupes\/"},"author":{"name":"Giulia Scaglioni","@id":"https:\/\/www.arepoquality.eu\/#\/schema\/person\/45550165fffb5c0705e14a58767af5a2"},"headline":"Groupes de dialogue civil aupr\u00e8s de la DG AGRI : l&rsquo;AREPO pr\u00e9sente dans 3 groupes","datePublished":"2014-07-21T14:43:55+00:00","dateModified":"2021-08-12T15:30:25+00:00","mainEntityOfPage":{"@id":"https:\/\/www.arepoquality.eu\/fr\/2014\/07\/21\/groupes-de-dialogue-civil-aupres-de-la-dg-agri-larepo-presente-dans-3-groupes\/"},"wordCount":150,"publisher":{"@id":"https:\/\/www.arepoquality.eu\/#organization"},"articleSection":["Participation AREPO","UE"],"inLanguage":"fr-FR"},{"@type":"WebPage","@id":"https:\/\/www.arepoquality.eu\/fr\/2014\/07\/21\/groupes-de-dialogue-civil-aupres-de-la-dg-agri-larepo-presente-dans-3-groupes\/","url":"https:\/\/www.arepoquality.eu\/fr\/2014\/07\/21\/groupes-de-dialogue-civil-aupres-de-la-dg-agri-larepo-presente-dans-3-groupes\/","name":"Groupes de dialogue civil aupr\u00e8s de la DG AGRI : l'AREPO pr\u00e9sente dans 3 groupes - AREPO","isPartOf":{"@id":"https:\/\/www.arepoquality.eu\/#website"},"datePublished":"2014-07-21T14:43:55+00:00","dateModified":"2021-08-12T15:30:25+00:00","breadcrumb":{"@id":"https:\/\/www.arepoquality.eu\/fr\/2014\/07\/21\/groupes-de-dialogue-civil-aupres-de-la-dg-agri-larepo-presente-dans-3-groupes\/#breadcrumb"},"inLanguage":"fr-FR","potentialAction":[{"@type":"ReadAction","target":["https:\/\/www.arepoquality.eu\/fr\/2014\/07\/21\/groupes-de-dialogue-civil-aupres-de-la-dg-agri-larepo-presente-dans-3-groupes\/"]}]},{"@type":"BreadcrumbList","@id":"https:\/\/www.arepoquality.eu\/fr\/2014\/07\/21\/groupes-de-dialogue-civil-aupres-de-la-dg-agri-larepo-presente-dans-3-groupes\/#breadcrumb","itemListElement":[{"@type":"ListItem","position":1,"name":"Home","item":"https:\/\/www.arepoquality.eu\/"},{"@type":"ListItem","position":2,"name":"Groupes de dialogue civil aupr\u00e8s de la DG AGRI : l&rsquo;AREPO pr\u00e9sente dans 3 groupes"}]},{"@type":"WebSite","@id":"https:\/\/www.arepoquality.eu\/#website","url":"https:\/\/www.arepoquality.eu\/","name":"AREPO","description":"","publisher":{"@id":"https:\/\/www.arepoquality.eu\/#organization"},"potentialAction":[{"@type":"SearchAction","target":{"@type":"EntryPoint","urlTemplate":"https:\/\/www.arepoquality.eu\/?s={search_term_string}"},"query-input":{"@type":"PropertyValueSpecification","valueRequired":true,"valueName":"search_term_string"}}],"inLanguage":"fr-FR"},{"@type":"Organization","@id":"https:\/\/www.arepoquality.eu\/#organization","name":"AREPO","url":"https:\/\/www.arepoquality.eu\/","logo":{"@type":"ImageObject","inLanguage":"fr-FR","@id":"https:\/\/www.arepoquality.eu\/#\/schema\/logo\/image\/","url":"https:\/\/www.arepoquality.eu\/wp-content\/uploads\/2024\/05\/arepo.jpg","contentUrl":"https:\/\/www.arepoquality.eu\/wp-content\/uploads\/2024\/05\/arepo.jpg","width":1113,"height":705,"caption":"AREPO"},"image":{"@id":"https:\/\/www.arepoquality.eu\/#\/schema\/logo\/image\/"},"sameAs":["https:\/\/www.facebook.com\/arepoquality\/","https:\/\/x.com\/arepoquality_eu","https:\/\/www.linkedin.com\/company\/arepoquality\/?viewAsMember=true"]},{"@type":"Person","@id":"https:\/\/www.arepoquality.eu\/#\/schema\/person\/45550165fffb5c0705e14a58767af5a2","name":"Giulia Scaglioni","url":"https:\/\/www.arepoquality.eu\/fr\/author\/giulia-scaglioni\/"}]}},"_links":{"self":[{"href":"https:\/\/www.arepoquality.eu\/fr\/wp-json\/wp\/v2\/posts\/771","targetHints":{"allow":["GET"]}}],"collection":[{"href":"https:\/\/www.arepoquality.eu\/fr\/wp-json\/wp\/v2\/posts"}],"about":[{"href":"https:\/\/www.arepoquality.eu\/fr\/wp-json\/wp\/v2\/types\/post"}],"author":[{"embeddable":true,"href":"https:\/\/www.arepoquality.eu\/fr\/wp-json\/wp\/v2\/users\/2"}],"replies":[{"embeddable":true,"href":"https:\/\/www.arepoquality.eu\/fr\/wp-json\/wp\/v2\/comments?post=771"}],"version-history":[{"count":1,"href":"https:\/\/www.arepoquality.eu\/fr\/wp-json\/wp\/v2\/posts\/771\/revisions"}],"predecessor-version":[{"id":4507,"href":"https:\/\/www.arepoquality.eu\/fr\/wp-json\/wp\/v2\/posts\/771\/revisions\/4507"}],"wp:attachment":[{"href":"https:\/\/www.arepoquality.eu\/fr\/wp-json\/wp\/v2\/media?parent=771"}],"wp:term":[{"taxonomy":"category","embeddable":true,"href":"https:\/\/www.arepoquality.eu\/fr\/wp-json\/wp\/v2\/categories?post=771"},{"taxonomy":"post_tag","embeddable":true,"href":"https:\/\/www.arepoquality.eu\/fr\/wp-json\/wp\/v2\/tags?post=771"}],"curies":[{"name":"wp","href":"https:\/\/api.w.org\/{rel}","templated":true}]}}