{"id":774,"date":"2014-10-27T16:55:07","date_gmt":"2014-10-27T15:55:07","guid":{"rendered":"http:\/\/252373706c.url-de-test.ws\/arepo\/2014\/10\/27\/assemblee-generale-de-larepo-emilia-romagna-passe-le-temoin-a-midi-pyrenees\/"},"modified":"2014-10-27T16:55:07","modified_gmt":"2014-10-27T15:55:07","slug":"assemblee-generale-de-larepo-emilia-romagna-passe-le-temoin-a-midi-pyrenees","status":"publish","type":"post","link":"https:\/\/www.arepoquality.eu\/fr\/2014\/10\/27\/assemblee-generale-de-larepo-emilia-romagna-passe-le-temoin-a-midi-pyrenees\/","title":{"rendered":"Assembl\u00e9e G\u00e9n\u00e9rale de l&rsquo;AREPO: Emilia-Romagna passe le t\u00e9moin \u00e0 Midi-Pyr\u00e9n\u00e9es"},"content":{"rendered":"<p>Au cours de l&#39;AG, qui a eu lieu &agrave; Bilbao le 21 octobre, les membres de l&#39;AREPO ont &eacute;lu le nouveau pr&eacute;sident de l&#39;Association des R&eacute;gions d&#39;Europe pour les produits de qualit&eacute;. Apr&egrave;s quatre ans, la r&eacute;gion &Eacute;milie-Romagne a ainsi pass&eacute; le relais &agrave; la r&eacute;gion fran&ccedil;aise de Midi-Pyr&eacute;n&eacute;es. Le nouveau Pr&eacute;sident de l&rsquo;AREPO est Vincent Labarthe, vice-pr&eacute;sident du Conseil r&eacute;gional de Midi-Pyr&eacute;n&eacute;es en charge de l&#39;Agriculture. La r&eacute;gion Midi-Pyr&eacute;n&eacute;es est membre de l&#39;AREPO depuis 2004 et depuis 2010, les repr&eacute;sentants des producteurs pr&eacute;sident le coll&egrave;ge de l&#39;AREPO.<\/p>\n<p>Le programme de travail de la nouvelle pr&eacute;sidence a &eacute;t&eacute; pr&eacute;sent&eacute; par Marc Carballido, vice-pr&eacute;sident en charge des politiques pyr&eacute;n&eacute;ennes, transpyr&eacute;n&eacute;ennes et de la ruralit&eacute;. La r&eacute;gion Midi-Pyr&eacute;n&eacute;es est d&eacute;termin&eacute;e &agrave; poursuivre les objectifs et les actions de la pr&eacute;sidence sortante. Il s&rsquo;agit de l&#39;application de la nouvelle politique de qualit&eacute; de l&#39;UE &agrave; travers la mise en &oelig;uvre de la r&eacute;glementation sur le d&eacute;veloppement rural, la promotion des produits agricoles et des syst&egrave;mes de qualit&eacute; europ&eacute;ens. <em>&laquo;&nbsp;Parmi les autres d&eacute;fis attendus pour les prochains mois, il y a la protection des AOP et IGP dans les accords de libre-&eacute;change avec les &Eacute;tats-Unis, la contribution &agrave; l&#39;aboutissement du nouveau r&egrave;glement sur l&#39;agriculture biologique, et il y aura l&#39;examen &agrave; mi-parcours de la PAC d&egrave;s 2017. Enfin, nous porterons une attention particuli&egrave;re &agrave; la politique d&#39;innovation de l&#39;UE pour soutenir le d&eacute;veloppement de la comp&eacute;titivit&eacute; des entreprises agricoles, y compris les produits d&#39;origine et de qualit&eacute;&nbsp;&raquo;<\/em> a ainsi affirm&eacute; Marc Carballido.<\/p>\n<p>La r&eacute;gion d&#39;Emilie-Romagne passe le relais apr&egrave;s une pr&eacute;sidence particuli&egrave;rement intense. Les 4 ann&eacute;es de pr&eacute;sidence auront &eacute;t&eacute; celles de la r&eacute;forme de l&#39;ensemble du syst&egrave;me de la PAC, de l&#39;approbation du paquet qualit&eacute; en d&eacute;cembre 2012 et du cadre financier pluriannuel 2014-2020. Dans son rapport final, le Pr&eacute;sident Rabboni a rappel&eacute; certaines des r&eacute;alisations de l&rsquo;AREPO ces derni&egrave;res ann&eacute;es&nbsp;: l&rsquo;obligation pour les &Eacute;tats membres de l&#39;UE de combattre ex-officio la contrefa&ccedil;on de produits AOP et IGP, la capacit&eacute; des consortiums de fromage et de jambon AOP et IGP a s&rsquo;impliquer dans la gestion des volumes de production, la possibilit&eacute; pour les consortiums de financer des programmes de promotion des AOP et des IGP dans le cadre du D&eacute;veloppement rural et dans le cadre des nouveaux programmes europ&eacute;ens de promotion. &nbsp;L&rsquo;AREPO s&rsquo;est aussi beaucoup impliqu&eacute;e, avec Euromontana, &agrave; la mise en place de la mention facultative de qualit&eacute; &laquo;produit de montagne&raquo;.<\/p>\n<p>Les autres points &agrave; l&rsquo;ordre du jour de la r&eacute;union pl&eacute;ni&egrave;re &eacute;taient les mesures de la qualit&eacute; de la PAC (article 16 du DR), les actes d&eacute;l&eacute;gu&eacute;s du r&egrave;glement sur les syst&egrave;mes de qualit&eacute;, la politique de promotion de l&#39;Union europ&eacute;enne, l&#39;agriculture biologique, la participation &agrave; des projets europ&eacute;ens et les indications g&eacute;ographiques non agricoles.<\/p>\n<p>L&#39;AG a eu lieu en collaboration avec la Convention europ&eacute;enne de la Montagne organis&eacute;e par le Gouvernement Basque et par Euromontana.<\/p>\n<p>&#8211; Voir plus: <a href=\"http:\/\/www.arepoquality.eu\/fr\/news\/1118\/27-oct#sthash.t3FJVlT0.dpuf\">http:\/\/www.arepoquality.eu\/fr\/news\/1118\/27-oct#sthash.t3FJVlT0.dpuf<\/a><\/p>\n<p>&nbsp;<\/p>\n","protected":false},"excerpt":{"rendered":"<p>Au cours de l&#39;AG, qui a eu lieu &agrave; Bilbao le 21 octobre, les membres de l&#39;AREPO ont &eacute;lu le nouveau pr&eacute;sident de l&#39;Association des R&eacute;gions d&#39;Europe pour les produits de qualit&eacute;. Apr&egrave;s quatre ans, la r&eacute;gion &Eacute;milie-Romagne a ainsi pass&eacute; le relais &agrave; la r&eacute;gion fran&ccedil;aise de Midi-Pyr&eacute;n&eacute;es. Le nouveau Pr&eacute;sident de l&rsquo;AREPO est [&hellip;]<\/p>\n","protected":false},"author":2,"featured_media":0,"comment_status":"closed","ping_status":"closed","sticky":false,"template":"","format":"standard","meta":{"_acf_changed":false,"footnotes":""},"categories":[106],"tags":[],"class_list":["post-774","post","type-post","status-publish","format-standard","hentry","category-reunions-arepo-fr"],"acf":[],"yoast_head":"<!-- This site is optimized with the Yoast SEO plugin v27.4 - https:\/\/yoast.com\/product\/yoast-seo-wordpress\/ -->\n<title>Assembl\u00e9e G\u00e9n\u00e9rale de l&#039;AREPO: Emilia-Romagna passe le t\u00e9moin \u00e0 Midi-Pyr\u00e9n\u00e9es - AREPO<\/title>\n<meta name=\"robots\" content=\"index, follow, max-snippet:-1, max-image-preview:large, max-video-preview:-1\" \/>\n<link rel=\"canonical\" href=\"https:\/\/www.arepoquality.eu\/fr\/2014\/10\/27\/assemblee-generale-de-larepo-emilia-romagna-passe-le-temoin-a-midi-pyrenees\/\" \/>\n<meta property=\"og:locale\" content=\"fr_FR\" \/>\n<meta property=\"og:type\" content=\"article\" \/>\n<meta property=\"og:title\" content=\"Assembl\u00e9e G\u00e9n\u00e9rale de l&#039;AREPO: Emilia-Romagna passe le t\u00e9moin \u00e0 Midi-Pyr\u00e9n\u00e9es - AREPO\" \/>\n<meta property=\"og:description\" content=\"Au cours de l&#039;AG, qui a eu lieu &agrave; Bilbao le 21 octobre, les membres de l&#039;AREPO ont &eacute;lu le nouveau pr&eacute;sident de l&#039;Association des R&eacute;gions d&#039;Europe pour les produits de qualit&eacute;. Apr&egrave;s quatre ans, la r&eacute;gion &Eacute;milie-Romagne a ainsi pass&eacute; le relais &agrave; la r&eacute;gion fran&ccedil;aise de Midi-Pyr&eacute;n&eacute;es. Le nouveau Pr&eacute;sident de l&rsquo;AREPO est [&hellip;]\" \/>\n<meta property=\"og:url\" content=\"https:\/\/www.arepoquality.eu\/fr\/2014\/10\/27\/assemblee-generale-de-larepo-emilia-romagna-passe-le-temoin-a-midi-pyrenees\/\" \/>\n<meta property=\"og:site_name\" content=\"AREPO\" \/>\n<meta property=\"article:publisher\" content=\"https:\/\/www.facebook.com\/arepoquality\/\" \/>\n<meta property=\"article:published_time\" content=\"2014-10-27T15:55:07+00:00\" \/>\n<meta name=\"author\" content=\"Giulia Scaglioni\" \/>\n<meta name=\"twitter:card\" content=\"summary_large_image\" \/>\n<meta name=\"twitter:creator\" content=\"@arepoquality_eu\" \/>\n<meta name=\"twitter:site\" content=\"@arepoquality_eu\" \/>\n<meta name=\"twitter:label1\" content=\"\u00c9crit par\" \/>\n\t<meta name=\"twitter:data1\" content=\"Giulia Scaglioni\" \/>\n\t<meta name=\"twitter:label2\" content=\"Dur\u00e9e de lecture estim\u00e9e\" \/>\n\t<meta name=\"twitter:data2\" content=\"4 minutes\" \/>\n<script type=\"application\/ld+json\" class=\"yoast-schema-graph\">{\"@context\":\"https:\\\/\\\/schema.org\",\"@graph\":[{\"@type\":\"Article\",\"@id\":\"https:\\\/\\\/www.arepoquality.eu\\\/fr\\\/2014\\\/10\\\/27\\\/assemblee-generale-de-larepo-emilia-romagna-passe-le-temoin-a-midi-pyrenees\\\/#article\",\"isPartOf\":{\"@id\":\"https:\\\/\\\/www.arepoquality.eu\\\/fr\\\/2014\\\/10\\\/27\\\/assemblee-generale-de-larepo-emilia-romagna-passe-le-temoin-a-midi-pyrenees\\\/\"},\"author\":{\"name\":\"Giulia Scaglioni\",\"@id\":\"https:\\\/\\\/www.arepoquality.eu\\\/#\\\/schema\\\/person\\\/45550165fffb5c0705e14a58767af5a2\"},\"headline\":\"Assembl\u00e9e G\u00e9n\u00e9rale de l&rsquo;AREPO: Emilia-Romagna passe le t\u00e9moin \u00e0 Midi-Pyr\u00e9n\u00e9es\",\"datePublished\":\"2014-10-27T15:55:07+00:00\",\"mainEntityOfPage\":{\"@id\":\"https:\\\/\\\/www.arepoquality.eu\\\/fr\\\/2014\\\/10\\\/27\\\/assemblee-generale-de-larepo-emilia-romagna-passe-le-temoin-a-midi-pyrenees\\\/\"},\"wordCount\":716,\"publisher\":{\"@id\":\"https:\\\/\\\/www.arepoquality.eu\\\/#organization\"},\"articleSection\":[\"R\u00e9union AREPO\"],\"inLanguage\":\"fr-FR\"},{\"@type\":\"WebPage\",\"@id\":\"https:\\\/\\\/www.arepoquality.eu\\\/fr\\\/2014\\\/10\\\/27\\\/assemblee-generale-de-larepo-emilia-romagna-passe-le-temoin-a-midi-pyrenees\\\/\",\"url\":\"https:\\\/\\\/www.arepoquality.eu\\\/fr\\\/2014\\\/10\\\/27\\\/assemblee-generale-de-larepo-emilia-romagna-passe-le-temoin-a-midi-pyrenees\\\/\",\"name\":\"Assembl\u00e9e G\u00e9n\u00e9rale de l'AREPO: Emilia-Romagna passe le t\u00e9moin \u00e0 Midi-Pyr\u00e9n\u00e9es - AREPO\",\"isPartOf\":{\"@id\":\"https:\\\/\\\/www.arepoquality.eu\\\/#website\"},\"datePublished\":\"2014-10-27T15:55:07+00:00\",\"breadcrumb\":{\"@id\":\"https:\\\/\\\/www.arepoquality.eu\\\/fr\\\/2014\\\/10\\\/27\\\/assemblee-generale-de-larepo-emilia-romagna-passe-le-temoin-a-midi-pyrenees\\\/#breadcrumb\"},\"inLanguage\":\"fr-FR\",\"potentialAction\":[{\"@type\":\"ReadAction\",\"target\":[\"https:\\\/\\\/www.arepoquality.eu\\\/fr\\\/2014\\\/10\\\/27\\\/assemblee-generale-de-larepo-emilia-romagna-passe-le-temoin-a-midi-pyrenees\\\/\"]}]},{\"@type\":\"BreadcrumbList\",\"@id\":\"https:\\\/\\\/www.arepoquality.eu\\\/fr\\\/2014\\\/10\\\/27\\\/assemblee-generale-de-larepo-emilia-romagna-passe-le-temoin-a-midi-pyrenees\\\/#breadcrumb\",\"itemListElement\":[{\"@type\":\"ListItem\",\"position\":1,\"name\":\"Home\",\"item\":\"https:\\\/\\\/www.arepoquality.eu\\\/\"},{\"@type\":\"ListItem\",\"position\":2,\"name\":\"Assembl\u00e9e G\u00e9n\u00e9rale de l&rsquo;AREPO: Emilia-Romagna passe le t\u00e9moin \u00e0 Midi-Pyr\u00e9n\u00e9es\"}]},{\"@type\":\"WebSite\",\"@id\":\"https:\\\/\\\/www.arepoquality.eu\\\/#website\",\"url\":\"https:\\\/\\\/www.arepoquality.eu\\\/\",\"name\":\"AREPO\",\"description\":\"\",\"publisher\":{\"@id\":\"https:\\\/\\\/www.arepoquality.eu\\\/#organization\"},\"potentialAction\":[{\"@type\":\"SearchAction\",\"target\":{\"@type\":\"EntryPoint\",\"urlTemplate\":\"https:\\\/\\\/www.arepoquality.eu\\\/?s={search_term_string}\"},\"query-input\":{\"@type\":\"PropertyValueSpecification\",\"valueRequired\":true,\"valueName\":\"search_term_string\"}}],\"inLanguage\":\"fr-FR\"},{\"@type\":\"Organization\",\"@id\":\"https:\\\/\\\/www.arepoquality.eu\\\/#organization\",\"name\":\"AREPO\",\"url\":\"https:\\\/\\\/www.arepoquality.eu\\\/\",\"logo\":{\"@type\":\"ImageObject\",\"inLanguage\":\"fr-FR\",\"@id\":\"https:\\\/\\\/www.arepoquality.eu\\\/#\\\/schema\\\/logo\\\/image\\\/\",\"url\":\"https:\\\/\\\/www.arepoquality.eu\\\/wp-content\\\/uploads\\\/2024\\\/05\\\/arepo.jpg\",\"contentUrl\":\"https:\\\/\\\/www.arepoquality.eu\\\/wp-content\\\/uploads\\\/2024\\\/05\\\/arepo.jpg\",\"width\":1113,\"height\":705,\"caption\":\"AREPO\"},\"image\":{\"@id\":\"https:\\\/\\\/www.arepoquality.eu\\\/#\\\/schema\\\/logo\\\/image\\\/\"},\"sameAs\":[\"https:\\\/\\\/www.facebook.com\\\/arepoquality\\\/\",\"https:\\\/\\\/x.com\\\/arepoquality_eu\",\"https:\\\/\\\/www.linkedin.com\\\/company\\\/arepoquality\\\/?viewAsMember=true\"]},{\"@type\":\"Person\",\"@id\":\"https:\\\/\\\/www.arepoquality.eu\\\/#\\\/schema\\\/person\\\/45550165fffb5c0705e14a58767af5a2\",\"name\":\"Giulia Scaglioni\",\"url\":\"https:\\\/\\\/www.arepoquality.eu\\\/fr\\\/author\\\/giulia-scaglioni\\\/\"}]}<\/script>\n<!-- \/ Yoast SEO plugin. -->","yoast_head_json":{"title":"Assembl\u00e9e G\u00e9n\u00e9rale de l'AREPO: Emilia-Romagna passe le t\u00e9moin \u00e0 Midi-Pyr\u00e9n\u00e9es - AREPO","robots":{"index":"index","follow":"follow","max-snippet":"max-snippet:-1","max-image-preview":"max-image-preview:large","max-video-preview":"max-video-preview:-1"},"canonical":"https:\/\/www.arepoquality.eu\/fr\/2014\/10\/27\/assemblee-generale-de-larepo-emilia-romagna-passe-le-temoin-a-midi-pyrenees\/","og_locale":"fr_FR","og_type":"article","og_title":"Assembl\u00e9e G\u00e9n\u00e9rale de l'AREPO: Emilia-Romagna passe le t\u00e9moin \u00e0 Midi-Pyr\u00e9n\u00e9es - AREPO","og_description":"Au cours de l&#39;AG, qui a eu lieu &agrave; Bilbao le 21 octobre, les membres de l&#39;AREPO ont &eacute;lu le nouveau pr&eacute;sident de l&#39;Association des R&eacute;gions d&#39;Europe pour les produits de qualit&eacute;. Apr&egrave;s quatre ans, la r&eacute;gion &Eacute;milie-Romagne a ainsi pass&eacute; le relais &agrave; la r&eacute;gion fran&ccedil;aise de Midi-Pyr&eacute;n&eacute;es. Le nouveau Pr&eacute;sident de l&rsquo;AREPO est [&hellip;]","og_url":"https:\/\/www.arepoquality.eu\/fr\/2014\/10\/27\/assemblee-generale-de-larepo-emilia-romagna-passe-le-temoin-a-midi-pyrenees\/","og_site_name":"AREPO","article_publisher":"https:\/\/www.facebook.com\/arepoquality\/","article_published_time":"2014-10-27T15:55:07+00:00","author":"Giulia Scaglioni","twitter_card":"summary_large_image","twitter_creator":"@arepoquality_eu","twitter_site":"@arepoquality_eu","twitter_misc":{"\u00c9crit par":"Giulia Scaglioni","Dur\u00e9e de lecture estim\u00e9e":"4 minutes"},"schema":{"@context":"https:\/\/schema.org","@graph":[{"@type":"Article","@id":"https:\/\/www.arepoquality.eu\/fr\/2014\/10\/27\/assemblee-generale-de-larepo-emilia-romagna-passe-le-temoin-a-midi-pyrenees\/#article","isPartOf":{"@id":"https:\/\/www.arepoquality.eu\/fr\/2014\/10\/27\/assemblee-generale-de-larepo-emilia-romagna-passe-le-temoin-a-midi-pyrenees\/"},"author":{"name":"Giulia Scaglioni","@id":"https:\/\/www.arepoquality.eu\/#\/schema\/person\/45550165fffb5c0705e14a58767af5a2"},"headline":"Assembl\u00e9e G\u00e9n\u00e9rale de l&rsquo;AREPO: Emilia-Romagna passe le t\u00e9moin \u00e0 Midi-Pyr\u00e9n\u00e9es","datePublished":"2014-10-27T15:55:07+00:00","mainEntityOfPage":{"@id":"https:\/\/www.arepoquality.eu\/fr\/2014\/10\/27\/assemblee-generale-de-larepo-emilia-romagna-passe-le-temoin-a-midi-pyrenees\/"},"wordCount":716,"publisher":{"@id":"https:\/\/www.arepoquality.eu\/#organization"},"articleSection":["R\u00e9union AREPO"],"inLanguage":"fr-FR"},{"@type":"WebPage","@id":"https:\/\/www.arepoquality.eu\/fr\/2014\/10\/27\/assemblee-generale-de-larepo-emilia-romagna-passe-le-temoin-a-midi-pyrenees\/","url":"https:\/\/www.arepoquality.eu\/fr\/2014\/10\/27\/assemblee-generale-de-larepo-emilia-romagna-passe-le-temoin-a-midi-pyrenees\/","name":"Assembl\u00e9e G\u00e9n\u00e9rale de l'AREPO: Emilia-Romagna passe le t\u00e9moin \u00e0 Midi-Pyr\u00e9n\u00e9es - AREPO","isPartOf":{"@id":"https:\/\/www.arepoquality.eu\/#website"},"datePublished":"2014-10-27T15:55:07+00:00","breadcrumb":{"@id":"https:\/\/www.arepoquality.eu\/fr\/2014\/10\/27\/assemblee-generale-de-larepo-emilia-romagna-passe-le-temoin-a-midi-pyrenees\/#breadcrumb"},"inLanguage":"fr-FR","potentialAction":[{"@type":"ReadAction","target":["https:\/\/www.arepoquality.eu\/fr\/2014\/10\/27\/assemblee-generale-de-larepo-emilia-romagna-passe-le-temoin-a-midi-pyrenees\/"]}]},{"@type":"BreadcrumbList","@id":"https:\/\/www.arepoquality.eu\/fr\/2014\/10\/27\/assemblee-generale-de-larepo-emilia-romagna-passe-le-temoin-a-midi-pyrenees\/#breadcrumb","itemListElement":[{"@type":"ListItem","position":1,"name":"Home","item":"https:\/\/www.arepoquality.eu\/"},{"@type":"ListItem","position":2,"name":"Assembl\u00e9e G\u00e9n\u00e9rale de l&rsquo;AREPO: Emilia-Romagna passe le t\u00e9moin \u00e0 Midi-Pyr\u00e9n\u00e9es"}]},{"@type":"WebSite","@id":"https:\/\/www.arepoquality.eu\/#website","url":"https:\/\/www.arepoquality.eu\/","name":"AREPO","description":"","publisher":{"@id":"https:\/\/www.arepoquality.eu\/#organization"},"potentialAction":[{"@type":"SearchAction","target":{"@type":"EntryPoint","urlTemplate":"https:\/\/www.arepoquality.eu\/?s={search_term_string}"},"query-input":{"@type":"PropertyValueSpecification","valueRequired":true,"valueName":"search_term_string"}}],"inLanguage":"fr-FR"},{"@type":"Organization","@id":"https:\/\/www.arepoquality.eu\/#organization","name":"AREPO","url":"https:\/\/www.arepoquality.eu\/","logo":{"@type":"ImageObject","inLanguage":"fr-FR","@id":"https:\/\/www.arepoquality.eu\/#\/schema\/logo\/image\/","url":"https:\/\/www.arepoquality.eu\/wp-content\/uploads\/2024\/05\/arepo.jpg","contentUrl":"https:\/\/www.arepoquality.eu\/wp-content\/uploads\/2024\/05\/arepo.jpg","width":1113,"height":705,"caption":"AREPO"},"image":{"@id":"https:\/\/www.arepoquality.eu\/#\/schema\/logo\/image\/"},"sameAs":["https:\/\/www.facebook.com\/arepoquality\/","https:\/\/x.com\/arepoquality_eu","https:\/\/www.linkedin.com\/company\/arepoquality\/?viewAsMember=true"]},{"@type":"Person","@id":"https:\/\/www.arepoquality.eu\/#\/schema\/person\/45550165fffb5c0705e14a58767af5a2","name":"Giulia Scaglioni","url":"https:\/\/www.arepoquality.eu\/fr\/author\/giulia-scaglioni\/"}]}},"_links":{"self":[{"href":"https:\/\/www.arepoquality.eu\/fr\/wp-json\/wp\/v2\/posts\/774","targetHints":{"allow":["GET"]}}],"collection":[{"href":"https:\/\/www.arepoquality.eu\/fr\/wp-json\/wp\/v2\/posts"}],"about":[{"href":"https:\/\/www.arepoquality.eu\/fr\/wp-json\/wp\/v2\/types\/post"}],"author":[{"embeddable":true,"href":"https:\/\/www.arepoquality.eu\/fr\/wp-json\/wp\/v2\/users\/2"}],"replies":[{"embeddable":true,"href":"https:\/\/www.arepoquality.eu\/fr\/wp-json\/wp\/v2\/comments?post=774"}],"version-history":[{"count":0,"href":"https:\/\/www.arepoquality.eu\/fr\/wp-json\/wp\/v2\/posts\/774\/revisions"}],"wp:attachment":[{"href":"https:\/\/www.arepoquality.eu\/fr\/wp-json\/wp\/v2\/media?parent=774"}],"wp:term":[{"taxonomy":"category","embeddable":true,"href":"https:\/\/www.arepoquality.eu\/fr\/wp-json\/wp\/v2\/categories?post=774"},{"taxonomy":"post_tag","embeddable":true,"href":"https:\/\/www.arepoquality.eu\/fr\/wp-json\/wp\/v2\/tags?post=774"}],"curies":[{"name":"wp","href":"https:\/\/api.w.org\/{rel}","templated":true}]}}