{"id":780,"date":"2014-12-15T11:19:50","date_gmt":"2014-12-15T10:19:50","guid":{"rendered":"http:\/\/252373706c.url-de-test.ws\/arepo\/2014\/12\/15\/larepo-a-participe-aux-premiers-groupes-de-dialogue-civil-de-la-dg-agri\/"},"modified":"2021-08-12T17:27:26","modified_gmt":"2021-08-12T15:27:26","slug":"larepo-a-participe-aux-premiers-groupes-de-dialogue-civil-de-la-dg-agri","status":"publish","type":"post","link":"https:\/\/www.arepoquality.eu\/fr\/2014\/12\/15\/larepo-a-participe-aux-premiers-groupes-de-dialogue-civil-de-la-dg-agri\/","title":{"rendered":"L&rsquo;AREPO a particip\u00e9 aux premiers Groupes de Dialogue Civil de la DG AGRI"},"content":{"rendered":"<p>Au cours du dernier mois, l\u2019AREPO a assist\u00e9 aux premi\u00e8res r\u00e9unions des groupes de dialogue civil (GDC) sur la qualit\u00e9 et la promotion, le d\u00e9veloppement rural et l&rsquo;agriculture biologique qui ont eu lieu \u00e0 Bruxelles. Les GDC assistent la Commission et aident \u00e0 maintenir un dialogue r\u00e9gulier avec les parties prenantes sur toutes les questions relatives \u00e0 la politique agricole commune, y compris le d\u00e9veloppement rural et sa mise en \u0153uvre.<\/p>\n<p>En D\u00e9cembre 2013, la Commission a mis en place ce nouveau cadre r\u00e9glementaire pour le dialogue social, dans le but d&rsquo;accro\u00eetre la transparence et d&rsquo;assurer un meilleur \u00e9quilibre des int\u00e9r\u00eats repr\u00e9sent\u00e9s et de s\u2019aligner avec la nouvelle PAC et avec la nouvelle structure de la DG AGRI.<\/p>\n<p>Afin de s\u2019assurer que les Indications G\u00e9ographiques et les produits de qualit\u00e9 sont pr\u00e9sents dans l\u2019ordre du jour des GDC, les experts de l\u2019AREPO ont assist\u00e9 aux r\u00e9unions pr\u00e9sentant l&rsquo;exp\u00e9rience pr\u00e9cieuse de nos membres. AREPO estime qu&rsquo;il est important de prot\u00e9ger et de soutenir les produits europ\u00e9ens de qualit\u00e9 pour leur contribution positive au d\u00e9veloppement rural, en particulier dans les zones d\u00e9favoris\u00e9es. Pour cette raison, le soutien et la promotion de produits de qualit\u00e9 devraient \u00eatre renforc\u00e9s dans les programmes de d\u00e9veloppement rural (PDR) en cours de n\u00e9gociation, incluant des mesures directes avec un niveau appropri\u00e9 de ressources et d\u00e9finissant des priorit\u00e9s horizontales pour ces produits dans le PSR.<\/p>\n<p>Le 21 Novembre, la premi\u00e8re GDC sur la <strong>qualit\u00e9 et la promotion<\/strong> a donn\u00e9 l&rsquo;occasion de discuter de l\u2019actuelle politique de l&rsquo;UE pour les produits de qualit\u00e9. La priorit\u00e9 du Commissaire Hogan dans sa premi\u00e8re ann\u00e9e de mandat sera la <strong>simplification<\/strong> de cette politique. En repartant des \u00e9valuations pass\u00e9es et de l\u2019analyse d&rsquo;impact, la CE pr\u00e9voit de relancer le processus de consultation avec les parties prenantes et les \u00c9tats membres pour discuter de la port\u00e9e de l&rsquo;examen, afin de fournir une approche europ\u00e9enne plus simple et unifi\u00e9. Un autre point important sur l&rsquo;ordre du jour \u00e9tait la mise \u00e0 jour sur la r\u00e9forme de la <strong>politique de promotion<\/strong> et la mise en \u0153uvre de la nouvelle mesure de promotion dans le RDP. En outre, la Commission a inform\u00e9 les parties prenantes sur les progr\u00e8s du dossier sur les Indications G\u00e9ographiques pour les produits non agricoles au niveau europ\u00e9en et sur la protection des IG sur Internet (cliquez <a href=\"file:\/\/\/C:\/Users\/Arepo\/Documents\/Giulia\/Meetings%20notes\/CDG\/agenda%20and%20the%20EC%20presentations\">ici<\/a> pour l&rsquo;agenda et les pr\u00e9sentations de la CE).<\/p>\n<p>Le GDC sur le <strong>d\u00e9veloppement rural<\/strong> (28 Novembre 2014) a \u00e9t\u00e9 l&rsquo;occasion de discuter avec la Commission sur l\u2019\u00e9tat d\u2019avancement des accords de partenariat et de la programmation du d\u00e9veloppement rural et sur la structure et l&rsquo;organisation du R\u00e9seau Europ\u00e9en pour le D\u00e9veloppement Rural (REDR) et de l\u2019EIP 2014-2020 (cliquez <a href=\"http:\/\/ec.europa.eu\/agriculture\/civil-dialogue-groups\/rural-development_en.htm\">ici<\/a> pour l&rsquo;agenda et les pr\u00e9sentations de la CE).<\/p>\n<p>Enfin, au GDC sur <strong>l&rsquo;agriculture biologique<\/strong> (2 D\u00e9cembre 2014), les stakeholder ont \u00e9t\u00e9 inform\u00e9s sur le plan d&rsquo;action pour l&rsquo;agriculture biologique et sur les mesures du PDR \u00e0 soutien du bio et ils ont discut\u00e9es avec la Commission sur la r\u00e9vision du r\u00e8glement bio actuellement en cours (cliquez <a href=\"http:\/\/ec.europa.eu\/agriculture\/civil-dialogue-groups\/organic-farming_en.htm\">ici<\/a> pour l&rsquo;agenda et les pr\u00e9sentations de la CE).<\/p>\n","protected":false},"excerpt":{"rendered":"<p>Au cours du dernier mois, l\u2019AREPO a assist\u00e9 aux premi\u00e8res r\u00e9unions des groupes de dialogue civil (GDC) sur la qualit\u00e9 et la promotion, le d\u00e9veloppement rural et l&rsquo;agriculture biologique qui ont eu lieu \u00e0 Bruxelles. Les GDC assistent la Commission et aident \u00e0 maintenir un dialogue r\u00e9gulier avec les parties prenantes sur toutes les questions [&hellip;]<\/p>\n","protected":false},"author":2,"featured_media":0,"comment_status":"closed","ping_status":"closed","sticky":false,"template":"","format":"standard","meta":{"_acf_changed":false,"footnotes":""},"categories":[233,39,246],"tags":[],"class_list":["post-780","post","type-post","status-publish","format-standard","hentry","category-arepo-participations-fr","category-politique-de-qualite","category-ue-fr"],"acf":[],"yoast_head":"<!-- This site is optimized with the Yoast SEO plugin v27.4 - https:\/\/yoast.com\/product\/yoast-seo-wordpress\/ -->\n<title>L&#039;AREPO a particip\u00e9 aux premiers Groupes de Dialogue Civil de la DG AGRI - AREPO<\/title>\n<meta name=\"robots\" content=\"index, follow, max-snippet:-1, max-image-preview:large, max-video-preview:-1\" \/>\n<link rel=\"canonical\" href=\"https:\/\/www.arepoquality.eu\/fr\/2014\/12\/15\/larepo-a-participe-aux-premiers-groupes-de-dialogue-civil-de-la-dg-agri\/\" \/>\n<meta property=\"og:locale\" content=\"fr_FR\" \/>\n<meta property=\"og:type\" content=\"article\" \/>\n<meta property=\"og:title\" content=\"L&#039;AREPO a particip\u00e9 aux premiers Groupes de Dialogue Civil de la DG AGRI - AREPO\" \/>\n<meta property=\"og:description\" content=\"Au cours du dernier mois, l\u2019AREPO a assist\u00e9 aux premi\u00e8res r\u00e9unions des groupes de dialogue civil (GDC) sur la qualit\u00e9 et la promotion, le d\u00e9veloppement rural et l&rsquo;agriculture biologique qui ont eu lieu \u00e0 Bruxelles. Les GDC assistent la Commission et aident \u00e0 maintenir un dialogue r\u00e9gulier avec les parties prenantes sur toutes les questions [&hellip;]\" \/>\n<meta property=\"og:url\" content=\"https:\/\/www.arepoquality.eu\/fr\/2014\/12\/15\/larepo-a-participe-aux-premiers-groupes-de-dialogue-civil-de-la-dg-agri\/\" \/>\n<meta property=\"og:site_name\" content=\"AREPO\" \/>\n<meta property=\"article:publisher\" content=\"https:\/\/www.facebook.com\/arepoquality\/\" \/>\n<meta property=\"article:published_time\" content=\"2014-12-15T10:19:50+00:00\" \/>\n<meta property=\"article:modified_time\" content=\"2021-08-12T15:27:26+00:00\" \/>\n<meta name=\"author\" content=\"Giulia Scaglioni\" \/>\n<meta name=\"twitter:card\" content=\"summary_large_image\" \/>\n<meta name=\"twitter:creator\" content=\"@arepoquality_eu\" \/>\n<meta name=\"twitter:site\" content=\"@arepoquality_eu\" \/>\n<meta name=\"twitter:label1\" content=\"\u00c9crit par\" \/>\n\t<meta name=\"twitter:data1\" content=\"Giulia Scaglioni\" \/>\n\t<meta name=\"twitter:label2\" content=\"Dur\u00e9e de lecture estim\u00e9e\" \/>\n\t<meta name=\"twitter:data2\" content=\"3 minutes\" \/>\n<script type=\"application\/ld+json\" class=\"yoast-schema-graph\">{\"@context\":\"https:\\\/\\\/schema.org\",\"@graph\":[{\"@type\":\"Article\",\"@id\":\"https:\\\/\\\/www.arepoquality.eu\\\/fr\\\/2014\\\/12\\\/15\\\/larepo-a-participe-aux-premiers-groupes-de-dialogue-civil-de-la-dg-agri\\\/#article\",\"isPartOf\":{\"@id\":\"https:\\\/\\\/www.arepoquality.eu\\\/fr\\\/2014\\\/12\\\/15\\\/larepo-a-participe-aux-premiers-groupes-de-dialogue-civil-de-la-dg-agri\\\/\"},\"author\":{\"name\":\"Giulia Scaglioni\",\"@id\":\"https:\\\/\\\/www.arepoquality.eu\\\/#\\\/schema\\\/person\\\/45550165fffb5c0705e14a58767af5a2\"},\"headline\":\"L&rsquo;AREPO a particip\u00e9 aux premiers Groupes de Dialogue Civil de la DG AGRI\",\"datePublished\":\"2014-12-15T10:19:50+00:00\",\"dateModified\":\"2021-08-12T15:27:26+00:00\",\"mainEntityOfPage\":{\"@id\":\"https:\\\/\\\/www.arepoquality.eu\\\/fr\\\/2014\\\/12\\\/15\\\/larepo-a-participe-aux-premiers-groupes-de-dialogue-civil-de-la-dg-agri\\\/\"},\"wordCount\":573,\"publisher\":{\"@id\":\"https:\\\/\\\/www.arepoquality.eu\\\/#organization\"},\"articleSection\":[\"Participation AREPO\",\"Politique de qualit\u00e9\",\"UE\"],\"inLanguage\":\"fr-FR\"},{\"@type\":\"WebPage\",\"@id\":\"https:\\\/\\\/www.arepoquality.eu\\\/fr\\\/2014\\\/12\\\/15\\\/larepo-a-participe-aux-premiers-groupes-de-dialogue-civil-de-la-dg-agri\\\/\",\"url\":\"https:\\\/\\\/www.arepoquality.eu\\\/fr\\\/2014\\\/12\\\/15\\\/larepo-a-participe-aux-premiers-groupes-de-dialogue-civil-de-la-dg-agri\\\/\",\"name\":\"L'AREPO a particip\u00e9 aux premiers Groupes de Dialogue Civil de la DG AGRI - AREPO\",\"isPartOf\":{\"@id\":\"https:\\\/\\\/www.arepoquality.eu\\\/#website\"},\"datePublished\":\"2014-12-15T10:19:50+00:00\",\"dateModified\":\"2021-08-12T15:27:26+00:00\",\"breadcrumb\":{\"@id\":\"https:\\\/\\\/www.arepoquality.eu\\\/fr\\\/2014\\\/12\\\/15\\\/larepo-a-participe-aux-premiers-groupes-de-dialogue-civil-de-la-dg-agri\\\/#breadcrumb\"},\"inLanguage\":\"fr-FR\",\"potentialAction\":[{\"@type\":\"ReadAction\",\"target\":[\"https:\\\/\\\/www.arepoquality.eu\\\/fr\\\/2014\\\/12\\\/15\\\/larepo-a-participe-aux-premiers-groupes-de-dialogue-civil-de-la-dg-agri\\\/\"]}]},{\"@type\":\"BreadcrumbList\",\"@id\":\"https:\\\/\\\/www.arepoquality.eu\\\/fr\\\/2014\\\/12\\\/15\\\/larepo-a-participe-aux-premiers-groupes-de-dialogue-civil-de-la-dg-agri\\\/#breadcrumb\",\"itemListElement\":[{\"@type\":\"ListItem\",\"position\":1,\"name\":\"Home\",\"item\":\"https:\\\/\\\/www.arepoquality.eu\\\/\"},{\"@type\":\"ListItem\",\"position\":2,\"name\":\"L&rsquo;AREPO a particip\u00e9 aux premiers Groupes de Dialogue Civil de la DG AGRI\"}]},{\"@type\":\"WebSite\",\"@id\":\"https:\\\/\\\/www.arepoquality.eu\\\/#website\",\"url\":\"https:\\\/\\\/www.arepoquality.eu\\\/\",\"name\":\"AREPO\",\"description\":\"\",\"publisher\":{\"@id\":\"https:\\\/\\\/www.arepoquality.eu\\\/#organization\"},\"potentialAction\":[{\"@type\":\"SearchAction\",\"target\":{\"@type\":\"EntryPoint\",\"urlTemplate\":\"https:\\\/\\\/www.arepoquality.eu\\\/?s={search_term_string}\"},\"query-input\":{\"@type\":\"PropertyValueSpecification\",\"valueRequired\":true,\"valueName\":\"search_term_string\"}}],\"inLanguage\":\"fr-FR\"},{\"@type\":\"Organization\",\"@id\":\"https:\\\/\\\/www.arepoquality.eu\\\/#organization\",\"name\":\"AREPO\",\"url\":\"https:\\\/\\\/www.arepoquality.eu\\\/\",\"logo\":{\"@type\":\"ImageObject\",\"inLanguage\":\"fr-FR\",\"@id\":\"https:\\\/\\\/www.arepoquality.eu\\\/#\\\/schema\\\/logo\\\/image\\\/\",\"url\":\"https:\\\/\\\/www.arepoquality.eu\\\/wp-content\\\/uploads\\\/2024\\\/05\\\/arepo.jpg\",\"contentUrl\":\"https:\\\/\\\/www.arepoquality.eu\\\/wp-content\\\/uploads\\\/2024\\\/05\\\/arepo.jpg\",\"width\":1113,\"height\":705,\"caption\":\"AREPO\"},\"image\":{\"@id\":\"https:\\\/\\\/www.arepoquality.eu\\\/#\\\/schema\\\/logo\\\/image\\\/\"},\"sameAs\":[\"https:\\\/\\\/www.facebook.com\\\/arepoquality\\\/\",\"https:\\\/\\\/x.com\\\/arepoquality_eu\",\"https:\\\/\\\/www.linkedin.com\\\/company\\\/arepoquality\\\/?viewAsMember=true\"]},{\"@type\":\"Person\",\"@id\":\"https:\\\/\\\/www.arepoquality.eu\\\/#\\\/schema\\\/person\\\/45550165fffb5c0705e14a58767af5a2\",\"name\":\"Giulia Scaglioni\",\"url\":\"https:\\\/\\\/www.arepoquality.eu\\\/fr\\\/author\\\/giulia-scaglioni\\\/\"}]}<\/script>\n<!-- \/ Yoast SEO plugin. -->","yoast_head_json":{"title":"L'AREPO a particip\u00e9 aux premiers Groupes de Dialogue Civil de la DG AGRI - AREPO","robots":{"index":"index","follow":"follow","max-snippet":"max-snippet:-1","max-image-preview":"max-image-preview:large","max-video-preview":"max-video-preview:-1"},"canonical":"https:\/\/www.arepoquality.eu\/fr\/2014\/12\/15\/larepo-a-participe-aux-premiers-groupes-de-dialogue-civil-de-la-dg-agri\/","og_locale":"fr_FR","og_type":"article","og_title":"L'AREPO a particip\u00e9 aux premiers Groupes de Dialogue Civil de la DG AGRI - AREPO","og_description":"Au cours du dernier mois, l\u2019AREPO a assist\u00e9 aux premi\u00e8res r\u00e9unions des groupes de dialogue civil (GDC) sur la qualit\u00e9 et la promotion, le d\u00e9veloppement rural et l&rsquo;agriculture biologique qui ont eu lieu \u00e0 Bruxelles. Les GDC assistent la Commission et aident \u00e0 maintenir un dialogue r\u00e9gulier avec les parties prenantes sur toutes les questions [&hellip;]","og_url":"https:\/\/www.arepoquality.eu\/fr\/2014\/12\/15\/larepo-a-participe-aux-premiers-groupes-de-dialogue-civil-de-la-dg-agri\/","og_site_name":"AREPO","article_publisher":"https:\/\/www.facebook.com\/arepoquality\/","article_published_time":"2014-12-15T10:19:50+00:00","article_modified_time":"2021-08-12T15:27:26+00:00","author":"Giulia Scaglioni","twitter_card":"summary_large_image","twitter_creator":"@arepoquality_eu","twitter_site":"@arepoquality_eu","twitter_misc":{"\u00c9crit par":"Giulia Scaglioni","Dur\u00e9e de lecture estim\u00e9e":"3 minutes"},"schema":{"@context":"https:\/\/schema.org","@graph":[{"@type":"Article","@id":"https:\/\/www.arepoquality.eu\/fr\/2014\/12\/15\/larepo-a-participe-aux-premiers-groupes-de-dialogue-civil-de-la-dg-agri\/#article","isPartOf":{"@id":"https:\/\/www.arepoquality.eu\/fr\/2014\/12\/15\/larepo-a-participe-aux-premiers-groupes-de-dialogue-civil-de-la-dg-agri\/"},"author":{"name":"Giulia Scaglioni","@id":"https:\/\/www.arepoquality.eu\/#\/schema\/person\/45550165fffb5c0705e14a58767af5a2"},"headline":"L&rsquo;AREPO a particip\u00e9 aux premiers Groupes de Dialogue Civil de la DG AGRI","datePublished":"2014-12-15T10:19:50+00:00","dateModified":"2021-08-12T15:27:26+00:00","mainEntityOfPage":{"@id":"https:\/\/www.arepoquality.eu\/fr\/2014\/12\/15\/larepo-a-participe-aux-premiers-groupes-de-dialogue-civil-de-la-dg-agri\/"},"wordCount":573,"publisher":{"@id":"https:\/\/www.arepoquality.eu\/#organization"},"articleSection":["Participation AREPO","Politique de qualit\u00e9","UE"],"inLanguage":"fr-FR"},{"@type":"WebPage","@id":"https:\/\/www.arepoquality.eu\/fr\/2014\/12\/15\/larepo-a-participe-aux-premiers-groupes-de-dialogue-civil-de-la-dg-agri\/","url":"https:\/\/www.arepoquality.eu\/fr\/2014\/12\/15\/larepo-a-participe-aux-premiers-groupes-de-dialogue-civil-de-la-dg-agri\/","name":"L'AREPO a particip\u00e9 aux premiers Groupes de Dialogue Civil de la DG AGRI - AREPO","isPartOf":{"@id":"https:\/\/www.arepoquality.eu\/#website"},"datePublished":"2014-12-15T10:19:50+00:00","dateModified":"2021-08-12T15:27:26+00:00","breadcrumb":{"@id":"https:\/\/www.arepoquality.eu\/fr\/2014\/12\/15\/larepo-a-participe-aux-premiers-groupes-de-dialogue-civil-de-la-dg-agri\/#breadcrumb"},"inLanguage":"fr-FR","potentialAction":[{"@type":"ReadAction","target":["https:\/\/www.arepoquality.eu\/fr\/2014\/12\/15\/larepo-a-participe-aux-premiers-groupes-de-dialogue-civil-de-la-dg-agri\/"]}]},{"@type":"BreadcrumbList","@id":"https:\/\/www.arepoquality.eu\/fr\/2014\/12\/15\/larepo-a-participe-aux-premiers-groupes-de-dialogue-civil-de-la-dg-agri\/#breadcrumb","itemListElement":[{"@type":"ListItem","position":1,"name":"Home","item":"https:\/\/www.arepoquality.eu\/"},{"@type":"ListItem","position":2,"name":"L&rsquo;AREPO a particip\u00e9 aux premiers Groupes de Dialogue Civil de la DG AGRI"}]},{"@type":"WebSite","@id":"https:\/\/www.arepoquality.eu\/#website","url":"https:\/\/www.arepoquality.eu\/","name":"AREPO","description":"","publisher":{"@id":"https:\/\/www.arepoquality.eu\/#organization"},"potentialAction":[{"@type":"SearchAction","target":{"@type":"EntryPoint","urlTemplate":"https:\/\/www.arepoquality.eu\/?s={search_term_string}"},"query-input":{"@type":"PropertyValueSpecification","valueRequired":true,"valueName":"search_term_string"}}],"inLanguage":"fr-FR"},{"@type":"Organization","@id":"https:\/\/www.arepoquality.eu\/#organization","name":"AREPO","url":"https:\/\/www.arepoquality.eu\/","logo":{"@type":"ImageObject","inLanguage":"fr-FR","@id":"https:\/\/www.arepoquality.eu\/#\/schema\/logo\/image\/","url":"https:\/\/www.arepoquality.eu\/wp-content\/uploads\/2024\/05\/arepo.jpg","contentUrl":"https:\/\/www.arepoquality.eu\/wp-content\/uploads\/2024\/05\/arepo.jpg","width":1113,"height":705,"caption":"AREPO"},"image":{"@id":"https:\/\/www.arepoquality.eu\/#\/schema\/logo\/image\/"},"sameAs":["https:\/\/www.facebook.com\/arepoquality\/","https:\/\/x.com\/arepoquality_eu","https:\/\/www.linkedin.com\/company\/arepoquality\/?viewAsMember=true"]},{"@type":"Person","@id":"https:\/\/www.arepoquality.eu\/#\/schema\/person\/45550165fffb5c0705e14a58767af5a2","name":"Giulia Scaglioni","url":"https:\/\/www.arepoquality.eu\/fr\/author\/giulia-scaglioni\/"}]}},"_links":{"self":[{"href":"https:\/\/www.arepoquality.eu\/fr\/wp-json\/wp\/v2\/posts\/780","targetHints":{"allow":["GET"]}}],"collection":[{"href":"https:\/\/www.arepoquality.eu\/fr\/wp-json\/wp\/v2\/posts"}],"about":[{"href":"https:\/\/www.arepoquality.eu\/fr\/wp-json\/wp\/v2\/types\/post"}],"author":[{"embeddable":true,"href":"https:\/\/www.arepoquality.eu\/fr\/wp-json\/wp\/v2\/users\/2"}],"replies":[{"embeddable":true,"href":"https:\/\/www.arepoquality.eu\/fr\/wp-json\/wp\/v2\/comments?post=780"}],"version-history":[{"count":1,"href":"https:\/\/www.arepoquality.eu\/fr\/wp-json\/wp\/v2\/posts\/780\/revisions"}],"predecessor-version":[{"id":4501,"href":"https:\/\/www.arepoquality.eu\/fr\/wp-json\/wp\/v2\/posts\/780\/revisions\/4501"}],"wp:attachment":[{"href":"https:\/\/www.arepoquality.eu\/fr\/wp-json\/wp\/v2\/media?parent=780"}],"wp:term":[{"taxonomy":"category","embeddable":true,"href":"https:\/\/www.arepoquality.eu\/fr\/wp-json\/wp\/v2\/categories?post=780"},{"taxonomy":"post_tag","embeddable":true,"href":"https:\/\/www.arepoquality.eu\/fr\/wp-json\/wp\/v2\/tags?post=780"}],"curies":[{"name":"wp","href":"https:\/\/api.w.org\/{rel}","templated":true}]}}