{"id":790,"date":"2019-02-13T17:22:36","date_gmt":"2019-02-13T16:22:36","guid":{"rendered":"http:\/\/252373706c.url-de-test.ws\/arepo\/2019\/02\/13\/brexit-quelles-consequences-sur-les-ig\/"},"modified":"2019-02-13T17:22:36","modified_gmt":"2019-02-13T16:22:36","slug":"brexit-quelles-consequences-sur-les-ig","status":"publish","type":"post","link":"https:\/\/www.arepoquality.eu\/fr\/2019\/02\/13\/brexit-quelles-consequences-sur-les-ig\/","title":{"rendered":"Brexit : quelles cons\u00e9quences sur les IG ?"},"content":{"rendered":"<p>Le 1er f&eacute;vrier, l&#39;AREPO a particip&eacute; au <em>&quot;Stock Taking of Civil Dialogue Groups&quot;<\/em> organis&eacute; par la Commission europ&eacute;enne pour informer toutes les organisations impliqu&eacute;es dans les Groupes de Dialogue Civil de la DG AGRI sur l&#39;&eacute;tat d&#39;avancement de Brexit et les activit&eacute;s de pr&eacute;paration de la Commission en cas de sortie sans accord.<\/p>\n<p>L&#39;une des questions abord&eacute;es a &eacute;t&eacute; celle de l&#39;incidence de Brexit sur les indications g&eacute;ographiques, en consid&eacute;rant &agrave; la fois le Royaume-Uni qui quitte l&#39;Union europ&eacute;enne avec un accord de retrait et la possibilit&eacute; d&#39;un non-accord.<\/p>\n<p>En vertu de l&#39;accord de retrait, <strong>les indications g&eacute;ographiques existantes approuv&eacute;es par l&#39;UE seront juridiquement prot&eacute;g&eacute;es<\/strong> jusqu&#39;&agrave; ce qu&#39;un nouvel accord s&#39;appliquant au stock d&#39;indications g&eacute;ographiques soit conclu dans le cadre de la future relation entre EU e RU. L&#39;accord sur les indications g&eacute;ographiques couvre les appellations d&#39;origine prot&eacute;g&eacute;es, les indications g&eacute;ographiques prot&eacute;g&eacute;es, les sp&eacute;cialit&eacute;s traditionnelles garanties et les mentions traditionnelles du vin.<\/p>\n<p>Le Royaume-Uni garantira, pour le stock existant de ces indications g&eacute;ographiques, au moins <strong>le m&ecirc;me niveau de protection<\/strong> que celui qui s&#39;applique actuellement dans l&#39;UE. Cette protection sera mise en &oelig;uvre au moyen de la l&eacute;gislation nationale britannique n&eacute;cessaire. Tous les droits de propri&eacute;t&eacute; intellectuelle devront &ecirc;tre prot&eacute;g&eacute;s par le Royaume-Uni <strong>en tant que droits de propri&eacute;t&eacute; intellectuelle nationaux<\/strong>. La conversion du droit de l&#39;UE en un droit britannique aux fins de la protection au-del&agrave; de la Manche, <strong>sera automatique et gratuite<\/strong>.<\/p>\n<p>Par cons&eacute;quent, les indications g&eacute;ographiques du Royaume-Uni enregistr&eacute;es dans l&#39;UE (par exemple, Welsh Lamb) continueront &agrave; &ecirc;tre prot&eacute;g&eacute;es dans l&#39;UE.<\/p>\n<p>Bien que la Commission europ&eacute;enne appelle &agrave; une reconnaissance automatique au Royaume-Uni des IG approuv&eacute;es par l&#39;UE apr&egrave;s le Brexit, une incertitude subsiste en cas de retrait sans accord.<\/p>\n<p>Dans un sc&eacute;nario de no-deal, le Royaume-Uni <strong>ne serait plus tenu de reconna&icirc;tre le statut d&#39;indication g&eacute;ographique de l&#39;UE<\/strong>, de sorte que les IGP et AOP de l&#39;UE pr&eacute;c&eacute;demment enregistr&eacute;es cesseraient de b&eacute;n&eacute;ficier de cette protection au Royaume-Uni.<\/p>\n<p>En particulier, lorsque le Royaume-Uni quittera l&#39;UE, il sera libre de d&eacute;cider si et comment prot&eacute;ger les indications g&eacute;ographiques.&nbsp; Comme le sugg&egrave;re le <a href=\"\u201cNo%20Deal%20Guidance\u201d\">&quot;No Deal Guidance&quot;<\/a> publi&eacute; sur le site web du gouvernement britannique, le Royaume-Uni peut choisir <strong>d&#39;&eacute;tablir son propre syst&egrave;me de protection des indications g&eacute;ographiques<\/strong>, refl&eacute;tant le r&eacute;gime actuel de l&#39;UE et respectant les principes de l&#39;OMC &eacute;nonc&eacute;s dans l&#39;Accord ADPIC.&nbsp;<\/p>\n<p>Le nouveau syst&egrave;me britannique, <strong>avec ses propres nouveaux logos d&#39;IG au Royaume-Uni<\/strong>, devrait conserver les m&ecirc;mes d&eacute;finitions et acronymes que le syst&egrave;me actuel d&#39;IG de l&#39;UE : Appellation d&#39;origine prot&eacute;g&eacute;e (AOP) ; Indication g&eacute;ographique prot&eacute;g&eacute;e (IGP) ; Sp&eacute;cialit&eacute;s traditionnelles garanties (STG). Le D&eacute;partement de l&#39;environnement, de l&#39;alimentation et des affaires rurales (Defra) sera charg&eacute; de g&eacute;rer les r&eacute;gimes, de tenir le registre des produits prot&eacute;g&eacute;s et de traiter les nouvelles demandes.<\/p>\n<p>Toutes les indications g&eacute;ographiques britanniques existantes reconnues dans le cadre des syst&egrave;mes de qualit&eacute; de l&#39;Union europ&eacute;enne obtiendront automatiquement le statut d&#39;IG britannique et resteront prot&eacute;g&eacute;es au Royaume-Uni. Par contre, les producteurs d&#39;indications g&eacute;ographiques existantes de l&#39;UE des 27 &Eacute;tats membres <strong>peuvent avoir besoin de s&#39;adresser au syst&egrave;me britannique concern&eacute; pour obtenir le statut d&#39;indication g&eacute;ographique britannique<\/strong>, ainsi que les producteurs d&#39;indications g&eacute;ographiques UE enregistr&eacute;s apr&egrave;s le retrait du Royaume-Uni de l&#39;UE. Face &agrave; une telle perspective, il convient d&#39;envisager de demander l&#39;enregistrement d&#39;indications g&eacute;ographiques de l&#39;UE en tant que <strong>marques britanniques<\/strong>.<\/p>\n","protected":false},"excerpt":{"rendered":"<p>Le 1er f&eacute;vrier, l&#39;AREPO a particip&eacute; au &quot;Stock Taking of Civil Dialogue Groups&quot; organis&eacute; par la Commission europ&eacute;enne pour informer toutes les organisations impliqu&eacute;es dans les Groupes de Dialogue Civil de la DG AGRI sur l&#39;&eacute;tat d&#39;avancement de Brexit et les activit&eacute;s de pr&eacute;paration de la Commission en cas de sortie sans accord. L&#39;une des [&hellip;]<\/p>\n","protected":false},"author":2,"featured_media":0,"comment_status":"closed","ping_status":"closed","sticky":false,"template":"","format":"standard","meta":{"_acf_changed":false,"footnotes":""},"categories":[142],"tags":[],"class_list":["post-790","post","type-post","status-publish","format-standard","hentry","category-brexit"],"acf":[],"yoast_head":"<!-- This site is optimized with the Yoast SEO plugin v27.4 - https:\/\/yoast.com\/product\/yoast-seo-wordpress\/ -->\n<title>Brexit : quelles cons\u00e9quences sur les IG ? - AREPO<\/title>\n<meta name=\"robots\" content=\"index, follow, max-snippet:-1, max-image-preview:large, max-video-preview:-1\" \/>\n<link rel=\"canonical\" href=\"https:\/\/www.arepoquality.eu\/fr\/2019\/02\/13\/brexit-quelles-consequences-sur-les-ig\/\" \/>\n<meta property=\"og:locale\" content=\"fr_FR\" \/>\n<meta property=\"og:type\" content=\"article\" \/>\n<meta property=\"og:title\" content=\"Brexit : quelles cons\u00e9quences sur les IG ? - AREPO\" \/>\n<meta property=\"og:description\" content=\"Le 1er f&eacute;vrier, l&#039;AREPO a particip&eacute; au &quot;Stock Taking of Civil Dialogue Groups&quot; organis&eacute; par la Commission europ&eacute;enne pour informer toutes les organisations impliqu&eacute;es dans les Groupes de Dialogue Civil de la DG AGRI sur l&#039;&eacute;tat d&#039;avancement de Brexit et les activit&eacute;s de pr&eacute;paration de la Commission en cas de sortie sans accord. L&#039;une des [&hellip;]\" \/>\n<meta property=\"og:url\" content=\"https:\/\/www.arepoquality.eu\/fr\/2019\/02\/13\/brexit-quelles-consequences-sur-les-ig\/\" \/>\n<meta property=\"og:site_name\" content=\"AREPO\" \/>\n<meta property=\"article:publisher\" content=\"https:\/\/www.facebook.com\/arepoquality\/\" \/>\n<meta property=\"article:published_time\" content=\"2019-02-13T16:22:36+00:00\" \/>\n<meta name=\"author\" content=\"Giulia Scaglioni\" \/>\n<meta name=\"twitter:card\" content=\"summary_large_image\" \/>\n<meta name=\"twitter:creator\" content=\"@arepoquality_eu\" \/>\n<meta name=\"twitter:site\" content=\"@arepoquality_eu\" \/>\n<meta name=\"twitter:label1\" content=\"\u00c9crit par\" \/>\n\t<meta name=\"twitter:data1\" content=\"Giulia Scaglioni\" \/>\n\t<meta name=\"twitter:label2\" content=\"Dur\u00e9e de lecture estim\u00e9e\" \/>\n\t<meta name=\"twitter:data2\" content=\"4 minutes\" \/>\n<script type=\"application\/ld+json\" class=\"yoast-schema-graph\">{\"@context\":\"https:\\\/\\\/schema.org\",\"@graph\":[{\"@type\":\"Article\",\"@id\":\"https:\\\/\\\/www.arepoquality.eu\\\/fr\\\/2019\\\/02\\\/13\\\/brexit-quelles-consequences-sur-les-ig\\\/#article\",\"isPartOf\":{\"@id\":\"https:\\\/\\\/www.arepoquality.eu\\\/fr\\\/2019\\\/02\\\/13\\\/brexit-quelles-consequences-sur-les-ig\\\/\"},\"author\":{\"name\":\"Giulia Scaglioni\",\"@id\":\"https:\\\/\\\/www.arepoquality.eu\\\/#\\\/schema\\\/person\\\/45550165fffb5c0705e14a58767af5a2\"},\"headline\":\"Brexit : quelles cons\u00e9quences sur les IG ?\",\"datePublished\":\"2019-02-13T16:22:36+00:00\",\"mainEntityOfPage\":{\"@id\":\"https:\\\/\\\/www.arepoquality.eu\\\/fr\\\/2019\\\/02\\\/13\\\/brexit-quelles-consequences-sur-les-ig\\\/\"},\"wordCount\":788,\"publisher\":{\"@id\":\"https:\\\/\\\/www.arepoquality.eu\\\/#organization\"},\"articleSection\":[\"Brexit\"],\"inLanguage\":\"fr-FR\"},{\"@type\":\"WebPage\",\"@id\":\"https:\\\/\\\/www.arepoquality.eu\\\/fr\\\/2019\\\/02\\\/13\\\/brexit-quelles-consequences-sur-les-ig\\\/\",\"url\":\"https:\\\/\\\/www.arepoquality.eu\\\/fr\\\/2019\\\/02\\\/13\\\/brexit-quelles-consequences-sur-les-ig\\\/\",\"name\":\"Brexit : quelles cons\u00e9quences sur les IG ? - AREPO\",\"isPartOf\":{\"@id\":\"https:\\\/\\\/www.arepoquality.eu\\\/#website\"},\"datePublished\":\"2019-02-13T16:22:36+00:00\",\"breadcrumb\":{\"@id\":\"https:\\\/\\\/www.arepoquality.eu\\\/fr\\\/2019\\\/02\\\/13\\\/brexit-quelles-consequences-sur-les-ig\\\/#breadcrumb\"},\"inLanguage\":\"fr-FR\",\"potentialAction\":[{\"@type\":\"ReadAction\",\"target\":[\"https:\\\/\\\/www.arepoquality.eu\\\/fr\\\/2019\\\/02\\\/13\\\/brexit-quelles-consequences-sur-les-ig\\\/\"]}]},{\"@type\":\"BreadcrumbList\",\"@id\":\"https:\\\/\\\/www.arepoquality.eu\\\/fr\\\/2019\\\/02\\\/13\\\/brexit-quelles-consequences-sur-les-ig\\\/#breadcrumb\",\"itemListElement\":[{\"@type\":\"ListItem\",\"position\":1,\"name\":\"Home\",\"item\":\"https:\\\/\\\/www.arepoquality.eu\\\/\"},{\"@type\":\"ListItem\",\"position\":2,\"name\":\"Brexit : quelles cons\u00e9quences sur les IG ?\"}]},{\"@type\":\"WebSite\",\"@id\":\"https:\\\/\\\/www.arepoquality.eu\\\/#website\",\"url\":\"https:\\\/\\\/www.arepoquality.eu\\\/\",\"name\":\"AREPO\",\"description\":\"\",\"publisher\":{\"@id\":\"https:\\\/\\\/www.arepoquality.eu\\\/#organization\"},\"potentialAction\":[{\"@type\":\"SearchAction\",\"target\":{\"@type\":\"EntryPoint\",\"urlTemplate\":\"https:\\\/\\\/www.arepoquality.eu\\\/?s={search_term_string}\"},\"query-input\":{\"@type\":\"PropertyValueSpecification\",\"valueRequired\":true,\"valueName\":\"search_term_string\"}}],\"inLanguage\":\"fr-FR\"},{\"@type\":\"Organization\",\"@id\":\"https:\\\/\\\/www.arepoquality.eu\\\/#organization\",\"name\":\"AREPO\",\"url\":\"https:\\\/\\\/www.arepoquality.eu\\\/\",\"logo\":{\"@type\":\"ImageObject\",\"inLanguage\":\"fr-FR\",\"@id\":\"https:\\\/\\\/www.arepoquality.eu\\\/#\\\/schema\\\/logo\\\/image\\\/\",\"url\":\"https:\\\/\\\/www.arepoquality.eu\\\/wp-content\\\/uploads\\\/2024\\\/05\\\/arepo.jpg\",\"contentUrl\":\"https:\\\/\\\/www.arepoquality.eu\\\/wp-content\\\/uploads\\\/2024\\\/05\\\/arepo.jpg\",\"width\":1113,\"height\":705,\"caption\":\"AREPO\"},\"image\":{\"@id\":\"https:\\\/\\\/www.arepoquality.eu\\\/#\\\/schema\\\/logo\\\/image\\\/\"},\"sameAs\":[\"https:\\\/\\\/www.facebook.com\\\/arepoquality\\\/\",\"https:\\\/\\\/x.com\\\/arepoquality_eu\",\"https:\\\/\\\/www.linkedin.com\\\/company\\\/arepoquality\\\/?viewAsMember=true\"]},{\"@type\":\"Person\",\"@id\":\"https:\\\/\\\/www.arepoquality.eu\\\/#\\\/schema\\\/person\\\/45550165fffb5c0705e14a58767af5a2\",\"name\":\"Giulia Scaglioni\",\"url\":\"https:\\\/\\\/www.arepoquality.eu\\\/fr\\\/author\\\/giulia-scaglioni\\\/\"}]}<\/script>\n<!-- \/ Yoast SEO plugin. -->","yoast_head_json":{"title":"Brexit : quelles cons\u00e9quences sur les IG ? - AREPO","robots":{"index":"index","follow":"follow","max-snippet":"max-snippet:-1","max-image-preview":"max-image-preview:large","max-video-preview":"max-video-preview:-1"},"canonical":"https:\/\/www.arepoquality.eu\/fr\/2019\/02\/13\/brexit-quelles-consequences-sur-les-ig\/","og_locale":"fr_FR","og_type":"article","og_title":"Brexit : quelles cons\u00e9quences sur les IG ? - AREPO","og_description":"Le 1er f&eacute;vrier, l&#39;AREPO a particip&eacute; au &quot;Stock Taking of Civil Dialogue Groups&quot; organis&eacute; par la Commission europ&eacute;enne pour informer toutes les organisations impliqu&eacute;es dans les Groupes de Dialogue Civil de la DG AGRI sur l&#39;&eacute;tat d&#39;avancement de Brexit et les activit&eacute;s de pr&eacute;paration de la Commission en cas de sortie sans accord. L&#39;une des [&hellip;]","og_url":"https:\/\/www.arepoquality.eu\/fr\/2019\/02\/13\/brexit-quelles-consequences-sur-les-ig\/","og_site_name":"AREPO","article_publisher":"https:\/\/www.facebook.com\/arepoquality\/","article_published_time":"2019-02-13T16:22:36+00:00","author":"Giulia Scaglioni","twitter_card":"summary_large_image","twitter_creator":"@arepoquality_eu","twitter_site":"@arepoquality_eu","twitter_misc":{"\u00c9crit par":"Giulia Scaglioni","Dur\u00e9e de lecture estim\u00e9e":"4 minutes"},"schema":{"@context":"https:\/\/schema.org","@graph":[{"@type":"Article","@id":"https:\/\/www.arepoquality.eu\/fr\/2019\/02\/13\/brexit-quelles-consequences-sur-les-ig\/#article","isPartOf":{"@id":"https:\/\/www.arepoquality.eu\/fr\/2019\/02\/13\/brexit-quelles-consequences-sur-les-ig\/"},"author":{"name":"Giulia Scaglioni","@id":"https:\/\/www.arepoquality.eu\/#\/schema\/person\/45550165fffb5c0705e14a58767af5a2"},"headline":"Brexit : quelles cons\u00e9quences sur les IG ?","datePublished":"2019-02-13T16:22:36+00:00","mainEntityOfPage":{"@id":"https:\/\/www.arepoquality.eu\/fr\/2019\/02\/13\/brexit-quelles-consequences-sur-les-ig\/"},"wordCount":788,"publisher":{"@id":"https:\/\/www.arepoquality.eu\/#organization"},"articleSection":["Brexit"],"inLanguage":"fr-FR"},{"@type":"WebPage","@id":"https:\/\/www.arepoquality.eu\/fr\/2019\/02\/13\/brexit-quelles-consequences-sur-les-ig\/","url":"https:\/\/www.arepoquality.eu\/fr\/2019\/02\/13\/brexit-quelles-consequences-sur-les-ig\/","name":"Brexit : quelles cons\u00e9quences sur les IG ? - AREPO","isPartOf":{"@id":"https:\/\/www.arepoquality.eu\/#website"},"datePublished":"2019-02-13T16:22:36+00:00","breadcrumb":{"@id":"https:\/\/www.arepoquality.eu\/fr\/2019\/02\/13\/brexit-quelles-consequences-sur-les-ig\/#breadcrumb"},"inLanguage":"fr-FR","potentialAction":[{"@type":"ReadAction","target":["https:\/\/www.arepoquality.eu\/fr\/2019\/02\/13\/brexit-quelles-consequences-sur-les-ig\/"]}]},{"@type":"BreadcrumbList","@id":"https:\/\/www.arepoquality.eu\/fr\/2019\/02\/13\/brexit-quelles-consequences-sur-les-ig\/#breadcrumb","itemListElement":[{"@type":"ListItem","position":1,"name":"Home","item":"https:\/\/www.arepoquality.eu\/"},{"@type":"ListItem","position":2,"name":"Brexit : quelles cons\u00e9quences sur les IG ?"}]},{"@type":"WebSite","@id":"https:\/\/www.arepoquality.eu\/#website","url":"https:\/\/www.arepoquality.eu\/","name":"AREPO","description":"","publisher":{"@id":"https:\/\/www.arepoquality.eu\/#organization"},"potentialAction":[{"@type":"SearchAction","target":{"@type":"EntryPoint","urlTemplate":"https:\/\/www.arepoquality.eu\/?s={search_term_string}"},"query-input":{"@type":"PropertyValueSpecification","valueRequired":true,"valueName":"search_term_string"}}],"inLanguage":"fr-FR"},{"@type":"Organization","@id":"https:\/\/www.arepoquality.eu\/#organization","name":"AREPO","url":"https:\/\/www.arepoquality.eu\/","logo":{"@type":"ImageObject","inLanguage":"fr-FR","@id":"https:\/\/www.arepoquality.eu\/#\/schema\/logo\/image\/","url":"https:\/\/www.arepoquality.eu\/wp-content\/uploads\/2024\/05\/arepo.jpg","contentUrl":"https:\/\/www.arepoquality.eu\/wp-content\/uploads\/2024\/05\/arepo.jpg","width":1113,"height":705,"caption":"AREPO"},"image":{"@id":"https:\/\/www.arepoquality.eu\/#\/schema\/logo\/image\/"},"sameAs":["https:\/\/www.facebook.com\/arepoquality\/","https:\/\/x.com\/arepoquality_eu","https:\/\/www.linkedin.com\/company\/arepoquality\/?viewAsMember=true"]},{"@type":"Person","@id":"https:\/\/www.arepoquality.eu\/#\/schema\/person\/45550165fffb5c0705e14a58767af5a2","name":"Giulia Scaglioni","url":"https:\/\/www.arepoquality.eu\/fr\/author\/giulia-scaglioni\/"}]}},"_links":{"self":[{"href":"https:\/\/www.arepoquality.eu\/fr\/wp-json\/wp\/v2\/posts\/790","targetHints":{"allow":["GET"]}}],"collection":[{"href":"https:\/\/www.arepoquality.eu\/fr\/wp-json\/wp\/v2\/posts"}],"about":[{"href":"https:\/\/www.arepoquality.eu\/fr\/wp-json\/wp\/v2\/types\/post"}],"author":[{"embeddable":true,"href":"https:\/\/www.arepoquality.eu\/fr\/wp-json\/wp\/v2\/users\/2"}],"replies":[{"embeddable":true,"href":"https:\/\/www.arepoquality.eu\/fr\/wp-json\/wp\/v2\/comments?post=790"}],"version-history":[{"count":0,"href":"https:\/\/www.arepoquality.eu\/fr\/wp-json\/wp\/v2\/posts\/790\/revisions"}],"wp:attachment":[{"href":"https:\/\/www.arepoquality.eu\/fr\/wp-json\/wp\/v2\/media?parent=790"}],"wp:term":[{"taxonomy":"category","embeddable":true,"href":"https:\/\/www.arepoquality.eu\/fr\/wp-json\/wp\/v2\/categories?post=790"},{"taxonomy":"post_tag","embeddable":true,"href":"https:\/\/www.arepoquality.eu\/fr\/wp-json\/wp\/v2\/tags?post=790"}],"curies":[{"name":"wp","href":"https:\/\/api.w.org\/{rel}","templated":true}]}}