{"id":800,"date":"2020-01-31T12:03:46","date_gmt":"2020-01-31T11:03:46","guid":{"rendered":"http:\/\/252373706c.url-de-test.ws\/arepo\/2020\/01\/31\/brexit-day-que-prevoit-laccord-de-retrait-en-ce-qui-concerne-les-indications-geographiques\/"},"modified":"2021-06-29T11:53:58","modified_gmt":"2021-06-29T09:53:58","slug":"brexit-day-que-prevoit-laccord-de-retrait-en-ce-qui-concerne-les-indications-geographiques","status":"publish","type":"post","link":"https:\/\/www.arepoquality.eu\/fr\/2020\/01\/31\/brexit-day-que-prevoit-laccord-de-retrait-en-ce-qui-concerne-les-indications-geographiques\/","title":{"rendered":"Brexit Day : que pr\u00e9voit l&rsquo;accord de retrait en ce qui concerne les indications g\u00e9ographiques ?"},"content":{"rendered":"<p>Aujourd&rsquo;hui \u00e0 minuit, l&rsquo;accord qui formalise le retrait du Royaume-Uni de l&rsquo;Union europ\u00e9enne entrera en vigueur, ce qui signifie que le Royaume-Uni ne sera plus un \u00c9tat membre de l&rsquo;UE.<\/p>\n<p>L&rsquo;accord de retrait garantit une <strong>sortie ordonn\u00e9e du Royaume-Uni de l&rsquo;Union<\/strong>. Son entr\u00e9e en vigueur marque le d\u00e9but d&rsquo;une <strong>p\u00e9riode de transition<\/strong> qui durera <strong>jusqu&rsquo;au 31 d\u00e9cembre 2020<\/strong> et qui pourrait \u00eatre prolong\u00e9e une fois pour une p\u00e9riode allant jusqu&rsquo;\u00e0 un ou deux ans, si les deux parties en conviennent.<\/p>\n<p>Pendant la p\u00e9riode de transition, bien que le Royaume-Uni ne soit plus repr\u00e9sent\u00e9 dans les institutions de l&rsquo;UE, <strong>il continuera \u00e0 appliquer le droit de l&rsquo;UE<\/strong>, et donc la protection des droits de propri\u00e9t\u00e9 intellectuelle, y compris les indications g\u00e9ographiques de l&rsquo;UE, continuera \u00e0 \u00eatre appliqu\u00e9e.&nbsp;<\/p>\n<p>En fait, en vertu de l&rsquo;accord de retrait, tous les droits de propri\u00e9t\u00e9 intellectuelle devront \u00eatre prot\u00e9g\u00e9s par le Royaume-Uni en tant que droits de propri\u00e9t\u00e9 intellectuelle nationaux. La conversion du droit de l&rsquo;UE en un droit britannique aux fins de la protection de l&rsquo;autre c\u00f4t\u00e9 de la Manche <strong>sera automatique et gratuite.<\/strong> Le Royaume-Uni garantira au moins <strong>le m\u00eame niveau de protection pour le stock existant d&rsquo;indications g\u00e9ographiques approuv\u00e9es par l&rsquo;UE, qui seront l\u00e9galement prot\u00e9g\u00e9es jusqu&rsquo;\u00e0 ce qu&rsquo;un nouvel accord soit conclu dans le cadre de la future relation<\/strong>.<\/p>\n<p>En outre, toutes les indications g\u00e9ographiques portant des noms d&rsquo;origine britannique (par exemple, Welsh Lamb) continueront \u00e0 \u00eatre prot\u00e9g\u00e9es dans l&rsquo;UE.<\/p>\n<p>Pour plus d&rsquo;informations, veuillez consulter <strong><a href=\"http:\/\/arepoquality.eu\/sites\/arepoquality.eu\/files\/press\/slides_the_wa_explained.pdf\">les diapositives relatives \u00e0 l&rsquo;accord de retrait<\/a>.&nbsp;<\/strong><\/p>\n","protected":false},"excerpt":{"rendered":"<p>Aujourd&rsquo;hui \u00e0 minuit, l&rsquo;accord qui formalise le retrait du Royaume-Uni de l&rsquo;Union europ\u00e9enne entrera en vigueur, ce qui signifie que le Royaume-Uni ne sera plus un \u00c9tat membre de l&rsquo;UE. L&rsquo;accord de retrait garantit une sortie ordonn\u00e9e du Royaume-Uni de l&rsquo;Union. Son entr\u00e9e en vigueur marque le d\u00e9but d&rsquo;une p\u00e9riode de transition qui durera jusqu&rsquo;au [&hellip;]<\/p>\n","protected":false},"author":2,"featured_media":0,"comment_status":"closed","ping_status":"closed","sticky":false,"template":"","format":"standard","meta":{"_acf_changed":false,"footnotes":""},"categories":[142,124],"tags":[],"class_list":["post-800","post","type-post","status-publish","format-standard","hentry","category-brexit","category-systemes-de-qualite-fr"],"acf":[],"yoast_head":"<!-- This site is optimized with the Yoast SEO plugin v27.4 - https:\/\/yoast.com\/product\/yoast-seo-wordpress\/ -->\n<title>Brexit Day : que pr\u00e9voit l&#039;accord de retrait en ce qui concerne les indications g\u00e9ographiques ? - AREPO<\/title>\n<meta name=\"robots\" content=\"index, follow, max-snippet:-1, max-image-preview:large, max-video-preview:-1\" \/>\n<link rel=\"canonical\" href=\"https:\/\/www.arepoquality.eu\/fr\/2020\/01\/31\/brexit-day-que-prevoit-laccord-de-retrait-en-ce-qui-concerne-les-indications-geographiques\/\" \/>\n<meta property=\"og:locale\" content=\"fr_FR\" \/>\n<meta property=\"og:type\" content=\"article\" \/>\n<meta property=\"og:title\" content=\"Brexit Day : que pr\u00e9voit l&#039;accord de retrait en ce qui concerne les indications g\u00e9ographiques ? - AREPO\" \/>\n<meta property=\"og:description\" content=\"Aujourd&rsquo;hui \u00e0 minuit, l&rsquo;accord qui formalise le retrait du Royaume-Uni de l&rsquo;Union europ\u00e9enne entrera en vigueur, ce qui signifie que le Royaume-Uni ne sera plus un \u00c9tat membre de l&rsquo;UE. L&rsquo;accord de retrait garantit une sortie ordonn\u00e9e du Royaume-Uni de l&rsquo;Union. Son entr\u00e9e en vigueur marque le d\u00e9but d&rsquo;une p\u00e9riode de transition qui durera jusqu&rsquo;au [&hellip;]\" \/>\n<meta property=\"og:url\" content=\"https:\/\/www.arepoquality.eu\/fr\/2020\/01\/31\/brexit-day-que-prevoit-laccord-de-retrait-en-ce-qui-concerne-les-indications-geographiques\/\" \/>\n<meta property=\"og:site_name\" content=\"AREPO\" \/>\n<meta property=\"article:publisher\" content=\"https:\/\/www.facebook.com\/arepoquality\/\" \/>\n<meta property=\"article:published_time\" content=\"2020-01-31T11:03:46+00:00\" \/>\n<meta property=\"article:modified_time\" content=\"2021-06-29T09:53:58+00:00\" \/>\n<meta name=\"author\" content=\"Giulia Scaglioni\" \/>\n<meta name=\"twitter:card\" content=\"summary_large_image\" \/>\n<meta name=\"twitter:creator\" content=\"@arepoquality_eu\" \/>\n<meta name=\"twitter:site\" content=\"@arepoquality_eu\" \/>\n<meta name=\"twitter:label1\" content=\"\u00c9crit par\" \/>\n\t<meta name=\"twitter:data1\" content=\"Giulia Scaglioni\" \/>\n\t<meta name=\"twitter:label2\" content=\"Dur\u00e9e de lecture estim\u00e9e\" \/>\n\t<meta name=\"twitter:data2\" content=\"1 minute\" \/>\n<script type=\"application\/ld+json\" class=\"yoast-schema-graph\">{\"@context\":\"https:\\\/\\\/schema.org\",\"@graph\":[{\"@type\":\"Article\",\"@id\":\"https:\\\/\\\/www.arepoquality.eu\\\/fr\\\/2020\\\/01\\\/31\\\/brexit-day-que-prevoit-laccord-de-retrait-en-ce-qui-concerne-les-indications-geographiques\\\/#article\",\"isPartOf\":{\"@id\":\"https:\\\/\\\/www.arepoquality.eu\\\/fr\\\/2020\\\/01\\\/31\\\/brexit-day-que-prevoit-laccord-de-retrait-en-ce-qui-concerne-les-indications-geographiques\\\/\"},\"author\":{\"name\":\"Giulia Scaglioni\",\"@id\":\"https:\\\/\\\/www.arepoquality.eu\\\/#\\\/schema\\\/person\\\/45550165fffb5c0705e14a58767af5a2\"},\"headline\":\"Brexit Day : que pr\u00e9voit l&rsquo;accord de retrait en ce qui concerne les indications g\u00e9ographiques ?\",\"datePublished\":\"2020-01-31T11:03:46+00:00\",\"dateModified\":\"2021-06-29T09:53:58+00:00\",\"mainEntityOfPage\":{\"@id\":\"https:\\\/\\\/www.arepoquality.eu\\\/fr\\\/2020\\\/01\\\/31\\\/brexit-day-que-prevoit-laccord-de-retrait-en-ce-qui-concerne-les-indications-geographiques\\\/\"},\"wordCount\":287,\"publisher\":{\"@id\":\"https:\\\/\\\/www.arepoquality.eu\\\/#organization\"},\"articleSection\":[\"Brexit\",\"Syst\u00e8mes de qualit\u00e9\"],\"inLanguage\":\"fr-FR\"},{\"@type\":\"WebPage\",\"@id\":\"https:\\\/\\\/www.arepoquality.eu\\\/fr\\\/2020\\\/01\\\/31\\\/brexit-day-que-prevoit-laccord-de-retrait-en-ce-qui-concerne-les-indications-geographiques\\\/\",\"url\":\"https:\\\/\\\/www.arepoquality.eu\\\/fr\\\/2020\\\/01\\\/31\\\/brexit-day-que-prevoit-laccord-de-retrait-en-ce-qui-concerne-les-indications-geographiques\\\/\",\"name\":\"Brexit Day : que pr\u00e9voit l'accord de retrait en ce qui concerne les indications g\u00e9ographiques ? - AREPO\",\"isPartOf\":{\"@id\":\"https:\\\/\\\/www.arepoquality.eu\\\/#website\"},\"datePublished\":\"2020-01-31T11:03:46+00:00\",\"dateModified\":\"2021-06-29T09:53:58+00:00\",\"breadcrumb\":{\"@id\":\"https:\\\/\\\/www.arepoquality.eu\\\/fr\\\/2020\\\/01\\\/31\\\/brexit-day-que-prevoit-laccord-de-retrait-en-ce-qui-concerne-les-indications-geographiques\\\/#breadcrumb\"},\"inLanguage\":\"fr-FR\",\"potentialAction\":[{\"@type\":\"ReadAction\",\"target\":[\"https:\\\/\\\/www.arepoquality.eu\\\/fr\\\/2020\\\/01\\\/31\\\/brexit-day-que-prevoit-laccord-de-retrait-en-ce-qui-concerne-les-indications-geographiques\\\/\"]}]},{\"@type\":\"BreadcrumbList\",\"@id\":\"https:\\\/\\\/www.arepoquality.eu\\\/fr\\\/2020\\\/01\\\/31\\\/brexit-day-que-prevoit-laccord-de-retrait-en-ce-qui-concerne-les-indications-geographiques\\\/#breadcrumb\",\"itemListElement\":[{\"@type\":\"ListItem\",\"position\":1,\"name\":\"Home\",\"item\":\"https:\\\/\\\/www.arepoquality.eu\\\/\"},{\"@type\":\"ListItem\",\"position\":2,\"name\":\"Brexit Day : que pr\u00e9voit l&rsquo;accord de retrait en ce qui concerne les indications g\u00e9ographiques ?\"}]},{\"@type\":\"WebSite\",\"@id\":\"https:\\\/\\\/www.arepoquality.eu\\\/#website\",\"url\":\"https:\\\/\\\/www.arepoquality.eu\\\/\",\"name\":\"AREPO\",\"description\":\"\",\"publisher\":{\"@id\":\"https:\\\/\\\/www.arepoquality.eu\\\/#organization\"},\"potentialAction\":[{\"@type\":\"SearchAction\",\"target\":{\"@type\":\"EntryPoint\",\"urlTemplate\":\"https:\\\/\\\/www.arepoquality.eu\\\/?s={search_term_string}\"},\"query-input\":{\"@type\":\"PropertyValueSpecification\",\"valueRequired\":true,\"valueName\":\"search_term_string\"}}],\"inLanguage\":\"fr-FR\"},{\"@type\":\"Organization\",\"@id\":\"https:\\\/\\\/www.arepoquality.eu\\\/#organization\",\"name\":\"AREPO\",\"url\":\"https:\\\/\\\/www.arepoquality.eu\\\/\",\"logo\":{\"@type\":\"ImageObject\",\"inLanguage\":\"fr-FR\",\"@id\":\"https:\\\/\\\/www.arepoquality.eu\\\/#\\\/schema\\\/logo\\\/image\\\/\",\"url\":\"https:\\\/\\\/www.arepoquality.eu\\\/wp-content\\\/uploads\\\/2024\\\/05\\\/arepo.jpg\",\"contentUrl\":\"https:\\\/\\\/www.arepoquality.eu\\\/wp-content\\\/uploads\\\/2024\\\/05\\\/arepo.jpg\",\"width\":1113,\"height\":705,\"caption\":\"AREPO\"},\"image\":{\"@id\":\"https:\\\/\\\/www.arepoquality.eu\\\/#\\\/schema\\\/logo\\\/image\\\/\"},\"sameAs\":[\"https:\\\/\\\/www.facebook.com\\\/arepoquality\\\/\",\"https:\\\/\\\/x.com\\\/arepoquality_eu\",\"https:\\\/\\\/www.linkedin.com\\\/company\\\/arepoquality\\\/?viewAsMember=true\"]},{\"@type\":\"Person\",\"@id\":\"https:\\\/\\\/www.arepoquality.eu\\\/#\\\/schema\\\/person\\\/45550165fffb5c0705e14a58767af5a2\",\"name\":\"Giulia Scaglioni\",\"url\":\"https:\\\/\\\/www.arepoquality.eu\\\/fr\\\/author\\\/giulia-scaglioni\\\/\"}]}<\/script>\n<!-- \/ Yoast SEO plugin. -->","yoast_head_json":{"title":"Brexit Day : que pr\u00e9voit l'accord de retrait en ce qui concerne les indications g\u00e9ographiques ? - AREPO","robots":{"index":"index","follow":"follow","max-snippet":"max-snippet:-1","max-image-preview":"max-image-preview:large","max-video-preview":"max-video-preview:-1"},"canonical":"https:\/\/www.arepoquality.eu\/fr\/2020\/01\/31\/brexit-day-que-prevoit-laccord-de-retrait-en-ce-qui-concerne-les-indications-geographiques\/","og_locale":"fr_FR","og_type":"article","og_title":"Brexit Day : que pr\u00e9voit l'accord de retrait en ce qui concerne les indications g\u00e9ographiques ? - AREPO","og_description":"Aujourd&rsquo;hui \u00e0 minuit, l&rsquo;accord qui formalise le retrait du Royaume-Uni de l&rsquo;Union europ\u00e9enne entrera en vigueur, ce qui signifie que le Royaume-Uni ne sera plus un \u00c9tat membre de l&rsquo;UE. L&rsquo;accord de retrait garantit une sortie ordonn\u00e9e du Royaume-Uni de l&rsquo;Union. Son entr\u00e9e en vigueur marque le d\u00e9but d&rsquo;une p\u00e9riode de transition qui durera jusqu&rsquo;au [&hellip;]","og_url":"https:\/\/www.arepoquality.eu\/fr\/2020\/01\/31\/brexit-day-que-prevoit-laccord-de-retrait-en-ce-qui-concerne-les-indications-geographiques\/","og_site_name":"AREPO","article_publisher":"https:\/\/www.facebook.com\/arepoquality\/","article_published_time":"2020-01-31T11:03:46+00:00","article_modified_time":"2021-06-29T09:53:58+00:00","author":"Giulia Scaglioni","twitter_card":"summary_large_image","twitter_creator":"@arepoquality_eu","twitter_site":"@arepoquality_eu","twitter_misc":{"\u00c9crit par":"Giulia Scaglioni","Dur\u00e9e de lecture estim\u00e9e":"1 minute"},"schema":{"@context":"https:\/\/schema.org","@graph":[{"@type":"Article","@id":"https:\/\/www.arepoquality.eu\/fr\/2020\/01\/31\/brexit-day-que-prevoit-laccord-de-retrait-en-ce-qui-concerne-les-indications-geographiques\/#article","isPartOf":{"@id":"https:\/\/www.arepoquality.eu\/fr\/2020\/01\/31\/brexit-day-que-prevoit-laccord-de-retrait-en-ce-qui-concerne-les-indications-geographiques\/"},"author":{"name":"Giulia Scaglioni","@id":"https:\/\/www.arepoquality.eu\/#\/schema\/person\/45550165fffb5c0705e14a58767af5a2"},"headline":"Brexit Day : que pr\u00e9voit l&rsquo;accord de retrait en ce qui concerne les indications g\u00e9ographiques ?","datePublished":"2020-01-31T11:03:46+00:00","dateModified":"2021-06-29T09:53:58+00:00","mainEntityOfPage":{"@id":"https:\/\/www.arepoquality.eu\/fr\/2020\/01\/31\/brexit-day-que-prevoit-laccord-de-retrait-en-ce-qui-concerne-les-indications-geographiques\/"},"wordCount":287,"publisher":{"@id":"https:\/\/www.arepoquality.eu\/#organization"},"articleSection":["Brexit","Syst\u00e8mes de qualit\u00e9"],"inLanguage":"fr-FR"},{"@type":"WebPage","@id":"https:\/\/www.arepoquality.eu\/fr\/2020\/01\/31\/brexit-day-que-prevoit-laccord-de-retrait-en-ce-qui-concerne-les-indications-geographiques\/","url":"https:\/\/www.arepoquality.eu\/fr\/2020\/01\/31\/brexit-day-que-prevoit-laccord-de-retrait-en-ce-qui-concerne-les-indications-geographiques\/","name":"Brexit Day : que pr\u00e9voit l'accord de retrait en ce qui concerne les indications g\u00e9ographiques ? - AREPO","isPartOf":{"@id":"https:\/\/www.arepoquality.eu\/#website"},"datePublished":"2020-01-31T11:03:46+00:00","dateModified":"2021-06-29T09:53:58+00:00","breadcrumb":{"@id":"https:\/\/www.arepoquality.eu\/fr\/2020\/01\/31\/brexit-day-que-prevoit-laccord-de-retrait-en-ce-qui-concerne-les-indications-geographiques\/#breadcrumb"},"inLanguage":"fr-FR","potentialAction":[{"@type":"ReadAction","target":["https:\/\/www.arepoquality.eu\/fr\/2020\/01\/31\/brexit-day-que-prevoit-laccord-de-retrait-en-ce-qui-concerne-les-indications-geographiques\/"]}]},{"@type":"BreadcrumbList","@id":"https:\/\/www.arepoquality.eu\/fr\/2020\/01\/31\/brexit-day-que-prevoit-laccord-de-retrait-en-ce-qui-concerne-les-indications-geographiques\/#breadcrumb","itemListElement":[{"@type":"ListItem","position":1,"name":"Home","item":"https:\/\/www.arepoquality.eu\/"},{"@type":"ListItem","position":2,"name":"Brexit Day : que pr\u00e9voit l&rsquo;accord de retrait en ce qui concerne les indications g\u00e9ographiques ?"}]},{"@type":"WebSite","@id":"https:\/\/www.arepoquality.eu\/#website","url":"https:\/\/www.arepoquality.eu\/","name":"AREPO","description":"","publisher":{"@id":"https:\/\/www.arepoquality.eu\/#organization"},"potentialAction":[{"@type":"SearchAction","target":{"@type":"EntryPoint","urlTemplate":"https:\/\/www.arepoquality.eu\/?s={search_term_string}"},"query-input":{"@type":"PropertyValueSpecification","valueRequired":true,"valueName":"search_term_string"}}],"inLanguage":"fr-FR"},{"@type":"Organization","@id":"https:\/\/www.arepoquality.eu\/#organization","name":"AREPO","url":"https:\/\/www.arepoquality.eu\/","logo":{"@type":"ImageObject","inLanguage":"fr-FR","@id":"https:\/\/www.arepoquality.eu\/#\/schema\/logo\/image\/","url":"https:\/\/www.arepoquality.eu\/wp-content\/uploads\/2024\/05\/arepo.jpg","contentUrl":"https:\/\/www.arepoquality.eu\/wp-content\/uploads\/2024\/05\/arepo.jpg","width":1113,"height":705,"caption":"AREPO"},"image":{"@id":"https:\/\/www.arepoquality.eu\/#\/schema\/logo\/image\/"},"sameAs":["https:\/\/www.facebook.com\/arepoquality\/","https:\/\/x.com\/arepoquality_eu","https:\/\/www.linkedin.com\/company\/arepoquality\/?viewAsMember=true"]},{"@type":"Person","@id":"https:\/\/www.arepoquality.eu\/#\/schema\/person\/45550165fffb5c0705e14a58767af5a2","name":"Giulia Scaglioni","url":"https:\/\/www.arepoquality.eu\/fr\/author\/giulia-scaglioni\/"}]}},"_links":{"self":[{"href":"https:\/\/www.arepoquality.eu\/fr\/wp-json\/wp\/v2\/posts\/800","targetHints":{"allow":["GET"]}}],"collection":[{"href":"https:\/\/www.arepoquality.eu\/fr\/wp-json\/wp\/v2\/posts"}],"about":[{"href":"https:\/\/www.arepoquality.eu\/fr\/wp-json\/wp\/v2\/types\/post"}],"author":[{"embeddable":true,"href":"https:\/\/www.arepoquality.eu\/fr\/wp-json\/wp\/v2\/users\/2"}],"replies":[{"embeddable":true,"href":"https:\/\/www.arepoquality.eu\/fr\/wp-json\/wp\/v2\/comments?post=800"}],"version-history":[{"count":2,"href":"https:\/\/www.arepoquality.eu\/fr\/wp-json\/wp\/v2\/posts\/800\/revisions"}],"predecessor-version":[{"id":2062,"href":"https:\/\/www.arepoquality.eu\/fr\/wp-json\/wp\/v2\/posts\/800\/revisions\/2062"}],"wp:attachment":[{"href":"https:\/\/www.arepoquality.eu\/fr\/wp-json\/wp\/v2\/media?parent=800"}],"wp:term":[{"taxonomy":"category","embeddable":true,"href":"https:\/\/www.arepoquality.eu\/fr\/wp-json\/wp\/v2\/categories?post=800"},{"taxonomy":"post_tag","embeddable":true,"href":"https:\/\/www.arepoquality.eu\/fr\/wp-json\/wp\/v2\/tags?post=800"}],"curies":[{"name":"wp","href":"https:\/\/api.w.org\/{rel}","templated":true}]}}