{"id":818,"date":"2020-05-19T10:52:10","date_gmt":"2020-05-19T08:52:10","guid":{"rendered":"http:\/\/252373706c.url-de-test.ws\/arepo\/2020\/05\/19\/faire-face-au-covid-19-les-mesures-prises-par-la-region-centre-val-de-loire\/"},"modified":"2021-06-29T11:50:14","modified_gmt":"2021-06-29T09:50:14","slug":"faire-face-au-covid-19-les-mesures-prises-par-la-region-centre-val-de-loire","status":"publish","type":"post","link":"https:\/\/www.arepoquality.eu\/fr\/2020\/05\/19\/faire-face-au-covid-19-les-mesures-prises-par-la-region-centre-val-de-loire\/","title":{"rendered":"Faire face au COVID-19 : les mesures prises par la r\u00e9gion Centre-Val de Loire"},"content":{"rendered":"<p>La R&eacute;gion Centre-Val de Loire a mobilis&eacute; un total <strong>de 46,7 M&euro;<\/strong> pour accompagner les acteurs r&eacute;gionaux de tout type de secteur ainsi que le quotidien des familles face &agrave; la crise du Coronavirus. Les mesures qui suivent sont adress&eacute;es aux entreprises de la R&eacute;gion, entre autres celles du secteur agricole.<\/p>\n<p><strong>Fonds National de solidarit&eacute;&nbsp;pour les TPE <\/strong><\/p>\n<p>La R&eacute;gion participe &agrave; ce fonds <strong>&agrave; hauteur de 16,4 millions d&rsquo;euros<\/strong>, visant &agrave; soutenir les tr&egrave;s petites entreprises (TPE) touch&eacute;es par une perte de chiffre d&rsquo;affaires. Il se d&eacute;cline en deux volets&nbsp;: le&nbsp;<strong>volet 1 est g&eacute;r&eacute; par l&rsquo;Etat, le deuxi&egrave;me par la R&eacute;gion<\/strong>. Dans ce cadre, les&nbsp;<strong>tr&egrave;s petites entreprises<\/strong>&nbsp;(comptant jusqu&rsquo;&agrave; 10 salari&eacute;s) et <strong>les agriculteurs membres d&rsquo;un groupement agricole d&rsquo;exploitation en commun (GAEC)<\/strong>, ayant un chiffre d&rsquo;affaires annuel inf&eacute;rieur &agrave; 1 million d&rsquo;euros, peuvent b&eacute;n&eacute;ficier d&rsquo;une&nbsp;<strong>subvention de 1.500 &euro; maximum (volet 1)<\/strong>&nbsp;et&nbsp;<strong>d&rsquo;une aide compl&eacute;mentaire (volet 2) d&rsquo;un montant de 2.000 &agrave; 5.000 &euro;&nbsp;<\/strong>(en plus de l&rsquo;aide accord&eacute;e au titre du Volet 1) en fonction du chiffre d&rsquo;affaires et du besoin de tr&eacute;sorerie de l&rsquo;entreprise.<\/p>\n<p><em>Plus d&#39;informations&nbsp;:<\/em> <a href=\"http:\/\/www.regioncentre-valdeloire.fr\/accueil\/les-services-en-ligne\/la-region-vous-aide\/artisanat-industries-et-services\/covid-19-fonds-de-solidarite.html\" style=\"color:blue; text-decoration:underline\"><strong>Covid-19 &#8211; Fonds de solidarit&eacute; pour les TPE et ind&eacute;pendants<\/strong><\/a> <u>(mise &agrave; jour 15 mai 2020)<\/u><\/p>\n<p><strong>Fonds R&eacute;gional Renaissances<\/strong><\/p>\n<p>Ce fonds, dot&eacute; de <strong>12 millions d&rsquo;euros<\/strong>, abond&eacute; par la Banque des Territoires, la R&eacute;gion et les collectivit&eacute;s intercommunales a pour objectif <strong>d&rsquo;aider au red&eacute;marrage des entreprises les plus fragiles de moins de 20 salari&eacute;s<\/strong>, en compl&eacute;tant les dispositifs d&rsquo;aide existants. Il consiste en une <strong>avance remboursable<\/strong> de 5&nbsp;000 &agrave; 20&nbsp;000 Euros pour un plan de red&eacute;marrage et de financement.<\/p>\n<p><em>Plus d&#39;informations ici&nbsp;:<\/em><strong> <\/strong><a href=\"http:\/\/www.regioncentre-valdeloire.fr\/accueil\/les-services-en-ligne\/la-region-vous-aide\/artisanat-industries-et-services\/covid-19-fonds-renaissance.html\" style=\"color:blue; text-decoration:underline\"><strong>Covid-19 &#8211; Fonds Renaissance <\/strong><\/a><u><strong>&nbsp;<\/strong><\/u><\/p>\n<p><strong>Plateforme Produits Frais et Locaux en Centre-Val de Loire<\/strong><\/p>\n<p>Lanc&eacute;e le 30 mars 2020 afin de promouvoir la consommation locale en cette p&eacute;riode de confinement, la <strong>plateforme collaborative <a href=\"http:\/\/www.produits-frais-locaux-centre-valdeloire.fr\/\" style=\"color:blue; text-decoration:underline\">Produits Frais et Locaux en Centre-Val de Loire<\/a>,<\/strong> dispositif impuls&eacute; par la R&eacute;gion et l&rsquo;&Eacute;tat aux c&ocirc;t&eacute;s de la Chambre r&eacute;gionale d&rsquo;Agriculture et des structures de production, r&eacute;pertorie sur une carte interactive les diff&eacute;rents lieux de production de produits de proximit&eacute;. Ce site permet de tisser de v&eacute;ritables liens entre producteurs, artisans, distributeurs et consommateurs.<\/p>\n<p><strong>Autres mesures en faveur des entreprises<\/strong><\/p>\n<p>Les agriculteurs peuvent &eacute;galement avoir acc&egrave;s aux moyens de sauvegarde des entreprises suivants, mis en place par la R&eacute;gion&nbsp;:<\/p>\n<ul>\n<li><strong>&laquo; Pr&ecirc;t CAP Rebond &raquo;&nbsp;: <\/strong>il s&rsquo;agit d&rsquo;un dispositif <strong>visant &agrave; soutenir la tr&eacute;sorerie des entreprises rencontrant des difficult&eacute;s conjoncturelles<\/strong>&nbsp;li&eacute;es &agrave; la chute d&rsquo;activit&eacute; ou &agrave; la perte de chiffre d&rsquo;affaires. En particulier, il est dot&eacute; de 5.400.000 &euro;, dont 1 000 000 M&euro; de la R&eacute;gion&nbsp;;<\/li>\n<li><strong>Augmentation du plafond du fonds r&eacute;gional de garantie &agrave; 80%<\/strong> avec la BPI&nbsp;;<\/li>\n<li><strong>Appel &agrave; projets Stop COVID 19<\/strong> avec une enveloppe Etat-R&eacute;gion-BPI de 2&nbsp;000&nbsp;000 &euro;&nbsp;;<\/li>\n<li><strong>Report de 6 mois des &eacute;ch&eacute;ances de remboursement&nbsp;<\/strong>correspondant aux avances faites par la R&eacute;gion, soit un diff&eacute;r&eacute; de remboursement de 3 millions d&rsquo;euros au total.<\/li>\n<\/ul>\n<p><em>Plus d&rsquo;informations&nbsp;:<\/em> <strong><a href=\"https:\/\/www.devup-centrevaldeloire.fr\/actualites\/mesures-covid19-entreprises-220.html\" style=\"color:blue; text-decoration:underline\">Mesures Covid-19 pour les entreprises du Centre-Val de Loire en temps r&eacute;el &nbsp;<\/a>&nbsp;<\/strong><\/p>\n<p><strong><a href=\"http:\/\/www.regioncentre-valdeloire.fr\/accueil\/ma-region-et-moi\/covid-19-ma-region-solidaire\/covid-19-entreprises.html\" style=\"color:blue; text-decoration:underline\">La R&eacute;gion mobilis&eacute;e pour soutenir les entreprises<\/a><\/strong><\/p>\n<p><strong>Plateforme pour les Equipements de Protection Individuelle (EPI)<\/strong><\/p>\n<p>Pour permettre aux &eacute;tablissements de sant&eacute; et aux entreprises de maintenir ou reprendre leur activit&eacute; tout en garantissant la s&eacute;curit&eacute; de leurs collaborateurs, la R&eacute;gion Centre- Val de Loire et l&rsquo;agence de d&eacute;veloppement &eacute;conomique DEV&rsquo;UP, ont lanc&eacute; une <strong>plateforme r&eacute;gionale de mise en relation entre les acteurs &eacute;conomiques locaux<\/strong>. Cet outil sert a\u0300 d&eacute;velopper une production r&eacute;gionale alternative d&rsquo;&eacute;quipements de protection individuelle mais &eacute;galement a\u0300 redynamiser l&rsquo;activit&eacute; de certaines entreprises.<em> <\/em><\/p>\n<p><em>Plus d&#39;informations&nbsp;: <\/em><strong><a href=\"https:\/\/www.devup-centrevaldeloire.fr\/media\/communique-presse-plateforme-epi.pdf\" style=\"color:blue; text-decoration:underline\">Une plateforme r&eacute;gionale pour d&eacute;velopper la production d&rsquo;&eacute;quipements de protection individuelle en circuit court<\/a><\/strong><\/p>\n","protected":false},"excerpt":{"rendered":"<p>La R&eacute;gion Centre-Val de Loire a mobilis&eacute; un total de 46,7 M&euro; pour accompagner les acteurs r&eacute;gionaux de tout type de secteur ainsi que le quotidien des familles face &agrave; la crise du Coronavirus. Les mesures qui suivent sont adress&eacute;es aux entreprises de la R&eacute;gion, entre autres celles du secteur agricole. Fonds National de solidarit&eacute;&nbsp;pour [&hellip;]<\/p>\n","protected":false},"author":2,"featured_media":0,"comment_status":"closed","ping_status":"closed","sticky":false,"template":"","format":"standard","meta":{"_acf_changed":false,"footnotes":""},"categories":[140],"tags":[],"class_list":["post-818","post","type-post","status-publish","format-standard","hentry","category-covid-19-fr"],"acf":[],"yoast_head":"<!-- This site is optimized with the Yoast SEO plugin v27.5 - https:\/\/yoast.com\/product\/yoast-seo-wordpress\/ -->\n<title>Faire face au COVID-19 : les mesures prises par la r\u00e9gion Centre-Val de Loire - AREPO<\/title>\n<meta name=\"robots\" content=\"index, follow, max-snippet:-1, max-image-preview:large, max-video-preview:-1\" \/>\n<link rel=\"canonical\" href=\"https:\/\/www.arepoquality.eu\/fr\/2020\/05\/19\/faire-face-au-covid-19-les-mesures-prises-par-la-region-centre-val-de-loire\/\" \/>\n<meta property=\"og:locale\" content=\"fr_FR\" \/>\n<meta property=\"og:type\" content=\"article\" \/>\n<meta property=\"og:title\" content=\"Faire face au COVID-19 : les mesures prises par la r\u00e9gion Centre-Val de Loire - AREPO\" \/>\n<meta property=\"og:description\" content=\"La R&eacute;gion Centre-Val de Loire a mobilis&eacute; un total de 46,7 M&euro; pour accompagner les acteurs r&eacute;gionaux de tout type de secteur ainsi que le quotidien des familles face &agrave; la crise du Coronavirus. Les mesures qui suivent sont adress&eacute;es aux entreprises de la R&eacute;gion, entre autres celles du secteur agricole. Fonds National de solidarit&eacute;&nbsp;pour [&hellip;]\" \/>\n<meta property=\"og:url\" content=\"https:\/\/www.arepoquality.eu\/fr\/2020\/05\/19\/faire-face-au-covid-19-les-mesures-prises-par-la-region-centre-val-de-loire\/\" \/>\n<meta property=\"og:site_name\" content=\"AREPO\" \/>\n<meta property=\"article:publisher\" content=\"https:\/\/www.facebook.com\/arepoquality\/\" \/>\n<meta property=\"article:published_time\" content=\"2020-05-19T08:52:10+00:00\" \/>\n<meta property=\"article:modified_time\" content=\"2021-06-29T09:50:14+00:00\" \/>\n<meta name=\"author\" content=\"Giulia Scaglioni\" \/>\n<meta name=\"twitter:card\" content=\"summary_large_image\" \/>\n<meta name=\"twitter:creator\" content=\"@arepoquality_eu\" \/>\n<meta name=\"twitter:site\" content=\"@arepoquality_eu\" \/>\n<meta name=\"twitter:label1\" content=\"\u00c9crit par\" \/>\n\t<meta name=\"twitter:data1\" content=\"Giulia Scaglioni\" \/>\n\t<meta name=\"twitter:label2\" content=\"Dur\u00e9e de lecture estim\u00e9e\" \/>\n\t<meta name=\"twitter:data2\" content=\"4 minutes\" \/>\n<script type=\"application\/ld+json\" class=\"yoast-schema-graph\">{\"@context\":\"https:\\\/\\\/schema.org\",\"@graph\":[{\"@type\":\"Article\",\"@id\":\"https:\\\/\\\/www.arepoquality.eu\\\/fr\\\/2020\\\/05\\\/19\\\/faire-face-au-covid-19-les-mesures-prises-par-la-region-centre-val-de-loire\\\/#article\",\"isPartOf\":{\"@id\":\"https:\\\/\\\/www.arepoquality.eu\\\/fr\\\/2020\\\/05\\\/19\\\/faire-face-au-covid-19-les-mesures-prises-par-la-region-centre-val-de-loire\\\/\"},\"author\":{\"name\":\"Giulia Scaglioni\",\"@id\":\"https:\\\/\\\/www.arepoquality.eu\\\/#\\\/schema\\\/person\\\/45550165fffb5c0705e14a58767af5a2\"},\"headline\":\"Faire face au COVID-19 : les mesures prises par la r\u00e9gion Centre-Val de Loire\",\"datePublished\":\"2020-05-19T08:52:10+00:00\",\"dateModified\":\"2021-06-29T09:50:14+00:00\",\"mainEntityOfPage\":{\"@id\":\"https:\\\/\\\/www.arepoquality.eu\\\/fr\\\/2020\\\/05\\\/19\\\/faire-face-au-covid-19-les-mesures-prises-par-la-region-centre-val-de-loire\\\/\"},\"wordCount\":812,\"publisher\":{\"@id\":\"https:\\\/\\\/www.arepoquality.eu\\\/#organization\"},\"articleSection\":[\"Covid-19\"],\"inLanguage\":\"fr-FR\"},{\"@type\":\"WebPage\",\"@id\":\"https:\\\/\\\/www.arepoquality.eu\\\/fr\\\/2020\\\/05\\\/19\\\/faire-face-au-covid-19-les-mesures-prises-par-la-region-centre-val-de-loire\\\/\",\"url\":\"https:\\\/\\\/www.arepoquality.eu\\\/fr\\\/2020\\\/05\\\/19\\\/faire-face-au-covid-19-les-mesures-prises-par-la-region-centre-val-de-loire\\\/\",\"name\":\"Faire face au COVID-19 : les mesures prises par la r\u00e9gion Centre-Val de Loire - AREPO\",\"isPartOf\":{\"@id\":\"https:\\\/\\\/www.arepoquality.eu\\\/#website\"},\"datePublished\":\"2020-05-19T08:52:10+00:00\",\"dateModified\":\"2021-06-29T09:50:14+00:00\",\"breadcrumb\":{\"@id\":\"https:\\\/\\\/www.arepoquality.eu\\\/fr\\\/2020\\\/05\\\/19\\\/faire-face-au-covid-19-les-mesures-prises-par-la-region-centre-val-de-loire\\\/#breadcrumb\"},\"inLanguage\":\"fr-FR\",\"potentialAction\":[{\"@type\":\"ReadAction\",\"target\":[\"https:\\\/\\\/www.arepoquality.eu\\\/fr\\\/2020\\\/05\\\/19\\\/faire-face-au-covid-19-les-mesures-prises-par-la-region-centre-val-de-loire\\\/\"]}]},{\"@type\":\"BreadcrumbList\",\"@id\":\"https:\\\/\\\/www.arepoquality.eu\\\/fr\\\/2020\\\/05\\\/19\\\/faire-face-au-covid-19-les-mesures-prises-par-la-region-centre-val-de-loire\\\/#breadcrumb\",\"itemListElement\":[{\"@type\":\"ListItem\",\"position\":1,\"name\":\"Home\",\"item\":\"https:\\\/\\\/www.arepoquality.eu\\\/\"},{\"@type\":\"ListItem\",\"position\":2,\"name\":\"Faire face au COVID-19 : les mesures prises par la r\u00e9gion Centre-Val de Loire\"}]},{\"@type\":\"WebSite\",\"@id\":\"https:\\\/\\\/www.arepoquality.eu\\\/#website\",\"url\":\"https:\\\/\\\/www.arepoquality.eu\\\/\",\"name\":\"AREPO\",\"description\":\"\",\"publisher\":{\"@id\":\"https:\\\/\\\/www.arepoquality.eu\\\/#organization\"},\"potentialAction\":[{\"@type\":\"SearchAction\",\"target\":{\"@type\":\"EntryPoint\",\"urlTemplate\":\"https:\\\/\\\/www.arepoquality.eu\\\/?s={search_term_string}\"},\"query-input\":{\"@type\":\"PropertyValueSpecification\",\"valueRequired\":true,\"valueName\":\"search_term_string\"}}],\"inLanguage\":\"fr-FR\"},{\"@type\":\"Organization\",\"@id\":\"https:\\\/\\\/www.arepoquality.eu\\\/#organization\",\"name\":\"AREPO\",\"url\":\"https:\\\/\\\/www.arepoquality.eu\\\/\",\"logo\":{\"@type\":\"ImageObject\",\"inLanguage\":\"fr-FR\",\"@id\":\"https:\\\/\\\/www.arepoquality.eu\\\/#\\\/schema\\\/logo\\\/image\\\/\",\"url\":\"https:\\\/\\\/www.arepoquality.eu\\\/wp-content\\\/uploads\\\/2024\\\/05\\\/arepo.jpg\",\"contentUrl\":\"https:\\\/\\\/www.arepoquality.eu\\\/wp-content\\\/uploads\\\/2024\\\/05\\\/arepo.jpg\",\"width\":1113,\"height\":705,\"caption\":\"AREPO\"},\"image\":{\"@id\":\"https:\\\/\\\/www.arepoquality.eu\\\/#\\\/schema\\\/logo\\\/image\\\/\"},\"sameAs\":[\"https:\\\/\\\/www.facebook.com\\\/arepoquality\\\/\",\"https:\\\/\\\/x.com\\\/arepoquality_eu\",\"https:\\\/\\\/www.linkedin.com\\\/company\\\/arepoquality\\\/?viewAsMember=true\"]},{\"@type\":\"Person\",\"@id\":\"https:\\\/\\\/www.arepoquality.eu\\\/#\\\/schema\\\/person\\\/45550165fffb5c0705e14a58767af5a2\",\"name\":\"Giulia Scaglioni\",\"url\":\"https:\\\/\\\/www.arepoquality.eu\\\/fr\\\/author\\\/giulia-scaglioni\\\/\"}]}<\/script>\n<!-- \/ Yoast SEO plugin. -->","yoast_head_json":{"title":"Faire face au COVID-19 : les mesures prises par la r\u00e9gion Centre-Val de Loire - AREPO","robots":{"index":"index","follow":"follow","max-snippet":"max-snippet:-1","max-image-preview":"max-image-preview:large","max-video-preview":"max-video-preview:-1"},"canonical":"https:\/\/www.arepoquality.eu\/fr\/2020\/05\/19\/faire-face-au-covid-19-les-mesures-prises-par-la-region-centre-val-de-loire\/","og_locale":"fr_FR","og_type":"article","og_title":"Faire face au COVID-19 : les mesures prises par la r\u00e9gion Centre-Val de Loire - AREPO","og_description":"La R&eacute;gion Centre-Val de Loire a mobilis&eacute; un total de 46,7 M&euro; pour accompagner les acteurs r&eacute;gionaux de tout type de secteur ainsi que le quotidien des familles face &agrave; la crise du Coronavirus. Les mesures qui suivent sont adress&eacute;es aux entreprises de la R&eacute;gion, entre autres celles du secteur agricole. Fonds National de solidarit&eacute;&nbsp;pour [&hellip;]","og_url":"https:\/\/www.arepoquality.eu\/fr\/2020\/05\/19\/faire-face-au-covid-19-les-mesures-prises-par-la-region-centre-val-de-loire\/","og_site_name":"AREPO","article_publisher":"https:\/\/www.facebook.com\/arepoquality\/","article_published_time":"2020-05-19T08:52:10+00:00","article_modified_time":"2021-06-29T09:50:14+00:00","author":"Giulia Scaglioni","twitter_card":"summary_large_image","twitter_creator":"@arepoquality_eu","twitter_site":"@arepoquality_eu","twitter_misc":{"\u00c9crit par":"Giulia Scaglioni","Dur\u00e9e de lecture estim\u00e9e":"4 minutes"},"schema":{"@context":"https:\/\/schema.org","@graph":[{"@type":"Article","@id":"https:\/\/www.arepoquality.eu\/fr\/2020\/05\/19\/faire-face-au-covid-19-les-mesures-prises-par-la-region-centre-val-de-loire\/#article","isPartOf":{"@id":"https:\/\/www.arepoquality.eu\/fr\/2020\/05\/19\/faire-face-au-covid-19-les-mesures-prises-par-la-region-centre-val-de-loire\/"},"author":{"name":"Giulia Scaglioni","@id":"https:\/\/www.arepoquality.eu\/#\/schema\/person\/45550165fffb5c0705e14a58767af5a2"},"headline":"Faire face au COVID-19 : les mesures prises par la r\u00e9gion Centre-Val de Loire","datePublished":"2020-05-19T08:52:10+00:00","dateModified":"2021-06-29T09:50:14+00:00","mainEntityOfPage":{"@id":"https:\/\/www.arepoquality.eu\/fr\/2020\/05\/19\/faire-face-au-covid-19-les-mesures-prises-par-la-region-centre-val-de-loire\/"},"wordCount":812,"publisher":{"@id":"https:\/\/www.arepoquality.eu\/#organization"},"articleSection":["Covid-19"],"inLanguage":"fr-FR"},{"@type":"WebPage","@id":"https:\/\/www.arepoquality.eu\/fr\/2020\/05\/19\/faire-face-au-covid-19-les-mesures-prises-par-la-region-centre-val-de-loire\/","url":"https:\/\/www.arepoquality.eu\/fr\/2020\/05\/19\/faire-face-au-covid-19-les-mesures-prises-par-la-region-centre-val-de-loire\/","name":"Faire face au COVID-19 : les mesures prises par la r\u00e9gion Centre-Val de Loire - AREPO","isPartOf":{"@id":"https:\/\/www.arepoquality.eu\/#website"},"datePublished":"2020-05-19T08:52:10+00:00","dateModified":"2021-06-29T09:50:14+00:00","breadcrumb":{"@id":"https:\/\/www.arepoquality.eu\/fr\/2020\/05\/19\/faire-face-au-covid-19-les-mesures-prises-par-la-region-centre-val-de-loire\/#breadcrumb"},"inLanguage":"fr-FR","potentialAction":[{"@type":"ReadAction","target":["https:\/\/www.arepoquality.eu\/fr\/2020\/05\/19\/faire-face-au-covid-19-les-mesures-prises-par-la-region-centre-val-de-loire\/"]}]},{"@type":"BreadcrumbList","@id":"https:\/\/www.arepoquality.eu\/fr\/2020\/05\/19\/faire-face-au-covid-19-les-mesures-prises-par-la-region-centre-val-de-loire\/#breadcrumb","itemListElement":[{"@type":"ListItem","position":1,"name":"Home","item":"https:\/\/www.arepoquality.eu\/"},{"@type":"ListItem","position":2,"name":"Faire face au COVID-19 : les mesures prises par la r\u00e9gion Centre-Val de Loire"}]},{"@type":"WebSite","@id":"https:\/\/www.arepoquality.eu\/#website","url":"https:\/\/www.arepoquality.eu\/","name":"AREPO","description":"","publisher":{"@id":"https:\/\/www.arepoquality.eu\/#organization"},"potentialAction":[{"@type":"SearchAction","target":{"@type":"EntryPoint","urlTemplate":"https:\/\/www.arepoquality.eu\/?s={search_term_string}"},"query-input":{"@type":"PropertyValueSpecification","valueRequired":true,"valueName":"search_term_string"}}],"inLanguage":"fr-FR"},{"@type":"Organization","@id":"https:\/\/www.arepoquality.eu\/#organization","name":"AREPO","url":"https:\/\/www.arepoquality.eu\/","logo":{"@type":"ImageObject","inLanguage":"fr-FR","@id":"https:\/\/www.arepoquality.eu\/#\/schema\/logo\/image\/","url":"https:\/\/www.arepoquality.eu\/wp-content\/uploads\/2024\/05\/arepo.jpg","contentUrl":"https:\/\/www.arepoquality.eu\/wp-content\/uploads\/2024\/05\/arepo.jpg","width":1113,"height":705,"caption":"AREPO"},"image":{"@id":"https:\/\/www.arepoquality.eu\/#\/schema\/logo\/image\/"},"sameAs":["https:\/\/www.facebook.com\/arepoquality\/","https:\/\/x.com\/arepoquality_eu","https:\/\/www.linkedin.com\/company\/arepoquality\/?viewAsMember=true"]},{"@type":"Person","@id":"https:\/\/www.arepoquality.eu\/#\/schema\/person\/45550165fffb5c0705e14a58767af5a2","name":"Giulia Scaglioni","url":"https:\/\/www.arepoquality.eu\/fr\/author\/giulia-scaglioni\/"}]}},"_links":{"self":[{"href":"https:\/\/www.arepoquality.eu\/fr\/wp-json\/wp\/v2\/posts\/818","targetHints":{"allow":["GET"]}}],"collection":[{"href":"https:\/\/www.arepoquality.eu\/fr\/wp-json\/wp\/v2\/posts"}],"about":[{"href":"https:\/\/www.arepoquality.eu\/fr\/wp-json\/wp\/v2\/types\/post"}],"author":[{"embeddable":true,"href":"https:\/\/www.arepoquality.eu\/fr\/wp-json\/wp\/v2\/users\/2"}],"replies":[{"embeddable":true,"href":"https:\/\/www.arepoquality.eu\/fr\/wp-json\/wp\/v2\/comments?post=818"}],"version-history":[{"count":1,"href":"https:\/\/www.arepoquality.eu\/fr\/wp-json\/wp\/v2\/posts\/818\/revisions"}],"predecessor-version":[{"id":2044,"href":"https:\/\/www.arepoquality.eu\/fr\/wp-json\/wp\/v2\/posts\/818\/revisions\/2044"}],"wp:attachment":[{"href":"https:\/\/www.arepoquality.eu\/fr\/wp-json\/wp\/v2\/media?parent=818"}],"wp:term":[{"taxonomy":"category","embeddable":true,"href":"https:\/\/www.arepoquality.eu\/fr\/wp-json\/wp\/v2\/categories?post=818"},{"taxonomy":"post_tag","embeddable":true,"href":"https:\/\/www.arepoquality.eu\/fr\/wp-json\/wp\/v2\/tags?post=818"}],"curies":[{"name":"wp","href":"https:\/\/api.w.org\/{rel}","templated":true}]}}