{"id":819,"date":"2020-05-26T12:28:47","date_gmt":"2020-05-26T10:28:47","guid":{"rendered":"http:\/\/252373706c.url-de-test.ws\/arepo\/2020\/05\/26\/la-commission-europeenne-devoile-sa-strategie-de-la-ferme-a-la-table-pour-des-systemes-alimentaires-plus-durables\/"},"modified":"2021-06-29T10:55:38","modified_gmt":"2021-06-29T08:55:38","slug":"la-commission-europeenne-devoile-sa-strategie-de-la-ferme-a-la-table-pour-des-systemes-alimentaires-plus-durables","status":"publish","type":"post","link":"https:\/\/www.arepoquality.eu\/fr\/2020\/05\/26\/la-commission-europeenne-devoile-sa-strategie-de-la-ferme-a-la-table-pour-des-systemes-alimentaires-plus-durables\/","title":{"rendered":"La Commission europ\u00e9enne d\u00e9voile sa strat\u00e9gie \u00ab De la ferme \u00e0 la table \u00bb pour des syst\u00e8mes alimentaires plus durables"},"content":{"rendered":"<p>Le 20 mai dernier, la Commission europ\u00e9enne a pr\u00e9sent\u00e9 les strat\u00e9gies <a href=\"https:\/\/eur-lex.europa.eu\/legal-content\/FR\/TXT\/?qid=1590404602495&amp;uri=CELEX%3A52020DC0381\"><strong><em>\u00ab&nbsp;De la ferme \u00e0 la table&nbsp;\u00bb<\/em><\/strong><\/a> et <a href=\"https:\/\/ec.europa.eu\/info\/files\/communication-eu-biodiversity-strategy-2030-bringing-nature-back-our-lives_fr\"><strong><em>\u00ab&nbsp;Biodiversit\u00e9&nbsp;\u00bb<\/em><\/strong>,<\/a> qui visent respectivement \u00e0 <strong>cr\u00e9er des syst\u00e8mes alimentaires plus durables et \u00e0 enrayer la perte de biodiversit\u00e9 dans l&rsquo;Union europ\u00e9enne<\/strong>. Avec leur ensemble d&rsquo;actions et d&rsquo;engagements affich\u00e9s comme ambitieux, elles devraient \u00eatre au c\u0153ur du <strong>Pacte Vert europ\u00e9en&nbsp;<\/strong>ainsi qu&rsquo;un \u00e9l\u00e9ment cl\u00e9 du <strong>plan de relance de l&rsquo;UE<\/strong>, souhaitant ouvrir une nouvelle voie pour relancer l&rsquo;\u00e9conomie de l&rsquo;UE apr\u00e8s le Coronavirus, avec la n\u00e9cessit\u00e9 d&rsquo;un <em>\u00ab&nbsp;syst\u00e8me alimentaire solide et r\u00e9silient qui continue \u00e0 fonctionner en toutes circonstances, capable de garantir l&rsquo;acc\u00e8s des citoyens \u00e0 une offre suffisante de nourriture \u00e0 un prix abordable&nbsp;\u00bb.<\/em><\/p>\n<p>L&rsquo;AREPO se f\u00e9licite de la publication des deux strat\u00e9gies, consciente de la contribution des Indications G\u00e9ographiques (IG) au <strong>d\u00e9veloppement rural durable et \u00e0 la r\u00e9silience des zones rurales et marginales<\/strong> ainsi que de <strong>leur potentiel en termes de protection du paysage rural et de conservation de la biodiversit\u00e9<\/strong>. En cons\u00e9quence, nous nous r\u00e9jouissons de constater que, parmi les 27 actions propos\u00e9es notamment par la strat\u00e9gie De la ferme \u00e0 la table, certaines sont orient\u00e9es vers la <strong>priorit\u00e9 g\u00e9n\u00e9rale de la Commission de renforcer le syst\u00e8me des IG<\/strong>.<\/p>\n<p>En effet, la Commission <strong>devrait renforcer le cadre l\u00e9gislatif sur les IG <\/strong>et, le cas \u00e9ch\u00e9ant, <strong>inclure des crit\u00e8res de durabilit\u00e9 sp\u00e9cifiques<\/strong> (<em>Action 18<\/em>). Cela pourrait contribuer \u00e0 reconna\u00eetre et \u00e0 promouvoir la participation des IG \u00e0 la durabilit\u00e9 environnementale, sociale et \u00e9conomique. N\u00e9anmoins, il faut veiller \u00e0 <strong>ne pas compromettre<\/strong> la justification juridique de l&rsquo;exception des IG au regard du droit de la propri\u00e9t\u00e9 intellectuelle, c&rsquo;est-\u00e0-dire <strong>le lien avec le territoire qui justifie la r\u00e9servation du terme g\u00e9ographique<\/strong>. En outre, dans le cadre des actions concernant <strong>les r\u00e8gles de concurrence<\/strong> (<em>Actions 10 et 11<\/em>), la Commission devrait travailler \u00e9galement avec les col\u00e9gislateurs pour am\u00e9liorer les r\u00e8gles agricoles qui renforcent la position des agriculteurs dans la cha\u00eene d&rsquo;approvisionnement alimentaire, comme les syst\u00e8mes de qualit\u00e9 de l&rsquo;UE. <strong>La lutte contre la fraude alimentaire tout au long de la cha\u00eene d&rsquo;approvisionnement alimentaire<\/strong> <em>(Action 19)<\/em> aura \u00e9galement un effet positif sur le secteur des IG.<\/p>\n<p>Dans le but de fournir des informations claires sur les aliments sains et durables et de responsabiliser les consommateurs, elle met \u00e9galement l&rsquo;accent sur <strong>l&rsquo;am\u00e9lioration de l&rsquo;\u00e9tiquetage<\/strong>. En 2022, une <a href=\"https:\/\/ec.europa.eu\/food\/sites\/food\/files\/safety\/docs\/labelling-nutrition_fop-report-2020-207_fr.pdf\"><strong>proposition d&rsquo;harmonisation de l&rsquo;\u00e9tiquetage nutritionnel obligatoire sur le devant des emballages<\/strong><\/a> <em>(Action 20)<\/em> sera publi\u00e9e et la CE travaillera sur une <strong>proposition visant \u00e0 \u00e9tendre l&rsquo;indication obligatoire de l&rsquo;origine \u00e0 certains produits<\/strong> <em>(Action 21)<\/em>. Enfin, la CE examinera \u00e9galement les moyens d&rsquo;harmoniser les all\u00e9gations \u00e9cologiques volontaires et de cr\u00e9er un <strong>cadre d&rsquo;\u00e9tiquetage alimentaire durable<\/strong> qui couvre les aspects nutritionnels, climatiques, environnementaux et sociaux des produits alimentaires <em>(Action 23).<\/em><\/p>\n<p>Tout en reconnaissant l&rsquo;importance de fournir des informations pr\u00e9cises et compl\u00e8tes aux consommateurs, il convient de garder \u00e0 l&rsquo;esprit <strong>le risque d&rsquo;une information trop simplifi\u00e9e sur les produits<\/strong>, notamment en ce qui concerne les profils nutritionnels et l&rsquo;\u00e9tiquetage nutritionnel. Les actions visant \u00e0 faire des choix alimentaires sains et durables devraient privil\u00e9gier une <strong>approche de l&rsquo;alimentation \u00e9quilibr\u00e9e<\/strong> et ne pas se limiter \u00e0 l&rsquo;analyse de la teneur en graisses, en sucres et en sel. Les profils nutritionnels conduisant \u00e0 la reformulation des produits <em>(Actions 15 et 16)<\/em>, <strong>menacent de modifier la nature m\u00eame des produits comme les IG<\/strong>, <strong>r\u00e9sultant du savoir-faire et des techniques de production traditionnels.<\/strong><\/p>\n<p>De m\u00eame, en ce qui concerne le <strong>renforcement de la contribution de la politique de promotion \u00e0 la production et \u00e0 la consommation durables<\/strong> <em>(Action 24)<\/em>, le rendement carbone ne devrait pas \u00eatre utilis\u00e9 comme principal crit\u00e8re pour mesurer la durabilit\u00e9. Une <strong>approche holistique<\/strong> est n\u00e9cessaire, prenant en compte toutes les dimensions de la durabilit\u00e9. Des produits comme les IG, couverts en priorit\u00e9 par cette strat\u00e9gie et souvent associ\u00e9s \u00e0 la production de plusieurs biens publics, devraient \u00eatre consid\u00e9r\u00e9s comme les meilleures pratiques de production dans le futur syst\u00e8me alimentaire europ\u00e9en durable.<\/p>\n<p>En outre, afin d&rsquo;am\u00e9liorer la disponibilit\u00e9 et le prix des denr\u00e9es alimentaires durables et de promouvoir des r\u00e9gimes alimentaires sains et durables dans la restauration collective, la Commission <strong>s\u2019engage \u00e0 d\u00e9terminer les meilleures modalit\u00e9s pour fixer des<\/strong> <strong>crit\u00e8res obligatoires minimums pour l&rsquo;achat de denr\u00e9es alimentaires durables<\/strong> <em>(Action 22)<\/em>. La d\u00e9finition de crit\u00e8res minimaux obligatoires aiderait les villes, les r\u00e9gions et les pouvoirs publics \u00e0 s&rsquo;approvisionner en denr\u00e9es alimentaires durables pour la cantine publique et favorisera, indirectement, les syst\u00e8mes d&rsquo;exploitation agricole durables.<\/p>\n<p><strong>D&rsquo;ici 2030<\/strong>, la nouvelle politique alimentaire phare de l&rsquo;UE propose de <strong>r\u00e9duire de 50 % l&rsquo;utilisation et les risques li\u00e9s aux pesticides, de r\u00e9duire d&rsquo;au moins 20 % l&rsquo;utilisation d&rsquo;engrais, de r\u00e9duire de 50 % les ventes d&rsquo;antimicrobiens utilis\u00e9s pour les animaux d&rsquo;\u00e9levage et l&rsquo;aquaculture, et d&rsquo;atteindre 25 % des terres agricoles consacr\u00e9es \u00e0 l&rsquo;agriculture biologique.<\/strong><\/p>\n<p>Enfin, la Commission fera une <strong>proposition l\u00e9gislative pour un cadre pour un syst\u00e8me alimentaire durable avant la fin de 2023<\/strong> <em>(Action 1)<\/em>. Ce cadre contiendra des <strong>d\u00e9finitions communes<\/strong> <strong>et des principes et exigences g\u00e9n\u00e9raux<\/strong> pour des syst\u00e8mes alimentaires et des denr\u00e9es alimentaires durables. En plus, il abordera <strong>les responsabilit\u00e9s de<\/strong> <strong>tous les acteurs<\/strong> du syst\u00e8me alimentaire.<\/p>\n<p>L&rsquo;AREPO travaillera avec la Commission et les autres Institutions de l&rsquo;UE afin de garantir la place et la reconnaissance ad\u00e9quates des Indications G\u00e9ographiques et des syst\u00e8mes officiels de qualit\u00e9 pour les produits agricoles, alimentaires et viticoles.<\/p>\n<p><strong><u>Liens utiles : <\/u><\/strong><\/p>\n<p><strong>De la ferme \u00e0 la table<\/strong> : t\u00e9l\u00e9chargez la communication compl\u00e8te <a href=\"https:\/\/eur-lex.europa.eu\/legal-content\/FR\/TXT\/?qid=1590404602495&amp;uri=CELEX%3A52020DC0381\"><strong>ici<\/strong><\/a>. D&rsquo;autres documents et explications sont disponibles <a href=\"https:\/\/ec.europa.eu\/food\/farm2fork_en\"><strong>ici<\/strong><\/a>.<\/p>\n<p>Cliquez <a href=\"https:\/\/ec.europa.eu\/info\/law\/better-regulation\/have-your-say\/initiatives\/12183-Farm-to-Fork-Strategy\/F508581\"><strong>ici<\/strong><\/a> pour consulter la r\u00e9ponse de l&rsquo;AREPO \u00e0 la feuille de route publi\u00e9e en f\u00e9vrier 2020.<\/p>\n","protected":false},"excerpt":{"rendered":"<p>Le 20 mai dernier, la Commission europ\u00e9enne a pr\u00e9sent\u00e9 les strat\u00e9gies \u00ab&nbsp;De la ferme \u00e0 la table&nbsp;\u00bb et \u00ab&nbsp;Biodiversit\u00e9&nbsp;\u00bb, qui visent respectivement \u00e0 cr\u00e9er des syst\u00e8mes alimentaires plus durables et \u00e0 enrayer la perte de biodiversit\u00e9 dans l&rsquo;Union europ\u00e9enne. Avec leur ensemble d&rsquo;actions et d&rsquo;engagements affich\u00e9s comme ambitieux, elles devraient \u00eatre au c\u0153ur du Pacte [&hellip;]<\/p>\n","protected":false},"author":2,"featured_media":0,"comment_status":"closed","ping_status":"closed","sticky":false,"template":"","format":"standard","meta":{"_acf_changed":false,"footnotes":""},"categories":[100],"tags":[],"class_list":["post-819","post","type-post","status-publish","format-standard","hentry","category-farm-to-fork-fr"],"acf":[],"yoast_head":"<!-- This site is optimized with the Yoast SEO plugin v27.4 - https:\/\/yoast.com\/product\/yoast-seo-wordpress\/ -->\n<title>La Commission europ\u00e9enne d\u00e9voile sa strat\u00e9gie \u00ab De la ferme \u00e0 la table \u00bb pour des syst\u00e8mes alimentaires plus durables - AREPO<\/title>\n<meta name=\"robots\" content=\"index, follow, max-snippet:-1, max-image-preview:large, max-video-preview:-1\" \/>\n<link rel=\"canonical\" href=\"https:\/\/www.arepoquality.eu\/fr\/2020\/05\/26\/la-commission-europeenne-devoile-sa-strategie-de-la-ferme-a-la-table-pour-des-systemes-alimentaires-plus-durables\/\" \/>\n<meta property=\"og:locale\" content=\"fr_FR\" \/>\n<meta property=\"og:type\" content=\"article\" \/>\n<meta property=\"og:title\" content=\"La Commission europ\u00e9enne d\u00e9voile sa strat\u00e9gie \u00ab De la ferme \u00e0 la table \u00bb pour des syst\u00e8mes alimentaires plus durables - AREPO\" \/>\n<meta property=\"og:description\" content=\"Le 20 mai dernier, la Commission europ\u00e9enne a pr\u00e9sent\u00e9 les strat\u00e9gies \u00ab&nbsp;De la ferme \u00e0 la table&nbsp;\u00bb et \u00ab&nbsp;Biodiversit\u00e9&nbsp;\u00bb, qui visent respectivement \u00e0 cr\u00e9er des syst\u00e8mes alimentaires plus durables et \u00e0 enrayer la perte de biodiversit\u00e9 dans l&rsquo;Union europ\u00e9enne. Avec leur ensemble d&rsquo;actions et d&rsquo;engagements affich\u00e9s comme ambitieux, elles devraient \u00eatre au c\u0153ur du Pacte [&hellip;]\" \/>\n<meta property=\"og:url\" content=\"https:\/\/www.arepoquality.eu\/fr\/2020\/05\/26\/la-commission-europeenne-devoile-sa-strategie-de-la-ferme-a-la-table-pour-des-systemes-alimentaires-plus-durables\/\" \/>\n<meta property=\"og:site_name\" content=\"AREPO\" \/>\n<meta property=\"article:publisher\" content=\"https:\/\/www.facebook.com\/arepoquality\/\" \/>\n<meta property=\"article:published_time\" content=\"2020-05-26T10:28:47+00:00\" \/>\n<meta property=\"article:modified_time\" content=\"2021-06-29T08:55:38+00:00\" \/>\n<meta name=\"author\" content=\"Giulia Scaglioni\" \/>\n<meta name=\"twitter:card\" content=\"summary_large_image\" \/>\n<meta name=\"twitter:creator\" content=\"@arepoquality_eu\" \/>\n<meta name=\"twitter:site\" content=\"@arepoquality_eu\" \/>\n<meta name=\"twitter:label1\" content=\"\u00c9crit par\" \/>\n\t<meta name=\"twitter:data1\" content=\"Giulia Scaglioni\" \/>\n\t<meta name=\"twitter:label2\" content=\"Dur\u00e9e de lecture estim\u00e9e\" \/>\n\t<meta name=\"twitter:data2\" content=\"5 minutes\" \/>\n<script type=\"application\/ld+json\" class=\"yoast-schema-graph\">{\"@context\":\"https:\\\/\\\/schema.org\",\"@graph\":[{\"@type\":\"Article\",\"@id\":\"https:\\\/\\\/www.arepoquality.eu\\\/fr\\\/2020\\\/05\\\/26\\\/la-commission-europeenne-devoile-sa-strategie-de-la-ferme-a-la-table-pour-des-systemes-alimentaires-plus-durables\\\/#article\",\"isPartOf\":{\"@id\":\"https:\\\/\\\/www.arepoquality.eu\\\/fr\\\/2020\\\/05\\\/26\\\/la-commission-europeenne-devoile-sa-strategie-de-la-ferme-a-la-table-pour-des-systemes-alimentaires-plus-durables\\\/\"},\"author\":{\"name\":\"Giulia Scaglioni\",\"@id\":\"https:\\\/\\\/www.arepoquality.eu\\\/#\\\/schema\\\/person\\\/45550165fffb5c0705e14a58767af5a2\"},\"headline\":\"La Commission europ\u00e9enne d\u00e9voile sa strat\u00e9gie \u00ab De la ferme \u00e0 la table \u00bb pour des syst\u00e8mes alimentaires plus durables\",\"datePublished\":\"2020-05-26T10:28:47+00:00\",\"dateModified\":\"2021-06-29T08:55:38+00:00\",\"mainEntityOfPage\":{\"@id\":\"https:\\\/\\\/www.arepoquality.eu\\\/fr\\\/2020\\\/05\\\/26\\\/la-commission-europeenne-devoile-sa-strategie-de-la-ferme-a-la-table-pour-des-systemes-alimentaires-plus-durables\\\/\"},\"wordCount\":998,\"publisher\":{\"@id\":\"https:\\\/\\\/www.arepoquality.eu\\\/#organization\"},\"articleSection\":[\"De la ferme \u00e0 la table\"],\"inLanguage\":\"fr-FR\"},{\"@type\":\"WebPage\",\"@id\":\"https:\\\/\\\/www.arepoquality.eu\\\/fr\\\/2020\\\/05\\\/26\\\/la-commission-europeenne-devoile-sa-strategie-de-la-ferme-a-la-table-pour-des-systemes-alimentaires-plus-durables\\\/\",\"url\":\"https:\\\/\\\/www.arepoquality.eu\\\/fr\\\/2020\\\/05\\\/26\\\/la-commission-europeenne-devoile-sa-strategie-de-la-ferme-a-la-table-pour-des-systemes-alimentaires-plus-durables\\\/\",\"name\":\"La Commission europ\u00e9enne d\u00e9voile sa strat\u00e9gie \u00ab De la ferme \u00e0 la table \u00bb pour des syst\u00e8mes alimentaires plus durables - AREPO\",\"isPartOf\":{\"@id\":\"https:\\\/\\\/www.arepoquality.eu\\\/#website\"},\"datePublished\":\"2020-05-26T10:28:47+00:00\",\"dateModified\":\"2021-06-29T08:55:38+00:00\",\"breadcrumb\":{\"@id\":\"https:\\\/\\\/www.arepoquality.eu\\\/fr\\\/2020\\\/05\\\/26\\\/la-commission-europeenne-devoile-sa-strategie-de-la-ferme-a-la-table-pour-des-systemes-alimentaires-plus-durables\\\/#breadcrumb\"},\"inLanguage\":\"fr-FR\",\"potentialAction\":[{\"@type\":\"ReadAction\",\"target\":[\"https:\\\/\\\/www.arepoquality.eu\\\/fr\\\/2020\\\/05\\\/26\\\/la-commission-europeenne-devoile-sa-strategie-de-la-ferme-a-la-table-pour-des-systemes-alimentaires-plus-durables\\\/\"]}]},{\"@type\":\"BreadcrumbList\",\"@id\":\"https:\\\/\\\/www.arepoquality.eu\\\/fr\\\/2020\\\/05\\\/26\\\/la-commission-europeenne-devoile-sa-strategie-de-la-ferme-a-la-table-pour-des-systemes-alimentaires-plus-durables\\\/#breadcrumb\",\"itemListElement\":[{\"@type\":\"ListItem\",\"position\":1,\"name\":\"Home\",\"item\":\"https:\\\/\\\/www.arepoquality.eu\\\/\"},{\"@type\":\"ListItem\",\"position\":2,\"name\":\"La Commission europ\u00e9enne d\u00e9voile sa strat\u00e9gie \u00ab De la ferme \u00e0 la table \u00bb pour des syst\u00e8mes alimentaires plus durables\"}]},{\"@type\":\"WebSite\",\"@id\":\"https:\\\/\\\/www.arepoquality.eu\\\/#website\",\"url\":\"https:\\\/\\\/www.arepoquality.eu\\\/\",\"name\":\"AREPO\",\"description\":\"\",\"publisher\":{\"@id\":\"https:\\\/\\\/www.arepoquality.eu\\\/#organization\"},\"potentialAction\":[{\"@type\":\"SearchAction\",\"target\":{\"@type\":\"EntryPoint\",\"urlTemplate\":\"https:\\\/\\\/www.arepoquality.eu\\\/?s={search_term_string}\"},\"query-input\":{\"@type\":\"PropertyValueSpecification\",\"valueRequired\":true,\"valueName\":\"search_term_string\"}}],\"inLanguage\":\"fr-FR\"},{\"@type\":\"Organization\",\"@id\":\"https:\\\/\\\/www.arepoquality.eu\\\/#organization\",\"name\":\"AREPO\",\"url\":\"https:\\\/\\\/www.arepoquality.eu\\\/\",\"logo\":{\"@type\":\"ImageObject\",\"inLanguage\":\"fr-FR\",\"@id\":\"https:\\\/\\\/www.arepoquality.eu\\\/#\\\/schema\\\/logo\\\/image\\\/\",\"url\":\"https:\\\/\\\/www.arepoquality.eu\\\/wp-content\\\/uploads\\\/2024\\\/05\\\/arepo.jpg\",\"contentUrl\":\"https:\\\/\\\/www.arepoquality.eu\\\/wp-content\\\/uploads\\\/2024\\\/05\\\/arepo.jpg\",\"width\":1113,\"height\":705,\"caption\":\"AREPO\"},\"image\":{\"@id\":\"https:\\\/\\\/www.arepoquality.eu\\\/#\\\/schema\\\/logo\\\/image\\\/\"},\"sameAs\":[\"https:\\\/\\\/www.facebook.com\\\/arepoquality\\\/\",\"https:\\\/\\\/x.com\\\/arepoquality_eu\",\"https:\\\/\\\/www.linkedin.com\\\/company\\\/arepoquality\\\/?viewAsMember=true\"]},{\"@type\":\"Person\",\"@id\":\"https:\\\/\\\/www.arepoquality.eu\\\/#\\\/schema\\\/person\\\/45550165fffb5c0705e14a58767af5a2\",\"name\":\"Giulia Scaglioni\",\"url\":\"https:\\\/\\\/www.arepoquality.eu\\\/fr\\\/author\\\/giulia-scaglioni\\\/\"}]}<\/script>\n<!-- \/ Yoast SEO plugin. -->","yoast_head_json":{"title":"La Commission europ\u00e9enne d\u00e9voile sa strat\u00e9gie \u00ab De la ferme \u00e0 la table \u00bb pour des syst\u00e8mes alimentaires plus durables - AREPO","robots":{"index":"index","follow":"follow","max-snippet":"max-snippet:-1","max-image-preview":"max-image-preview:large","max-video-preview":"max-video-preview:-1"},"canonical":"https:\/\/www.arepoquality.eu\/fr\/2020\/05\/26\/la-commission-europeenne-devoile-sa-strategie-de-la-ferme-a-la-table-pour-des-systemes-alimentaires-plus-durables\/","og_locale":"fr_FR","og_type":"article","og_title":"La Commission europ\u00e9enne d\u00e9voile sa strat\u00e9gie \u00ab De la ferme \u00e0 la table \u00bb pour des syst\u00e8mes alimentaires plus durables - AREPO","og_description":"Le 20 mai dernier, la Commission europ\u00e9enne a pr\u00e9sent\u00e9 les strat\u00e9gies \u00ab&nbsp;De la ferme \u00e0 la table&nbsp;\u00bb et \u00ab&nbsp;Biodiversit\u00e9&nbsp;\u00bb, qui visent respectivement \u00e0 cr\u00e9er des syst\u00e8mes alimentaires plus durables et \u00e0 enrayer la perte de biodiversit\u00e9 dans l&rsquo;Union europ\u00e9enne. Avec leur ensemble d&rsquo;actions et d&rsquo;engagements affich\u00e9s comme ambitieux, elles devraient \u00eatre au c\u0153ur du Pacte [&hellip;]","og_url":"https:\/\/www.arepoquality.eu\/fr\/2020\/05\/26\/la-commission-europeenne-devoile-sa-strategie-de-la-ferme-a-la-table-pour-des-systemes-alimentaires-plus-durables\/","og_site_name":"AREPO","article_publisher":"https:\/\/www.facebook.com\/arepoquality\/","article_published_time":"2020-05-26T10:28:47+00:00","article_modified_time":"2021-06-29T08:55:38+00:00","author":"Giulia Scaglioni","twitter_card":"summary_large_image","twitter_creator":"@arepoquality_eu","twitter_site":"@arepoquality_eu","twitter_misc":{"\u00c9crit par":"Giulia Scaglioni","Dur\u00e9e de lecture estim\u00e9e":"5 minutes"},"schema":{"@context":"https:\/\/schema.org","@graph":[{"@type":"Article","@id":"https:\/\/www.arepoquality.eu\/fr\/2020\/05\/26\/la-commission-europeenne-devoile-sa-strategie-de-la-ferme-a-la-table-pour-des-systemes-alimentaires-plus-durables\/#article","isPartOf":{"@id":"https:\/\/www.arepoquality.eu\/fr\/2020\/05\/26\/la-commission-europeenne-devoile-sa-strategie-de-la-ferme-a-la-table-pour-des-systemes-alimentaires-plus-durables\/"},"author":{"name":"Giulia Scaglioni","@id":"https:\/\/www.arepoquality.eu\/#\/schema\/person\/45550165fffb5c0705e14a58767af5a2"},"headline":"La Commission europ\u00e9enne d\u00e9voile sa strat\u00e9gie \u00ab De la ferme \u00e0 la table \u00bb pour des syst\u00e8mes alimentaires plus durables","datePublished":"2020-05-26T10:28:47+00:00","dateModified":"2021-06-29T08:55:38+00:00","mainEntityOfPage":{"@id":"https:\/\/www.arepoquality.eu\/fr\/2020\/05\/26\/la-commission-europeenne-devoile-sa-strategie-de-la-ferme-a-la-table-pour-des-systemes-alimentaires-plus-durables\/"},"wordCount":998,"publisher":{"@id":"https:\/\/www.arepoquality.eu\/#organization"},"articleSection":["De la ferme \u00e0 la table"],"inLanguage":"fr-FR"},{"@type":"WebPage","@id":"https:\/\/www.arepoquality.eu\/fr\/2020\/05\/26\/la-commission-europeenne-devoile-sa-strategie-de-la-ferme-a-la-table-pour-des-systemes-alimentaires-plus-durables\/","url":"https:\/\/www.arepoquality.eu\/fr\/2020\/05\/26\/la-commission-europeenne-devoile-sa-strategie-de-la-ferme-a-la-table-pour-des-systemes-alimentaires-plus-durables\/","name":"La Commission europ\u00e9enne d\u00e9voile sa strat\u00e9gie \u00ab De la ferme \u00e0 la table \u00bb pour des syst\u00e8mes alimentaires plus durables - AREPO","isPartOf":{"@id":"https:\/\/www.arepoquality.eu\/#website"},"datePublished":"2020-05-26T10:28:47+00:00","dateModified":"2021-06-29T08:55:38+00:00","breadcrumb":{"@id":"https:\/\/www.arepoquality.eu\/fr\/2020\/05\/26\/la-commission-europeenne-devoile-sa-strategie-de-la-ferme-a-la-table-pour-des-systemes-alimentaires-plus-durables\/#breadcrumb"},"inLanguage":"fr-FR","potentialAction":[{"@type":"ReadAction","target":["https:\/\/www.arepoquality.eu\/fr\/2020\/05\/26\/la-commission-europeenne-devoile-sa-strategie-de-la-ferme-a-la-table-pour-des-systemes-alimentaires-plus-durables\/"]}]},{"@type":"BreadcrumbList","@id":"https:\/\/www.arepoquality.eu\/fr\/2020\/05\/26\/la-commission-europeenne-devoile-sa-strategie-de-la-ferme-a-la-table-pour-des-systemes-alimentaires-plus-durables\/#breadcrumb","itemListElement":[{"@type":"ListItem","position":1,"name":"Home","item":"https:\/\/www.arepoquality.eu\/"},{"@type":"ListItem","position":2,"name":"La Commission europ\u00e9enne d\u00e9voile sa strat\u00e9gie \u00ab De la ferme \u00e0 la table \u00bb pour des syst\u00e8mes alimentaires plus durables"}]},{"@type":"WebSite","@id":"https:\/\/www.arepoquality.eu\/#website","url":"https:\/\/www.arepoquality.eu\/","name":"AREPO","description":"","publisher":{"@id":"https:\/\/www.arepoquality.eu\/#organization"},"potentialAction":[{"@type":"SearchAction","target":{"@type":"EntryPoint","urlTemplate":"https:\/\/www.arepoquality.eu\/?s={search_term_string}"},"query-input":{"@type":"PropertyValueSpecification","valueRequired":true,"valueName":"search_term_string"}}],"inLanguage":"fr-FR"},{"@type":"Organization","@id":"https:\/\/www.arepoquality.eu\/#organization","name":"AREPO","url":"https:\/\/www.arepoquality.eu\/","logo":{"@type":"ImageObject","inLanguage":"fr-FR","@id":"https:\/\/www.arepoquality.eu\/#\/schema\/logo\/image\/","url":"https:\/\/www.arepoquality.eu\/wp-content\/uploads\/2024\/05\/arepo.jpg","contentUrl":"https:\/\/www.arepoquality.eu\/wp-content\/uploads\/2024\/05\/arepo.jpg","width":1113,"height":705,"caption":"AREPO"},"image":{"@id":"https:\/\/www.arepoquality.eu\/#\/schema\/logo\/image\/"},"sameAs":["https:\/\/www.facebook.com\/arepoquality\/","https:\/\/x.com\/arepoquality_eu","https:\/\/www.linkedin.com\/company\/arepoquality\/?viewAsMember=true"]},{"@type":"Person","@id":"https:\/\/www.arepoquality.eu\/#\/schema\/person\/45550165fffb5c0705e14a58767af5a2","name":"Giulia Scaglioni","url":"https:\/\/www.arepoquality.eu\/fr\/author\/giulia-scaglioni\/"}]}},"_links":{"self":[{"href":"https:\/\/www.arepoquality.eu\/fr\/wp-json\/wp\/v2\/posts\/819","targetHints":{"allow":["GET"]}}],"collection":[{"href":"https:\/\/www.arepoquality.eu\/fr\/wp-json\/wp\/v2\/posts"}],"about":[{"href":"https:\/\/www.arepoquality.eu\/fr\/wp-json\/wp\/v2\/types\/post"}],"author":[{"embeddable":true,"href":"https:\/\/www.arepoquality.eu\/fr\/wp-json\/wp\/v2\/users\/2"}],"replies":[{"embeddable":true,"href":"https:\/\/www.arepoquality.eu\/fr\/wp-json\/wp\/v2\/comments?post=819"}],"version-history":[{"count":1,"href":"https:\/\/www.arepoquality.eu\/fr\/wp-json\/wp\/v2\/posts\/819\/revisions"}],"predecessor-version":[{"id":2023,"href":"https:\/\/www.arepoquality.eu\/fr\/wp-json\/wp\/v2\/posts\/819\/revisions\/2023"}],"wp:attachment":[{"href":"https:\/\/www.arepoquality.eu\/fr\/wp-json\/wp\/v2\/media?parent=819"}],"wp:term":[{"taxonomy":"category","embeddable":true,"href":"https:\/\/www.arepoquality.eu\/fr\/wp-json\/wp\/v2\/categories?post=819"},{"taxonomy":"post_tag","embeddable":true,"href":"https:\/\/www.arepoquality.eu\/fr\/wp-json\/wp\/v2\/tags?post=819"}],"curies":[{"name":"wp","href":"https:\/\/api.w.org\/{rel}","templated":true}]}}