{"id":828,"date":"2012-10-24T13:45:01","date_gmt":"2012-10-24T11:45:01","guid":{"rendered":"http:\/\/252373706c.url-de-test.ws\/arepo\/2012\/10\/24\/assemblee-generale-arepo-le-president-rabboni-satisfait-des-resultats-obtenus\/"},"modified":"2021-08-12T17:37:40","modified_gmt":"2021-08-12T15:37:40","slug":"assemblee-generale-arepo-le-president-rabboni-satisfait-des-resultats-obtenus","status":"publish","type":"post","link":"https:\/\/www.arepoquality.eu\/fr\/2012\/10\/24\/assemblee-generale-arepo-le-president-rabboni-satisfait-des-resultats-obtenus\/","title":{"rendered":"Assembl\u00e9e g\u00e9n\u00e9rale AREPO. Le Pr\u00e9sident Rabboni: \u00ab\u00a0Satisfait des r\u00e9sultats obtenus\u00a0\u00bb"},"content":{"rendered":"<p>Le ministre r\u00e9gional de l&rsquo;Agriculture de l&rsquo;Emilie-Romagne, Tiberio Rabboni, a ferm\u00e9 les travaux de la seconde r\u00e9union pl\u00e9ni\u00e8re annuelle de l&rsquo;AREPO (Association des R\u00e9gions Europ\u00e9ennes des Produits d&rsquo;origine), dont il est le pr\u00e9sident en se disant satisfait des r\u00e9sultats obtenus \u00e0 ce jour dans l&rsquo;Union europ\u00e9enne, pour l&rsquo;am\u00e9lioration de la qualit\u00e9 des productions : \u00abC&rsquo;est un r\u00e9sultat qui a \u00e9t\u00e9 rendu possible gr\u00e2ce \u00e0 nos initiatives et l&rsquo;engagement constant qui a permis l\u2019acceptation, \u00e0 l\u2019int\u00e9rieur du paquet qualit\u00e9 des propositions sur la lutte contre la contrefa\u00e7on et la falsification des produits b\u00e9n\u00e9ficiant d&rsquo;une appellation d&rsquo;origine prot\u00e9g\u00e9e. Nous nous r\u00e9jouissons que, dans le paquet lait, nous la possibilit\u00e9 a \u00e9t\u00e9 donn\u00e9e aux consortiums, de g\u00e9rer le volume de production de fromages comme le Parmigiano-Reggiano et le Grana Padano \u00ab\u00a0.<\/p>\n<p>A la veille de la phase finale du d\u00e9bat sur la PAC, pour l\u2019AREPO, il est maintenant \u00ab\u00a0besoin d&rsquo;intensifier cette approche proactive, en essayant de capturer d&rsquo;autres objectifs importants et de sensibiliser l&rsquo;Europe sur le cas des produits certifi\u00e9s.\u00a0\u00bb<\/p>\n<p>En particulier, le Pr\u00e9sident Rabboni a demand\u00e9&nbsp;:&nbsp;\u00ab&nbsp;que la r\u00e9partition des ressources entre les 27 Etats membres, tienne compte non seulement de la superficie cultiv\u00e9e, mais aussi de la valeur des produits de qualit\u00e9 fabriqu\u00e9s. Nous proposons \u00e9galement d&rsquo;\u00e9tendre \u00e0 tous les consortiums AOP et IGP, non pas seulement \u00e0 ceux du fromage, la possibilit\u00e9 m\u00eame d&rsquo;intervenir dans la gestion des volumes de production. Enfin, nous esp\u00e9rons que seront mis \u00e0 disposition des fonds sp\u00e9cifiques pour soutenir ces productions dans les futurs programmes de d\u00e9veloppement rural. \u00ab\u00a0<\/p>\n","protected":false},"excerpt":{"rendered":"<p>Le ministre r\u00e9gional de l&rsquo;Agriculture de l&rsquo;Emilie-Romagne, Tiberio Rabboni, a ferm\u00e9 les travaux de la seconde r\u00e9union pl\u00e9ni\u00e8re annuelle de l&rsquo;AREPO (Association des R\u00e9gions Europ\u00e9ennes des Produits d&rsquo;origine), dont il est le pr\u00e9sident en se disant satisfait des r\u00e9sultats obtenus \u00e0 ce jour dans l&rsquo;Union europ\u00e9enne, pour l&rsquo;am\u00e9lioration de la qualit\u00e9 des productions : \u00abC&rsquo;est [&hellip;]<\/p>\n","protected":false},"author":2,"featured_media":0,"comment_status":"closed","ping_status":"closed","sticky":false,"template":"","format":"standard","meta":{"_acf_changed":false,"footnotes":""},"categories":[160,106],"tags":[],"class_list":["post-828","post","type-post","status-publish","format-standard","hentry","category-evenements-arepo","category-reunions-arepo-fr"],"acf":[],"yoast_head":"<!-- This site is optimized with the Yoast SEO plugin v27.5 - https:\/\/yoast.com\/product\/yoast-seo-wordpress\/ -->\n<title>Assembl\u00e9e g\u00e9n\u00e9rale AREPO. Le Pr\u00e9sident Rabboni: &quot;Satisfait des r\u00e9sultats obtenus&quot; - AREPO<\/title>\n<meta name=\"robots\" content=\"index, follow, max-snippet:-1, max-image-preview:large, max-video-preview:-1\" \/>\n<link rel=\"canonical\" href=\"https:\/\/www.arepoquality.eu\/fr\/2012\/10\/24\/assemblee-generale-arepo-le-president-rabboni-satisfait-des-resultats-obtenus\/\" \/>\n<meta property=\"og:locale\" content=\"fr_FR\" \/>\n<meta property=\"og:type\" content=\"article\" \/>\n<meta property=\"og:title\" content=\"Assembl\u00e9e g\u00e9n\u00e9rale AREPO. Le Pr\u00e9sident Rabboni: &quot;Satisfait des r\u00e9sultats obtenus&quot; - AREPO\" \/>\n<meta property=\"og:description\" content=\"Le ministre r\u00e9gional de l&rsquo;Agriculture de l&rsquo;Emilie-Romagne, Tiberio Rabboni, a ferm\u00e9 les travaux de la seconde r\u00e9union pl\u00e9ni\u00e8re annuelle de l&rsquo;AREPO (Association des R\u00e9gions Europ\u00e9ennes des Produits d&rsquo;origine), dont il est le pr\u00e9sident en se disant satisfait des r\u00e9sultats obtenus \u00e0 ce jour dans l&rsquo;Union europ\u00e9enne, pour l&rsquo;am\u00e9lioration de la qualit\u00e9 des productions : \u00abC&rsquo;est [&hellip;]\" \/>\n<meta property=\"og:url\" content=\"https:\/\/www.arepoquality.eu\/fr\/2012\/10\/24\/assemblee-generale-arepo-le-president-rabboni-satisfait-des-resultats-obtenus\/\" \/>\n<meta property=\"og:site_name\" content=\"AREPO\" \/>\n<meta property=\"article:publisher\" content=\"https:\/\/www.facebook.com\/arepoquality\/\" \/>\n<meta property=\"article:published_time\" content=\"2012-10-24T11:45:01+00:00\" \/>\n<meta property=\"article:modified_time\" content=\"2021-08-12T15:37:40+00:00\" \/>\n<meta name=\"author\" content=\"Giulia Scaglioni\" \/>\n<meta name=\"twitter:card\" content=\"summary_large_image\" \/>\n<meta name=\"twitter:creator\" content=\"@arepoquality_eu\" \/>\n<meta name=\"twitter:site\" content=\"@arepoquality_eu\" \/>\n<meta name=\"twitter:label1\" content=\"\u00c9crit par\" \/>\n\t<meta name=\"twitter:data1\" content=\"Giulia Scaglioni\" \/>\n\t<meta name=\"twitter:label2\" content=\"Dur\u00e9e de lecture estim\u00e9e\" \/>\n\t<meta name=\"twitter:data2\" content=\"1 minute\" \/>\n<script type=\"application\/ld+json\" class=\"yoast-schema-graph\">{\"@context\":\"https:\\\/\\\/schema.org\",\"@graph\":[{\"@type\":\"Article\",\"@id\":\"https:\\\/\\\/www.arepoquality.eu\\\/fr\\\/2012\\\/10\\\/24\\\/assemblee-generale-arepo-le-president-rabboni-satisfait-des-resultats-obtenus\\\/#article\",\"isPartOf\":{\"@id\":\"https:\\\/\\\/www.arepoquality.eu\\\/fr\\\/2012\\\/10\\\/24\\\/assemblee-generale-arepo-le-president-rabboni-satisfait-des-resultats-obtenus\\\/\"},\"author\":{\"name\":\"Giulia Scaglioni\",\"@id\":\"https:\\\/\\\/www.arepoquality.eu\\\/#\\\/schema\\\/person\\\/45550165fffb5c0705e14a58767af5a2\"},\"headline\":\"Assembl\u00e9e g\u00e9n\u00e9rale AREPO. Le Pr\u00e9sident Rabboni: \u00ab\u00a0Satisfait des r\u00e9sultats obtenus\u00a0\u00bb\",\"datePublished\":\"2012-10-24T11:45:01+00:00\",\"dateModified\":\"2021-08-12T15:37:40+00:00\",\"mainEntityOfPage\":{\"@id\":\"https:\\\/\\\/www.arepoquality.eu\\\/fr\\\/2012\\\/10\\\/24\\\/assemblee-generale-arepo-le-president-rabboni-satisfait-des-resultats-obtenus\\\/\"},\"wordCount\":297,\"publisher\":{\"@id\":\"https:\\\/\\\/www.arepoquality.eu\\\/#organization\"},\"articleSection\":[\"\u00c9v\u00e8nement AREPO\",\"R\u00e9union AREPO\"],\"inLanguage\":\"fr-FR\"},{\"@type\":\"WebPage\",\"@id\":\"https:\\\/\\\/www.arepoquality.eu\\\/fr\\\/2012\\\/10\\\/24\\\/assemblee-generale-arepo-le-president-rabboni-satisfait-des-resultats-obtenus\\\/\",\"url\":\"https:\\\/\\\/www.arepoquality.eu\\\/fr\\\/2012\\\/10\\\/24\\\/assemblee-generale-arepo-le-president-rabboni-satisfait-des-resultats-obtenus\\\/\",\"name\":\"Assembl\u00e9e g\u00e9n\u00e9rale AREPO. Le Pr\u00e9sident Rabboni: \\\"Satisfait des r\u00e9sultats obtenus\\\" - AREPO\",\"isPartOf\":{\"@id\":\"https:\\\/\\\/www.arepoquality.eu\\\/#website\"},\"datePublished\":\"2012-10-24T11:45:01+00:00\",\"dateModified\":\"2021-08-12T15:37:40+00:00\",\"breadcrumb\":{\"@id\":\"https:\\\/\\\/www.arepoquality.eu\\\/fr\\\/2012\\\/10\\\/24\\\/assemblee-generale-arepo-le-president-rabboni-satisfait-des-resultats-obtenus\\\/#breadcrumb\"},\"inLanguage\":\"fr-FR\",\"potentialAction\":[{\"@type\":\"ReadAction\",\"target\":[\"https:\\\/\\\/www.arepoquality.eu\\\/fr\\\/2012\\\/10\\\/24\\\/assemblee-generale-arepo-le-president-rabboni-satisfait-des-resultats-obtenus\\\/\"]}]},{\"@type\":\"BreadcrumbList\",\"@id\":\"https:\\\/\\\/www.arepoquality.eu\\\/fr\\\/2012\\\/10\\\/24\\\/assemblee-generale-arepo-le-president-rabboni-satisfait-des-resultats-obtenus\\\/#breadcrumb\",\"itemListElement\":[{\"@type\":\"ListItem\",\"position\":1,\"name\":\"Home\",\"item\":\"https:\\\/\\\/www.arepoquality.eu\\\/\"},{\"@type\":\"ListItem\",\"position\":2,\"name\":\"Assembl\u00e9e g\u00e9n\u00e9rale AREPO. Le Pr\u00e9sident Rabboni: \u00ab\u00a0Satisfait des r\u00e9sultats obtenus\u00a0\u00bb\"}]},{\"@type\":\"WebSite\",\"@id\":\"https:\\\/\\\/www.arepoquality.eu\\\/#website\",\"url\":\"https:\\\/\\\/www.arepoquality.eu\\\/\",\"name\":\"AREPO\",\"description\":\"\",\"publisher\":{\"@id\":\"https:\\\/\\\/www.arepoquality.eu\\\/#organization\"},\"potentialAction\":[{\"@type\":\"SearchAction\",\"target\":{\"@type\":\"EntryPoint\",\"urlTemplate\":\"https:\\\/\\\/www.arepoquality.eu\\\/?s={search_term_string}\"},\"query-input\":{\"@type\":\"PropertyValueSpecification\",\"valueRequired\":true,\"valueName\":\"search_term_string\"}}],\"inLanguage\":\"fr-FR\"},{\"@type\":\"Organization\",\"@id\":\"https:\\\/\\\/www.arepoquality.eu\\\/#organization\",\"name\":\"AREPO\",\"url\":\"https:\\\/\\\/www.arepoquality.eu\\\/\",\"logo\":{\"@type\":\"ImageObject\",\"inLanguage\":\"fr-FR\",\"@id\":\"https:\\\/\\\/www.arepoquality.eu\\\/#\\\/schema\\\/logo\\\/image\\\/\",\"url\":\"https:\\\/\\\/www.arepoquality.eu\\\/wp-content\\\/uploads\\\/2024\\\/05\\\/arepo.jpg\",\"contentUrl\":\"https:\\\/\\\/www.arepoquality.eu\\\/wp-content\\\/uploads\\\/2024\\\/05\\\/arepo.jpg\",\"width\":1113,\"height\":705,\"caption\":\"AREPO\"},\"image\":{\"@id\":\"https:\\\/\\\/www.arepoquality.eu\\\/#\\\/schema\\\/logo\\\/image\\\/\"},\"sameAs\":[\"https:\\\/\\\/www.facebook.com\\\/arepoquality\\\/\",\"https:\\\/\\\/x.com\\\/arepoquality_eu\",\"https:\\\/\\\/www.linkedin.com\\\/company\\\/arepoquality\\\/?viewAsMember=true\"]},{\"@type\":\"Person\",\"@id\":\"https:\\\/\\\/www.arepoquality.eu\\\/#\\\/schema\\\/person\\\/45550165fffb5c0705e14a58767af5a2\",\"name\":\"Giulia Scaglioni\",\"url\":\"https:\\\/\\\/www.arepoquality.eu\\\/fr\\\/author\\\/giulia-scaglioni\\\/\"}]}<\/script>\n<!-- \/ Yoast SEO plugin. -->","yoast_head_json":{"title":"Assembl\u00e9e g\u00e9n\u00e9rale AREPO. Le Pr\u00e9sident Rabboni: \"Satisfait des r\u00e9sultats obtenus\" - AREPO","robots":{"index":"index","follow":"follow","max-snippet":"max-snippet:-1","max-image-preview":"max-image-preview:large","max-video-preview":"max-video-preview:-1"},"canonical":"https:\/\/www.arepoquality.eu\/fr\/2012\/10\/24\/assemblee-generale-arepo-le-president-rabboni-satisfait-des-resultats-obtenus\/","og_locale":"fr_FR","og_type":"article","og_title":"Assembl\u00e9e g\u00e9n\u00e9rale AREPO. Le Pr\u00e9sident Rabboni: \"Satisfait des r\u00e9sultats obtenus\" - AREPO","og_description":"Le ministre r\u00e9gional de l&rsquo;Agriculture de l&rsquo;Emilie-Romagne, Tiberio Rabboni, a ferm\u00e9 les travaux de la seconde r\u00e9union pl\u00e9ni\u00e8re annuelle de l&rsquo;AREPO (Association des R\u00e9gions Europ\u00e9ennes des Produits d&rsquo;origine), dont il est le pr\u00e9sident en se disant satisfait des r\u00e9sultats obtenus \u00e0 ce jour dans l&rsquo;Union europ\u00e9enne, pour l&rsquo;am\u00e9lioration de la qualit\u00e9 des productions : \u00abC&rsquo;est [&hellip;]","og_url":"https:\/\/www.arepoquality.eu\/fr\/2012\/10\/24\/assemblee-generale-arepo-le-president-rabboni-satisfait-des-resultats-obtenus\/","og_site_name":"AREPO","article_publisher":"https:\/\/www.facebook.com\/arepoquality\/","article_published_time":"2012-10-24T11:45:01+00:00","article_modified_time":"2021-08-12T15:37:40+00:00","author":"Giulia Scaglioni","twitter_card":"summary_large_image","twitter_creator":"@arepoquality_eu","twitter_site":"@arepoquality_eu","twitter_misc":{"\u00c9crit par":"Giulia Scaglioni","Dur\u00e9e de lecture estim\u00e9e":"1 minute"},"schema":{"@context":"https:\/\/schema.org","@graph":[{"@type":"Article","@id":"https:\/\/www.arepoquality.eu\/fr\/2012\/10\/24\/assemblee-generale-arepo-le-president-rabboni-satisfait-des-resultats-obtenus\/#article","isPartOf":{"@id":"https:\/\/www.arepoquality.eu\/fr\/2012\/10\/24\/assemblee-generale-arepo-le-president-rabboni-satisfait-des-resultats-obtenus\/"},"author":{"name":"Giulia Scaglioni","@id":"https:\/\/www.arepoquality.eu\/#\/schema\/person\/45550165fffb5c0705e14a58767af5a2"},"headline":"Assembl\u00e9e g\u00e9n\u00e9rale AREPO. Le Pr\u00e9sident Rabboni: \u00ab\u00a0Satisfait des r\u00e9sultats obtenus\u00a0\u00bb","datePublished":"2012-10-24T11:45:01+00:00","dateModified":"2021-08-12T15:37:40+00:00","mainEntityOfPage":{"@id":"https:\/\/www.arepoquality.eu\/fr\/2012\/10\/24\/assemblee-generale-arepo-le-president-rabboni-satisfait-des-resultats-obtenus\/"},"wordCount":297,"publisher":{"@id":"https:\/\/www.arepoquality.eu\/#organization"},"articleSection":["\u00c9v\u00e8nement AREPO","R\u00e9union AREPO"],"inLanguage":"fr-FR"},{"@type":"WebPage","@id":"https:\/\/www.arepoquality.eu\/fr\/2012\/10\/24\/assemblee-generale-arepo-le-president-rabboni-satisfait-des-resultats-obtenus\/","url":"https:\/\/www.arepoquality.eu\/fr\/2012\/10\/24\/assemblee-generale-arepo-le-president-rabboni-satisfait-des-resultats-obtenus\/","name":"Assembl\u00e9e g\u00e9n\u00e9rale AREPO. Le Pr\u00e9sident Rabboni: \"Satisfait des r\u00e9sultats obtenus\" - AREPO","isPartOf":{"@id":"https:\/\/www.arepoquality.eu\/#website"},"datePublished":"2012-10-24T11:45:01+00:00","dateModified":"2021-08-12T15:37:40+00:00","breadcrumb":{"@id":"https:\/\/www.arepoquality.eu\/fr\/2012\/10\/24\/assemblee-generale-arepo-le-president-rabboni-satisfait-des-resultats-obtenus\/#breadcrumb"},"inLanguage":"fr-FR","potentialAction":[{"@type":"ReadAction","target":["https:\/\/www.arepoquality.eu\/fr\/2012\/10\/24\/assemblee-generale-arepo-le-president-rabboni-satisfait-des-resultats-obtenus\/"]}]},{"@type":"BreadcrumbList","@id":"https:\/\/www.arepoquality.eu\/fr\/2012\/10\/24\/assemblee-generale-arepo-le-president-rabboni-satisfait-des-resultats-obtenus\/#breadcrumb","itemListElement":[{"@type":"ListItem","position":1,"name":"Home","item":"https:\/\/www.arepoquality.eu\/"},{"@type":"ListItem","position":2,"name":"Assembl\u00e9e g\u00e9n\u00e9rale AREPO. Le Pr\u00e9sident Rabboni: \u00ab\u00a0Satisfait des r\u00e9sultats obtenus\u00a0\u00bb"}]},{"@type":"WebSite","@id":"https:\/\/www.arepoquality.eu\/#website","url":"https:\/\/www.arepoquality.eu\/","name":"AREPO","description":"","publisher":{"@id":"https:\/\/www.arepoquality.eu\/#organization"},"potentialAction":[{"@type":"SearchAction","target":{"@type":"EntryPoint","urlTemplate":"https:\/\/www.arepoquality.eu\/?s={search_term_string}"},"query-input":{"@type":"PropertyValueSpecification","valueRequired":true,"valueName":"search_term_string"}}],"inLanguage":"fr-FR"},{"@type":"Organization","@id":"https:\/\/www.arepoquality.eu\/#organization","name":"AREPO","url":"https:\/\/www.arepoquality.eu\/","logo":{"@type":"ImageObject","inLanguage":"fr-FR","@id":"https:\/\/www.arepoquality.eu\/#\/schema\/logo\/image\/","url":"https:\/\/www.arepoquality.eu\/wp-content\/uploads\/2024\/05\/arepo.jpg","contentUrl":"https:\/\/www.arepoquality.eu\/wp-content\/uploads\/2024\/05\/arepo.jpg","width":1113,"height":705,"caption":"AREPO"},"image":{"@id":"https:\/\/www.arepoquality.eu\/#\/schema\/logo\/image\/"},"sameAs":["https:\/\/www.facebook.com\/arepoquality\/","https:\/\/x.com\/arepoquality_eu","https:\/\/www.linkedin.com\/company\/arepoquality\/?viewAsMember=true"]},{"@type":"Person","@id":"https:\/\/www.arepoquality.eu\/#\/schema\/person\/45550165fffb5c0705e14a58767af5a2","name":"Giulia Scaglioni","url":"https:\/\/www.arepoquality.eu\/fr\/author\/giulia-scaglioni\/"}]}},"_links":{"self":[{"href":"https:\/\/www.arepoquality.eu\/fr\/wp-json\/wp\/v2\/posts\/828","targetHints":{"allow":["GET"]}}],"collection":[{"href":"https:\/\/www.arepoquality.eu\/fr\/wp-json\/wp\/v2\/posts"}],"about":[{"href":"https:\/\/www.arepoquality.eu\/fr\/wp-json\/wp\/v2\/types\/post"}],"author":[{"embeddable":true,"href":"https:\/\/www.arepoquality.eu\/fr\/wp-json\/wp\/v2\/users\/2"}],"replies":[{"embeddable":true,"href":"https:\/\/www.arepoquality.eu\/fr\/wp-json\/wp\/v2\/comments?post=828"}],"version-history":[{"count":1,"href":"https:\/\/www.arepoquality.eu\/fr\/wp-json\/wp\/v2\/posts\/828\/revisions"}],"predecessor-version":[{"id":4518,"href":"https:\/\/www.arepoquality.eu\/fr\/wp-json\/wp\/v2\/posts\/828\/revisions\/4518"}],"wp:attachment":[{"href":"https:\/\/www.arepoquality.eu\/fr\/wp-json\/wp\/v2\/media?parent=828"}],"wp:term":[{"taxonomy":"category","embeddable":true,"href":"https:\/\/www.arepoquality.eu\/fr\/wp-json\/wp\/v2\/categories?post=828"},{"taxonomy":"post_tag","embeddable":true,"href":"https:\/\/www.arepoquality.eu\/fr\/wp-json\/wp\/v2\/tags?post=828"}],"curies":[{"name":"wp","href":"https:\/\/api.w.org\/{rel}","templated":true}]}}