{"id":843,"date":"2013-09-02T17:36:59","date_gmt":"2013-09-02T15:36:59","guid":{"rendered":"http:\/\/252373706c.url-de-test.ws\/arepo\/2013\/09\/02\/la-commission-inclut-les-mentions-facultatives-de-qualite-dans-la-politique-de-promotion\/"},"modified":"2013-09-02T17:36:59","modified_gmt":"2013-09-02T15:36:59","slug":"la-commission-inclut-les-mentions-facultatives-de-qualite-dans-la-politique-de-promotion","status":"publish","type":"post","link":"https:\/\/www.arepoquality.eu\/fr\/2013\/09\/02\/la-commission-inclut-les-mentions-facultatives-de-qualite-dans-la-politique-de-promotion\/","title":{"rendered":"La Commission inclut les mentions facultatives de qualit\u00e9 dans la politique de promotion"},"content":{"rendered":"<p>&Agrave; travers le&nbsp;R&egrave;glement d&#39;ex&eacute;cution (UE)&nbsp;No&nbsp;737\/2013&nbsp;relatif &agrave; des actions d&rsquo;information et de promotion en faveur des produits&nbsp;agricoles sur le march&eacute; int&eacute;rieur et dans les pays tiers,&nbsp;la Commission a&nbsp;mis &agrave; jour les lignes directrices sur la promotion des produits agricoles, incluyant&nbsp;les mentions de qualit&eacute; facultatives dans la liste des produits &eacute;ligibles,&nbsp;pour les mesures concernant le march&eacute; int&eacute;rieur. En reconnaissant la&nbsp;valeur ajout&eacute;e de ces&nbsp;syst&egrave;mes de qualit&eacute;, la Commission a estim&eacute; n&eacute;cessaire&nbsp;que les produits couverts par le syst&egrave;me applicable aux mentions de qualit&eacute; facultatives&nbsp;soient consid&eacute;r&eacute;s admissibles au m&ecirc;me titre que les produits b&eacute;n&eacute;ficiant des syst&egrave;mes applicables aux appellations d&rsquo;origine prot&eacute;g&eacute;e (AOP), aux indications g&eacute;ographiques prot&eacute;g&eacute;es (IGP) ou aux sp&eacute;cialit&eacute;s traditionnelles garanties (STG).<\/p>\n","protected":false},"excerpt":{"rendered":"<p>&Agrave; travers le&nbsp;R&egrave;glement d&#39;ex&eacute;cution (UE)&nbsp;No&nbsp;737\/2013&nbsp;relatif &agrave; des actions d&rsquo;information et de promotion en faveur des produits&nbsp;agricoles sur le march&eacute; int&eacute;rieur et dans les pays tiers,&nbsp;la Commission a&nbsp;mis &agrave; jour les lignes directrices sur la promotion des produits agricoles, incluyant&nbsp;les mentions de qualit&eacute; facultatives dans la liste des produits &eacute;ligibles,&nbsp;pour les mesures concernant le march&eacute; int&eacute;rieur. [&hellip;]<\/p>\n","protected":false},"author":2,"featured_media":0,"comment_status":"closed","ping_status":"closed","sticky":false,"template":"","format":"standard","meta":{"_acf_changed":false,"footnotes":""},"categories":[95],"tags":[],"class_list":["post-843","post","type-post","status-publish","format-standard","hentry","category-politique-de-promotion"],"acf":[],"yoast_head":"<!-- This site is optimized with the Yoast SEO plugin v27.4 - https:\/\/yoast.com\/product\/yoast-seo-wordpress\/ -->\n<title>La Commission inclut les mentions facultatives de qualit\u00e9 dans la politique de promotion - AREPO<\/title>\n<meta name=\"robots\" content=\"index, follow, max-snippet:-1, max-image-preview:large, max-video-preview:-1\" \/>\n<link rel=\"canonical\" href=\"https:\/\/www.arepoquality.eu\/fr\/2013\/09\/02\/la-commission-inclut-les-mentions-facultatives-de-qualite-dans-la-politique-de-promotion\/\" \/>\n<meta property=\"og:locale\" content=\"fr_FR\" \/>\n<meta property=\"og:type\" content=\"article\" \/>\n<meta property=\"og:title\" content=\"La Commission inclut les mentions facultatives de qualit\u00e9 dans la politique de promotion - AREPO\" \/>\n<meta property=\"og:description\" content=\"&Agrave; travers le&nbsp;R&egrave;glement d&#039;ex&eacute;cution (UE)&nbsp;No&nbsp;737\/2013&nbsp;relatif &agrave; des actions d&rsquo;information et de promotion en faveur des produits&nbsp;agricoles sur le march&eacute; int&eacute;rieur et dans les pays tiers,&nbsp;la Commission a&nbsp;mis &agrave; jour les lignes directrices sur la promotion des produits agricoles, incluyant&nbsp;les mentions de qualit&eacute; facultatives dans la liste des produits &eacute;ligibles,&nbsp;pour les mesures concernant le march&eacute; int&eacute;rieur. [&hellip;]\" \/>\n<meta property=\"og:url\" content=\"https:\/\/www.arepoquality.eu\/fr\/2013\/09\/02\/la-commission-inclut-les-mentions-facultatives-de-qualite-dans-la-politique-de-promotion\/\" \/>\n<meta property=\"og:site_name\" content=\"AREPO\" \/>\n<meta property=\"article:publisher\" content=\"https:\/\/www.facebook.com\/arepoquality\/\" \/>\n<meta property=\"article:published_time\" content=\"2013-09-02T15:36:59+00:00\" \/>\n<meta name=\"author\" content=\"Giulia Scaglioni\" \/>\n<meta name=\"twitter:card\" content=\"summary_large_image\" \/>\n<meta name=\"twitter:creator\" content=\"@arepoquality_eu\" \/>\n<meta name=\"twitter:site\" content=\"@arepoquality_eu\" \/>\n<meta name=\"twitter:label1\" content=\"\u00c9crit par\" \/>\n\t<meta name=\"twitter:data1\" content=\"Giulia Scaglioni\" \/>\n\t<meta name=\"twitter:label2\" content=\"Dur\u00e9e de lecture estim\u00e9e\" \/>\n\t<meta name=\"twitter:data2\" content=\"1 minute\" \/>\n<script type=\"application\/ld+json\" class=\"yoast-schema-graph\">{\"@context\":\"https:\\\/\\\/schema.org\",\"@graph\":[{\"@type\":\"Article\",\"@id\":\"https:\\\/\\\/www.arepoquality.eu\\\/fr\\\/2013\\\/09\\\/02\\\/la-commission-inclut-les-mentions-facultatives-de-qualite-dans-la-politique-de-promotion\\\/#article\",\"isPartOf\":{\"@id\":\"https:\\\/\\\/www.arepoquality.eu\\\/fr\\\/2013\\\/09\\\/02\\\/la-commission-inclut-les-mentions-facultatives-de-qualite-dans-la-politique-de-promotion\\\/\"},\"author\":{\"name\":\"Giulia Scaglioni\",\"@id\":\"https:\\\/\\\/www.arepoquality.eu\\\/#\\\/schema\\\/person\\\/45550165fffb5c0705e14a58767af5a2\"},\"headline\":\"La Commission inclut les mentions facultatives de qualit\u00e9 dans la politique de promotion\",\"datePublished\":\"2013-09-02T15:36:59+00:00\",\"mainEntityOfPage\":{\"@id\":\"https:\\\/\\\/www.arepoquality.eu\\\/fr\\\/2013\\\/09\\\/02\\\/la-commission-inclut-les-mentions-facultatives-de-qualite-dans-la-politique-de-promotion\\\/\"},\"wordCount\":200,\"publisher\":{\"@id\":\"https:\\\/\\\/www.arepoquality.eu\\\/#organization\"},\"articleSection\":[\"Politique de promotion\"],\"inLanguage\":\"fr-FR\"},{\"@type\":\"WebPage\",\"@id\":\"https:\\\/\\\/www.arepoquality.eu\\\/fr\\\/2013\\\/09\\\/02\\\/la-commission-inclut-les-mentions-facultatives-de-qualite-dans-la-politique-de-promotion\\\/\",\"url\":\"https:\\\/\\\/www.arepoquality.eu\\\/fr\\\/2013\\\/09\\\/02\\\/la-commission-inclut-les-mentions-facultatives-de-qualite-dans-la-politique-de-promotion\\\/\",\"name\":\"La Commission inclut les mentions facultatives de qualit\u00e9 dans la politique de promotion - AREPO\",\"isPartOf\":{\"@id\":\"https:\\\/\\\/www.arepoquality.eu\\\/#website\"},\"datePublished\":\"2013-09-02T15:36:59+00:00\",\"breadcrumb\":{\"@id\":\"https:\\\/\\\/www.arepoquality.eu\\\/fr\\\/2013\\\/09\\\/02\\\/la-commission-inclut-les-mentions-facultatives-de-qualite-dans-la-politique-de-promotion\\\/#breadcrumb\"},\"inLanguage\":\"fr-FR\",\"potentialAction\":[{\"@type\":\"ReadAction\",\"target\":[\"https:\\\/\\\/www.arepoquality.eu\\\/fr\\\/2013\\\/09\\\/02\\\/la-commission-inclut-les-mentions-facultatives-de-qualite-dans-la-politique-de-promotion\\\/\"]}]},{\"@type\":\"BreadcrumbList\",\"@id\":\"https:\\\/\\\/www.arepoquality.eu\\\/fr\\\/2013\\\/09\\\/02\\\/la-commission-inclut-les-mentions-facultatives-de-qualite-dans-la-politique-de-promotion\\\/#breadcrumb\",\"itemListElement\":[{\"@type\":\"ListItem\",\"position\":1,\"name\":\"Home\",\"item\":\"https:\\\/\\\/www.arepoquality.eu\\\/\"},{\"@type\":\"ListItem\",\"position\":2,\"name\":\"La Commission inclut les mentions facultatives de qualit\u00e9 dans la politique de promotion\"}]},{\"@type\":\"WebSite\",\"@id\":\"https:\\\/\\\/www.arepoquality.eu\\\/#website\",\"url\":\"https:\\\/\\\/www.arepoquality.eu\\\/\",\"name\":\"AREPO\",\"description\":\"\",\"publisher\":{\"@id\":\"https:\\\/\\\/www.arepoquality.eu\\\/#organization\"},\"potentialAction\":[{\"@type\":\"SearchAction\",\"target\":{\"@type\":\"EntryPoint\",\"urlTemplate\":\"https:\\\/\\\/www.arepoquality.eu\\\/?s={search_term_string}\"},\"query-input\":{\"@type\":\"PropertyValueSpecification\",\"valueRequired\":true,\"valueName\":\"search_term_string\"}}],\"inLanguage\":\"fr-FR\"},{\"@type\":\"Organization\",\"@id\":\"https:\\\/\\\/www.arepoquality.eu\\\/#organization\",\"name\":\"AREPO\",\"url\":\"https:\\\/\\\/www.arepoquality.eu\\\/\",\"logo\":{\"@type\":\"ImageObject\",\"inLanguage\":\"fr-FR\",\"@id\":\"https:\\\/\\\/www.arepoquality.eu\\\/#\\\/schema\\\/logo\\\/image\\\/\",\"url\":\"https:\\\/\\\/www.arepoquality.eu\\\/wp-content\\\/uploads\\\/2024\\\/05\\\/arepo.jpg\",\"contentUrl\":\"https:\\\/\\\/www.arepoquality.eu\\\/wp-content\\\/uploads\\\/2024\\\/05\\\/arepo.jpg\",\"width\":1113,\"height\":705,\"caption\":\"AREPO\"},\"image\":{\"@id\":\"https:\\\/\\\/www.arepoquality.eu\\\/#\\\/schema\\\/logo\\\/image\\\/\"},\"sameAs\":[\"https:\\\/\\\/www.facebook.com\\\/arepoquality\\\/\",\"https:\\\/\\\/x.com\\\/arepoquality_eu\",\"https:\\\/\\\/www.linkedin.com\\\/company\\\/arepoquality\\\/?viewAsMember=true\"]},{\"@type\":\"Person\",\"@id\":\"https:\\\/\\\/www.arepoquality.eu\\\/#\\\/schema\\\/person\\\/45550165fffb5c0705e14a58767af5a2\",\"name\":\"Giulia Scaglioni\",\"url\":\"https:\\\/\\\/www.arepoquality.eu\\\/fr\\\/author\\\/giulia-scaglioni\\\/\"}]}<\/script>\n<!-- \/ Yoast SEO plugin. -->","yoast_head_json":{"title":"La Commission inclut les mentions facultatives de qualit\u00e9 dans la politique de promotion - AREPO","robots":{"index":"index","follow":"follow","max-snippet":"max-snippet:-1","max-image-preview":"max-image-preview:large","max-video-preview":"max-video-preview:-1"},"canonical":"https:\/\/www.arepoquality.eu\/fr\/2013\/09\/02\/la-commission-inclut-les-mentions-facultatives-de-qualite-dans-la-politique-de-promotion\/","og_locale":"fr_FR","og_type":"article","og_title":"La Commission inclut les mentions facultatives de qualit\u00e9 dans la politique de promotion - AREPO","og_description":"&Agrave; travers le&nbsp;R&egrave;glement d&#39;ex&eacute;cution (UE)&nbsp;No&nbsp;737\/2013&nbsp;relatif &agrave; des actions d&rsquo;information et de promotion en faveur des produits&nbsp;agricoles sur le march&eacute; int&eacute;rieur et dans les pays tiers,&nbsp;la Commission a&nbsp;mis &agrave; jour les lignes directrices sur la promotion des produits agricoles, incluyant&nbsp;les mentions de qualit&eacute; facultatives dans la liste des produits &eacute;ligibles,&nbsp;pour les mesures concernant le march&eacute; int&eacute;rieur. [&hellip;]","og_url":"https:\/\/www.arepoquality.eu\/fr\/2013\/09\/02\/la-commission-inclut-les-mentions-facultatives-de-qualite-dans-la-politique-de-promotion\/","og_site_name":"AREPO","article_publisher":"https:\/\/www.facebook.com\/arepoquality\/","article_published_time":"2013-09-02T15:36:59+00:00","author":"Giulia Scaglioni","twitter_card":"summary_large_image","twitter_creator":"@arepoquality_eu","twitter_site":"@arepoquality_eu","twitter_misc":{"\u00c9crit par":"Giulia Scaglioni","Dur\u00e9e de lecture estim\u00e9e":"1 minute"},"schema":{"@context":"https:\/\/schema.org","@graph":[{"@type":"Article","@id":"https:\/\/www.arepoquality.eu\/fr\/2013\/09\/02\/la-commission-inclut-les-mentions-facultatives-de-qualite-dans-la-politique-de-promotion\/#article","isPartOf":{"@id":"https:\/\/www.arepoquality.eu\/fr\/2013\/09\/02\/la-commission-inclut-les-mentions-facultatives-de-qualite-dans-la-politique-de-promotion\/"},"author":{"name":"Giulia Scaglioni","@id":"https:\/\/www.arepoquality.eu\/#\/schema\/person\/45550165fffb5c0705e14a58767af5a2"},"headline":"La Commission inclut les mentions facultatives de qualit\u00e9 dans la politique de promotion","datePublished":"2013-09-02T15:36:59+00:00","mainEntityOfPage":{"@id":"https:\/\/www.arepoquality.eu\/fr\/2013\/09\/02\/la-commission-inclut-les-mentions-facultatives-de-qualite-dans-la-politique-de-promotion\/"},"wordCount":200,"publisher":{"@id":"https:\/\/www.arepoquality.eu\/#organization"},"articleSection":["Politique de promotion"],"inLanguage":"fr-FR"},{"@type":"WebPage","@id":"https:\/\/www.arepoquality.eu\/fr\/2013\/09\/02\/la-commission-inclut-les-mentions-facultatives-de-qualite-dans-la-politique-de-promotion\/","url":"https:\/\/www.arepoquality.eu\/fr\/2013\/09\/02\/la-commission-inclut-les-mentions-facultatives-de-qualite-dans-la-politique-de-promotion\/","name":"La Commission inclut les mentions facultatives de qualit\u00e9 dans la politique de promotion - AREPO","isPartOf":{"@id":"https:\/\/www.arepoquality.eu\/#website"},"datePublished":"2013-09-02T15:36:59+00:00","breadcrumb":{"@id":"https:\/\/www.arepoquality.eu\/fr\/2013\/09\/02\/la-commission-inclut-les-mentions-facultatives-de-qualite-dans-la-politique-de-promotion\/#breadcrumb"},"inLanguage":"fr-FR","potentialAction":[{"@type":"ReadAction","target":["https:\/\/www.arepoquality.eu\/fr\/2013\/09\/02\/la-commission-inclut-les-mentions-facultatives-de-qualite-dans-la-politique-de-promotion\/"]}]},{"@type":"BreadcrumbList","@id":"https:\/\/www.arepoquality.eu\/fr\/2013\/09\/02\/la-commission-inclut-les-mentions-facultatives-de-qualite-dans-la-politique-de-promotion\/#breadcrumb","itemListElement":[{"@type":"ListItem","position":1,"name":"Home","item":"https:\/\/www.arepoquality.eu\/"},{"@type":"ListItem","position":2,"name":"La Commission inclut les mentions facultatives de qualit\u00e9 dans la politique de promotion"}]},{"@type":"WebSite","@id":"https:\/\/www.arepoquality.eu\/#website","url":"https:\/\/www.arepoquality.eu\/","name":"AREPO","description":"","publisher":{"@id":"https:\/\/www.arepoquality.eu\/#organization"},"potentialAction":[{"@type":"SearchAction","target":{"@type":"EntryPoint","urlTemplate":"https:\/\/www.arepoquality.eu\/?s={search_term_string}"},"query-input":{"@type":"PropertyValueSpecification","valueRequired":true,"valueName":"search_term_string"}}],"inLanguage":"fr-FR"},{"@type":"Organization","@id":"https:\/\/www.arepoquality.eu\/#organization","name":"AREPO","url":"https:\/\/www.arepoquality.eu\/","logo":{"@type":"ImageObject","inLanguage":"fr-FR","@id":"https:\/\/www.arepoquality.eu\/#\/schema\/logo\/image\/","url":"https:\/\/www.arepoquality.eu\/wp-content\/uploads\/2024\/05\/arepo.jpg","contentUrl":"https:\/\/www.arepoquality.eu\/wp-content\/uploads\/2024\/05\/arepo.jpg","width":1113,"height":705,"caption":"AREPO"},"image":{"@id":"https:\/\/www.arepoquality.eu\/#\/schema\/logo\/image\/"},"sameAs":["https:\/\/www.facebook.com\/arepoquality\/","https:\/\/x.com\/arepoquality_eu","https:\/\/www.linkedin.com\/company\/arepoquality\/?viewAsMember=true"]},{"@type":"Person","@id":"https:\/\/www.arepoquality.eu\/#\/schema\/person\/45550165fffb5c0705e14a58767af5a2","name":"Giulia Scaglioni","url":"https:\/\/www.arepoquality.eu\/fr\/author\/giulia-scaglioni\/"}]}},"_links":{"self":[{"href":"https:\/\/www.arepoquality.eu\/fr\/wp-json\/wp\/v2\/posts\/843","targetHints":{"allow":["GET"]}}],"collection":[{"href":"https:\/\/www.arepoquality.eu\/fr\/wp-json\/wp\/v2\/posts"}],"about":[{"href":"https:\/\/www.arepoquality.eu\/fr\/wp-json\/wp\/v2\/types\/post"}],"author":[{"embeddable":true,"href":"https:\/\/www.arepoquality.eu\/fr\/wp-json\/wp\/v2\/users\/2"}],"replies":[{"embeddable":true,"href":"https:\/\/www.arepoquality.eu\/fr\/wp-json\/wp\/v2\/comments?post=843"}],"version-history":[{"count":0,"href":"https:\/\/www.arepoquality.eu\/fr\/wp-json\/wp\/v2\/posts\/843\/revisions"}],"wp:attachment":[{"href":"https:\/\/www.arepoquality.eu\/fr\/wp-json\/wp\/v2\/media?parent=843"}],"wp:term":[{"taxonomy":"category","embeddable":true,"href":"https:\/\/www.arepoquality.eu\/fr\/wp-json\/wp\/v2\/categories?post=843"},{"taxonomy":"post_tag","embeddable":true,"href":"https:\/\/www.arepoquality.eu\/fr\/wp-json\/wp\/v2\/tags?post=843"}],"curies":[{"name":"wp","href":"https:\/\/api.w.org\/{rel}","templated":true}]}}