{"id":847,"date":"2013-10-31T09:52:28","date_gmt":"2013-10-31T08:52:28","guid":{"rendered":"http:\/\/252373706c.url-de-test.ws\/arepo\/2013\/10\/31\/laccord-commercial-entre-lue-et-le-canada-represente-un-resultat-historique-pour-la-reconnaissance-des-ig\/"},"modified":"2013-10-31T09:52:28","modified_gmt":"2013-10-31T08:52:28","slug":"laccord-commercial-entre-lue-et-le-canada-represente-un-resultat-historique-pour-la-reconnaissance-des-ig","status":"publish","type":"post","link":"https:\/\/www.arepoquality.eu\/fr\/2013\/10\/31\/laccord-commercial-entre-lue-et-le-canada-represente-un-resultat-historique-pour-la-reconnaissance-des-ig\/","title":{"rendered":"L\u2019accord commercial entre l\u2019UE et le Canada repr\u00e9sente un r\u00e9sultat historique pour la reconnaissance des IG"},"content":{"rendered":"<p>Le 18 Octobre 2013, le Pr&eacute;sident de la Commission europ&eacute;enne, M. Jos&eacute; Manuel Barroso, et le Premier Ministre Canadian, M. Stephen Harper, ont trouv&eacute; un accord politique sur l&rsquo;Accord &Eacute;conomique et Commercial Global (AECG).&nbsp;L&rsquo;AREPO donne le bienvenu &agrave; l&rsquo;accord commercial entre l&rsquo;UE et le Canada (CETA), qui repr&eacute;sente un r&eacute;sultat historique extr&ecirc;mement important du point de vue des Indications G&eacute;ographiques (IG). Pour la premi&egrave;re fois, le Canada s&rsquo;engage &agrave; reconnaitre plus d&rsquo;une centaine d&rsquo;indications g&eacute;ographiques de l&rsquo;UE, principalement charcuterie, fruit, l&eacute;gumes, fromages et vinaigres.<\/p>\n<p>Le pr&eacute;sident de l&rsquo;AREPO, Tiberio Rabboni, d&eacute;clare que le r&eacute;sultat le plus important de l&rsquo;accord est la reconnaissance du statut sp&eacute;cial des IG, par un pays qui s&rsquo;appuie sur un syst&egrave;me de protection diff&eacute;rent de produits de qualit&eacute;, bas&eacute; sur les marques commerciaux.<\/p>\n<p>Le Pr&eacute;sident admet que la principale limitation de l&rsquo;accord est l&rsquo;absence d&rsquo;effet r&eacute;troactif. De cette fa&ccedil;on, plusieurs IG europ&eacute;ennes, telles que Prosciutto di Parma, Asiago, Feta et Munster, coexisteront avec des marques commerciales Canadiennes d&eacute;j&agrave; registr&eacute;es. N&eacute;anmoins, il consid&egrave;re comme un pas en avant l&rsquo;introduction de l&rsquo;obligation, pour les produits canadiens, d&rsquo;identifier clairement l&rsquo;origine sur l&rsquo;&eacute;tiquette, et de l&rsquo;interdiction d&rsquo;utiliser des mots ou des symboles qui alludent aux IG europ&eacute;ens correspondants.<\/p>\n<p>En outre, le Pr&eacute;sident Rabboni exprime sa satisfaction pour le fait que pour la premi&egrave;re fois, apr&egrave;s plus de vingt ans, le Prosciutto di Parma va entrer sur le march&eacute; canadien avec son nom d&rsquo;origine.<\/p>\n<p>Pour toutes ces raisons, l&rsquo;AREPO reconnait que l&rsquo;accord commercial constitue un pr&eacute;c&eacute;dent important, tant pour les n&eacute;gociations de l&rsquo;OMC, ainsi que pour les futurs accords commerciaux, en particulier pour celui qui est actuellement en cours de n&eacute;gociation entre l&rsquo;UE et les Etats-Unis, qui pr&eacute;sentent un syst&egrave;me analogue &agrave; celui des marques canadiennes.&nbsp;<\/p>\n","protected":false},"excerpt":{"rendered":"<p>Le 18 Octobre 2013, le Pr&eacute;sident de la Commission europ&eacute;enne, M. Jos&eacute; Manuel Barroso, et le Premier Ministre Canadian, M. Stephen Harper, ont trouv&eacute; un accord politique sur l&rsquo;Accord &Eacute;conomique et Commercial Global (AECG).&nbsp;L&rsquo;AREPO donne le bienvenu &agrave; l&rsquo;accord commercial entre l&rsquo;UE et le Canada (CETA), qui repr&eacute;sente un r&eacute;sultat historique extr&ecirc;mement important du point [&hellip;]<\/p>\n","protected":false},"author":2,"featured_media":0,"comment_status":"closed","ping_status":"closed","sticky":false,"template":"","format":"standard","meta":{"_acf_changed":false,"footnotes":""},"categories":[109],"tags":[],"class_list":["post-847","post","type-post","status-publish","format-standard","hentry","category-politique-commerciale-fr"],"acf":[],"yoast_head":"<!-- This site is optimized with the Yoast SEO plugin v27.4 - https:\/\/yoast.com\/product\/yoast-seo-wordpress\/ -->\n<title>L\u2019accord commercial entre l\u2019UE et le Canada repr\u00e9sente un r\u00e9sultat historique pour la reconnaissance des IG - AREPO<\/title>\n<meta name=\"robots\" content=\"index, follow, max-snippet:-1, max-image-preview:large, max-video-preview:-1\" \/>\n<link rel=\"canonical\" href=\"https:\/\/www.arepoquality.eu\/fr\/2013\/10\/31\/laccord-commercial-entre-lue-et-le-canada-represente-un-resultat-historique-pour-la-reconnaissance-des-ig\/\" \/>\n<meta property=\"og:locale\" content=\"fr_FR\" \/>\n<meta property=\"og:type\" content=\"article\" \/>\n<meta property=\"og:title\" content=\"L\u2019accord commercial entre l\u2019UE et le Canada repr\u00e9sente un r\u00e9sultat historique pour la reconnaissance des IG - AREPO\" \/>\n<meta property=\"og:description\" content=\"Le 18 Octobre 2013, le Pr&eacute;sident de la Commission europ&eacute;enne, M. Jos&eacute; Manuel Barroso, et le Premier Ministre Canadian, M. Stephen Harper, ont trouv&eacute; un accord politique sur l&rsquo;Accord &Eacute;conomique et Commercial Global (AECG).&nbsp;L&rsquo;AREPO donne le bienvenu &agrave; l&rsquo;accord commercial entre l&rsquo;UE et le Canada (CETA), qui repr&eacute;sente un r&eacute;sultat historique extr&ecirc;mement important du point [&hellip;]\" \/>\n<meta property=\"og:url\" content=\"https:\/\/www.arepoquality.eu\/fr\/2013\/10\/31\/laccord-commercial-entre-lue-et-le-canada-represente-un-resultat-historique-pour-la-reconnaissance-des-ig\/\" \/>\n<meta property=\"og:site_name\" content=\"AREPO\" \/>\n<meta property=\"article:publisher\" content=\"https:\/\/www.facebook.com\/arepoquality\/\" \/>\n<meta property=\"article:published_time\" content=\"2013-10-31T08:52:28+00:00\" \/>\n<meta name=\"author\" content=\"Giulia Scaglioni\" \/>\n<meta name=\"twitter:card\" content=\"summary_large_image\" \/>\n<meta name=\"twitter:creator\" content=\"@arepoquality_eu\" \/>\n<meta name=\"twitter:site\" content=\"@arepoquality_eu\" \/>\n<meta name=\"twitter:label1\" content=\"\u00c9crit par\" \/>\n\t<meta name=\"twitter:data1\" content=\"Giulia Scaglioni\" \/>\n\t<meta name=\"twitter:label2\" content=\"Dur\u00e9e de lecture estim\u00e9e\" \/>\n\t<meta name=\"twitter:data2\" content=\"2 minutes\" \/>\n<script type=\"application\/ld+json\" class=\"yoast-schema-graph\">{\"@context\":\"https:\\\/\\\/schema.org\",\"@graph\":[{\"@type\":\"Article\",\"@id\":\"https:\\\/\\\/www.arepoquality.eu\\\/fr\\\/2013\\\/10\\\/31\\\/laccord-commercial-entre-lue-et-le-canada-represente-un-resultat-historique-pour-la-reconnaissance-des-ig\\\/#article\",\"isPartOf\":{\"@id\":\"https:\\\/\\\/www.arepoquality.eu\\\/fr\\\/2013\\\/10\\\/31\\\/laccord-commercial-entre-lue-et-le-canada-represente-un-resultat-historique-pour-la-reconnaissance-des-ig\\\/\"},\"author\":{\"name\":\"Giulia Scaglioni\",\"@id\":\"https:\\\/\\\/www.arepoquality.eu\\\/#\\\/schema\\\/person\\\/45550165fffb5c0705e14a58767af5a2\"},\"headline\":\"L\u2019accord commercial entre l\u2019UE et le Canada repr\u00e9sente un r\u00e9sultat historique pour la reconnaissance des IG\",\"datePublished\":\"2013-10-31T08:52:28+00:00\",\"mainEntityOfPage\":{\"@id\":\"https:\\\/\\\/www.arepoquality.eu\\\/fr\\\/2013\\\/10\\\/31\\\/laccord-commercial-entre-lue-et-le-canada-represente-un-resultat-historique-pour-la-reconnaissance-des-ig\\\/\"},\"wordCount\":432,\"publisher\":{\"@id\":\"https:\\\/\\\/www.arepoquality.eu\\\/#organization\"},\"articleSection\":[\"Politique commerciale\"],\"inLanguage\":\"fr-FR\"},{\"@type\":\"WebPage\",\"@id\":\"https:\\\/\\\/www.arepoquality.eu\\\/fr\\\/2013\\\/10\\\/31\\\/laccord-commercial-entre-lue-et-le-canada-represente-un-resultat-historique-pour-la-reconnaissance-des-ig\\\/\",\"url\":\"https:\\\/\\\/www.arepoquality.eu\\\/fr\\\/2013\\\/10\\\/31\\\/laccord-commercial-entre-lue-et-le-canada-represente-un-resultat-historique-pour-la-reconnaissance-des-ig\\\/\",\"name\":\"L\u2019accord commercial entre l\u2019UE et le Canada repr\u00e9sente un r\u00e9sultat historique pour la reconnaissance des IG - AREPO\",\"isPartOf\":{\"@id\":\"https:\\\/\\\/www.arepoquality.eu\\\/#website\"},\"datePublished\":\"2013-10-31T08:52:28+00:00\",\"breadcrumb\":{\"@id\":\"https:\\\/\\\/www.arepoquality.eu\\\/fr\\\/2013\\\/10\\\/31\\\/laccord-commercial-entre-lue-et-le-canada-represente-un-resultat-historique-pour-la-reconnaissance-des-ig\\\/#breadcrumb\"},\"inLanguage\":\"fr-FR\",\"potentialAction\":[{\"@type\":\"ReadAction\",\"target\":[\"https:\\\/\\\/www.arepoquality.eu\\\/fr\\\/2013\\\/10\\\/31\\\/laccord-commercial-entre-lue-et-le-canada-represente-un-resultat-historique-pour-la-reconnaissance-des-ig\\\/\"]}]},{\"@type\":\"BreadcrumbList\",\"@id\":\"https:\\\/\\\/www.arepoquality.eu\\\/fr\\\/2013\\\/10\\\/31\\\/laccord-commercial-entre-lue-et-le-canada-represente-un-resultat-historique-pour-la-reconnaissance-des-ig\\\/#breadcrumb\",\"itemListElement\":[{\"@type\":\"ListItem\",\"position\":1,\"name\":\"Home\",\"item\":\"https:\\\/\\\/www.arepoquality.eu\\\/\"},{\"@type\":\"ListItem\",\"position\":2,\"name\":\"L\u2019accord commercial entre l\u2019UE et le Canada repr\u00e9sente un r\u00e9sultat historique pour la reconnaissance des IG\"}]},{\"@type\":\"WebSite\",\"@id\":\"https:\\\/\\\/www.arepoquality.eu\\\/#website\",\"url\":\"https:\\\/\\\/www.arepoquality.eu\\\/\",\"name\":\"AREPO\",\"description\":\"\",\"publisher\":{\"@id\":\"https:\\\/\\\/www.arepoquality.eu\\\/#organization\"},\"potentialAction\":[{\"@type\":\"SearchAction\",\"target\":{\"@type\":\"EntryPoint\",\"urlTemplate\":\"https:\\\/\\\/www.arepoquality.eu\\\/?s={search_term_string}\"},\"query-input\":{\"@type\":\"PropertyValueSpecification\",\"valueRequired\":true,\"valueName\":\"search_term_string\"}}],\"inLanguage\":\"fr-FR\"},{\"@type\":\"Organization\",\"@id\":\"https:\\\/\\\/www.arepoquality.eu\\\/#organization\",\"name\":\"AREPO\",\"url\":\"https:\\\/\\\/www.arepoquality.eu\\\/\",\"logo\":{\"@type\":\"ImageObject\",\"inLanguage\":\"fr-FR\",\"@id\":\"https:\\\/\\\/www.arepoquality.eu\\\/#\\\/schema\\\/logo\\\/image\\\/\",\"url\":\"https:\\\/\\\/www.arepoquality.eu\\\/wp-content\\\/uploads\\\/2024\\\/05\\\/arepo.jpg\",\"contentUrl\":\"https:\\\/\\\/www.arepoquality.eu\\\/wp-content\\\/uploads\\\/2024\\\/05\\\/arepo.jpg\",\"width\":1113,\"height\":705,\"caption\":\"AREPO\"},\"image\":{\"@id\":\"https:\\\/\\\/www.arepoquality.eu\\\/#\\\/schema\\\/logo\\\/image\\\/\"},\"sameAs\":[\"https:\\\/\\\/www.facebook.com\\\/arepoquality\\\/\",\"https:\\\/\\\/x.com\\\/arepoquality_eu\",\"https:\\\/\\\/www.linkedin.com\\\/company\\\/arepoquality\\\/?viewAsMember=true\"]},{\"@type\":\"Person\",\"@id\":\"https:\\\/\\\/www.arepoquality.eu\\\/#\\\/schema\\\/person\\\/45550165fffb5c0705e14a58767af5a2\",\"name\":\"Giulia Scaglioni\",\"url\":\"https:\\\/\\\/www.arepoquality.eu\\\/fr\\\/author\\\/giulia-scaglioni\\\/\"}]}<\/script>\n<!-- \/ Yoast SEO plugin. -->","yoast_head_json":{"title":"L\u2019accord commercial entre l\u2019UE et le Canada repr\u00e9sente un r\u00e9sultat historique pour la reconnaissance des IG - AREPO","robots":{"index":"index","follow":"follow","max-snippet":"max-snippet:-1","max-image-preview":"max-image-preview:large","max-video-preview":"max-video-preview:-1"},"canonical":"https:\/\/www.arepoquality.eu\/fr\/2013\/10\/31\/laccord-commercial-entre-lue-et-le-canada-represente-un-resultat-historique-pour-la-reconnaissance-des-ig\/","og_locale":"fr_FR","og_type":"article","og_title":"L\u2019accord commercial entre l\u2019UE et le Canada repr\u00e9sente un r\u00e9sultat historique pour la reconnaissance des IG - AREPO","og_description":"Le 18 Octobre 2013, le Pr&eacute;sident de la Commission europ&eacute;enne, M. Jos&eacute; Manuel Barroso, et le Premier Ministre Canadian, M. Stephen Harper, ont trouv&eacute; un accord politique sur l&rsquo;Accord &Eacute;conomique et Commercial Global (AECG).&nbsp;L&rsquo;AREPO donne le bienvenu &agrave; l&rsquo;accord commercial entre l&rsquo;UE et le Canada (CETA), qui repr&eacute;sente un r&eacute;sultat historique extr&ecirc;mement important du point [&hellip;]","og_url":"https:\/\/www.arepoquality.eu\/fr\/2013\/10\/31\/laccord-commercial-entre-lue-et-le-canada-represente-un-resultat-historique-pour-la-reconnaissance-des-ig\/","og_site_name":"AREPO","article_publisher":"https:\/\/www.facebook.com\/arepoquality\/","article_published_time":"2013-10-31T08:52:28+00:00","author":"Giulia Scaglioni","twitter_card":"summary_large_image","twitter_creator":"@arepoquality_eu","twitter_site":"@arepoquality_eu","twitter_misc":{"\u00c9crit par":"Giulia Scaglioni","Dur\u00e9e de lecture estim\u00e9e":"2 minutes"},"schema":{"@context":"https:\/\/schema.org","@graph":[{"@type":"Article","@id":"https:\/\/www.arepoquality.eu\/fr\/2013\/10\/31\/laccord-commercial-entre-lue-et-le-canada-represente-un-resultat-historique-pour-la-reconnaissance-des-ig\/#article","isPartOf":{"@id":"https:\/\/www.arepoquality.eu\/fr\/2013\/10\/31\/laccord-commercial-entre-lue-et-le-canada-represente-un-resultat-historique-pour-la-reconnaissance-des-ig\/"},"author":{"name":"Giulia Scaglioni","@id":"https:\/\/www.arepoquality.eu\/#\/schema\/person\/45550165fffb5c0705e14a58767af5a2"},"headline":"L\u2019accord commercial entre l\u2019UE et le Canada repr\u00e9sente un r\u00e9sultat historique pour la reconnaissance des IG","datePublished":"2013-10-31T08:52:28+00:00","mainEntityOfPage":{"@id":"https:\/\/www.arepoquality.eu\/fr\/2013\/10\/31\/laccord-commercial-entre-lue-et-le-canada-represente-un-resultat-historique-pour-la-reconnaissance-des-ig\/"},"wordCount":432,"publisher":{"@id":"https:\/\/www.arepoquality.eu\/#organization"},"articleSection":["Politique commerciale"],"inLanguage":"fr-FR"},{"@type":"WebPage","@id":"https:\/\/www.arepoquality.eu\/fr\/2013\/10\/31\/laccord-commercial-entre-lue-et-le-canada-represente-un-resultat-historique-pour-la-reconnaissance-des-ig\/","url":"https:\/\/www.arepoquality.eu\/fr\/2013\/10\/31\/laccord-commercial-entre-lue-et-le-canada-represente-un-resultat-historique-pour-la-reconnaissance-des-ig\/","name":"L\u2019accord commercial entre l\u2019UE et le Canada repr\u00e9sente un r\u00e9sultat historique pour la reconnaissance des IG - AREPO","isPartOf":{"@id":"https:\/\/www.arepoquality.eu\/#website"},"datePublished":"2013-10-31T08:52:28+00:00","breadcrumb":{"@id":"https:\/\/www.arepoquality.eu\/fr\/2013\/10\/31\/laccord-commercial-entre-lue-et-le-canada-represente-un-resultat-historique-pour-la-reconnaissance-des-ig\/#breadcrumb"},"inLanguage":"fr-FR","potentialAction":[{"@type":"ReadAction","target":["https:\/\/www.arepoquality.eu\/fr\/2013\/10\/31\/laccord-commercial-entre-lue-et-le-canada-represente-un-resultat-historique-pour-la-reconnaissance-des-ig\/"]}]},{"@type":"BreadcrumbList","@id":"https:\/\/www.arepoquality.eu\/fr\/2013\/10\/31\/laccord-commercial-entre-lue-et-le-canada-represente-un-resultat-historique-pour-la-reconnaissance-des-ig\/#breadcrumb","itemListElement":[{"@type":"ListItem","position":1,"name":"Home","item":"https:\/\/www.arepoquality.eu\/"},{"@type":"ListItem","position":2,"name":"L\u2019accord commercial entre l\u2019UE et le Canada repr\u00e9sente un r\u00e9sultat historique pour la reconnaissance des IG"}]},{"@type":"WebSite","@id":"https:\/\/www.arepoquality.eu\/#website","url":"https:\/\/www.arepoquality.eu\/","name":"AREPO","description":"","publisher":{"@id":"https:\/\/www.arepoquality.eu\/#organization"},"potentialAction":[{"@type":"SearchAction","target":{"@type":"EntryPoint","urlTemplate":"https:\/\/www.arepoquality.eu\/?s={search_term_string}"},"query-input":{"@type":"PropertyValueSpecification","valueRequired":true,"valueName":"search_term_string"}}],"inLanguage":"fr-FR"},{"@type":"Organization","@id":"https:\/\/www.arepoquality.eu\/#organization","name":"AREPO","url":"https:\/\/www.arepoquality.eu\/","logo":{"@type":"ImageObject","inLanguage":"fr-FR","@id":"https:\/\/www.arepoquality.eu\/#\/schema\/logo\/image\/","url":"https:\/\/www.arepoquality.eu\/wp-content\/uploads\/2024\/05\/arepo.jpg","contentUrl":"https:\/\/www.arepoquality.eu\/wp-content\/uploads\/2024\/05\/arepo.jpg","width":1113,"height":705,"caption":"AREPO"},"image":{"@id":"https:\/\/www.arepoquality.eu\/#\/schema\/logo\/image\/"},"sameAs":["https:\/\/www.facebook.com\/arepoquality\/","https:\/\/x.com\/arepoquality_eu","https:\/\/www.linkedin.com\/company\/arepoquality\/?viewAsMember=true"]},{"@type":"Person","@id":"https:\/\/www.arepoquality.eu\/#\/schema\/person\/45550165fffb5c0705e14a58767af5a2","name":"Giulia Scaglioni","url":"https:\/\/www.arepoquality.eu\/fr\/author\/giulia-scaglioni\/"}]}},"_links":{"self":[{"href":"https:\/\/www.arepoquality.eu\/fr\/wp-json\/wp\/v2\/posts\/847","targetHints":{"allow":["GET"]}}],"collection":[{"href":"https:\/\/www.arepoquality.eu\/fr\/wp-json\/wp\/v2\/posts"}],"about":[{"href":"https:\/\/www.arepoquality.eu\/fr\/wp-json\/wp\/v2\/types\/post"}],"author":[{"embeddable":true,"href":"https:\/\/www.arepoquality.eu\/fr\/wp-json\/wp\/v2\/users\/2"}],"replies":[{"embeddable":true,"href":"https:\/\/www.arepoquality.eu\/fr\/wp-json\/wp\/v2\/comments?post=847"}],"version-history":[{"count":0,"href":"https:\/\/www.arepoquality.eu\/fr\/wp-json\/wp\/v2\/posts\/847\/revisions"}],"wp:attachment":[{"href":"https:\/\/www.arepoquality.eu\/fr\/wp-json\/wp\/v2\/media?parent=847"}],"wp:term":[{"taxonomy":"category","embeddable":true,"href":"https:\/\/www.arepoquality.eu\/fr\/wp-json\/wp\/v2\/categories?post=847"},{"taxonomy":"post_tag","embeddable":true,"href":"https:\/\/www.arepoquality.eu\/fr\/wp-json\/wp\/v2\/tags?post=847"}],"curies":[{"name":"wp","href":"https:\/\/api.w.org\/{rel}","templated":true}]}}