{"id":851,"date":"2013-12-09T18:17:38","date_gmt":"2013-12-09T17:17:38","guid":{"rendered":"http:\/\/252373706c.url-de-test.ws\/arepo\/2013\/12\/09\/reunion-technique-arepo-sur-les-mesures-de-qualite-des-pdr-2014-2020\/"},"modified":"2021-08-12T17:47:59","modified_gmt":"2021-08-12T15:47:59","slug":"reunion-technique-arepo-sur-les-mesures-de-qualite-des-pdr-2014-2020","status":"publish","type":"post","link":"https:\/\/www.arepoquality.eu\/fr\/2013\/12\/09\/reunion-technique-arepo-sur-les-mesures-de-qualite-des-pdr-2014-2020\/","title":{"rendered":"R\u00e9union technique AREPO sur les mesures de qualit\u00e9 des PDR 2014-2020"},"content":{"rendered":"<p>Le 3 D\u00e9cembre \u00e0 Bruxelles a eu lieu la r\u00e9union technique d&rsquo;un groupe d&rsquo;experts AREPO, pour analyser les possibilit\u00e9s d&rsquo;application de la mesure de qualit\u00e9 dans les PDR 2014-2020. Les experts r\u00e9gionaux ont analys\u00e9 les forces et les faiblesses de la nouvelle mesure et ont discut\u00e9 des probl\u00e8mes de mise en \u0153uvre de cet instrument avec M. G. Mathioudakis de la DG AGRI.<\/p>\n<p>Il faut noter que dans la version finale du r\u00e8glement de d\u00e9veloppement rural, la mesure d\u00e9di\u00e9 au soutien des produits de qualit\u00e9 va devenir le nouvel article 16; \u00e0 l&rsquo;exception du repositionnement de l&rsquo;article, aucun changement n&rsquo;a \u00e9t\u00e9 apport\u00e9 au contenu.<\/p>\n<p>En outre, Mathiudakis a soulign\u00e9 que la mesure permet une simplification importante en combinant les anciens articles 132 et 133 dans le nouvel article 16. Ce changement devrait permettre de lancer des appels conjoints pour la mesure li\u00e9e aux co\u00fbts de certification (ex 132) et pour la promotion (ex 133).<\/p>\n<p>Pour AREPO le r\u00e9sultat principal est la reconnaissance des groupes de producteurs en tant que b\u00e9n\u00e9ficiaires de la mesure et, par cons\u00e9quent, la possibilit\u00e9 de payer l&rsquo;aide pour la certification directement aux consortia et aux associations des producteurs (\u00e0 condition qu&rsquo;il soit l\u00e9galement d\u00e9fini par le statut). Dans ce cas, le plafond annuel de 3.000\u20ac est applicable \u00e0 l&rsquo;entreprise\/producteur qui adh\u00e8re \u00e0 l&rsquo;association. Enfin, la Commission assure \u00e9galement un degr\u00e9 de flexibilit\u00e9 dans la d\u00e9finition des crit\u00e8res d&rsquo;\u00e9ligibilit\u00e9 aux mesures de promotion.<\/p>\n<p>Malgr\u00e9 l&rsquo;ouverture de la proposition de la Commission, les \u00e9tats membres et les r\u00e9gions doivent d\u00e9cider sur la plupart des points cruciaux pour la mise en \u0153uvre de mesures visant \u00e0 soutenir la qualit\u00e9. Il sera donc n\u00e9cessaire de se r\u00e9f\u00e9rer \u00e0 chaque \u00c9tat membre pour savoir quelles conditions &nbsp;va-t-il appliquer. Il faudrait que le niveau national ne r\u00e9duise pas la flexibilit\u00e9 et la marge de man\u0153uvre accord\u00e9 par la Commission.<\/p>\n","protected":false},"excerpt":{"rendered":"<p>Le 3 D\u00e9cembre \u00e0 Bruxelles a eu lieu la r\u00e9union technique d&rsquo;un groupe d&rsquo;experts AREPO, pour analyser les possibilit\u00e9s d&rsquo;application de la mesure de qualit\u00e9 dans les PDR 2014-2020. Les experts r\u00e9gionaux ont analys\u00e9 les forces et les faiblesses de la nouvelle mesure et ont discut\u00e9 des probl\u00e8mes de mise en \u0153uvre de cet instrument [&hellip;]<\/p>\n","protected":false},"author":2,"featured_media":0,"comment_status":"closed","ping_status":"closed","sticky":false,"template":"","format":"standard","meta":{"_acf_changed":false,"footnotes":""},"categories":[39,106,124],"tags":[],"class_list":["post-851","post","type-post","status-publish","format-standard","hentry","category-politique-de-qualite","category-reunions-arepo-fr","category-systemes-de-qualite-fr"],"acf":[],"yoast_head":"<!-- This site is optimized with the Yoast SEO plugin v27.4 - https:\/\/yoast.com\/product\/yoast-seo-wordpress\/ -->\n<title>R\u00e9union technique AREPO sur les mesures de qualit\u00e9 des PDR 2014-2020 - AREPO<\/title>\n<meta name=\"robots\" content=\"index, follow, max-snippet:-1, max-image-preview:large, max-video-preview:-1\" \/>\n<link rel=\"canonical\" href=\"https:\/\/www.arepoquality.eu\/fr\/2013\/12\/09\/reunion-technique-arepo-sur-les-mesures-de-qualite-des-pdr-2014-2020\/\" \/>\n<meta property=\"og:locale\" content=\"fr_FR\" \/>\n<meta property=\"og:type\" content=\"article\" \/>\n<meta property=\"og:title\" content=\"R\u00e9union technique AREPO sur les mesures de qualit\u00e9 des PDR 2014-2020 - AREPO\" \/>\n<meta property=\"og:description\" content=\"Le 3 D\u00e9cembre \u00e0 Bruxelles a eu lieu la r\u00e9union technique d&rsquo;un groupe d&rsquo;experts AREPO, pour analyser les possibilit\u00e9s d&rsquo;application de la mesure de qualit\u00e9 dans les PDR 2014-2020. Les experts r\u00e9gionaux ont analys\u00e9 les forces et les faiblesses de la nouvelle mesure et ont discut\u00e9 des probl\u00e8mes de mise en \u0153uvre de cet instrument [&hellip;]\" \/>\n<meta property=\"og:url\" content=\"https:\/\/www.arepoquality.eu\/fr\/2013\/12\/09\/reunion-technique-arepo-sur-les-mesures-de-qualite-des-pdr-2014-2020\/\" \/>\n<meta property=\"og:site_name\" content=\"AREPO\" \/>\n<meta property=\"article:publisher\" content=\"https:\/\/www.facebook.com\/arepoquality\/\" \/>\n<meta property=\"article:published_time\" content=\"2013-12-09T17:17:38+00:00\" \/>\n<meta property=\"article:modified_time\" content=\"2021-08-12T15:47:59+00:00\" \/>\n<meta name=\"author\" content=\"Giulia Scaglioni\" \/>\n<meta name=\"twitter:card\" content=\"summary_large_image\" \/>\n<meta name=\"twitter:creator\" content=\"@arepoquality_eu\" \/>\n<meta name=\"twitter:site\" content=\"@arepoquality_eu\" \/>\n<meta name=\"twitter:label1\" content=\"\u00c9crit par\" \/>\n\t<meta name=\"twitter:data1\" content=\"Giulia Scaglioni\" \/>\n\t<meta name=\"twitter:label2\" content=\"Dur\u00e9e de lecture estim\u00e9e\" \/>\n\t<meta name=\"twitter:data2\" content=\"2 minutes\" \/>\n<script type=\"application\/ld+json\" class=\"yoast-schema-graph\">{\"@context\":\"https:\\\/\\\/schema.org\",\"@graph\":[{\"@type\":\"Article\",\"@id\":\"https:\\\/\\\/www.arepoquality.eu\\\/fr\\\/2013\\\/12\\\/09\\\/reunion-technique-arepo-sur-les-mesures-de-qualite-des-pdr-2014-2020\\\/#article\",\"isPartOf\":{\"@id\":\"https:\\\/\\\/www.arepoquality.eu\\\/fr\\\/2013\\\/12\\\/09\\\/reunion-technique-arepo-sur-les-mesures-de-qualite-des-pdr-2014-2020\\\/\"},\"author\":{\"name\":\"Giulia Scaglioni\",\"@id\":\"https:\\\/\\\/www.arepoquality.eu\\\/#\\\/schema\\\/person\\\/45550165fffb5c0705e14a58767af5a2\"},\"headline\":\"R\u00e9union technique AREPO sur les mesures de qualit\u00e9 des PDR 2014-2020\",\"datePublished\":\"2013-12-09T17:17:38+00:00\",\"dateModified\":\"2021-08-12T15:47:59+00:00\",\"mainEntityOfPage\":{\"@id\":\"https:\\\/\\\/www.arepoquality.eu\\\/fr\\\/2013\\\/12\\\/09\\\/reunion-technique-arepo-sur-les-mesures-de-qualite-des-pdr-2014-2020\\\/\"},\"wordCount\":333,\"publisher\":{\"@id\":\"https:\\\/\\\/www.arepoquality.eu\\\/#organization\"},\"articleSection\":[\"Politique de qualit\u00e9\",\"R\u00e9union AREPO\",\"Syst\u00e8mes de qualit\u00e9\"],\"inLanguage\":\"fr-FR\"},{\"@type\":\"WebPage\",\"@id\":\"https:\\\/\\\/www.arepoquality.eu\\\/fr\\\/2013\\\/12\\\/09\\\/reunion-technique-arepo-sur-les-mesures-de-qualite-des-pdr-2014-2020\\\/\",\"url\":\"https:\\\/\\\/www.arepoquality.eu\\\/fr\\\/2013\\\/12\\\/09\\\/reunion-technique-arepo-sur-les-mesures-de-qualite-des-pdr-2014-2020\\\/\",\"name\":\"R\u00e9union technique AREPO sur les mesures de qualit\u00e9 des PDR 2014-2020 - AREPO\",\"isPartOf\":{\"@id\":\"https:\\\/\\\/www.arepoquality.eu\\\/#website\"},\"datePublished\":\"2013-12-09T17:17:38+00:00\",\"dateModified\":\"2021-08-12T15:47:59+00:00\",\"breadcrumb\":{\"@id\":\"https:\\\/\\\/www.arepoquality.eu\\\/fr\\\/2013\\\/12\\\/09\\\/reunion-technique-arepo-sur-les-mesures-de-qualite-des-pdr-2014-2020\\\/#breadcrumb\"},\"inLanguage\":\"fr-FR\",\"potentialAction\":[{\"@type\":\"ReadAction\",\"target\":[\"https:\\\/\\\/www.arepoquality.eu\\\/fr\\\/2013\\\/12\\\/09\\\/reunion-technique-arepo-sur-les-mesures-de-qualite-des-pdr-2014-2020\\\/\"]}]},{\"@type\":\"BreadcrumbList\",\"@id\":\"https:\\\/\\\/www.arepoquality.eu\\\/fr\\\/2013\\\/12\\\/09\\\/reunion-technique-arepo-sur-les-mesures-de-qualite-des-pdr-2014-2020\\\/#breadcrumb\",\"itemListElement\":[{\"@type\":\"ListItem\",\"position\":1,\"name\":\"Home\",\"item\":\"https:\\\/\\\/www.arepoquality.eu\\\/\"},{\"@type\":\"ListItem\",\"position\":2,\"name\":\"R\u00e9union technique AREPO sur les mesures de qualit\u00e9 des PDR 2014-2020\"}]},{\"@type\":\"WebSite\",\"@id\":\"https:\\\/\\\/www.arepoquality.eu\\\/#website\",\"url\":\"https:\\\/\\\/www.arepoquality.eu\\\/\",\"name\":\"AREPO\",\"description\":\"\",\"publisher\":{\"@id\":\"https:\\\/\\\/www.arepoquality.eu\\\/#organization\"},\"potentialAction\":[{\"@type\":\"SearchAction\",\"target\":{\"@type\":\"EntryPoint\",\"urlTemplate\":\"https:\\\/\\\/www.arepoquality.eu\\\/?s={search_term_string}\"},\"query-input\":{\"@type\":\"PropertyValueSpecification\",\"valueRequired\":true,\"valueName\":\"search_term_string\"}}],\"inLanguage\":\"fr-FR\"},{\"@type\":\"Organization\",\"@id\":\"https:\\\/\\\/www.arepoquality.eu\\\/#organization\",\"name\":\"AREPO\",\"url\":\"https:\\\/\\\/www.arepoquality.eu\\\/\",\"logo\":{\"@type\":\"ImageObject\",\"inLanguage\":\"fr-FR\",\"@id\":\"https:\\\/\\\/www.arepoquality.eu\\\/#\\\/schema\\\/logo\\\/image\\\/\",\"url\":\"https:\\\/\\\/www.arepoquality.eu\\\/wp-content\\\/uploads\\\/2024\\\/05\\\/arepo.jpg\",\"contentUrl\":\"https:\\\/\\\/www.arepoquality.eu\\\/wp-content\\\/uploads\\\/2024\\\/05\\\/arepo.jpg\",\"width\":1113,\"height\":705,\"caption\":\"AREPO\"},\"image\":{\"@id\":\"https:\\\/\\\/www.arepoquality.eu\\\/#\\\/schema\\\/logo\\\/image\\\/\"},\"sameAs\":[\"https:\\\/\\\/www.facebook.com\\\/arepoquality\\\/\",\"https:\\\/\\\/x.com\\\/arepoquality_eu\",\"https:\\\/\\\/www.linkedin.com\\\/company\\\/arepoquality\\\/?viewAsMember=true\"]},{\"@type\":\"Person\",\"@id\":\"https:\\\/\\\/www.arepoquality.eu\\\/#\\\/schema\\\/person\\\/45550165fffb5c0705e14a58767af5a2\",\"name\":\"Giulia Scaglioni\",\"url\":\"https:\\\/\\\/www.arepoquality.eu\\\/fr\\\/author\\\/giulia-scaglioni\\\/\"}]}<\/script>\n<!-- \/ Yoast SEO plugin. -->","yoast_head_json":{"title":"R\u00e9union technique AREPO sur les mesures de qualit\u00e9 des PDR 2014-2020 - AREPO","robots":{"index":"index","follow":"follow","max-snippet":"max-snippet:-1","max-image-preview":"max-image-preview:large","max-video-preview":"max-video-preview:-1"},"canonical":"https:\/\/www.arepoquality.eu\/fr\/2013\/12\/09\/reunion-technique-arepo-sur-les-mesures-de-qualite-des-pdr-2014-2020\/","og_locale":"fr_FR","og_type":"article","og_title":"R\u00e9union technique AREPO sur les mesures de qualit\u00e9 des PDR 2014-2020 - AREPO","og_description":"Le 3 D\u00e9cembre \u00e0 Bruxelles a eu lieu la r\u00e9union technique d&rsquo;un groupe d&rsquo;experts AREPO, pour analyser les possibilit\u00e9s d&rsquo;application de la mesure de qualit\u00e9 dans les PDR 2014-2020. Les experts r\u00e9gionaux ont analys\u00e9 les forces et les faiblesses de la nouvelle mesure et ont discut\u00e9 des probl\u00e8mes de mise en \u0153uvre de cet instrument [&hellip;]","og_url":"https:\/\/www.arepoquality.eu\/fr\/2013\/12\/09\/reunion-technique-arepo-sur-les-mesures-de-qualite-des-pdr-2014-2020\/","og_site_name":"AREPO","article_publisher":"https:\/\/www.facebook.com\/arepoquality\/","article_published_time":"2013-12-09T17:17:38+00:00","article_modified_time":"2021-08-12T15:47:59+00:00","author":"Giulia Scaglioni","twitter_card":"summary_large_image","twitter_creator":"@arepoquality_eu","twitter_site":"@arepoquality_eu","twitter_misc":{"\u00c9crit par":"Giulia Scaglioni","Dur\u00e9e de lecture estim\u00e9e":"2 minutes"},"schema":{"@context":"https:\/\/schema.org","@graph":[{"@type":"Article","@id":"https:\/\/www.arepoquality.eu\/fr\/2013\/12\/09\/reunion-technique-arepo-sur-les-mesures-de-qualite-des-pdr-2014-2020\/#article","isPartOf":{"@id":"https:\/\/www.arepoquality.eu\/fr\/2013\/12\/09\/reunion-technique-arepo-sur-les-mesures-de-qualite-des-pdr-2014-2020\/"},"author":{"name":"Giulia Scaglioni","@id":"https:\/\/www.arepoquality.eu\/#\/schema\/person\/45550165fffb5c0705e14a58767af5a2"},"headline":"R\u00e9union technique AREPO sur les mesures de qualit\u00e9 des PDR 2014-2020","datePublished":"2013-12-09T17:17:38+00:00","dateModified":"2021-08-12T15:47:59+00:00","mainEntityOfPage":{"@id":"https:\/\/www.arepoquality.eu\/fr\/2013\/12\/09\/reunion-technique-arepo-sur-les-mesures-de-qualite-des-pdr-2014-2020\/"},"wordCount":333,"publisher":{"@id":"https:\/\/www.arepoquality.eu\/#organization"},"articleSection":["Politique de qualit\u00e9","R\u00e9union AREPO","Syst\u00e8mes de qualit\u00e9"],"inLanguage":"fr-FR"},{"@type":"WebPage","@id":"https:\/\/www.arepoquality.eu\/fr\/2013\/12\/09\/reunion-technique-arepo-sur-les-mesures-de-qualite-des-pdr-2014-2020\/","url":"https:\/\/www.arepoquality.eu\/fr\/2013\/12\/09\/reunion-technique-arepo-sur-les-mesures-de-qualite-des-pdr-2014-2020\/","name":"R\u00e9union technique AREPO sur les mesures de qualit\u00e9 des PDR 2014-2020 - AREPO","isPartOf":{"@id":"https:\/\/www.arepoquality.eu\/#website"},"datePublished":"2013-12-09T17:17:38+00:00","dateModified":"2021-08-12T15:47:59+00:00","breadcrumb":{"@id":"https:\/\/www.arepoquality.eu\/fr\/2013\/12\/09\/reunion-technique-arepo-sur-les-mesures-de-qualite-des-pdr-2014-2020\/#breadcrumb"},"inLanguage":"fr-FR","potentialAction":[{"@type":"ReadAction","target":["https:\/\/www.arepoquality.eu\/fr\/2013\/12\/09\/reunion-technique-arepo-sur-les-mesures-de-qualite-des-pdr-2014-2020\/"]}]},{"@type":"BreadcrumbList","@id":"https:\/\/www.arepoquality.eu\/fr\/2013\/12\/09\/reunion-technique-arepo-sur-les-mesures-de-qualite-des-pdr-2014-2020\/#breadcrumb","itemListElement":[{"@type":"ListItem","position":1,"name":"Home","item":"https:\/\/www.arepoquality.eu\/"},{"@type":"ListItem","position":2,"name":"R\u00e9union technique AREPO sur les mesures de qualit\u00e9 des PDR 2014-2020"}]},{"@type":"WebSite","@id":"https:\/\/www.arepoquality.eu\/#website","url":"https:\/\/www.arepoquality.eu\/","name":"AREPO","description":"","publisher":{"@id":"https:\/\/www.arepoquality.eu\/#organization"},"potentialAction":[{"@type":"SearchAction","target":{"@type":"EntryPoint","urlTemplate":"https:\/\/www.arepoquality.eu\/?s={search_term_string}"},"query-input":{"@type":"PropertyValueSpecification","valueRequired":true,"valueName":"search_term_string"}}],"inLanguage":"fr-FR"},{"@type":"Organization","@id":"https:\/\/www.arepoquality.eu\/#organization","name":"AREPO","url":"https:\/\/www.arepoquality.eu\/","logo":{"@type":"ImageObject","inLanguage":"fr-FR","@id":"https:\/\/www.arepoquality.eu\/#\/schema\/logo\/image\/","url":"https:\/\/www.arepoquality.eu\/wp-content\/uploads\/2024\/05\/arepo.jpg","contentUrl":"https:\/\/www.arepoquality.eu\/wp-content\/uploads\/2024\/05\/arepo.jpg","width":1113,"height":705,"caption":"AREPO"},"image":{"@id":"https:\/\/www.arepoquality.eu\/#\/schema\/logo\/image\/"},"sameAs":["https:\/\/www.facebook.com\/arepoquality\/","https:\/\/x.com\/arepoquality_eu","https:\/\/www.linkedin.com\/company\/arepoquality\/?viewAsMember=true"]},{"@type":"Person","@id":"https:\/\/www.arepoquality.eu\/#\/schema\/person\/45550165fffb5c0705e14a58767af5a2","name":"Giulia Scaglioni","url":"https:\/\/www.arepoquality.eu\/fr\/author\/giulia-scaglioni\/"}]}},"_links":{"self":[{"href":"https:\/\/www.arepoquality.eu\/fr\/wp-json\/wp\/v2\/posts\/851","targetHints":{"allow":["GET"]}}],"collection":[{"href":"https:\/\/www.arepoquality.eu\/fr\/wp-json\/wp\/v2\/posts"}],"about":[{"href":"https:\/\/www.arepoquality.eu\/fr\/wp-json\/wp\/v2\/types\/post"}],"author":[{"embeddable":true,"href":"https:\/\/www.arepoquality.eu\/fr\/wp-json\/wp\/v2\/users\/2"}],"replies":[{"embeddable":true,"href":"https:\/\/www.arepoquality.eu\/fr\/wp-json\/wp\/v2\/comments?post=851"}],"version-history":[{"count":1,"href":"https:\/\/www.arepoquality.eu\/fr\/wp-json\/wp\/v2\/posts\/851\/revisions"}],"predecessor-version":[{"id":4528,"href":"https:\/\/www.arepoquality.eu\/fr\/wp-json\/wp\/v2\/posts\/851\/revisions\/4528"}],"wp:attachment":[{"href":"https:\/\/www.arepoquality.eu\/fr\/wp-json\/wp\/v2\/media?parent=851"}],"wp:term":[{"taxonomy":"category","embeddable":true,"href":"https:\/\/www.arepoquality.eu\/fr\/wp-json\/wp\/v2\/categories?post=851"},{"taxonomy":"post_tag","embeddable":true,"href":"https:\/\/www.arepoquality.eu\/fr\/wp-json\/wp\/v2\/tags?post=851"}],"curies":[{"name":"wp","href":"https:\/\/api.w.org\/{rel}","templated":true}]}}