{"id":854,"date":"2013-12-18T15:56:26","date_gmt":"2013-12-18T14:56:26","guid":{"rendered":"http:\/\/252373706c.url-de-test.ws\/arepo\/2013\/12\/18\/lettre-du-president-de-larepo-tiberio-rabboni\/"},"modified":"2021-08-11T17:27:37","modified_gmt":"2021-08-11T15:27:37","slug":"lettre-du-president-de-larepo-tiberio-rabboni","status":"publish","type":"post","link":"https:\/\/www.arepoquality.eu\/fr\/2013\/12\/18\/lettre-du-president-de-larepo-tiberio-rabboni\/","title":{"rendered":"Lettre du president de l&rsquo;AREPO Tiberio Rabboni"},"content":{"rendered":"<p><strong>Aux partenaires de l\u2019AREPO et \u00e0 tous ceux qui partagent l\u2019objectif&nbsp;de valoriser l\u2019agriculture de qualit\u00e9<\/strong><\/p>\n<p>Pendant les derni\u00e8res ann\u00e9es, l\u2019activit\u00e9 de <a href=\"http:\/\/www.arepoquality.eu\/fr\">l\u2019Arepo<\/a> a \u00e9t\u00e9 ins\u00e9r\u00e9e dans un contexte europ\u00e9en fortement en \u00e9volution. Les n\u00e9gociations pour la nouvelle Politique Agricole Europ\u00e9enne 2014-2020 ont \u00e9t\u00e9 marqu\u00e9es par d\u2019importants changements institutionnels et politiques qui ont transform\u00e9 la structure du secteur. Un nouveau r\u00f4le de premier plan du Parlement europ\u00e9en a \u00e9t\u00e9 d\u00e9fini par la proc\u00e9dure l\u00e9gislative ordinaire qui, depuis le trait\u00e9 de Lisbonne, caract\u00e9rise le processus de prise de d\u00e9cision dans le secteur agricole. En plus, le d\u00e9bat sur la PAC, a \u00e9volu\u00e9 en parall\u00e8le \u00e0 celui sur le futur cadre financier pluriannuel. Donc, pour la premi\u00e8re fois, la programmation des ressources de la politique agricole a \u00e9t\u00e9 associ\u00e9e \u00e0 celui de l&rsquo;ensemble du <a href=\"http:\/\/www.arepoquality.eu\/fr\/news\/881\/22-nov\">budget de l&rsquo;UE<\/a>. L&rsquo;accord qui a \u00e9t\u00e9 finalement conclu affecte environ 380 milliards d&rsquo;euros pour l\u2019agriculture et pour le d\u00e9veloppement rural est structur\u00e9 en <a href=\"http:\/\/www.arepoquality.eu\/fr\/news\/916\/17-d-c\">quatre r\u00e8glements<\/a>.<\/p>\n<p>Dans un tel sc\u00e9nario l\u2019AREPO, qui repr\u00e9sente environ le 40% des Indications G\u00e9ographiques (IG) europ\u00e9ennes, a pu se renforcer de mani\u00e8re importante. Elle s\u2019est d\u00e9velopp\u00e9e par rapport aux r\u00e9sultats obtenus, aux partenaires et \u00e0 la l\u00e9gitimit\u00e9. Nos <a href=\"http:\/\/arepoquality.eu\/fr\/regions\">27 r\u00e9gions<\/a> ont \u00e9labor\u00e9 une strat\u00e9gie partag\u00e9e pour promouvoir leur position au niveau europ\u00e9en. Une action de lobbying coh\u00e9rente et opportune a fortifi\u00e9 la voix de l\u2019AREPO dans le processus de prise de d\u00e9cision pour le secteur agricole. Un exemple de ce r\u00f4le strat\u00e9gique est le cas de la d\u00e9fense de la notion de \u00abqualit\u00e9\u00bb \u00e0 l\u2019int\u00e9rieur de la PAC et dans le parcours accompli par le \u00ab<a href=\"http:\/\/arepoquality.eu\/fr\/policy\/FR\/politiques-qualit\">paquet qualit\u00e9<\/a>\u00bb. Nous nous sommes battus pour d\u00e9fendre et mettre en valeur nos priorit\u00e9s, en particulier une meilleure protection ex-officio, principe qui pr\u00e9voit l&rsquo;adoption par les \u00c9tats membres des mesures n\u00e9cessaires \u00e0 la protection des indications g\u00e9ographiques et la d\u00e9signation des autorit\u00e9s responsables des mesures de protection; en plus, nous avons obtenu la reconnaissance des produits de montagne et la possibilit\u00e9, pour les consortiums de fromages et jambons, de g\u00e9rer des volumes de production. Le r\u00e9sultat de nos efforts est un r\u00e8glement sur la qualit\u00e9 plus proche des besoins des producteurs et qui ouvre de nouveaux sc\u00e9narios pour les territoires des r\u00e9gions europ\u00e9ennes suite \u00e0 l&rsquo;introduction de trois mentions facultatives de qualit\u00e9: produits de montagne, produits des \u00eeles et produits de ma ferme.<\/p>\n<p>Au cours des derni\u00e8res ann\u00e9es, notre association s&rsquo;est r\u00e9v\u00e9l\u00e9e de plus en plus comme un interlocuteur fiable pour les plus importants partenaires des institutions de l&rsquo;UE. Au Parlement, nous avons consolid\u00e9 nos relations- d\u00e9j\u00e0 excellentes- avec le Pr\u00e9sident de la Commission de l&rsquo;Agriculture et du D\u00e9veloppement Rural, M. Paolo De Castro. Nous avons aussi renforc\u00e9 la collaboration avec les d\u00e9put\u00e9s de la commission les plus sensibles \u00e0 la question de la qualit\u00e9- dont la correspondance entre les positions de l\u2019AREPO et les <a href=\"http:\/\/arepoquality.eu\/fr\/action-AREPO\/propositions-d-amendements-d-velopper-place-qualit-pac-2014-2020\">amendements propos\u00e9s par les d\u00e9put\u00e9s<\/a> dans le complexe processus de r\u00e9forme de la PAC est un t\u00e9moignage.<\/p>\n<p>M\u00eame avec la Commission europ\u00e9enne, nous avons consolid\u00e9 nos rapports, gr\u00e2ce \u00e0 la participation continue au sein du groupe consultatif sur la qualit\u00e9, du groupe consultatif restreint sur les produits locaux, des relations directes avec le Commissaire Ciolos et son cabinet, de la participation aux conf\u00e9rences de haut niveau sur la promotion, sur l\u2019agriculture locale, sur le lait et gr\u00e2ce \u00e0 la cr\u00e9ation d&rsquo;une STG transnationale.<\/p>\n<p>Le Commissaire Ciolo\u015f a reconnu lui-m\u00eame notre engagement en envoyant une <a href=\"http:\/\/arepoquality.eu\/fr\/news\/826\/24-jui\">lettre<\/a> de remerciements \u00e0 l&rsquo;AREPO pour le r\u00f4le proactif jou\u00e9 dans la r\u00e9forme de la politique agricole. Les repr\u00e9sentants des principales institutions europ\u00e9ennes ont particip\u00e9 aux \u00e9v\u00e9nements biennaux de l\u2019AREPO, montrant une grande sensibilit\u00e9 et attention aux propositions du r\u00e9seau.<\/p>\n<p>L\u2019activit\u00e9 de l\u2019AREPO se concentre \u00e9galement sur \u200b\u200bla <a href=\"http:\/\/arepoquality.eu\/fr\/policy\/FR\/politique-promotion-des-produits-agricoles\">politique de promotion<\/a> des produits agricoles. \u00c0 partir de la r\u00e9ponse au Livre vert de la Commission en 2011, jusqu\u2019aux \u00e9tapes actuelles, le r\u00e9seau a d\u00e9fendu l&rsquo;importance de cibler le soutien \u00e9conomique et financier vers la promotion de produits de qualit\u00e9. Nous avons \u00e9galement travaill\u00e9 pour maintenir la promotion dans le r\u00e8glement du FEADER 2014-2020 et pour l\u2019adresser non seulement aux agriculteurs, mais aussi aux groupes de producteurs.<\/p>\n<p>La force de l&rsquo;AREPO provient de l\u2019engagement de nos r\u00e9gions. Au cours de cette p\u00e9riode d&rsquo;intense activit\u00e9, cinq nouveaux membres ont rejoint officiellement le projet de l\u2019association: Cr\u00e8te, Bavi\u00e8re, Lombardie, Puglia, et Malopolska. En autre, nous avons intensifi\u00e9 les relations et la collaboration avec d&rsquo;autres importants r\u00e9seaux europ\u00e9ens qui, comme l\u2019AREPO, soutiennent et d\u00e9fendent la production de qualit\u00e9 (<a href=\"http:\/\/arepoquality.eu\/fr\/links\">IFOAM, AREFLH, NECSTouR, Origine, Qualivita, AREV<\/a>).<\/p>\n<p>Si les \u00e9preuves affront\u00e9s et les r\u00e9sultats obtenus ont \u00e9t\u00e9 nombreux, les ann\u00e9es \u00e0 venir nous r\u00e9servent encore de nombreux et nouveaux d\u00e9fis sur nos th\u00e8mes. En outre, la structure politique des institutions europ\u00e9ennes va changer dans les prochains mois avec les \u00e9lections au Parlement europ\u00e9en et la nomination de nouveaux commissaires. Ce qui a \u00e9t\u00e9 r\u00e9alis\u00e9 jusqu&rsquo;\u00e0 pr\u00e9sent en termes d&rsquo;acquisition de l\u00e9gitimit\u00e9 et de cr\u00e9dibilit\u00e9 n&rsquo;est que le point de d\u00e9part pour la cr\u00e9ation de nouveaux partenariats aussi fructueux. Nous nous tiendront vigilants sur les derniers d\u00e9veloppements concernant la politique de qualit\u00e9 (en particulier l&rsquo;\u00e9volution de la norme sur les indications facultatives), la politique de promotion, la d\u00e9finition des r\u00e8glements d&rsquo;application de la nouvelle PAC et le r\u00e8glement sur l&rsquo;agriculture biologique.<\/p>\n<p>Il est temps pour les territoires de s\u2019activer \u00e0 l\u2019int\u00e9rieur du cadre qui a \u00e9t\u00e9 d\u00e9fini au niveau de l&rsquo;UE. Dans cette nouvelle saison, nous proposons l\u2019AREPO en tant que support technique et lieu d\u2019\u00e9change et de dialogue avec les r\u00e9gions qui souhaitent nous joindre. Nos objectifs et notre capacit\u00e9 d\u2019intervention ne peuvent que se renforcer gr\u00e2ce \u00e0 la contribution et \u00e0 la participation active de toutes les r\u00e9gions et tous les producteurs qui en font partie.&nbsp;<\/p>\n<p><strong style=\"line-height:1.6em\">Tiberio Rabboni<\/strong><\/p>\n<p><strong>Pr\u00e9sident&nbsp;de l&rsquo;AREPO<\/strong><\/p>\n","protected":false},"excerpt":{"rendered":"<p>Aux partenaires de l\u2019AREPO et \u00e0 tous ceux qui partagent l\u2019objectif&nbsp;de valoriser l\u2019agriculture de qualit\u00e9 Pendant les derni\u00e8res ann\u00e9es, l\u2019activit\u00e9 de l\u2019Arepo a \u00e9t\u00e9 ins\u00e9r\u00e9e dans un contexte europ\u00e9en fortement en \u00e9volution. Les n\u00e9gociations pour la nouvelle Politique Agricole Europ\u00e9enne 2014-2020 ont \u00e9t\u00e9 marqu\u00e9es par d\u2019importants changements institutionnels et politiques qui ont transform\u00e9 la structure [&hellip;]<\/p>\n","protected":false},"author":2,"featured_media":0,"comment_status":"closed","ping_status":"closed","sticky":false,"template":"","format":"standard","meta":{"_acf_changed":false,"footnotes":""},"categories":[160],"tags":[],"class_list":["post-854","post","type-post","status-publish","format-standard","hentry","category-evenements-arepo"],"acf":[],"yoast_head":"<!-- This site is optimized with the Yoast SEO plugin v27.5 - https:\/\/yoast.com\/product\/yoast-seo-wordpress\/ -->\n<title>Lettre du president de l&#039;AREPO Tiberio Rabboni - AREPO<\/title>\n<meta name=\"robots\" content=\"index, follow, max-snippet:-1, max-image-preview:large, max-video-preview:-1\" \/>\n<link rel=\"canonical\" href=\"https:\/\/www.arepoquality.eu\/2013\/12\/18\/letter-of-arepo-president-tiberio-rabboni\/\" \/>\n<meta property=\"og:locale\" content=\"fr_FR\" \/>\n<meta property=\"og:type\" content=\"article\" \/>\n<meta property=\"og:title\" content=\"Lettre du president de l&#039;AREPO Tiberio Rabboni - AREPO\" \/>\n<meta property=\"og:description\" content=\"Aux partenaires de l\u2019AREPO et \u00e0 tous ceux qui partagent l\u2019objectif&nbsp;de valoriser l\u2019agriculture de qualit\u00e9 Pendant les derni\u00e8res ann\u00e9es, l\u2019activit\u00e9 de l\u2019Arepo a \u00e9t\u00e9 ins\u00e9r\u00e9e dans un contexte europ\u00e9en fortement en \u00e9volution. Les n\u00e9gociations pour la nouvelle Politique Agricole Europ\u00e9enne 2014-2020 ont \u00e9t\u00e9 marqu\u00e9es par d\u2019importants changements institutionnels et politiques qui ont transform\u00e9 la structure [&hellip;]\" \/>\n<meta property=\"og:url\" content=\"https:\/\/www.arepoquality.eu\/2013\/12\/18\/letter-of-arepo-president-tiberio-rabboni\/\" \/>\n<meta property=\"og:site_name\" content=\"AREPO\" \/>\n<meta property=\"article:publisher\" content=\"https:\/\/www.facebook.com\/arepoquality\/\" \/>\n<meta property=\"article:published_time\" content=\"2013-12-18T14:56:26+00:00\" \/>\n<meta property=\"article:modified_time\" content=\"2021-08-11T15:27:37+00:00\" \/>\n<meta name=\"author\" content=\"Giulia Scaglioni\" \/>\n<meta name=\"twitter:card\" content=\"summary_large_image\" \/>\n<meta name=\"twitter:creator\" content=\"@arepoquality_eu\" \/>\n<meta name=\"twitter:site\" content=\"@arepoquality_eu\" \/>\n<meta name=\"twitter:label1\" content=\"\u00c9crit par\" \/>\n\t<meta name=\"twitter:data1\" content=\"Giulia Scaglioni\" \/>\n\t<meta name=\"twitter:label2\" content=\"Dur\u00e9e de lecture estim\u00e9e\" \/>\n\t<meta name=\"twitter:data2\" content=\"5 minutes\" \/>\n<script type=\"application\/ld+json\" class=\"yoast-schema-graph\">{\"@context\":\"https:\\\/\\\/schema.org\",\"@graph\":[{\"@type\":\"Article\",\"@id\":\"https:\\\/\\\/www.arepoquality.eu\\\/2013\\\/12\\\/18\\\/letter-of-arepo-president-tiberio-rabboni\\\/#article\",\"isPartOf\":{\"@id\":\"https:\\\/\\\/www.arepoquality.eu\\\/2013\\\/12\\\/18\\\/letter-of-arepo-president-tiberio-rabboni\\\/\"},\"author\":{\"name\":\"Giulia Scaglioni\",\"@id\":\"https:\\\/\\\/www.arepoquality.eu\\\/#\\\/schema\\\/person\\\/45550165fffb5c0705e14a58767af5a2\"},\"headline\":\"Lettre du president de l&rsquo;AREPO Tiberio Rabboni\",\"datePublished\":\"2013-12-18T14:56:26+00:00\",\"dateModified\":\"2021-08-11T15:27:37+00:00\",\"mainEntityOfPage\":{\"@id\":\"https:\\\/\\\/www.arepoquality.eu\\\/2013\\\/12\\\/18\\\/letter-of-arepo-president-tiberio-rabboni\\\/\"},\"wordCount\":1080,\"publisher\":{\"@id\":\"https:\\\/\\\/www.arepoquality.eu\\\/#organization\"},\"articleSection\":[\"\u00c9v\u00e8nement AREPO\"],\"inLanguage\":\"fr-FR\"},{\"@type\":\"WebPage\",\"@id\":\"https:\\\/\\\/www.arepoquality.eu\\\/2013\\\/12\\\/18\\\/letter-of-arepo-president-tiberio-rabboni\\\/\",\"url\":\"https:\\\/\\\/www.arepoquality.eu\\\/2013\\\/12\\\/18\\\/letter-of-arepo-president-tiberio-rabboni\\\/\",\"name\":\"Lettre du president de l'AREPO Tiberio Rabboni - AREPO\",\"isPartOf\":{\"@id\":\"https:\\\/\\\/www.arepoquality.eu\\\/#website\"},\"datePublished\":\"2013-12-18T14:56:26+00:00\",\"dateModified\":\"2021-08-11T15:27:37+00:00\",\"breadcrumb\":{\"@id\":\"https:\\\/\\\/www.arepoquality.eu\\\/2013\\\/12\\\/18\\\/letter-of-arepo-president-tiberio-rabboni\\\/#breadcrumb\"},\"inLanguage\":\"fr-FR\",\"potentialAction\":[{\"@type\":\"ReadAction\",\"target\":[\"https:\\\/\\\/www.arepoquality.eu\\\/2013\\\/12\\\/18\\\/letter-of-arepo-president-tiberio-rabboni\\\/\"]}]},{\"@type\":\"BreadcrumbList\",\"@id\":\"https:\\\/\\\/www.arepoquality.eu\\\/2013\\\/12\\\/18\\\/letter-of-arepo-president-tiberio-rabboni\\\/#breadcrumb\",\"itemListElement\":[{\"@type\":\"ListItem\",\"position\":1,\"name\":\"Home\",\"item\":\"https:\\\/\\\/www.arepoquality.eu\\\/\"},{\"@type\":\"ListItem\",\"position\":2,\"name\":\"Lettre du president de l&#8217;AREPO Tiberio Rabboni\"}]},{\"@type\":\"WebSite\",\"@id\":\"https:\\\/\\\/www.arepoquality.eu\\\/#website\",\"url\":\"https:\\\/\\\/www.arepoquality.eu\\\/\",\"name\":\"AREPO\",\"description\":\"\",\"publisher\":{\"@id\":\"https:\\\/\\\/www.arepoquality.eu\\\/#organization\"},\"potentialAction\":[{\"@type\":\"SearchAction\",\"target\":{\"@type\":\"EntryPoint\",\"urlTemplate\":\"https:\\\/\\\/www.arepoquality.eu\\\/?s={search_term_string}\"},\"query-input\":{\"@type\":\"PropertyValueSpecification\",\"valueRequired\":true,\"valueName\":\"search_term_string\"}}],\"inLanguage\":\"fr-FR\"},{\"@type\":\"Organization\",\"@id\":\"https:\\\/\\\/www.arepoquality.eu\\\/#organization\",\"name\":\"AREPO\",\"url\":\"https:\\\/\\\/www.arepoquality.eu\\\/\",\"logo\":{\"@type\":\"ImageObject\",\"inLanguage\":\"fr-FR\",\"@id\":\"https:\\\/\\\/www.arepoquality.eu\\\/#\\\/schema\\\/logo\\\/image\\\/\",\"url\":\"https:\\\/\\\/www.arepoquality.eu\\\/wp-content\\\/uploads\\\/2024\\\/05\\\/arepo.jpg\",\"contentUrl\":\"https:\\\/\\\/www.arepoquality.eu\\\/wp-content\\\/uploads\\\/2024\\\/05\\\/arepo.jpg\",\"width\":1113,\"height\":705,\"caption\":\"AREPO\"},\"image\":{\"@id\":\"https:\\\/\\\/www.arepoquality.eu\\\/#\\\/schema\\\/logo\\\/image\\\/\"},\"sameAs\":[\"https:\\\/\\\/www.facebook.com\\\/arepoquality\\\/\",\"https:\\\/\\\/x.com\\\/arepoquality_eu\",\"https:\\\/\\\/www.linkedin.com\\\/company\\\/arepoquality\\\/?viewAsMember=true\"]},{\"@type\":\"Person\",\"@id\":\"https:\\\/\\\/www.arepoquality.eu\\\/#\\\/schema\\\/person\\\/45550165fffb5c0705e14a58767af5a2\",\"name\":\"Giulia Scaglioni\",\"url\":\"https:\\\/\\\/www.arepoquality.eu\\\/fr\\\/author\\\/giulia-scaglioni\\\/\"}]}<\/script>\n<!-- \/ Yoast SEO plugin. -->","yoast_head_json":{"title":"Lettre du president de l'AREPO Tiberio Rabboni - AREPO","robots":{"index":"index","follow":"follow","max-snippet":"max-snippet:-1","max-image-preview":"max-image-preview:large","max-video-preview":"max-video-preview:-1"},"canonical":"https:\/\/www.arepoquality.eu\/2013\/12\/18\/letter-of-arepo-president-tiberio-rabboni\/","og_locale":"fr_FR","og_type":"article","og_title":"Lettre du president de l'AREPO Tiberio Rabboni - AREPO","og_description":"Aux partenaires de l\u2019AREPO et \u00e0 tous ceux qui partagent l\u2019objectif&nbsp;de valoriser l\u2019agriculture de qualit\u00e9 Pendant les derni\u00e8res ann\u00e9es, l\u2019activit\u00e9 de l\u2019Arepo a \u00e9t\u00e9 ins\u00e9r\u00e9e dans un contexte europ\u00e9en fortement en \u00e9volution. Les n\u00e9gociations pour la nouvelle Politique Agricole Europ\u00e9enne 2014-2020 ont \u00e9t\u00e9 marqu\u00e9es par d\u2019importants changements institutionnels et politiques qui ont transform\u00e9 la structure [&hellip;]","og_url":"https:\/\/www.arepoquality.eu\/2013\/12\/18\/letter-of-arepo-president-tiberio-rabboni\/","og_site_name":"AREPO","article_publisher":"https:\/\/www.facebook.com\/arepoquality\/","article_published_time":"2013-12-18T14:56:26+00:00","article_modified_time":"2021-08-11T15:27:37+00:00","author":"Giulia Scaglioni","twitter_card":"summary_large_image","twitter_creator":"@arepoquality_eu","twitter_site":"@arepoquality_eu","twitter_misc":{"\u00c9crit par":"Giulia Scaglioni","Dur\u00e9e de lecture estim\u00e9e":"5 minutes"},"schema":{"@context":"https:\/\/schema.org","@graph":[{"@type":"Article","@id":"https:\/\/www.arepoquality.eu\/2013\/12\/18\/letter-of-arepo-president-tiberio-rabboni\/#article","isPartOf":{"@id":"https:\/\/www.arepoquality.eu\/2013\/12\/18\/letter-of-arepo-president-tiberio-rabboni\/"},"author":{"name":"Giulia Scaglioni","@id":"https:\/\/www.arepoquality.eu\/#\/schema\/person\/45550165fffb5c0705e14a58767af5a2"},"headline":"Lettre du president de l&rsquo;AREPO Tiberio Rabboni","datePublished":"2013-12-18T14:56:26+00:00","dateModified":"2021-08-11T15:27:37+00:00","mainEntityOfPage":{"@id":"https:\/\/www.arepoquality.eu\/2013\/12\/18\/letter-of-arepo-president-tiberio-rabboni\/"},"wordCount":1080,"publisher":{"@id":"https:\/\/www.arepoquality.eu\/#organization"},"articleSection":["\u00c9v\u00e8nement AREPO"],"inLanguage":"fr-FR"},{"@type":"WebPage","@id":"https:\/\/www.arepoquality.eu\/2013\/12\/18\/letter-of-arepo-president-tiberio-rabboni\/","url":"https:\/\/www.arepoquality.eu\/2013\/12\/18\/letter-of-arepo-president-tiberio-rabboni\/","name":"Lettre du president de l'AREPO Tiberio Rabboni - AREPO","isPartOf":{"@id":"https:\/\/www.arepoquality.eu\/#website"},"datePublished":"2013-12-18T14:56:26+00:00","dateModified":"2021-08-11T15:27:37+00:00","breadcrumb":{"@id":"https:\/\/www.arepoquality.eu\/2013\/12\/18\/letter-of-arepo-president-tiberio-rabboni\/#breadcrumb"},"inLanguage":"fr-FR","potentialAction":[{"@type":"ReadAction","target":["https:\/\/www.arepoquality.eu\/2013\/12\/18\/letter-of-arepo-president-tiberio-rabboni\/"]}]},{"@type":"BreadcrumbList","@id":"https:\/\/www.arepoquality.eu\/2013\/12\/18\/letter-of-arepo-president-tiberio-rabboni\/#breadcrumb","itemListElement":[{"@type":"ListItem","position":1,"name":"Home","item":"https:\/\/www.arepoquality.eu\/"},{"@type":"ListItem","position":2,"name":"Lettre du president de l&#8217;AREPO Tiberio Rabboni"}]},{"@type":"WebSite","@id":"https:\/\/www.arepoquality.eu\/#website","url":"https:\/\/www.arepoquality.eu\/","name":"AREPO","description":"","publisher":{"@id":"https:\/\/www.arepoquality.eu\/#organization"},"potentialAction":[{"@type":"SearchAction","target":{"@type":"EntryPoint","urlTemplate":"https:\/\/www.arepoquality.eu\/?s={search_term_string}"},"query-input":{"@type":"PropertyValueSpecification","valueRequired":true,"valueName":"search_term_string"}}],"inLanguage":"fr-FR"},{"@type":"Organization","@id":"https:\/\/www.arepoquality.eu\/#organization","name":"AREPO","url":"https:\/\/www.arepoquality.eu\/","logo":{"@type":"ImageObject","inLanguage":"fr-FR","@id":"https:\/\/www.arepoquality.eu\/#\/schema\/logo\/image\/","url":"https:\/\/www.arepoquality.eu\/wp-content\/uploads\/2024\/05\/arepo.jpg","contentUrl":"https:\/\/www.arepoquality.eu\/wp-content\/uploads\/2024\/05\/arepo.jpg","width":1113,"height":705,"caption":"AREPO"},"image":{"@id":"https:\/\/www.arepoquality.eu\/#\/schema\/logo\/image\/"},"sameAs":["https:\/\/www.facebook.com\/arepoquality\/","https:\/\/x.com\/arepoquality_eu","https:\/\/www.linkedin.com\/company\/arepoquality\/?viewAsMember=true"]},{"@type":"Person","@id":"https:\/\/www.arepoquality.eu\/#\/schema\/person\/45550165fffb5c0705e14a58767af5a2","name":"Giulia Scaglioni","url":"https:\/\/www.arepoquality.eu\/fr\/author\/giulia-scaglioni\/"}]}},"_links":{"self":[{"href":"https:\/\/www.arepoquality.eu\/fr\/wp-json\/wp\/v2\/posts\/854","targetHints":{"allow":["GET"]}}],"collection":[{"href":"https:\/\/www.arepoquality.eu\/fr\/wp-json\/wp\/v2\/posts"}],"about":[{"href":"https:\/\/www.arepoquality.eu\/fr\/wp-json\/wp\/v2\/types\/post"}],"author":[{"embeddable":true,"href":"https:\/\/www.arepoquality.eu\/fr\/wp-json\/wp\/v2\/users\/2"}],"replies":[{"embeddable":true,"href":"https:\/\/www.arepoquality.eu\/fr\/wp-json\/wp\/v2\/comments?post=854"}],"version-history":[{"count":1,"href":"https:\/\/www.arepoquality.eu\/fr\/wp-json\/wp\/v2\/posts\/854\/revisions"}],"predecessor-version":[{"id":4496,"href":"https:\/\/www.arepoquality.eu\/fr\/wp-json\/wp\/v2\/posts\/854\/revisions\/4496"}],"wp:attachment":[{"href":"https:\/\/www.arepoquality.eu\/fr\/wp-json\/wp\/v2\/media?parent=854"}],"wp:term":[{"taxonomy":"category","embeddable":true,"href":"https:\/\/www.arepoquality.eu\/fr\/wp-json\/wp\/v2\/categories?post=854"},{"taxonomy":"post_tag","embeddable":true,"href":"https:\/\/www.arepoquality.eu\/fr\/wp-json\/wp\/v2\/tags?post=854"}],"curies":[{"name":"wp","href":"https:\/\/api.w.org\/{rel}","templated":true}]}}