{"id":858,"date":"2014-02-10T15:16:06","date_gmt":"2014-02-10T14:16:06","guid":{"rendered":"http:\/\/252373706c.url-de-test.ws\/arepo\/2014\/02\/10\/assemblee-generale-de-larepo-le-20-fevrier-2014\/"},"modified":"2014-02-10T15:16:06","modified_gmt":"2014-02-10T14:16:06","slug":"assemblee-generale-de-larepo-le-20-fevrier-2014","status":"publish","type":"post","link":"https:\/\/www.arepoquality.eu\/fr\/2014\/02\/10\/assemblee-generale-de-larepo-le-20-fevrier-2014\/","title":{"rendered":"Assembl\u00e9e g\u00e9n\u00e9rale de l\u2019AREPO le 20 F\u00e9vrier 2014"},"content":{"rendered":"<p>Le Pr&eacute;sident Tiberio Rabboni a convoqu&eacute; la premi&egrave;re Assembl&eacute;e g&eacute;n&eacute;rale de 2014 de l&rsquo;AREPO, le 20 F&eacute;vrier de 10h00 &agrave; 16h00, dans la maison multir&eacute;gional en Rue Montoyer 21 (Bruxelles).<\/p>\n<p>Les principaux sujets &agrave; l&#39;ordre du jour sont le paquet qualit&eacute;, en particulier les mentions facultatives de qualit&eacute; et les actes d&eacute;l&eacute;gu&eacute;s, et la politique de promotion. Aussi les marques r&eacute;gionales, la r&eacute;vision du r&egrave;glement sur l&#39;agriculture biologique et la strat&eacute;gie de l&#39;UE pour la recherche et l&#39;innovation seront objet de discussion.<\/p>\n<p>M. Eric Andrieu, d&eacute;put&eacute; europ&eacute;en et membre de la commission AGRI, M. I&ntilde;igo Nagore, Ministre de l&#39;Agriculture, de l&#39;Elevage et de l&#39;Environnement de La Rioja, et Mme Th&eacute;ano Vrentzou Skordalaki, Vice-Gouverneur de Cr&egrave;te pour la politique sociale, l&rsquo;agro&eacute;conomie, les services v&eacute;t&eacute;rinaires et la p&ecirc;che, participent &agrave; l&rsquo;Assembl&eacute; G&eacute;n&eacute;rale.<\/p>\n","protected":false},"excerpt":{"rendered":"<p>Le Pr&eacute;sident Tiberio Rabboni a convoqu&eacute; la premi&egrave;re Assembl&eacute;e g&eacute;n&eacute;rale de 2014 de l&rsquo;AREPO, le 20 F&eacute;vrier de 10h00 &agrave; 16h00, dans la maison multir&eacute;gional en Rue Montoyer 21 (Bruxelles). Les principaux sujets &agrave; l&#39;ordre du jour sont le paquet qualit&eacute;, en particulier les mentions facultatives de qualit&eacute; et les actes d&eacute;l&eacute;gu&eacute;s, et la politique [&hellip;]<\/p>\n","protected":false},"author":2,"featured_media":0,"comment_status":"closed","ping_status":"closed","sticky":false,"template":"","format":"standard","meta":{"_acf_changed":false,"footnotes":""},"categories":[160,106],"tags":[],"class_list":["post-858","post","type-post","status-publish","format-standard","hentry","category-evenements-arepo","category-reunions-arepo-fr"],"acf":[],"yoast_head":"<!-- This site is optimized with the Yoast SEO plugin v27.4 - https:\/\/yoast.com\/product\/yoast-seo-wordpress\/ -->\n<title>Assembl\u00e9e g\u00e9n\u00e9rale de l\u2019AREPO le 20 F\u00e9vrier 2014 - AREPO<\/title>\n<meta name=\"robots\" content=\"index, follow, max-snippet:-1, max-image-preview:large, max-video-preview:-1\" \/>\n<link rel=\"canonical\" href=\"https:\/\/www.arepoquality.eu\/fr\/2014\/02\/10\/assemblee-generale-de-larepo-le-20-fevrier-2014\/\" \/>\n<meta property=\"og:locale\" content=\"fr_FR\" \/>\n<meta property=\"og:type\" content=\"article\" \/>\n<meta property=\"og:title\" content=\"Assembl\u00e9e g\u00e9n\u00e9rale de l\u2019AREPO le 20 F\u00e9vrier 2014 - AREPO\" \/>\n<meta property=\"og:description\" content=\"Le Pr&eacute;sident Tiberio Rabboni a convoqu&eacute; la premi&egrave;re Assembl&eacute;e g&eacute;n&eacute;rale de 2014 de l&rsquo;AREPO, le 20 F&eacute;vrier de 10h00 &agrave; 16h00, dans la maison multir&eacute;gional en Rue Montoyer 21 (Bruxelles). Les principaux sujets &agrave; l&#039;ordre du jour sont le paquet qualit&eacute;, en particulier les mentions facultatives de qualit&eacute; et les actes d&eacute;l&eacute;gu&eacute;s, et la politique [&hellip;]\" \/>\n<meta property=\"og:url\" content=\"https:\/\/www.arepoquality.eu\/fr\/2014\/02\/10\/assemblee-generale-de-larepo-le-20-fevrier-2014\/\" \/>\n<meta property=\"og:site_name\" content=\"AREPO\" \/>\n<meta property=\"article:publisher\" content=\"https:\/\/www.facebook.com\/arepoquality\/\" \/>\n<meta property=\"article:published_time\" content=\"2014-02-10T14:16:06+00:00\" \/>\n<meta name=\"author\" content=\"Giulia Scaglioni\" \/>\n<meta name=\"twitter:card\" content=\"summary_large_image\" \/>\n<meta name=\"twitter:creator\" content=\"@arepoquality_eu\" \/>\n<meta name=\"twitter:site\" content=\"@arepoquality_eu\" \/>\n<meta name=\"twitter:label1\" content=\"\u00c9crit par\" \/>\n\t<meta name=\"twitter:data1\" content=\"Giulia Scaglioni\" \/>\n\t<meta name=\"twitter:label2\" content=\"Dur\u00e9e de lecture estim\u00e9e\" \/>\n\t<meta name=\"twitter:data2\" content=\"1 minute\" \/>\n<script type=\"application\/ld+json\" class=\"yoast-schema-graph\">{\"@context\":\"https:\\\/\\\/schema.org\",\"@graph\":[{\"@type\":\"Article\",\"@id\":\"https:\\\/\\\/www.arepoquality.eu\\\/fr\\\/2014\\\/02\\\/10\\\/assemblee-generale-de-larepo-le-20-fevrier-2014\\\/#article\",\"isPartOf\":{\"@id\":\"https:\\\/\\\/www.arepoquality.eu\\\/fr\\\/2014\\\/02\\\/10\\\/assemblee-generale-de-larepo-le-20-fevrier-2014\\\/\"},\"author\":{\"name\":\"Giulia Scaglioni\",\"@id\":\"https:\\\/\\\/www.arepoquality.eu\\\/#\\\/schema\\\/person\\\/45550165fffb5c0705e14a58767af5a2\"},\"headline\":\"Assembl\u00e9e g\u00e9n\u00e9rale de l\u2019AREPO le 20 F\u00e9vrier 2014\",\"datePublished\":\"2014-02-10T14:16:06+00:00\",\"mainEntityOfPage\":{\"@id\":\"https:\\\/\\\/www.arepoquality.eu\\\/fr\\\/2014\\\/02\\\/10\\\/assemblee-generale-de-larepo-le-20-fevrier-2014\\\/\"},\"wordCount\":206,\"publisher\":{\"@id\":\"https:\\\/\\\/www.arepoquality.eu\\\/#organization\"},\"articleSection\":[\"\u00c9v\u00e8nement AREPO\",\"R\u00e9union AREPO\"],\"inLanguage\":\"fr-FR\"},{\"@type\":\"WebPage\",\"@id\":\"https:\\\/\\\/www.arepoquality.eu\\\/fr\\\/2014\\\/02\\\/10\\\/assemblee-generale-de-larepo-le-20-fevrier-2014\\\/\",\"url\":\"https:\\\/\\\/www.arepoquality.eu\\\/fr\\\/2014\\\/02\\\/10\\\/assemblee-generale-de-larepo-le-20-fevrier-2014\\\/\",\"name\":\"Assembl\u00e9e g\u00e9n\u00e9rale de l\u2019AREPO le 20 F\u00e9vrier 2014 - AREPO\",\"isPartOf\":{\"@id\":\"https:\\\/\\\/www.arepoquality.eu\\\/#website\"},\"datePublished\":\"2014-02-10T14:16:06+00:00\",\"breadcrumb\":{\"@id\":\"https:\\\/\\\/www.arepoquality.eu\\\/fr\\\/2014\\\/02\\\/10\\\/assemblee-generale-de-larepo-le-20-fevrier-2014\\\/#breadcrumb\"},\"inLanguage\":\"fr-FR\",\"potentialAction\":[{\"@type\":\"ReadAction\",\"target\":[\"https:\\\/\\\/www.arepoquality.eu\\\/fr\\\/2014\\\/02\\\/10\\\/assemblee-generale-de-larepo-le-20-fevrier-2014\\\/\"]}]},{\"@type\":\"BreadcrumbList\",\"@id\":\"https:\\\/\\\/www.arepoquality.eu\\\/fr\\\/2014\\\/02\\\/10\\\/assemblee-generale-de-larepo-le-20-fevrier-2014\\\/#breadcrumb\",\"itemListElement\":[{\"@type\":\"ListItem\",\"position\":1,\"name\":\"Home\",\"item\":\"https:\\\/\\\/www.arepoquality.eu\\\/\"},{\"@type\":\"ListItem\",\"position\":2,\"name\":\"Assembl\u00e9e g\u00e9n\u00e9rale de l\u2019AREPO le 20 F\u00e9vrier 2014\"}]},{\"@type\":\"WebSite\",\"@id\":\"https:\\\/\\\/www.arepoquality.eu\\\/#website\",\"url\":\"https:\\\/\\\/www.arepoquality.eu\\\/\",\"name\":\"AREPO\",\"description\":\"\",\"publisher\":{\"@id\":\"https:\\\/\\\/www.arepoquality.eu\\\/#organization\"},\"potentialAction\":[{\"@type\":\"SearchAction\",\"target\":{\"@type\":\"EntryPoint\",\"urlTemplate\":\"https:\\\/\\\/www.arepoquality.eu\\\/?s={search_term_string}\"},\"query-input\":{\"@type\":\"PropertyValueSpecification\",\"valueRequired\":true,\"valueName\":\"search_term_string\"}}],\"inLanguage\":\"fr-FR\"},{\"@type\":\"Organization\",\"@id\":\"https:\\\/\\\/www.arepoquality.eu\\\/#organization\",\"name\":\"AREPO\",\"url\":\"https:\\\/\\\/www.arepoquality.eu\\\/\",\"logo\":{\"@type\":\"ImageObject\",\"inLanguage\":\"fr-FR\",\"@id\":\"https:\\\/\\\/www.arepoquality.eu\\\/#\\\/schema\\\/logo\\\/image\\\/\",\"url\":\"https:\\\/\\\/www.arepoquality.eu\\\/wp-content\\\/uploads\\\/2024\\\/05\\\/arepo.jpg\",\"contentUrl\":\"https:\\\/\\\/www.arepoquality.eu\\\/wp-content\\\/uploads\\\/2024\\\/05\\\/arepo.jpg\",\"width\":1113,\"height\":705,\"caption\":\"AREPO\"},\"image\":{\"@id\":\"https:\\\/\\\/www.arepoquality.eu\\\/#\\\/schema\\\/logo\\\/image\\\/\"},\"sameAs\":[\"https:\\\/\\\/www.facebook.com\\\/arepoquality\\\/\",\"https:\\\/\\\/x.com\\\/arepoquality_eu\",\"https:\\\/\\\/www.linkedin.com\\\/company\\\/arepoquality\\\/?viewAsMember=true\"]},{\"@type\":\"Person\",\"@id\":\"https:\\\/\\\/www.arepoquality.eu\\\/#\\\/schema\\\/person\\\/45550165fffb5c0705e14a58767af5a2\",\"name\":\"Giulia Scaglioni\",\"url\":\"https:\\\/\\\/www.arepoquality.eu\\\/fr\\\/author\\\/giulia-scaglioni\\\/\"}]}<\/script>\n<!-- \/ Yoast SEO plugin. -->","yoast_head_json":{"title":"Assembl\u00e9e g\u00e9n\u00e9rale de l\u2019AREPO le 20 F\u00e9vrier 2014 - AREPO","robots":{"index":"index","follow":"follow","max-snippet":"max-snippet:-1","max-image-preview":"max-image-preview:large","max-video-preview":"max-video-preview:-1"},"canonical":"https:\/\/www.arepoquality.eu\/fr\/2014\/02\/10\/assemblee-generale-de-larepo-le-20-fevrier-2014\/","og_locale":"fr_FR","og_type":"article","og_title":"Assembl\u00e9e g\u00e9n\u00e9rale de l\u2019AREPO le 20 F\u00e9vrier 2014 - AREPO","og_description":"Le Pr&eacute;sident Tiberio Rabboni a convoqu&eacute; la premi&egrave;re Assembl&eacute;e g&eacute;n&eacute;rale de 2014 de l&rsquo;AREPO, le 20 F&eacute;vrier de 10h00 &agrave; 16h00, dans la maison multir&eacute;gional en Rue Montoyer 21 (Bruxelles). Les principaux sujets &agrave; l&#39;ordre du jour sont le paquet qualit&eacute;, en particulier les mentions facultatives de qualit&eacute; et les actes d&eacute;l&eacute;gu&eacute;s, et la politique [&hellip;]","og_url":"https:\/\/www.arepoquality.eu\/fr\/2014\/02\/10\/assemblee-generale-de-larepo-le-20-fevrier-2014\/","og_site_name":"AREPO","article_publisher":"https:\/\/www.facebook.com\/arepoquality\/","article_published_time":"2014-02-10T14:16:06+00:00","author":"Giulia Scaglioni","twitter_card":"summary_large_image","twitter_creator":"@arepoquality_eu","twitter_site":"@arepoquality_eu","twitter_misc":{"\u00c9crit par":"Giulia Scaglioni","Dur\u00e9e de lecture estim\u00e9e":"1 minute"},"schema":{"@context":"https:\/\/schema.org","@graph":[{"@type":"Article","@id":"https:\/\/www.arepoquality.eu\/fr\/2014\/02\/10\/assemblee-generale-de-larepo-le-20-fevrier-2014\/#article","isPartOf":{"@id":"https:\/\/www.arepoquality.eu\/fr\/2014\/02\/10\/assemblee-generale-de-larepo-le-20-fevrier-2014\/"},"author":{"name":"Giulia Scaglioni","@id":"https:\/\/www.arepoquality.eu\/#\/schema\/person\/45550165fffb5c0705e14a58767af5a2"},"headline":"Assembl\u00e9e g\u00e9n\u00e9rale de l\u2019AREPO le 20 F\u00e9vrier 2014","datePublished":"2014-02-10T14:16:06+00:00","mainEntityOfPage":{"@id":"https:\/\/www.arepoquality.eu\/fr\/2014\/02\/10\/assemblee-generale-de-larepo-le-20-fevrier-2014\/"},"wordCount":206,"publisher":{"@id":"https:\/\/www.arepoquality.eu\/#organization"},"articleSection":["\u00c9v\u00e8nement AREPO","R\u00e9union AREPO"],"inLanguage":"fr-FR"},{"@type":"WebPage","@id":"https:\/\/www.arepoquality.eu\/fr\/2014\/02\/10\/assemblee-generale-de-larepo-le-20-fevrier-2014\/","url":"https:\/\/www.arepoquality.eu\/fr\/2014\/02\/10\/assemblee-generale-de-larepo-le-20-fevrier-2014\/","name":"Assembl\u00e9e g\u00e9n\u00e9rale de l\u2019AREPO le 20 F\u00e9vrier 2014 - AREPO","isPartOf":{"@id":"https:\/\/www.arepoquality.eu\/#website"},"datePublished":"2014-02-10T14:16:06+00:00","breadcrumb":{"@id":"https:\/\/www.arepoquality.eu\/fr\/2014\/02\/10\/assemblee-generale-de-larepo-le-20-fevrier-2014\/#breadcrumb"},"inLanguage":"fr-FR","potentialAction":[{"@type":"ReadAction","target":["https:\/\/www.arepoquality.eu\/fr\/2014\/02\/10\/assemblee-generale-de-larepo-le-20-fevrier-2014\/"]}]},{"@type":"BreadcrumbList","@id":"https:\/\/www.arepoquality.eu\/fr\/2014\/02\/10\/assemblee-generale-de-larepo-le-20-fevrier-2014\/#breadcrumb","itemListElement":[{"@type":"ListItem","position":1,"name":"Home","item":"https:\/\/www.arepoquality.eu\/"},{"@type":"ListItem","position":2,"name":"Assembl\u00e9e g\u00e9n\u00e9rale de l\u2019AREPO le 20 F\u00e9vrier 2014"}]},{"@type":"WebSite","@id":"https:\/\/www.arepoquality.eu\/#website","url":"https:\/\/www.arepoquality.eu\/","name":"AREPO","description":"","publisher":{"@id":"https:\/\/www.arepoquality.eu\/#organization"},"potentialAction":[{"@type":"SearchAction","target":{"@type":"EntryPoint","urlTemplate":"https:\/\/www.arepoquality.eu\/?s={search_term_string}"},"query-input":{"@type":"PropertyValueSpecification","valueRequired":true,"valueName":"search_term_string"}}],"inLanguage":"fr-FR"},{"@type":"Organization","@id":"https:\/\/www.arepoquality.eu\/#organization","name":"AREPO","url":"https:\/\/www.arepoquality.eu\/","logo":{"@type":"ImageObject","inLanguage":"fr-FR","@id":"https:\/\/www.arepoquality.eu\/#\/schema\/logo\/image\/","url":"https:\/\/www.arepoquality.eu\/wp-content\/uploads\/2024\/05\/arepo.jpg","contentUrl":"https:\/\/www.arepoquality.eu\/wp-content\/uploads\/2024\/05\/arepo.jpg","width":1113,"height":705,"caption":"AREPO"},"image":{"@id":"https:\/\/www.arepoquality.eu\/#\/schema\/logo\/image\/"},"sameAs":["https:\/\/www.facebook.com\/arepoquality\/","https:\/\/x.com\/arepoquality_eu","https:\/\/www.linkedin.com\/company\/arepoquality\/?viewAsMember=true"]},{"@type":"Person","@id":"https:\/\/www.arepoquality.eu\/#\/schema\/person\/45550165fffb5c0705e14a58767af5a2","name":"Giulia Scaglioni","url":"https:\/\/www.arepoquality.eu\/fr\/author\/giulia-scaglioni\/"}]}},"_links":{"self":[{"href":"https:\/\/www.arepoquality.eu\/fr\/wp-json\/wp\/v2\/posts\/858","targetHints":{"allow":["GET"]}}],"collection":[{"href":"https:\/\/www.arepoquality.eu\/fr\/wp-json\/wp\/v2\/posts"}],"about":[{"href":"https:\/\/www.arepoquality.eu\/fr\/wp-json\/wp\/v2\/types\/post"}],"author":[{"embeddable":true,"href":"https:\/\/www.arepoquality.eu\/fr\/wp-json\/wp\/v2\/users\/2"}],"replies":[{"embeddable":true,"href":"https:\/\/www.arepoquality.eu\/fr\/wp-json\/wp\/v2\/comments?post=858"}],"version-history":[{"count":0,"href":"https:\/\/www.arepoquality.eu\/fr\/wp-json\/wp\/v2\/posts\/858\/revisions"}],"wp:attachment":[{"href":"https:\/\/www.arepoquality.eu\/fr\/wp-json\/wp\/v2\/media?parent=858"}],"wp:term":[{"taxonomy":"category","embeddable":true,"href":"https:\/\/www.arepoquality.eu\/fr\/wp-json\/wp\/v2\/categories?post=858"},{"taxonomy":"post_tag","embeddable":true,"href":"https:\/\/www.arepoquality.eu\/fr\/wp-json\/wp\/v2\/tags?post=858"}],"curies":[{"name":"wp","href":"https:\/\/api.w.org\/{rel}","templated":true}]}}