{"id":859,"date":"2014-02-24T17:43:24","date_gmt":"2014-02-24T16:43:24","guid":{"rendered":"http:\/\/252373706c.url-de-test.ws\/arepo\/2014\/02\/24\/ag-arepo-rabboni-renouveler-lengagement-aupres-des-nouveaux-acteurs-institutionnels\/"},"modified":"2014-02-24T17:43:24","modified_gmt":"2014-02-24T16:43:24","slug":"ag-arepo-rabboni-renouveler-lengagement-aupres-des-nouveaux-acteurs-institutionnels","status":"publish","type":"post","link":"https:\/\/www.arepoquality.eu\/fr\/2014\/02\/24\/ag-arepo-rabboni-renouveler-lengagement-aupres-des-nouveaux-acteurs-institutionnels\/","title":{"rendered":"AG AREPO Rabboni: \u00abRenouveler l&rsquo;engagement aupr\u00e8s des nouveaux acteurs institutionnels\u00bb"},"content":{"rendered":"<p>En occasion de l&#39;Assembl&eacute;e G&eacute;n&eacute;rale du 20 F&eacute;vrier, le Pr&eacute;sident Tiberio Rabboni a &eacute;t&eacute; confirm&eacute; pour le 2014 avec la t&acirc;che de pr&eacute;senter l&#39;Association au nouveau Parlement europ&eacute;en et au future Commissaire &agrave; l&#39;agriculture. Le pr&eacute;sident a remerci&eacute; les membres pour la confiance et a d&eacute;clar&eacute; que &laquo;derri&egrave;re il y a eu un bon travail d&#39;&eacute;quipe pour la d&eacute;fense de nos produits de qualit&eacute; au niveau communautaire, dans cette phase d&eacute;licate qui a conduit &agrave; l&#39;approbation de la nouvelle PAC. Notre travail n&#39;est pas encore termin&eacute; et nous devons le poursuivre avec d&eacute;termination et le pr&eacute;senter aux futurs acteurs Institutionnels europ&eacute;ens&raquo;.<\/p>\n<p>La r&eacute;union a &eacute;t&eacute; l&#39;occasion de d&eacute;bats et de discussion sur les politiques europ&eacute;ennes actuelles pour les produits de qualit&eacute; gr&acirc;ce &agrave; l&#39;intervention de nombreux invit&eacute;s institutionnels. Les Repr&eacute;sentations Permanentes de la Gr&egrave;ce et de l&#39;Italie ont pr&eacute;sent&eacute; les priorit&eacute;s des Pr&eacute;sidences du Conseil du 2014 pour l&#39;agriculture, ce qui a permis de placer dans le contexte europ&eacute;en la pr&eacute;sentation sur le plan strat&eacute;gique r&eacute;gional du Vice-Gouverneur de la Cr&egrave;te, Mme. Theano Vrentzou Skordalaki. L&rsquo;eurod&eacute;put&eacute; Eric Andrieu a pr&eacute;sent&eacute; l&rsquo;important rapport d&#39;initiative sur les marques r&eacute;gionales, une r&eacute;flexion sur la notion de d&eacute;veloppement territorial qui encourage la synergie globale entre les secteurs de l&rsquo;&eacute;conomie rurale. En outre, le ministre de l&#39;Agriculture de La Rioja, I&ntilde;igo Nagore, a particip&eacute; en pr&eacute;sentant le rapport du Comit&eacute; des R&eacute;gions sur la politique de promotion. Enfin, l&#39;agriculture biologique et l&#39;innovation ont eu aussi une place importante dans le d&eacute;bat, gr&acirc;ce&nbsp;&agrave;&nbsp;la participation de IFOAM-UE et de ERIAFF.<\/p>\n<p>Pendant la r&eacute;union, les R&eacute;gions membres ont approuv&eacute; la proposition de convoquer la prochaine Assembl&eacute;e G&eacute;n&eacute;rale &agrave; Bilbao, en Espagne, en occasion de l&rsquo;Assise Europ&eacute;enne de la Montagne&nbsp;(22-24 Octobre) de Euromontana, pour renforcer la coop&eacute;ration entre les deux associations sur la d&eacute;finition d&#39;une approche territoriale pour le d&eacute;veloppement des fili&egrave;res de montagnes, qui vise &agrave; construire un lien entre le paysage, le territoire, les produits et la culture locale.<\/p>\n","protected":false},"excerpt":{"rendered":"<p>En occasion de l&#39;Assembl&eacute;e G&eacute;n&eacute;rale du 20 F&eacute;vrier, le Pr&eacute;sident Tiberio Rabboni a &eacute;t&eacute; confirm&eacute; pour le 2014 avec la t&acirc;che de pr&eacute;senter l&#39;Association au nouveau Parlement europ&eacute;en et au future Commissaire &agrave; l&#39;agriculture. Le pr&eacute;sident a remerci&eacute; les membres pour la confiance et a d&eacute;clar&eacute; que &laquo;derri&egrave;re il y a eu un bon travail [&hellip;]<\/p>\n","protected":false},"author":2,"featured_media":0,"comment_status":"closed","ping_status":"closed","sticky":false,"template":"","format":"standard","meta":{"_acf_changed":false,"footnotes":""},"categories":[160,106],"tags":[],"class_list":["post-859","post","type-post","status-publish","format-standard","hentry","category-evenements-arepo","category-reunions-arepo-fr"],"acf":[],"yoast_head":"<!-- This site is optimized with the Yoast SEO plugin v27.4 - https:\/\/yoast.com\/product\/yoast-seo-wordpress\/ -->\n<title>AG AREPO Rabboni: \u00abRenouveler l&#039;engagement aupr\u00e8s des nouveaux acteurs institutionnels\u00bb - AREPO<\/title>\n<meta name=\"robots\" content=\"index, follow, max-snippet:-1, max-image-preview:large, max-video-preview:-1\" \/>\n<link rel=\"canonical\" href=\"https:\/\/www.arepoquality.eu\/fr\/2014\/02\/24\/ag-arepo-rabboni-renouveler-lengagement-aupres-des-nouveaux-acteurs-institutionnels\/\" \/>\n<meta property=\"og:locale\" content=\"fr_FR\" \/>\n<meta property=\"og:type\" content=\"article\" \/>\n<meta property=\"og:title\" content=\"AG AREPO Rabboni: \u00abRenouveler l&#039;engagement aupr\u00e8s des nouveaux acteurs institutionnels\u00bb - AREPO\" \/>\n<meta property=\"og:description\" content=\"En occasion de l&#039;Assembl&eacute;e G&eacute;n&eacute;rale du 20 F&eacute;vrier, le Pr&eacute;sident Tiberio Rabboni a &eacute;t&eacute; confirm&eacute; pour le 2014 avec la t&acirc;che de pr&eacute;senter l&#039;Association au nouveau Parlement europ&eacute;en et au future Commissaire &agrave; l&#039;agriculture. Le pr&eacute;sident a remerci&eacute; les membres pour la confiance et a d&eacute;clar&eacute; que &laquo;derri&egrave;re il y a eu un bon travail [&hellip;]\" \/>\n<meta property=\"og:url\" content=\"https:\/\/www.arepoquality.eu\/fr\/2014\/02\/24\/ag-arepo-rabboni-renouveler-lengagement-aupres-des-nouveaux-acteurs-institutionnels\/\" \/>\n<meta property=\"og:site_name\" content=\"AREPO\" \/>\n<meta property=\"article:publisher\" content=\"https:\/\/www.facebook.com\/arepoquality\/\" \/>\n<meta property=\"article:published_time\" content=\"2014-02-24T16:43:24+00:00\" \/>\n<meta name=\"author\" content=\"Giulia Scaglioni\" \/>\n<meta name=\"twitter:card\" content=\"summary_large_image\" \/>\n<meta name=\"twitter:creator\" content=\"@arepoquality_eu\" \/>\n<meta name=\"twitter:site\" content=\"@arepoquality_eu\" \/>\n<meta name=\"twitter:label1\" content=\"\u00c9crit par\" \/>\n\t<meta name=\"twitter:data1\" content=\"Giulia Scaglioni\" \/>\n\t<meta name=\"twitter:label2\" content=\"Dur\u00e9e de lecture estim\u00e9e\" \/>\n\t<meta name=\"twitter:data2\" content=\"2 minutes\" \/>\n<script type=\"application\/ld+json\" class=\"yoast-schema-graph\">{\"@context\":\"https:\\\/\\\/schema.org\",\"@graph\":[{\"@type\":\"Article\",\"@id\":\"https:\\\/\\\/www.arepoquality.eu\\\/fr\\\/2014\\\/02\\\/24\\\/ag-arepo-rabboni-renouveler-lengagement-aupres-des-nouveaux-acteurs-institutionnels\\\/#article\",\"isPartOf\":{\"@id\":\"https:\\\/\\\/www.arepoquality.eu\\\/fr\\\/2014\\\/02\\\/24\\\/ag-arepo-rabboni-renouveler-lengagement-aupres-des-nouveaux-acteurs-institutionnels\\\/\"},\"author\":{\"name\":\"Giulia Scaglioni\",\"@id\":\"https:\\\/\\\/www.arepoquality.eu\\\/#\\\/schema\\\/person\\\/45550165fffb5c0705e14a58767af5a2\"},\"headline\":\"AG AREPO Rabboni: \u00abRenouveler l&rsquo;engagement aupr\u00e8s des nouveaux acteurs institutionnels\u00bb\",\"datePublished\":\"2014-02-24T16:43:24+00:00\",\"mainEntityOfPage\":{\"@id\":\"https:\\\/\\\/www.arepoquality.eu\\\/fr\\\/2014\\\/02\\\/24\\\/ag-arepo-rabboni-renouveler-lengagement-aupres-des-nouveaux-acteurs-institutionnels\\\/\"},\"wordCount\":481,\"publisher\":{\"@id\":\"https:\\\/\\\/www.arepoquality.eu\\\/#organization\"},\"articleSection\":[\"\u00c9v\u00e8nement AREPO\",\"R\u00e9union AREPO\"],\"inLanguage\":\"fr-FR\"},{\"@type\":\"WebPage\",\"@id\":\"https:\\\/\\\/www.arepoquality.eu\\\/fr\\\/2014\\\/02\\\/24\\\/ag-arepo-rabboni-renouveler-lengagement-aupres-des-nouveaux-acteurs-institutionnels\\\/\",\"url\":\"https:\\\/\\\/www.arepoquality.eu\\\/fr\\\/2014\\\/02\\\/24\\\/ag-arepo-rabboni-renouveler-lengagement-aupres-des-nouveaux-acteurs-institutionnels\\\/\",\"name\":\"AG AREPO Rabboni: \u00abRenouveler l'engagement aupr\u00e8s des nouveaux acteurs institutionnels\u00bb - AREPO\",\"isPartOf\":{\"@id\":\"https:\\\/\\\/www.arepoquality.eu\\\/#website\"},\"datePublished\":\"2014-02-24T16:43:24+00:00\",\"breadcrumb\":{\"@id\":\"https:\\\/\\\/www.arepoquality.eu\\\/fr\\\/2014\\\/02\\\/24\\\/ag-arepo-rabboni-renouveler-lengagement-aupres-des-nouveaux-acteurs-institutionnels\\\/#breadcrumb\"},\"inLanguage\":\"fr-FR\",\"potentialAction\":[{\"@type\":\"ReadAction\",\"target\":[\"https:\\\/\\\/www.arepoquality.eu\\\/fr\\\/2014\\\/02\\\/24\\\/ag-arepo-rabboni-renouveler-lengagement-aupres-des-nouveaux-acteurs-institutionnels\\\/\"]}]},{\"@type\":\"BreadcrumbList\",\"@id\":\"https:\\\/\\\/www.arepoquality.eu\\\/fr\\\/2014\\\/02\\\/24\\\/ag-arepo-rabboni-renouveler-lengagement-aupres-des-nouveaux-acteurs-institutionnels\\\/#breadcrumb\",\"itemListElement\":[{\"@type\":\"ListItem\",\"position\":1,\"name\":\"Home\",\"item\":\"https:\\\/\\\/www.arepoquality.eu\\\/\"},{\"@type\":\"ListItem\",\"position\":2,\"name\":\"AG AREPO Rabboni: \u00abRenouveler l&rsquo;engagement aupr\u00e8s des nouveaux acteurs institutionnels\u00bb\"}]},{\"@type\":\"WebSite\",\"@id\":\"https:\\\/\\\/www.arepoquality.eu\\\/#website\",\"url\":\"https:\\\/\\\/www.arepoquality.eu\\\/\",\"name\":\"AREPO\",\"description\":\"\",\"publisher\":{\"@id\":\"https:\\\/\\\/www.arepoquality.eu\\\/#organization\"},\"potentialAction\":[{\"@type\":\"SearchAction\",\"target\":{\"@type\":\"EntryPoint\",\"urlTemplate\":\"https:\\\/\\\/www.arepoquality.eu\\\/?s={search_term_string}\"},\"query-input\":{\"@type\":\"PropertyValueSpecification\",\"valueRequired\":true,\"valueName\":\"search_term_string\"}}],\"inLanguage\":\"fr-FR\"},{\"@type\":\"Organization\",\"@id\":\"https:\\\/\\\/www.arepoquality.eu\\\/#organization\",\"name\":\"AREPO\",\"url\":\"https:\\\/\\\/www.arepoquality.eu\\\/\",\"logo\":{\"@type\":\"ImageObject\",\"inLanguage\":\"fr-FR\",\"@id\":\"https:\\\/\\\/www.arepoquality.eu\\\/#\\\/schema\\\/logo\\\/image\\\/\",\"url\":\"https:\\\/\\\/www.arepoquality.eu\\\/wp-content\\\/uploads\\\/2024\\\/05\\\/arepo.jpg\",\"contentUrl\":\"https:\\\/\\\/www.arepoquality.eu\\\/wp-content\\\/uploads\\\/2024\\\/05\\\/arepo.jpg\",\"width\":1113,\"height\":705,\"caption\":\"AREPO\"},\"image\":{\"@id\":\"https:\\\/\\\/www.arepoquality.eu\\\/#\\\/schema\\\/logo\\\/image\\\/\"},\"sameAs\":[\"https:\\\/\\\/www.facebook.com\\\/arepoquality\\\/\",\"https:\\\/\\\/x.com\\\/arepoquality_eu\",\"https:\\\/\\\/www.linkedin.com\\\/company\\\/arepoquality\\\/?viewAsMember=true\"]},{\"@type\":\"Person\",\"@id\":\"https:\\\/\\\/www.arepoquality.eu\\\/#\\\/schema\\\/person\\\/45550165fffb5c0705e14a58767af5a2\",\"name\":\"Giulia Scaglioni\",\"url\":\"https:\\\/\\\/www.arepoquality.eu\\\/fr\\\/author\\\/giulia-scaglioni\\\/\"}]}<\/script>\n<!-- \/ Yoast SEO plugin. -->","yoast_head_json":{"title":"AG AREPO Rabboni: \u00abRenouveler l'engagement aupr\u00e8s des nouveaux acteurs institutionnels\u00bb - AREPO","robots":{"index":"index","follow":"follow","max-snippet":"max-snippet:-1","max-image-preview":"max-image-preview:large","max-video-preview":"max-video-preview:-1"},"canonical":"https:\/\/www.arepoquality.eu\/fr\/2014\/02\/24\/ag-arepo-rabboni-renouveler-lengagement-aupres-des-nouveaux-acteurs-institutionnels\/","og_locale":"fr_FR","og_type":"article","og_title":"AG AREPO Rabboni: \u00abRenouveler l'engagement aupr\u00e8s des nouveaux acteurs institutionnels\u00bb - AREPO","og_description":"En occasion de l&#39;Assembl&eacute;e G&eacute;n&eacute;rale du 20 F&eacute;vrier, le Pr&eacute;sident Tiberio Rabboni a &eacute;t&eacute; confirm&eacute; pour le 2014 avec la t&acirc;che de pr&eacute;senter l&#39;Association au nouveau Parlement europ&eacute;en et au future Commissaire &agrave; l&#39;agriculture. Le pr&eacute;sident a remerci&eacute; les membres pour la confiance et a d&eacute;clar&eacute; que &laquo;derri&egrave;re il y a eu un bon travail [&hellip;]","og_url":"https:\/\/www.arepoquality.eu\/fr\/2014\/02\/24\/ag-arepo-rabboni-renouveler-lengagement-aupres-des-nouveaux-acteurs-institutionnels\/","og_site_name":"AREPO","article_publisher":"https:\/\/www.facebook.com\/arepoquality\/","article_published_time":"2014-02-24T16:43:24+00:00","author":"Giulia Scaglioni","twitter_card":"summary_large_image","twitter_creator":"@arepoquality_eu","twitter_site":"@arepoquality_eu","twitter_misc":{"\u00c9crit par":"Giulia Scaglioni","Dur\u00e9e de lecture estim\u00e9e":"2 minutes"},"schema":{"@context":"https:\/\/schema.org","@graph":[{"@type":"Article","@id":"https:\/\/www.arepoquality.eu\/fr\/2014\/02\/24\/ag-arepo-rabboni-renouveler-lengagement-aupres-des-nouveaux-acteurs-institutionnels\/#article","isPartOf":{"@id":"https:\/\/www.arepoquality.eu\/fr\/2014\/02\/24\/ag-arepo-rabboni-renouveler-lengagement-aupres-des-nouveaux-acteurs-institutionnels\/"},"author":{"name":"Giulia Scaglioni","@id":"https:\/\/www.arepoquality.eu\/#\/schema\/person\/45550165fffb5c0705e14a58767af5a2"},"headline":"AG AREPO Rabboni: \u00abRenouveler l&rsquo;engagement aupr\u00e8s des nouveaux acteurs institutionnels\u00bb","datePublished":"2014-02-24T16:43:24+00:00","mainEntityOfPage":{"@id":"https:\/\/www.arepoquality.eu\/fr\/2014\/02\/24\/ag-arepo-rabboni-renouveler-lengagement-aupres-des-nouveaux-acteurs-institutionnels\/"},"wordCount":481,"publisher":{"@id":"https:\/\/www.arepoquality.eu\/#organization"},"articleSection":["\u00c9v\u00e8nement AREPO","R\u00e9union AREPO"],"inLanguage":"fr-FR"},{"@type":"WebPage","@id":"https:\/\/www.arepoquality.eu\/fr\/2014\/02\/24\/ag-arepo-rabboni-renouveler-lengagement-aupres-des-nouveaux-acteurs-institutionnels\/","url":"https:\/\/www.arepoquality.eu\/fr\/2014\/02\/24\/ag-arepo-rabboni-renouveler-lengagement-aupres-des-nouveaux-acteurs-institutionnels\/","name":"AG AREPO Rabboni: \u00abRenouveler l'engagement aupr\u00e8s des nouveaux acteurs institutionnels\u00bb - AREPO","isPartOf":{"@id":"https:\/\/www.arepoquality.eu\/#website"},"datePublished":"2014-02-24T16:43:24+00:00","breadcrumb":{"@id":"https:\/\/www.arepoquality.eu\/fr\/2014\/02\/24\/ag-arepo-rabboni-renouveler-lengagement-aupres-des-nouveaux-acteurs-institutionnels\/#breadcrumb"},"inLanguage":"fr-FR","potentialAction":[{"@type":"ReadAction","target":["https:\/\/www.arepoquality.eu\/fr\/2014\/02\/24\/ag-arepo-rabboni-renouveler-lengagement-aupres-des-nouveaux-acteurs-institutionnels\/"]}]},{"@type":"BreadcrumbList","@id":"https:\/\/www.arepoquality.eu\/fr\/2014\/02\/24\/ag-arepo-rabboni-renouveler-lengagement-aupres-des-nouveaux-acteurs-institutionnels\/#breadcrumb","itemListElement":[{"@type":"ListItem","position":1,"name":"Home","item":"https:\/\/www.arepoquality.eu\/"},{"@type":"ListItem","position":2,"name":"AG AREPO Rabboni: \u00abRenouveler l&rsquo;engagement aupr\u00e8s des nouveaux acteurs institutionnels\u00bb"}]},{"@type":"WebSite","@id":"https:\/\/www.arepoquality.eu\/#website","url":"https:\/\/www.arepoquality.eu\/","name":"AREPO","description":"","publisher":{"@id":"https:\/\/www.arepoquality.eu\/#organization"},"potentialAction":[{"@type":"SearchAction","target":{"@type":"EntryPoint","urlTemplate":"https:\/\/www.arepoquality.eu\/?s={search_term_string}"},"query-input":{"@type":"PropertyValueSpecification","valueRequired":true,"valueName":"search_term_string"}}],"inLanguage":"fr-FR"},{"@type":"Organization","@id":"https:\/\/www.arepoquality.eu\/#organization","name":"AREPO","url":"https:\/\/www.arepoquality.eu\/","logo":{"@type":"ImageObject","inLanguage":"fr-FR","@id":"https:\/\/www.arepoquality.eu\/#\/schema\/logo\/image\/","url":"https:\/\/www.arepoquality.eu\/wp-content\/uploads\/2024\/05\/arepo.jpg","contentUrl":"https:\/\/www.arepoquality.eu\/wp-content\/uploads\/2024\/05\/arepo.jpg","width":1113,"height":705,"caption":"AREPO"},"image":{"@id":"https:\/\/www.arepoquality.eu\/#\/schema\/logo\/image\/"},"sameAs":["https:\/\/www.facebook.com\/arepoquality\/","https:\/\/x.com\/arepoquality_eu","https:\/\/www.linkedin.com\/company\/arepoquality\/?viewAsMember=true"]},{"@type":"Person","@id":"https:\/\/www.arepoquality.eu\/#\/schema\/person\/45550165fffb5c0705e14a58767af5a2","name":"Giulia Scaglioni","url":"https:\/\/www.arepoquality.eu\/fr\/author\/giulia-scaglioni\/"}]}},"_links":{"self":[{"href":"https:\/\/www.arepoquality.eu\/fr\/wp-json\/wp\/v2\/posts\/859","targetHints":{"allow":["GET"]}}],"collection":[{"href":"https:\/\/www.arepoquality.eu\/fr\/wp-json\/wp\/v2\/posts"}],"about":[{"href":"https:\/\/www.arepoquality.eu\/fr\/wp-json\/wp\/v2\/types\/post"}],"author":[{"embeddable":true,"href":"https:\/\/www.arepoquality.eu\/fr\/wp-json\/wp\/v2\/users\/2"}],"replies":[{"embeddable":true,"href":"https:\/\/www.arepoquality.eu\/fr\/wp-json\/wp\/v2\/comments?post=859"}],"version-history":[{"count":0,"href":"https:\/\/www.arepoquality.eu\/fr\/wp-json\/wp\/v2\/posts\/859\/revisions"}],"wp:attachment":[{"href":"https:\/\/www.arepoquality.eu\/fr\/wp-json\/wp\/v2\/media?parent=859"}],"wp:term":[{"taxonomy":"category","embeddable":true,"href":"https:\/\/www.arepoquality.eu\/fr\/wp-json\/wp\/v2\/categories?post=859"},{"taxonomy":"post_tag","embeddable":true,"href":"https:\/\/www.arepoquality.eu\/fr\/wp-json\/wp\/v2\/tags?post=859"}],"curies":[{"name":"wp","href":"https:\/\/api.w.org\/{rel}","templated":true}]}}