{"id":3359,"date":"2012-04-11T10:06:15","date_gmt":"2012-04-11T08:06:15","guid":{"rendered":"http:\/\/252373706c.url-de-test.ws\/arepo\/?p=3359"},"modified":"2021-07-30T10:07:18","modified_gmt":"2021-07-30T08:07:18","slug":"intervento-dellarepo-in-occasione-del-dibattito-di-alto-livello-sulla-promozione-di-prodotti-alimentari-organizzato-da-qualivita-in-collaborazione-con-arepo-2","status":"publish","type":"post","link":"https:\/\/www.arepoquality.eu\/it\/2012\/04\/11\/intervento-dellarepo-in-occasione-del-dibattito-di-alto-livello-sulla-promozione-di-prodotti-alimentari-organizzato-da-qualivita-in-collaborazione-con-arepo-2\/","title":{"rendered":"Intervento dell\u2019AREPO in occasione del dibattito di alto livello sulla promozione di prodotti alimentari organizzato da Qualivita, in collaborazione con AREPO"},"content":{"rendered":"\n<p> L\u201911 aprile Qualivita, in collaborazione con AREPO, ha organizzato un dibattito sulla politica europea per la promozione dei prodotti agroalimentari. L\u2019AREPO ha presentato le proprie posizioni riguardo questa politica, compresa la necessit\u00e0 di sviluppare un approccio globale che creai sinergie tra PAC, Pacchetto Qualit\u00e0 e Politica di Promozione per la Qualit\u00e0 per promuovere i prodotti certificati di qualit\u00e0.<br>Al dibattito hanno partecipato rappresentanti di importanti istituzioni e associazioni Europee, come l\u2019INAO, l&#8217;Associazione di prodotti di qualit\u00e0 della Baviera, FedeLIS, l\u2019AFIG, l\u2019AICIG, nonch\u00e9 rappresentanti del settore della comunicazione specializzata, come Sopexa.<br>Una seconda tavola rotonda \u00e8 stata animata da esponenti di spicco della Commissione e del Parlamento europeo, in particolare dal Dott. Erhart, capo unit\u00e0 responsabile della politica europea per la qualit\u00e0 e dagli eurodeputati Giancarlo Scott\u00e0, Herbert Dorfmann Michel Dantin e Mairead Mc Guinness. Il presidente della Comagri, Paolo De Castro ha chiuso il dibattito sottolineando l&#8217;importanza di politiche di promozione appropriate per prodotti di qualit\u00e0. <\/p>\n","protected":false},"excerpt":{"rendered":"<p>L\u201911 aprile Qualivita, in collaborazione con AREPO, ha organizzato un dibattito sulla politica europea per la promozione dei prodotti agroalimentari. L\u2019AREPO ha presentato le proprie posizioni riguardo questa politica, compresa la necessit\u00e0 di sviluppare un approccio globale che creai sinergie tra PAC, Pacchetto Qualit\u00e0 e Politica di Promozione per la Qualit\u00e0 per promuovere i prodotti [&hellip;]<\/p>\n","protected":false},"author":3,"featured_media":0,"comment_status":"open","ping_status":"open","sticky":false,"template":"","format":"standard","meta":{"_acf_changed":false,"footnotes":""},"categories":[161,135],"tags":[],"class_list":["post-3359","post","type-post","status-publish","format-standard","hentry","category-eventi-arepo","category-ricerca-e-innovazione"],"acf":[],"yoast_head":"<!-- This site is optimized with the Yoast SEO plugin v27.5 - https:\/\/yoast.com\/product\/yoast-seo-wordpress\/ -->\n<title>Intervento dell\u2019AREPO in occasione del dibattito di alto livello sulla promozione di prodotti alimentari organizzato da Qualivita, in collaborazione con AREPO - AREPO<\/title>\n<meta name=\"robots\" content=\"index, follow, max-snippet:-1, max-image-preview:large, max-video-preview:-1\" \/>\n<link rel=\"canonical\" href=\"https:\/\/www.arepoquality.eu\/it\/2012\/04\/11\/intervento-dellarepo-in-occasione-del-dibattito-di-alto-livello-sulla-promozione-di-prodotti-alimentari-organizzato-da-qualivita-in-collaborazione-con-arepo-2\/\" \/>\n<meta property=\"og:locale\" content=\"it_IT\" \/>\n<meta property=\"og:type\" content=\"article\" \/>\n<meta property=\"og:title\" content=\"Intervento dell\u2019AREPO in occasione del dibattito di alto livello sulla promozione di prodotti alimentari organizzato da Qualivita, in collaborazione con AREPO - AREPO\" \/>\n<meta property=\"og:description\" content=\"L\u201911 aprile Qualivita, in collaborazione con AREPO, ha organizzato un dibattito sulla politica europea per la promozione dei prodotti agroalimentari. L\u2019AREPO ha presentato le proprie posizioni riguardo questa politica, compresa la necessit\u00e0 di sviluppare un approccio globale che creai sinergie tra PAC, Pacchetto Qualit\u00e0 e Politica di Promozione per la Qualit\u00e0 per promuovere i prodotti [&hellip;]\" \/>\n<meta property=\"og:url\" content=\"https:\/\/www.arepoquality.eu\/it\/2012\/04\/11\/intervento-dellarepo-in-occasione-del-dibattito-di-alto-livello-sulla-promozione-di-prodotti-alimentari-organizzato-da-qualivita-in-collaborazione-con-arepo-2\/\" \/>\n<meta property=\"og:site_name\" content=\"AREPO\" \/>\n<meta property=\"article:publisher\" content=\"https:\/\/www.facebook.com\/arepoquality\/\" \/>\n<meta property=\"article:published_time\" content=\"2012-04-11T08:06:15+00:00\" \/>\n<meta property=\"article:modified_time\" content=\"2021-07-30T08:07:18+00:00\" \/>\n<meta name=\"author\" content=\"Francesca Alampi\" \/>\n<meta name=\"twitter:card\" content=\"summary_large_image\" \/>\n<meta name=\"twitter:creator\" content=\"@arepoquality_eu\" \/>\n<meta name=\"twitter:site\" content=\"@arepoquality_eu\" \/>\n<meta name=\"twitter:label1\" content=\"Scritto da\" \/>\n\t<meta name=\"twitter:data1\" content=\"Francesca Alampi\" \/>\n\t<meta name=\"twitter:label2\" content=\"Tempo di lettura stimato\" \/>\n\t<meta name=\"twitter:data2\" content=\"1 minuto\" \/>\n<script type=\"application\/ld+json\" class=\"yoast-schema-graph\">{\"@context\":\"https:\\\/\\\/schema.org\",\"@graph\":[{\"@type\":\"Article\",\"@id\":\"https:\\\/\\\/www.arepoquality.eu\\\/it\\\/2012\\\/04\\\/11\\\/intervento-dellarepo-in-occasione-del-dibattito-di-alto-livello-sulla-promozione-di-prodotti-alimentari-organizzato-da-qualivita-in-collaborazione-con-arepo-2\\\/#article\",\"isPartOf\":{\"@id\":\"https:\\\/\\\/www.arepoquality.eu\\\/it\\\/2012\\\/04\\\/11\\\/intervento-dellarepo-in-occasione-del-dibattito-di-alto-livello-sulla-promozione-di-prodotti-alimentari-organizzato-da-qualivita-in-collaborazione-con-arepo-2\\\/\"},\"author\":{\"name\":\"Francesca Alampi\",\"@id\":\"https:\\\/\\\/www.arepoquality.eu\\\/#\\\/schema\\\/person\\\/15f7c6b22cbe9706c69d5201712ded97\"},\"headline\":\"Intervento dell\u2019AREPO in occasione del dibattito di alto livello sulla promozione di prodotti alimentari organizzato da Qualivita, in collaborazione con AREPO\",\"datePublished\":\"2012-04-11T08:06:15+00:00\",\"dateModified\":\"2021-07-30T08:07:18+00:00\",\"mainEntityOfPage\":{\"@id\":\"https:\\\/\\\/www.arepoquality.eu\\\/it\\\/2012\\\/04\\\/11\\\/intervento-dellarepo-in-occasione-del-dibattito-di-alto-livello-sulla-promozione-di-prodotti-alimentari-organizzato-da-qualivita-in-collaborazione-con-arepo-2\\\/\"},\"wordCount\":181,\"commentCount\":0,\"publisher\":{\"@id\":\"https:\\\/\\\/www.arepoquality.eu\\\/#organization\"},\"articleSection\":[\"Evento AREPO\",\"Ricerca e Innovazione\"],\"inLanguage\":\"it-IT\",\"potentialAction\":[{\"@type\":\"CommentAction\",\"name\":\"Comment\",\"target\":[\"https:\\\/\\\/www.arepoquality.eu\\\/it\\\/2012\\\/04\\\/11\\\/intervento-dellarepo-in-occasione-del-dibattito-di-alto-livello-sulla-promozione-di-prodotti-alimentari-organizzato-da-qualivita-in-collaborazione-con-arepo-2\\\/#respond\"]}]},{\"@type\":\"WebPage\",\"@id\":\"https:\\\/\\\/www.arepoquality.eu\\\/it\\\/2012\\\/04\\\/11\\\/intervento-dellarepo-in-occasione-del-dibattito-di-alto-livello-sulla-promozione-di-prodotti-alimentari-organizzato-da-qualivita-in-collaborazione-con-arepo-2\\\/\",\"url\":\"https:\\\/\\\/www.arepoquality.eu\\\/it\\\/2012\\\/04\\\/11\\\/intervento-dellarepo-in-occasione-del-dibattito-di-alto-livello-sulla-promozione-di-prodotti-alimentari-organizzato-da-qualivita-in-collaborazione-con-arepo-2\\\/\",\"name\":\"Intervento dell\u2019AREPO in occasione del dibattito di alto livello sulla promozione di prodotti alimentari organizzato da Qualivita, in collaborazione con AREPO - AREPO\",\"isPartOf\":{\"@id\":\"https:\\\/\\\/www.arepoquality.eu\\\/#website\"},\"datePublished\":\"2012-04-11T08:06:15+00:00\",\"dateModified\":\"2021-07-30T08:07:18+00:00\",\"breadcrumb\":{\"@id\":\"https:\\\/\\\/www.arepoquality.eu\\\/it\\\/2012\\\/04\\\/11\\\/intervento-dellarepo-in-occasione-del-dibattito-di-alto-livello-sulla-promozione-di-prodotti-alimentari-organizzato-da-qualivita-in-collaborazione-con-arepo-2\\\/#breadcrumb\"},\"inLanguage\":\"it-IT\",\"potentialAction\":[{\"@type\":\"ReadAction\",\"target\":[\"https:\\\/\\\/www.arepoquality.eu\\\/it\\\/2012\\\/04\\\/11\\\/intervento-dellarepo-in-occasione-del-dibattito-di-alto-livello-sulla-promozione-di-prodotti-alimentari-organizzato-da-qualivita-in-collaborazione-con-arepo-2\\\/\"]}]},{\"@type\":\"BreadcrumbList\",\"@id\":\"https:\\\/\\\/www.arepoquality.eu\\\/it\\\/2012\\\/04\\\/11\\\/intervento-dellarepo-in-occasione-del-dibattito-di-alto-livello-sulla-promozione-di-prodotti-alimentari-organizzato-da-qualivita-in-collaborazione-con-arepo-2\\\/#breadcrumb\",\"itemListElement\":[{\"@type\":\"ListItem\",\"position\":1,\"name\":\"Home\",\"item\":\"https:\\\/\\\/www.arepoquality.eu\\\/\"},{\"@type\":\"ListItem\",\"position\":2,\"name\":\"Intervento dell\u2019AREPO in occasione del dibattito di alto livello sulla promozione di prodotti alimentari organizzato da Qualivita, in collaborazione con AREPO\"}]},{\"@type\":\"WebSite\",\"@id\":\"https:\\\/\\\/www.arepoquality.eu\\\/#website\",\"url\":\"https:\\\/\\\/www.arepoquality.eu\\\/\",\"name\":\"AREPO\",\"description\":\"\",\"publisher\":{\"@id\":\"https:\\\/\\\/www.arepoquality.eu\\\/#organization\"},\"potentialAction\":[{\"@type\":\"SearchAction\",\"target\":{\"@type\":\"EntryPoint\",\"urlTemplate\":\"https:\\\/\\\/www.arepoquality.eu\\\/?s={search_term_string}\"},\"query-input\":{\"@type\":\"PropertyValueSpecification\",\"valueRequired\":true,\"valueName\":\"search_term_string\"}}],\"inLanguage\":\"it-IT\"},{\"@type\":\"Organization\",\"@id\":\"https:\\\/\\\/www.arepoquality.eu\\\/#organization\",\"name\":\"AREPO\",\"url\":\"https:\\\/\\\/www.arepoquality.eu\\\/\",\"logo\":{\"@type\":\"ImageObject\",\"inLanguage\":\"it-IT\",\"@id\":\"https:\\\/\\\/www.arepoquality.eu\\\/#\\\/schema\\\/logo\\\/image\\\/\",\"url\":\"https:\\\/\\\/www.arepoquality.eu\\\/wp-content\\\/uploads\\\/2024\\\/05\\\/arepo.jpg\",\"contentUrl\":\"https:\\\/\\\/www.arepoquality.eu\\\/wp-content\\\/uploads\\\/2024\\\/05\\\/arepo.jpg\",\"width\":1113,\"height\":705,\"caption\":\"AREPO\"},\"image\":{\"@id\":\"https:\\\/\\\/www.arepoquality.eu\\\/#\\\/schema\\\/logo\\\/image\\\/\"},\"sameAs\":[\"https:\\\/\\\/www.facebook.com\\\/arepoquality\\\/\",\"https:\\\/\\\/x.com\\\/arepoquality_eu\",\"https:\\\/\\\/www.linkedin.com\\\/company\\\/arepoquality\\\/?viewAsMember=true\"]},{\"@type\":\"Person\",\"@id\":\"https:\\\/\\\/www.arepoquality.eu\\\/#\\\/schema\\\/person\\\/15f7c6b22cbe9706c69d5201712ded97\",\"name\":\"Francesca Alampi\",\"url\":\"https:\\\/\\\/www.arepoquality.eu\\\/it\\\/author\\\/francesca-alampi\\\/\"}]}<\/script>\n<!-- \/ Yoast SEO plugin. -->","yoast_head_json":{"title":"Intervento dell\u2019AREPO in occasione del dibattito di alto livello sulla promozione di prodotti alimentari organizzato da Qualivita, in collaborazione con AREPO - AREPO","robots":{"index":"index","follow":"follow","max-snippet":"max-snippet:-1","max-image-preview":"max-image-preview:large","max-video-preview":"max-video-preview:-1"},"canonical":"https:\/\/www.arepoquality.eu\/it\/2012\/04\/11\/intervento-dellarepo-in-occasione-del-dibattito-di-alto-livello-sulla-promozione-di-prodotti-alimentari-organizzato-da-qualivita-in-collaborazione-con-arepo-2\/","og_locale":"it_IT","og_type":"article","og_title":"Intervento dell\u2019AREPO in occasione del dibattito di alto livello sulla promozione di prodotti alimentari organizzato da Qualivita, in collaborazione con AREPO - AREPO","og_description":"L\u201911 aprile Qualivita, in collaborazione con AREPO, ha organizzato un dibattito sulla politica europea per la promozione dei prodotti agroalimentari. L\u2019AREPO ha presentato le proprie posizioni riguardo questa politica, compresa la necessit\u00e0 di sviluppare un approccio globale che creai sinergie tra PAC, Pacchetto Qualit\u00e0 e Politica di Promozione per la Qualit\u00e0 per promuovere i prodotti [&hellip;]","og_url":"https:\/\/www.arepoquality.eu\/it\/2012\/04\/11\/intervento-dellarepo-in-occasione-del-dibattito-di-alto-livello-sulla-promozione-di-prodotti-alimentari-organizzato-da-qualivita-in-collaborazione-con-arepo-2\/","og_site_name":"AREPO","article_publisher":"https:\/\/www.facebook.com\/arepoquality\/","article_published_time":"2012-04-11T08:06:15+00:00","article_modified_time":"2021-07-30T08:07:18+00:00","author":"Francesca Alampi","twitter_card":"summary_large_image","twitter_creator":"@arepoquality_eu","twitter_site":"@arepoquality_eu","twitter_misc":{"Scritto da":"Francesca Alampi","Tempo di lettura stimato":"1 minuto"},"schema":{"@context":"https:\/\/schema.org","@graph":[{"@type":"Article","@id":"https:\/\/www.arepoquality.eu\/it\/2012\/04\/11\/intervento-dellarepo-in-occasione-del-dibattito-di-alto-livello-sulla-promozione-di-prodotti-alimentari-organizzato-da-qualivita-in-collaborazione-con-arepo-2\/#article","isPartOf":{"@id":"https:\/\/www.arepoquality.eu\/it\/2012\/04\/11\/intervento-dellarepo-in-occasione-del-dibattito-di-alto-livello-sulla-promozione-di-prodotti-alimentari-organizzato-da-qualivita-in-collaborazione-con-arepo-2\/"},"author":{"name":"Francesca Alampi","@id":"https:\/\/www.arepoquality.eu\/#\/schema\/person\/15f7c6b22cbe9706c69d5201712ded97"},"headline":"Intervento dell\u2019AREPO in occasione del dibattito di alto livello sulla promozione di prodotti alimentari organizzato da Qualivita, in collaborazione con AREPO","datePublished":"2012-04-11T08:06:15+00:00","dateModified":"2021-07-30T08:07:18+00:00","mainEntityOfPage":{"@id":"https:\/\/www.arepoquality.eu\/it\/2012\/04\/11\/intervento-dellarepo-in-occasione-del-dibattito-di-alto-livello-sulla-promozione-di-prodotti-alimentari-organizzato-da-qualivita-in-collaborazione-con-arepo-2\/"},"wordCount":181,"commentCount":0,"publisher":{"@id":"https:\/\/www.arepoquality.eu\/#organization"},"articleSection":["Evento AREPO","Ricerca e Innovazione"],"inLanguage":"it-IT","potentialAction":[{"@type":"CommentAction","name":"Comment","target":["https:\/\/www.arepoquality.eu\/it\/2012\/04\/11\/intervento-dellarepo-in-occasione-del-dibattito-di-alto-livello-sulla-promozione-di-prodotti-alimentari-organizzato-da-qualivita-in-collaborazione-con-arepo-2\/#respond"]}]},{"@type":"WebPage","@id":"https:\/\/www.arepoquality.eu\/it\/2012\/04\/11\/intervento-dellarepo-in-occasione-del-dibattito-di-alto-livello-sulla-promozione-di-prodotti-alimentari-organizzato-da-qualivita-in-collaborazione-con-arepo-2\/","url":"https:\/\/www.arepoquality.eu\/it\/2012\/04\/11\/intervento-dellarepo-in-occasione-del-dibattito-di-alto-livello-sulla-promozione-di-prodotti-alimentari-organizzato-da-qualivita-in-collaborazione-con-arepo-2\/","name":"Intervento dell\u2019AREPO in occasione del dibattito di alto livello sulla promozione di prodotti alimentari organizzato da Qualivita, in collaborazione con AREPO - AREPO","isPartOf":{"@id":"https:\/\/www.arepoquality.eu\/#website"},"datePublished":"2012-04-11T08:06:15+00:00","dateModified":"2021-07-30T08:07:18+00:00","breadcrumb":{"@id":"https:\/\/www.arepoquality.eu\/it\/2012\/04\/11\/intervento-dellarepo-in-occasione-del-dibattito-di-alto-livello-sulla-promozione-di-prodotti-alimentari-organizzato-da-qualivita-in-collaborazione-con-arepo-2\/#breadcrumb"},"inLanguage":"it-IT","potentialAction":[{"@type":"ReadAction","target":["https:\/\/www.arepoquality.eu\/it\/2012\/04\/11\/intervento-dellarepo-in-occasione-del-dibattito-di-alto-livello-sulla-promozione-di-prodotti-alimentari-organizzato-da-qualivita-in-collaborazione-con-arepo-2\/"]}]},{"@type":"BreadcrumbList","@id":"https:\/\/www.arepoquality.eu\/it\/2012\/04\/11\/intervento-dellarepo-in-occasione-del-dibattito-di-alto-livello-sulla-promozione-di-prodotti-alimentari-organizzato-da-qualivita-in-collaborazione-con-arepo-2\/#breadcrumb","itemListElement":[{"@type":"ListItem","position":1,"name":"Home","item":"https:\/\/www.arepoquality.eu\/"},{"@type":"ListItem","position":2,"name":"Intervento dell\u2019AREPO in occasione del dibattito di alto livello sulla promozione di prodotti alimentari organizzato da Qualivita, in collaborazione con AREPO"}]},{"@type":"WebSite","@id":"https:\/\/www.arepoquality.eu\/#website","url":"https:\/\/www.arepoquality.eu\/","name":"AREPO","description":"","publisher":{"@id":"https:\/\/www.arepoquality.eu\/#organization"},"potentialAction":[{"@type":"SearchAction","target":{"@type":"EntryPoint","urlTemplate":"https:\/\/www.arepoquality.eu\/?s={search_term_string}"},"query-input":{"@type":"PropertyValueSpecification","valueRequired":true,"valueName":"search_term_string"}}],"inLanguage":"it-IT"},{"@type":"Organization","@id":"https:\/\/www.arepoquality.eu\/#organization","name":"AREPO","url":"https:\/\/www.arepoquality.eu\/","logo":{"@type":"ImageObject","inLanguage":"it-IT","@id":"https:\/\/www.arepoquality.eu\/#\/schema\/logo\/image\/","url":"https:\/\/www.arepoquality.eu\/wp-content\/uploads\/2024\/05\/arepo.jpg","contentUrl":"https:\/\/www.arepoquality.eu\/wp-content\/uploads\/2024\/05\/arepo.jpg","width":1113,"height":705,"caption":"AREPO"},"image":{"@id":"https:\/\/www.arepoquality.eu\/#\/schema\/logo\/image\/"},"sameAs":["https:\/\/www.facebook.com\/arepoquality\/","https:\/\/x.com\/arepoquality_eu","https:\/\/www.linkedin.com\/company\/arepoquality\/?viewAsMember=true"]},{"@type":"Person","@id":"https:\/\/www.arepoquality.eu\/#\/schema\/person\/15f7c6b22cbe9706c69d5201712ded97","name":"Francesca Alampi","url":"https:\/\/www.arepoquality.eu\/it\/author\/francesca-alampi\/"}]}},"_links":{"self":[{"href":"https:\/\/www.arepoquality.eu\/it\/wp-json\/wp\/v2\/posts\/3359","targetHints":{"allow":["GET"]}}],"collection":[{"href":"https:\/\/www.arepoquality.eu\/it\/wp-json\/wp\/v2\/posts"}],"about":[{"href":"https:\/\/www.arepoquality.eu\/it\/wp-json\/wp\/v2\/types\/post"}],"author":[{"embeddable":true,"href":"https:\/\/www.arepoquality.eu\/it\/wp-json\/wp\/v2\/users\/3"}],"replies":[{"embeddable":true,"href":"https:\/\/www.arepoquality.eu\/it\/wp-json\/wp\/v2\/comments?post=3359"}],"version-history":[{"count":1,"href":"https:\/\/www.arepoquality.eu\/it\/wp-json\/wp\/v2\/posts\/3359\/revisions"}],"predecessor-version":[{"id":3360,"href":"https:\/\/www.arepoquality.eu\/it\/wp-json\/wp\/v2\/posts\/3359\/revisions\/3360"}],"wp:attachment":[{"href":"https:\/\/www.arepoquality.eu\/it\/wp-json\/wp\/v2\/media?parent=3359"}],"wp:term":[{"taxonomy":"category","embeddable":true,"href":"https:\/\/www.arepoquality.eu\/it\/wp-json\/wp\/v2\/categories?post=3359"},{"taxonomy":"post_tag","embeddable":true,"href":"https:\/\/www.arepoquality.eu\/it\/wp-json\/wp\/v2\/tags?post=3359"}],"curies":[{"name":"wp","href":"https:\/\/api.w.org\/{rel}","templated":true}]}}