{"id":3371,"date":"2012-03-13T10:48:59","date_gmt":"2012-03-13T09:48:59","guid":{"rendered":"http:\/\/252373706c.url-de-test.ws\/arepo\/?p=3371"},"modified":"2021-08-11T17:12:31","modified_gmt":"2021-08-11T15:12:31","slug":"assemblea-generale-dellarepo-lanciato-nuovo-gruppo-di-lobby-sullolio-doliva-che-raggruppa-gia-piu-del-50-della-produzione-europea-2","status":"publish","type":"post","link":"https:\/\/www.arepoquality.eu\/it\/2012\/03\/13\/assemblea-generale-dellarepo-lanciato-nuovo-gruppo-di-lobby-sullolio-doliva-che-raggruppa-gia-piu-del-50-della-produzione-europea-2\/","title":{"rendered":"Assemblea Generale dell&#8217;AREPO: lanciato il nuovo gruppo di lobby sull&#8217;olio d&#8217;oliva che raggruppa gi\u00e0 pi\u00f9 del 50% della produzione europea"},"content":{"rendered":"\n<p>\n\nNel corso delle proprie assemblee generali rispettive il 7 e il 9 marzo, l\u2019AREPO e l\u2019AREFLH hanno convalidato la creazione di un gruppo di lavoro congiunto delle regioni dell\u2019ulivo e dell\u2019olio di oliva, su iniziativa della Regione Andalusia.<br>Si tratta del primo tentativo di aggregare e portare nelle sedi istituzionali a Bruxelles gli interessi dei territori produttori di olio d&#8217;oliva e del settore della produzione.<br>L&#8217;obiettivo dell&#8217;iniziativa e&#8217; contribuire alla creazione di misure volte a proteggere e valorizzare il settore, a cui sono legati migliaia di posti di lavoro, rafforzando i sistemi di qualit\u00e0 e lavorando perch\u00e9 la riforma della PAC tenga conto della realt\u00e0 degli olivicoltori, attraverso il sistema dei pagamenti diretti e delle misure di mercato.<br>Al gruppo hanno deciso di prendere parte 15 regioni europee che rappresentano il 55% della superficie dedita all&#8217;oleicoltura nell&#8217;Ue.\n\n<\/p>\n","protected":false},"excerpt":{"rendered":"<p>Nel corso delle proprie assemblee generali rispettive il 7 e il 9 marzo, l\u2019AREPO e l\u2019AREFLH hanno convalidato la creazione di un gruppo di lavoro congiunto delle regioni dell\u2019ulivo e dell\u2019olio di oliva, su iniziativa della Regione Andalusia.Si tratta del primo tentativo di aggregare e portare nelle sedi istituzionali a Bruxelles gli interessi dei territori [&hellip;]<\/p>\n","protected":false},"author":3,"featured_media":0,"comment_status":"open","ping_status":"open","sticky":false,"template":"","format":"standard","meta":{"_acf_changed":false,"footnotes":""},"categories":[122],"tags":[],"class_list":["post-3371","post","type-post","status-publish","format-standard","hentry","category-partenariato-it"],"acf":[],"yoast_head":"<!-- This site is optimized with the Yoast SEO plugin v27.4 - https:\/\/yoast.com\/product\/yoast-seo-wordpress\/ -->\n<title>Assemblea Generale dell&#039;AREPO: lanciato il nuovo gruppo di lobby sull&#039;olio d&#039;oliva che raggruppa gi\u00e0 pi\u00f9 del 50% della produzione europea - AREPO<\/title>\n<meta name=\"robots\" content=\"index, follow, max-snippet:-1, max-image-preview:large, max-video-preview:-1\" \/>\n<link rel=\"canonical\" href=\"https:\/\/www.arepoquality.eu\/it\/2012\/03\/13\/assemblea-generale-dellarepo-lanciato-nuovo-gruppo-di-lobby-sullolio-doliva-che-raggruppa-gia-piu-del-50-della-produzione-europea-2\/\" \/>\n<meta property=\"og:locale\" content=\"it_IT\" \/>\n<meta property=\"og:type\" content=\"article\" \/>\n<meta property=\"og:title\" content=\"Assemblea Generale dell&#039;AREPO: lanciato il nuovo gruppo di lobby sull&#039;olio d&#039;oliva che raggruppa gi\u00e0 pi\u00f9 del 50% della produzione europea - AREPO\" \/>\n<meta property=\"og:description\" content=\"Nel corso delle proprie assemblee generali rispettive il 7 e il 9 marzo, l\u2019AREPO e l\u2019AREFLH hanno convalidato la creazione di un gruppo di lavoro congiunto delle regioni dell\u2019ulivo e dell\u2019olio di oliva, su iniziativa della Regione Andalusia.Si tratta del primo tentativo di aggregare e portare nelle sedi istituzionali a Bruxelles gli interessi dei territori [&hellip;]\" \/>\n<meta property=\"og:url\" content=\"https:\/\/www.arepoquality.eu\/it\/2012\/03\/13\/assemblea-generale-dellarepo-lanciato-nuovo-gruppo-di-lobby-sullolio-doliva-che-raggruppa-gia-piu-del-50-della-produzione-europea-2\/\" \/>\n<meta property=\"og:site_name\" content=\"AREPO\" \/>\n<meta property=\"article:publisher\" content=\"https:\/\/www.facebook.com\/arepoquality\/\" \/>\n<meta property=\"article:published_time\" content=\"2012-03-13T09:48:59+00:00\" \/>\n<meta property=\"article:modified_time\" content=\"2021-08-11T15:12:31+00:00\" \/>\n<meta name=\"author\" content=\"Francesca Alampi\" \/>\n<meta name=\"twitter:card\" content=\"summary_large_image\" \/>\n<meta name=\"twitter:creator\" content=\"@arepoquality_eu\" \/>\n<meta name=\"twitter:site\" content=\"@arepoquality_eu\" \/>\n<meta name=\"twitter:label1\" content=\"Scritto da\" \/>\n\t<meta name=\"twitter:data1\" content=\"Francesca Alampi\" \/>\n\t<meta name=\"twitter:label2\" content=\"Tempo di lettura stimato\" \/>\n\t<meta name=\"twitter:data2\" content=\"1 minuto\" \/>\n<script type=\"application\/ld+json\" class=\"yoast-schema-graph\">{\"@context\":\"https:\\\/\\\/schema.org\",\"@graph\":[{\"@type\":\"Article\",\"@id\":\"https:\\\/\\\/www.arepoquality.eu\\\/it\\\/2012\\\/03\\\/13\\\/assemblea-generale-dellarepo-lanciato-nuovo-gruppo-di-lobby-sullolio-doliva-che-raggruppa-gia-piu-del-50-della-produzione-europea-2\\\/#article\",\"isPartOf\":{\"@id\":\"https:\\\/\\\/www.arepoquality.eu\\\/it\\\/2012\\\/03\\\/13\\\/assemblea-generale-dellarepo-lanciato-nuovo-gruppo-di-lobby-sullolio-doliva-che-raggruppa-gia-piu-del-50-della-produzione-europea-2\\\/\"},\"author\":{\"name\":\"Francesca Alampi\",\"@id\":\"https:\\\/\\\/www.arepoquality.eu\\\/#\\\/schema\\\/person\\\/15f7c6b22cbe9706c69d5201712ded97\"},\"headline\":\"Assemblea Generale dell&#8217;AREPO: lanciato il nuovo gruppo di lobby sull&#8217;olio d&#8217;oliva che raggruppa gi\u00e0 pi\u00f9 del 50% della produzione europea\",\"datePublished\":\"2012-03-13T09:48:59+00:00\",\"dateModified\":\"2021-08-11T15:12:31+00:00\",\"mainEntityOfPage\":{\"@id\":\"https:\\\/\\\/www.arepoquality.eu\\\/it\\\/2012\\\/03\\\/13\\\/assemblea-generale-dellarepo-lanciato-nuovo-gruppo-di-lobby-sullolio-doliva-che-raggruppa-gia-piu-del-50-della-produzione-europea-2\\\/\"},\"wordCount\":156,\"commentCount\":0,\"publisher\":{\"@id\":\"https:\\\/\\\/www.arepoquality.eu\\\/#organization\"},\"articleSection\":[\"Partenariato\"],\"inLanguage\":\"it-IT\",\"potentialAction\":[{\"@type\":\"CommentAction\",\"name\":\"Comment\",\"target\":[\"https:\\\/\\\/www.arepoquality.eu\\\/it\\\/2012\\\/03\\\/13\\\/assemblea-generale-dellarepo-lanciato-nuovo-gruppo-di-lobby-sullolio-doliva-che-raggruppa-gia-piu-del-50-della-produzione-europea-2\\\/#respond\"]}]},{\"@type\":\"WebPage\",\"@id\":\"https:\\\/\\\/www.arepoquality.eu\\\/it\\\/2012\\\/03\\\/13\\\/assemblea-generale-dellarepo-lanciato-nuovo-gruppo-di-lobby-sullolio-doliva-che-raggruppa-gia-piu-del-50-della-produzione-europea-2\\\/\",\"url\":\"https:\\\/\\\/www.arepoquality.eu\\\/it\\\/2012\\\/03\\\/13\\\/assemblea-generale-dellarepo-lanciato-nuovo-gruppo-di-lobby-sullolio-doliva-che-raggruppa-gia-piu-del-50-della-produzione-europea-2\\\/\",\"name\":\"Assemblea Generale dell'AREPO: lanciato il nuovo gruppo di lobby sull'olio d'oliva che raggruppa gi\u00e0 pi\u00f9 del 50% della produzione europea - AREPO\",\"isPartOf\":{\"@id\":\"https:\\\/\\\/www.arepoquality.eu\\\/#website\"},\"datePublished\":\"2012-03-13T09:48:59+00:00\",\"dateModified\":\"2021-08-11T15:12:31+00:00\",\"breadcrumb\":{\"@id\":\"https:\\\/\\\/www.arepoquality.eu\\\/it\\\/2012\\\/03\\\/13\\\/assemblea-generale-dellarepo-lanciato-nuovo-gruppo-di-lobby-sullolio-doliva-che-raggruppa-gia-piu-del-50-della-produzione-europea-2\\\/#breadcrumb\"},\"inLanguage\":\"it-IT\",\"potentialAction\":[{\"@type\":\"ReadAction\",\"target\":[\"https:\\\/\\\/www.arepoquality.eu\\\/it\\\/2012\\\/03\\\/13\\\/assemblea-generale-dellarepo-lanciato-nuovo-gruppo-di-lobby-sullolio-doliva-che-raggruppa-gia-piu-del-50-della-produzione-europea-2\\\/\"]}]},{\"@type\":\"BreadcrumbList\",\"@id\":\"https:\\\/\\\/www.arepoquality.eu\\\/it\\\/2012\\\/03\\\/13\\\/assemblea-generale-dellarepo-lanciato-nuovo-gruppo-di-lobby-sullolio-doliva-che-raggruppa-gia-piu-del-50-della-produzione-europea-2\\\/#breadcrumb\",\"itemListElement\":[{\"@type\":\"ListItem\",\"position\":1,\"name\":\"Home\",\"item\":\"https:\\\/\\\/www.arepoquality.eu\\\/\"},{\"@type\":\"ListItem\",\"position\":2,\"name\":\"Assemblea Generale dell&#8217;AREPO: lanciato il nuovo gruppo di lobby sull&#8217;olio d&#8217;oliva che raggruppa gi\u00e0 pi\u00f9 del 50% della produzione europea\"}]},{\"@type\":\"WebSite\",\"@id\":\"https:\\\/\\\/www.arepoquality.eu\\\/#website\",\"url\":\"https:\\\/\\\/www.arepoquality.eu\\\/\",\"name\":\"AREPO\",\"description\":\"\",\"publisher\":{\"@id\":\"https:\\\/\\\/www.arepoquality.eu\\\/#organization\"},\"potentialAction\":[{\"@type\":\"SearchAction\",\"target\":{\"@type\":\"EntryPoint\",\"urlTemplate\":\"https:\\\/\\\/www.arepoquality.eu\\\/?s={search_term_string}\"},\"query-input\":{\"@type\":\"PropertyValueSpecification\",\"valueRequired\":true,\"valueName\":\"search_term_string\"}}],\"inLanguage\":\"it-IT\"},{\"@type\":\"Organization\",\"@id\":\"https:\\\/\\\/www.arepoquality.eu\\\/#organization\",\"name\":\"AREPO\",\"url\":\"https:\\\/\\\/www.arepoquality.eu\\\/\",\"logo\":{\"@type\":\"ImageObject\",\"inLanguage\":\"it-IT\",\"@id\":\"https:\\\/\\\/www.arepoquality.eu\\\/#\\\/schema\\\/logo\\\/image\\\/\",\"url\":\"https:\\\/\\\/www.arepoquality.eu\\\/wp-content\\\/uploads\\\/2024\\\/05\\\/arepo.jpg\",\"contentUrl\":\"https:\\\/\\\/www.arepoquality.eu\\\/wp-content\\\/uploads\\\/2024\\\/05\\\/arepo.jpg\",\"width\":1113,\"height\":705,\"caption\":\"AREPO\"},\"image\":{\"@id\":\"https:\\\/\\\/www.arepoquality.eu\\\/#\\\/schema\\\/logo\\\/image\\\/\"},\"sameAs\":[\"https:\\\/\\\/www.facebook.com\\\/arepoquality\\\/\",\"https:\\\/\\\/x.com\\\/arepoquality_eu\",\"https:\\\/\\\/www.linkedin.com\\\/company\\\/arepoquality\\\/?viewAsMember=true\"]},{\"@type\":\"Person\",\"@id\":\"https:\\\/\\\/www.arepoquality.eu\\\/#\\\/schema\\\/person\\\/15f7c6b22cbe9706c69d5201712ded97\",\"name\":\"Francesca Alampi\",\"url\":\"https:\\\/\\\/www.arepoquality.eu\\\/it\\\/author\\\/francesca-alampi\\\/\"}]}<\/script>\n<!-- \/ Yoast SEO plugin. -->","yoast_head_json":{"title":"Assemblea Generale dell'AREPO: lanciato il nuovo gruppo di lobby sull'olio d'oliva che raggruppa gi\u00e0 pi\u00f9 del 50% della produzione europea - AREPO","robots":{"index":"index","follow":"follow","max-snippet":"max-snippet:-1","max-image-preview":"max-image-preview:large","max-video-preview":"max-video-preview:-1"},"canonical":"https:\/\/www.arepoquality.eu\/it\/2012\/03\/13\/assemblea-generale-dellarepo-lanciato-nuovo-gruppo-di-lobby-sullolio-doliva-che-raggruppa-gia-piu-del-50-della-produzione-europea-2\/","og_locale":"it_IT","og_type":"article","og_title":"Assemblea Generale dell'AREPO: lanciato il nuovo gruppo di lobby sull'olio d'oliva che raggruppa gi\u00e0 pi\u00f9 del 50% della produzione europea - AREPO","og_description":"Nel corso delle proprie assemblee generali rispettive il 7 e il 9 marzo, l\u2019AREPO e l\u2019AREFLH hanno convalidato la creazione di un gruppo di lavoro congiunto delle regioni dell\u2019ulivo e dell\u2019olio di oliva, su iniziativa della Regione Andalusia.Si tratta del primo tentativo di aggregare e portare nelle sedi istituzionali a Bruxelles gli interessi dei territori [&hellip;]","og_url":"https:\/\/www.arepoquality.eu\/it\/2012\/03\/13\/assemblea-generale-dellarepo-lanciato-nuovo-gruppo-di-lobby-sullolio-doliva-che-raggruppa-gia-piu-del-50-della-produzione-europea-2\/","og_site_name":"AREPO","article_publisher":"https:\/\/www.facebook.com\/arepoquality\/","article_published_time":"2012-03-13T09:48:59+00:00","article_modified_time":"2021-08-11T15:12:31+00:00","author":"Francesca Alampi","twitter_card":"summary_large_image","twitter_creator":"@arepoquality_eu","twitter_site":"@arepoquality_eu","twitter_misc":{"Scritto da":"Francesca Alampi","Tempo di lettura stimato":"1 minuto"},"schema":{"@context":"https:\/\/schema.org","@graph":[{"@type":"Article","@id":"https:\/\/www.arepoquality.eu\/it\/2012\/03\/13\/assemblea-generale-dellarepo-lanciato-nuovo-gruppo-di-lobby-sullolio-doliva-che-raggruppa-gia-piu-del-50-della-produzione-europea-2\/#article","isPartOf":{"@id":"https:\/\/www.arepoquality.eu\/it\/2012\/03\/13\/assemblea-generale-dellarepo-lanciato-nuovo-gruppo-di-lobby-sullolio-doliva-che-raggruppa-gia-piu-del-50-della-produzione-europea-2\/"},"author":{"name":"Francesca Alampi","@id":"https:\/\/www.arepoquality.eu\/#\/schema\/person\/15f7c6b22cbe9706c69d5201712ded97"},"headline":"Assemblea Generale dell&#8217;AREPO: lanciato il nuovo gruppo di lobby sull&#8217;olio d&#8217;oliva che raggruppa gi\u00e0 pi\u00f9 del 50% della produzione europea","datePublished":"2012-03-13T09:48:59+00:00","dateModified":"2021-08-11T15:12:31+00:00","mainEntityOfPage":{"@id":"https:\/\/www.arepoquality.eu\/it\/2012\/03\/13\/assemblea-generale-dellarepo-lanciato-nuovo-gruppo-di-lobby-sullolio-doliva-che-raggruppa-gia-piu-del-50-della-produzione-europea-2\/"},"wordCount":156,"commentCount":0,"publisher":{"@id":"https:\/\/www.arepoquality.eu\/#organization"},"articleSection":["Partenariato"],"inLanguage":"it-IT","potentialAction":[{"@type":"CommentAction","name":"Comment","target":["https:\/\/www.arepoquality.eu\/it\/2012\/03\/13\/assemblea-generale-dellarepo-lanciato-nuovo-gruppo-di-lobby-sullolio-doliva-che-raggruppa-gia-piu-del-50-della-produzione-europea-2\/#respond"]}]},{"@type":"WebPage","@id":"https:\/\/www.arepoquality.eu\/it\/2012\/03\/13\/assemblea-generale-dellarepo-lanciato-nuovo-gruppo-di-lobby-sullolio-doliva-che-raggruppa-gia-piu-del-50-della-produzione-europea-2\/","url":"https:\/\/www.arepoquality.eu\/it\/2012\/03\/13\/assemblea-generale-dellarepo-lanciato-nuovo-gruppo-di-lobby-sullolio-doliva-che-raggruppa-gia-piu-del-50-della-produzione-europea-2\/","name":"Assemblea Generale dell'AREPO: lanciato il nuovo gruppo di lobby sull'olio d'oliva che raggruppa gi\u00e0 pi\u00f9 del 50% della produzione europea - AREPO","isPartOf":{"@id":"https:\/\/www.arepoquality.eu\/#website"},"datePublished":"2012-03-13T09:48:59+00:00","dateModified":"2021-08-11T15:12:31+00:00","breadcrumb":{"@id":"https:\/\/www.arepoquality.eu\/it\/2012\/03\/13\/assemblea-generale-dellarepo-lanciato-nuovo-gruppo-di-lobby-sullolio-doliva-che-raggruppa-gia-piu-del-50-della-produzione-europea-2\/#breadcrumb"},"inLanguage":"it-IT","potentialAction":[{"@type":"ReadAction","target":["https:\/\/www.arepoquality.eu\/it\/2012\/03\/13\/assemblea-generale-dellarepo-lanciato-nuovo-gruppo-di-lobby-sullolio-doliva-che-raggruppa-gia-piu-del-50-della-produzione-europea-2\/"]}]},{"@type":"BreadcrumbList","@id":"https:\/\/www.arepoquality.eu\/it\/2012\/03\/13\/assemblea-generale-dellarepo-lanciato-nuovo-gruppo-di-lobby-sullolio-doliva-che-raggruppa-gia-piu-del-50-della-produzione-europea-2\/#breadcrumb","itemListElement":[{"@type":"ListItem","position":1,"name":"Home","item":"https:\/\/www.arepoquality.eu\/"},{"@type":"ListItem","position":2,"name":"Assemblea Generale dell&#8217;AREPO: lanciato il nuovo gruppo di lobby sull&#8217;olio d&#8217;oliva che raggruppa gi\u00e0 pi\u00f9 del 50% della produzione europea"}]},{"@type":"WebSite","@id":"https:\/\/www.arepoquality.eu\/#website","url":"https:\/\/www.arepoquality.eu\/","name":"AREPO","description":"","publisher":{"@id":"https:\/\/www.arepoquality.eu\/#organization"},"potentialAction":[{"@type":"SearchAction","target":{"@type":"EntryPoint","urlTemplate":"https:\/\/www.arepoquality.eu\/?s={search_term_string}"},"query-input":{"@type":"PropertyValueSpecification","valueRequired":true,"valueName":"search_term_string"}}],"inLanguage":"it-IT"},{"@type":"Organization","@id":"https:\/\/www.arepoquality.eu\/#organization","name":"AREPO","url":"https:\/\/www.arepoquality.eu\/","logo":{"@type":"ImageObject","inLanguage":"it-IT","@id":"https:\/\/www.arepoquality.eu\/#\/schema\/logo\/image\/","url":"https:\/\/www.arepoquality.eu\/wp-content\/uploads\/2024\/05\/arepo.jpg","contentUrl":"https:\/\/www.arepoquality.eu\/wp-content\/uploads\/2024\/05\/arepo.jpg","width":1113,"height":705,"caption":"AREPO"},"image":{"@id":"https:\/\/www.arepoquality.eu\/#\/schema\/logo\/image\/"},"sameAs":["https:\/\/www.facebook.com\/arepoquality\/","https:\/\/x.com\/arepoquality_eu","https:\/\/www.linkedin.com\/company\/arepoquality\/?viewAsMember=true"]},{"@type":"Person","@id":"https:\/\/www.arepoquality.eu\/#\/schema\/person\/15f7c6b22cbe9706c69d5201712ded97","name":"Francesca Alampi","url":"https:\/\/www.arepoquality.eu\/it\/author\/francesca-alampi\/"}]}},"_links":{"self":[{"href":"https:\/\/www.arepoquality.eu\/it\/wp-json\/wp\/v2\/posts\/3371","targetHints":{"allow":["GET"]}}],"collection":[{"href":"https:\/\/www.arepoquality.eu\/it\/wp-json\/wp\/v2\/posts"}],"about":[{"href":"https:\/\/www.arepoquality.eu\/it\/wp-json\/wp\/v2\/types\/post"}],"author":[{"embeddable":true,"href":"https:\/\/www.arepoquality.eu\/it\/wp-json\/wp\/v2\/users\/3"}],"replies":[{"embeddable":true,"href":"https:\/\/www.arepoquality.eu\/it\/wp-json\/wp\/v2\/comments?post=3371"}],"version-history":[{"count":2,"href":"https:\/\/www.arepoquality.eu\/it\/wp-json\/wp\/v2\/posts\/3371\/revisions"}],"predecessor-version":[{"id":4486,"href":"https:\/\/www.arepoquality.eu\/it\/wp-json\/wp\/v2\/posts\/3371\/revisions\/4486"}],"wp:attachment":[{"href":"https:\/\/www.arepoquality.eu\/it\/wp-json\/wp\/v2\/media?parent=3371"}],"wp:term":[{"taxonomy":"category","embeddable":true,"href":"https:\/\/www.arepoquality.eu\/it\/wp-json\/wp\/v2\/categories?post=3371"},{"taxonomy":"post_tag","embeddable":true,"href":"https:\/\/www.arepoquality.eu\/it\/wp-json\/wp\/v2\/tags?post=3371"}],"curies":[{"name":"wp","href":"https:\/\/api.w.org\/{rel}","templated":true}]}}