{"id":3456,"date":"2015-02-28T14:48:51","date_gmt":"2015-02-28T13:48:51","guid":{"rendered":"http:\/\/252373706c.url-de-test.ws\/arepo\/2015\/02\/28\/vincent-labarthe-a-rencontre-le-cabinet-hogan-et-le-president-de-lareflh-le-25-fevrier\/"},"modified":"2021-08-11T11:25:37","modified_gmt":"2021-08-11T09:25:37","slug":"vincent-labarthe-a-rencontre-le-cabinet-hogan-et-le-president-de-lareflh-le-25-fevrier","status":"publish","type":"post","link":"https:\/\/www.arepoquality.eu\/it\/2015\/02\/28\/vincent-labarthe-a-rencontre-le-cabinet-hogan-et-le-president-de-lareflh-le-25-fevrier\/","title":{"rendered":"Vincent Labarthe a rencontr\u00e9 le Cabinet Hogan et le Pr\u00e9sident de l\u2019AREFLH le 25 f\u00e9vrier"},"content":{"rendered":"\n<p>Le Pr\u00e9sident de l\u2019AREPO, Vincent Labarthe, a rencontr\u00e9 un certain nombre d\u2019interlocuteurs \u00e0 Bruxelles \u00e0 l\u2019occasion d\u2019un d\u00e9placement de deux jours avec une d\u00e9l\u00e9gation de la R\u00e9gion Midi-Pyr\u00e9n\u00e9es, conduite par son Pr\u00e9sident Martin Malvy,<\/p>\n\n\n\n<p>Mercredi 25 f\u00e9vrier au matin, Monsieur Labarthe a tout d\u2019abord particip\u00e9 \u00e0 la pr\u00e9sentation par le Pr\u00e9sident Malvy, de la strat\u00e9gie r\u00e9gionale de l\u2019innovation de la R\u00e9gion Midi-Pyr\u00e9n\u00e9es au Comit\u00e9 des R\u00e9gions. L\u2019agriculture et l\u2019agroalimentaire figurant parmi les priorit\u00e9s de cette strat\u00e9gie, la pr\u00e9sence du pr\u00e9sident de l\u2019AREPO faisait tout son sens. L\u2019AREPO est \u00e9galement impliqu\u00e9e dans la politique europ\u00e9enne de l\u2019innovation Horizon 2020.<\/p>\n\n\n\n<p>Le 25 apr\u00e8s-midi, Vincent Labarthe a ensuite rencontr\u00e9 le Cabinet du Commissaire en charge \u00e0 l\u2019agriculture, Phil Hogan. Il a pr\u00e9sent\u00e9 les dossiers d\u2019actualit\u00e9 et fait des offres de coop\u00e9ration au Commissaire Hogan.<\/p>\n\n\n\n<p>Monsieur Labarthe a ensuite rencontr\u00e9 le Pr\u00e9sident de l\u2019AREFLH, le Sr Peligri pour aborder la question des relations de travail entre les deux r\u00e9seaux europ\u00e9ens. Un \u00e9v\u00e8nement conjoint sera organis\u00e9 le 25 mars avec une conf\u00e9rence de haut niveau qui r\u00e9unira notamment les MEP, Eric Andrieu, Herbert Dorfmann et Paolo De Castro ainsi que le directeur de la promotion de la DG Agri. M. Canga Fano. Le commissaire Hogan est esp\u00e9r\u00e9. 25 r\u00e9gions des deux r\u00e9seaux pr\u00e9senteront leurs produits agricoles de qualit\u00e9.<\/p>\n\n\n\n<p>En suivant, Vincent Labarthe a rejoint le reste de la d\u00e9l\u00e9gation de la R\u00e9gion Midi-Pyr\u00e9n\u00e9es \u00e0 la Repr\u00e9sentation permanente de la France aupr\u00e8s de l\u2019UE pour rencontrer l\u2019Ambassadeur Pierre Sellal.<\/p>\n","protected":false},"excerpt":{"rendered":"<p>Le Pr\u00e9sident de l\u2019AREPO, Vincent Labarthe, a rencontr\u00e9 un certain nombre d\u2019interlocuteurs \u00e0 Bruxelles \u00e0 l\u2019occasion d\u2019un d\u00e9placement de deux jours avec une d\u00e9l\u00e9gation de la R\u00e9gion Midi-Pyr\u00e9n\u00e9es, conduite par son Pr\u00e9sident Martin Malvy, Mercredi 25 f\u00e9vrier au matin, Monsieur Labarthe a tout d\u2019abord particip\u00e9 \u00e0 la pr\u00e9sentation par le Pr\u00e9sident Malvy, de la strat\u00e9gie [&hellip;]<\/p>\n","protected":false},"author":3,"featured_media":0,"comment_status":"open","ping_status":"open","sticky":false,"template":"","format":"standard","meta":{"_acf_changed":false,"footnotes":""},"categories":[231,245],"tags":[],"class_list":["post-3456","post","type-post","status-publish","format-standard","hentry","category-arepo-participations","category-ue"],"acf":[],"yoast_head":"<!-- This site is optimized with the Yoast SEO plugin v27.4 - https:\/\/yoast.com\/product\/yoast-seo-wordpress\/ -->\n<title>Vincent Labarthe a rencontr\u00e9 le Cabinet Hogan et le Pr\u00e9sident de l\u2019AREFLH le 25 f\u00e9vrier - AREPO<\/title>\n<meta name=\"robots\" content=\"index, follow, max-snippet:-1, max-image-preview:large, max-video-preview:-1\" \/>\n<link rel=\"canonical\" href=\"https:\/\/www.arepoquality.eu\/it\/2015\/02\/28\/vincent-labarthe-a-rencontre-le-cabinet-hogan-et-le-president-de-lareflh-le-25-fevrier\/\" \/>\n<meta property=\"og:locale\" content=\"it_IT\" \/>\n<meta property=\"og:type\" content=\"article\" \/>\n<meta property=\"og:title\" content=\"Vincent Labarthe a rencontr\u00e9 le Cabinet Hogan et le Pr\u00e9sident de l\u2019AREFLH le 25 f\u00e9vrier - AREPO\" \/>\n<meta property=\"og:description\" content=\"Le Pr\u00e9sident de l\u2019AREPO, Vincent Labarthe, a rencontr\u00e9 un certain nombre d\u2019interlocuteurs \u00e0 Bruxelles \u00e0 l\u2019occasion d\u2019un d\u00e9placement de deux jours avec une d\u00e9l\u00e9gation de la R\u00e9gion Midi-Pyr\u00e9n\u00e9es, conduite par son Pr\u00e9sident Martin Malvy, Mercredi 25 f\u00e9vrier au matin, Monsieur Labarthe a tout d\u2019abord particip\u00e9 \u00e0 la pr\u00e9sentation par le Pr\u00e9sident Malvy, de la strat\u00e9gie [&hellip;]\" \/>\n<meta property=\"og:url\" content=\"https:\/\/www.arepoquality.eu\/it\/2015\/02\/28\/vincent-labarthe-a-rencontre-le-cabinet-hogan-et-le-president-de-lareflh-le-25-fevrier\/\" \/>\n<meta property=\"og:site_name\" content=\"AREPO\" \/>\n<meta property=\"article:publisher\" content=\"https:\/\/www.facebook.com\/arepoquality\/\" \/>\n<meta property=\"article:published_time\" content=\"2015-02-28T13:48:51+00:00\" \/>\n<meta property=\"article:modified_time\" content=\"2021-08-11T09:25:37+00:00\" \/>\n<meta name=\"author\" content=\"Francesca Alampi\" \/>\n<meta name=\"twitter:card\" content=\"summary_large_image\" \/>\n<meta name=\"twitter:creator\" content=\"@arepoquality_eu\" \/>\n<meta name=\"twitter:site\" content=\"@arepoquality_eu\" \/>\n<meta name=\"twitter:label1\" content=\"Scritto da\" \/>\n\t<meta name=\"twitter:data1\" content=\"Francesca Alampi\" \/>\n\t<meta name=\"twitter:label2\" content=\"Tempo di lettura stimato\" \/>\n\t<meta name=\"twitter:data2\" content=\"1 minuto\" \/>\n<script type=\"application\/ld+json\" class=\"yoast-schema-graph\">{\"@context\":\"https:\\\/\\\/schema.org\",\"@graph\":[{\"@type\":\"Article\",\"@id\":\"https:\\\/\\\/www.arepoquality.eu\\\/it\\\/2015\\\/02\\\/28\\\/vincent-labarthe-a-rencontre-le-cabinet-hogan-et-le-president-de-lareflh-le-25-fevrier\\\/#article\",\"isPartOf\":{\"@id\":\"https:\\\/\\\/www.arepoquality.eu\\\/it\\\/2015\\\/02\\\/28\\\/vincent-labarthe-a-rencontre-le-cabinet-hogan-et-le-president-de-lareflh-le-25-fevrier\\\/\"},\"author\":{\"name\":\"Francesca Alampi\",\"@id\":\"https:\\\/\\\/www.arepoquality.eu\\\/#\\\/schema\\\/person\\\/15f7c6b22cbe9706c69d5201712ded97\"},\"headline\":\"Vincent Labarthe a rencontr\u00e9 le Cabinet Hogan et le Pr\u00e9sident de l\u2019AREFLH le 25 f\u00e9vrier\",\"datePublished\":\"2015-02-28T13:48:51+00:00\",\"dateModified\":\"2021-08-11T09:25:37+00:00\",\"mainEntityOfPage\":{\"@id\":\"https:\\\/\\\/www.arepoquality.eu\\\/it\\\/2015\\\/02\\\/28\\\/vincent-labarthe-a-rencontre-le-cabinet-hogan-et-le-president-de-lareflh-le-25-fevrier\\\/\"},\"wordCount\":309,\"commentCount\":0,\"publisher\":{\"@id\":\"https:\\\/\\\/www.arepoquality.eu\\\/#organization\"},\"articleSection\":[\"Partecipazione AREPO\",\"UE\"],\"inLanguage\":\"it-IT\",\"potentialAction\":[{\"@type\":\"CommentAction\",\"name\":\"Comment\",\"target\":[\"https:\\\/\\\/www.arepoquality.eu\\\/it\\\/2015\\\/02\\\/28\\\/vincent-labarthe-a-rencontre-le-cabinet-hogan-et-le-president-de-lareflh-le-25-fevrier\\\/#respond\"]}]},{\"@type\":\"WebPage\",\"@id\":\"https:\\\/\\\/www.arepoquality.eu\\\/it\\\/2015\\\/02\\\/28\\\/vincent-labarthe-a-rencontre-le-cabinet-hogan-et-le-president-de-lareflh-le-25-fevrier\\\/\",\"url\":\"https:\\\/\\\/www.arepoquality.eu\\\/it\\\/2015\\\/02\\\/28\\\/vincent-labarthe-a-rencontre-le-cabinet-hogan-et-le-president-de-lareflh-le-25-fevrier\\\/\",\"name\":\"Vincent Labarthe a rencontr\u00e9 le Cabinet Hogan et le Pr\u00e9sident de l\u2019AREFLH le 25 f\u00e9vrier - AREPO\",\"isPartOf\":{\"@id\":\"https:\\\/\\\/www.arepoquality.eu\\\/#website\"},\"datePublished\":\"2015-02-28T13:48:51+00:00\",\"dateModified\":\"2021-08-11T09:25:37+00:00\",\"breadcrumb\":{\"@id\":\"https:\\\/\\\/www.arepoquality.eu\\\/it\\\/2015\\\/02\\\/28\\\/vincent-labarthe-a-rencontre-le-cabinet-hogan-et-le-president-de-lareflh-le-25-fevrier\\\/#breadcrumb\"},\"inLanguage\":\"it-IT\",\"potentialAction\":[{\"@type\":\"ReadAction\",\"target\":[\"https:\\\/\\\/www.arepoquality.eu\\\/it\\\/2015\\\/02\\\/28\\\/vincent-labarthe-a-rencontre-le-cabinet-hogan-et-le-president-de-lareflh-le-25-fevrier\\\/\"]}]},{\"@type\":\"BreadcrumbList\",\"@id\":\"https:\\\/\\\/www.arepoquality.eu\\\/it\\\/2015\\\/02\\\/28\\\/vincent-labarthe-a-rencontre-le-cabinet-hogan-et-le-president-de-lareflh-le-25-fevrier\\\/#breadcrumb\",\"itemListElement\":[{\"@type\":\"ListItem\",\"position\":1,\"name\":\"Home\",\"item\":\"https:\\\/\\\/www.arepoquality.eu\\\/\"},{\"@type\":\"ListItem\",\"position\":2,\"name\":\"Vincent Labarthe a rencontr\u00e9 le Cabinet Hogan et le Pr\u00e9sident de l\u2019AREFLH le 25 f\u00e9vrier\"}]},{\"@type\":\"WebSite\",\"@id\":\"https:\\\/\\\/www.arepoquality.eu\\\/#website\",\"url\":\"https:\\\/\\\/www.arepoquality.eu\\\/\",\"name\":\"AREPO\",\"description\":\"\",\"publisher\":{\"@id\":\"https:\\\/\\\/www.arepoquality.eu\\\/#organization\"},\"potentialAction\":[{\"@type\":\"SearchAction\",\"target\":{\"@type\":\"EntryPoint\",\"urlTemplate\":\"https:\\\/\\\/www.arepoquality.eu\\\/?s={search_term_string}\"},\"query-input\":{\"@type\":\"PropertyValueSpecification\",\"valueRequired\":true,\"valueName\":\"search_term_string\"}}],\"inLanguage\":\"it-IT\"},{\"@type\":\"Organization\",\"@id\":\"https:\\\/\\\/www.arepoquality.eu\\\/#organization\",\"name\":\"AREPO\",\"url\":\"https:\\\/\\\/www.arepoquality.eu\\\/\",\"logo\":{\"@type\":\"ImageObject\",\"inLanguage\":\"it-IT\",\"@id\":\"https:\\\/\\\/www.arepoquality.eu\\\/#\\\/schema\\\/logo\\\/image\\\/\",\"url\":\"https:\\\/\\\/www.arepoquality.eu\\\/wp-content\\\/uploads\\\/2024\\\/05\\\/arepo.jpg\",\"contentUrl\":\"https:\\\/\\\/www.arepoquality.eu\\\/wp-content\\\/uploads\\\/2024\\\/05\\\/arepo.jpg\",\"width\":1113,\"height\":705,\"caption\":\"AREPO\"},\"image\":{\"@id\":\"https:\\\/\\\/www.arepoquality.eu\\\/#\\\/schema\\\/logo\\\/image\\\/\"},\"sameAs\":[\"https:\\\/\\\/www.facebook.com\\\/arepoquality\\\/\",\"https:\\\/\\\/x.com\\\/arepoquality_eu\",\"https:\\\/\\\/www.linkedin.com\\\/company\\\/arepoquality\\\/?viewAsMember=true\"]},{\"@type\":\"Person\",\"@id\":\"https:\\\/\\\/www.arepoquality.eu\\\/#\\\/schema\\\/person\\\/15f7c6b22cbe9706c69d5201712ded97\",\"name\":\"Francesca Alampi\",\"url\":\"https:\\\/\\\/www.arepoquality.eu\\\/it\\\/author\\\/francesca-alampi\\\/\"}]}<\/script>\n<!-- \/ Yoast SEO plugin. -->","yoast_head_json":{"title":"Vincent Labarthe a rencontr\u00e9 le Cabinet Hogan et le Pr\u00e9sident de l\u2019AREFLH le 25 f\u00e9vrier - AREPO","robots":{"index":"index","follow":"follow","max-snippet":"max-snippet:-1","max-image-preview":"max-image-preview:large","max-video-preview":"max-video-preview:-1"},"canonical":"https:\/\/www.arepoquality.eu\/it\/2015\/02\/28\/vincent-labarthe-a-rencontre-le-cabinet-hogan-et-le-president-de-lareflh-le-25-fevrier\/","og_locale":"it_IT","og_type":"article","og_title":"Vincent Labarthe a rencontr\u00e9 le Cabinet Hogan et le Pr\u00e9sident de l\u2019AREFLH le 25 f\u00e9vrier - AREPO","og_description":"Le Pr\u00e9sident de l\u2019AREPO, Vincent Labarthe, a rencontr\u00e9 un certain nombre d\u2019interlocuteurs \u00e0 Bruxelles \u00e0 l\u2019occasion d\u2019un d\u00e9placement de deux jours avec une d\u00e9l\u00e9gation de la R\u00e9gion Midi-Pyr\u00e9n\u00e9es, conduite par son Pr\u00e9sident Martin Malvy, Mercredi 25 f\u00e9vrier au matin, Monsieur Labarthe a tout d\u2019abord particip\u00e9 \u00e0 la pr\u00e9sentation par le Pr\u00e9sident Malvy, de la strat\u00e9gie [&hellip;]","og_url":"https:\/\/www.arepoquality.eu\/it\/2015\/02\/28\/vincent-labarthe-a-rencontre-le-cabinet-hogan-et-le-president-de-lareflh-le-25-fevrier\/","og_site_name":"AREPO","article_publisher":"https:\/\/www.facebook.com\/arepoquality\/","article_published_time":"2015-02-28T13:48:51+00:00","article_modified_time":"2021-08-11T09:25:37+00:00","author":"Francesca Alampi","twitter_card":"summary_large_image","twitter_creator":"@arepoquality_eu","twitter_site":"@arepoquality_eu","twitter_misc":{"Scritto da":"Francesca Alampi","Tempo di lettura stimato":"1 minuto"},"schema":{"@context":"https:\/\/schema.org","@graph":[{"@type":"Article","@id":"https:\/\/www.arepoquality.eu\/it\/2015\/02\/28\/vincent-labarthe-a-rencontre-le-cabinet-hogan-et-le-president-de-lareflh-le-25-fevrier\/#article","isPartOf":{"@id":"https:\/\/www.arepoquality.eu\/it\/2015\/02\/28\/vincent-labarthe-a-rencontre-le-cabinet-hogan-et-le-president-de-lareflh-le-25-fevrier\/"},"author":{"name":"Francesca Alampi","@id":"https:\/\/www.arepoquality.eu\/#\/schema\/person\/15f7c6b22cbe9706c69d5201712ded97"},"headline":"Vincent Labarthe a rencontr\u00e9 le Cabinet Hogan et le Pr\u00e9sident de l\u2019AREFLH le 25 f\u00e9vrier","datePublished":"2015-02-28T13:48:51+00:00","dateModified":"2021-08-11T09:25:37+00:00","mainEntityOfPage":{"@id":"https:\/\/www.arepoquality.eu\/it\/2015\/02\/28\/vincent-labarthe-a-rencontre-le-cabinet-hogan-et-le-president-de-lareflh-le-25-fevrier\/"},"wordCount":309,"commentCount":0,"publisher":{"@id":"https:\/\/www.arepoquality.eu\/#organization"},"articleSection":["Partecipazione AREPO","UE"],"inLanguage":"it-IT","potentialAction":[{"@type":"CommentAction","name":"Comment","target":["https:\/\/www.arepoquality.eu\/it\/2015\/02\/28\/vincent-labarthe-a-rencontre-le-cabinet-hogan-et-le-president-de-lareflh-le-25-fevrier\/#respond"]}]},{"@type":"WebPage","@id":"https:\/\/www.arepoquality.eu\/it\/2015\/02\/28\/vincent-labarthe-a-rencontre-le-cabinet-hogan-et-le-president-de-lareflh-le-25-fevrier\/","url":"https:\/\/www.arepoquality.eu\/it\/2015\/02\/28\/vincent-labarthe-a-rencontre-le-cabinet-hogan-et-le-president-de-lareflh-le-25-fevrier\/","name":"Vincent Labarthe a rencontr\u00e9 le Cabinet Hogan et le Pr\u00e9sident de l\u2019AREFLH le 25 f\u00e9vrier - AREPO","isPartOf":{"@id":"https:\/\/www.arepoquality.eu\/#website"},"datePublished":"2015-02-28T13:48:51+00:00","dateModified":"2021-08-11T09:25:37+00:00","breadcrumb":{"@id":"https:\/\/www.arepoquality.eu\/it\/2015\/02\/28\/vincent-labarthe-a-rencontre-le-cabinet-hogan-et-le-president-de-lareflh-le-25-fevrier\/#breadcrumb"},"inLanguage":"it-IT","potentialAction":[{"@type":"ReadAction","target":["https:\/\/www.arepoquality.eu\/it\/2015\/02\/28\/vincent-labarthe-a-rencontre-le-cabinet-hogan-et-le-president-de-lareflh-le-25-fevrier\/"]}]},{"@type":"BreadcrumbList","@id":"https:\/\/www.arepoquality.eu\/it\/2015\/02\/28\/vincent-labarthe-a-rencontre-le-cabinet-hogan-et-le-president-de-lareflh-le-25-fevrier\/#breadcrumb","itemListElement":[{"@type":"ListItem","position":1,"name":"Home","item":"https:\/\/www.arepoquality.eu\/"},{"@type":"ListItem","position":2,"name":"Vincent Labarthe a rencontr\u00e9 le Cabinet Hogan et le Pr\u00e9sident de l\u2019AREFLH le 25 f\u00e9vrier"}]},{"@type":"WebSite","@id":"https:\/\/www.arepoquality.eu\/#website","url":"https:\/\/www.arepoquality.eu\/","name":"AREPO","description":"","publisher":{"@id":"https:\/\/www.arepoquality.eu\/#organization"},"potentialAction":[{"@type":"SearchAction","target":{"@type":"EntryPoint","urlTemplate":"https:\/\/www.arepoquality.eu\/?s={search_term_string}"},"query-input":{"@type":"PropertyValueSpecification","valueRequired":true,"valueName":"search_term_string"}}],"inLanguage":"it-IT"},{"@type":"Organization","@id":"https:\/\/www.arepoquality.eu\/#organization","name":"AREPO","url":"https:\/\/www.arepoquality.eu\/","logo":{"@type":"ImageObject","inLanguage":"it-IT","@id":"https:\/\/www.arepoquality.eu\/#\/schema\/logo\/image\/","url":"https:\/\/www.arepoquality.eu\/wp-content\/uploads\/2024\/05\/arepo.jpg","contentUrl":"https:\/\/www.arepoquality.eu\/wp-content\/uploads\/2024\/05\/arepo.jpg","width":1113,"height":705,"caption":"AREPO"},"image":{"@id":"https:\/\/www.arepoquality.eu\/#\/schema\/logo\/image\/"},"sameAs":["https:\/\/www.facebook.com\/arepoquality\/","https:\/\/x.com\/arepoquality_eu","https:\/\/www.linkedin.com\/company\/arepoquality\/?viewAsMember=true"]},{"@type":"Person","@id":"https:\/\/www.arepoquality.eu\/#\/schema\/person\/15f7c6b22cbe9706c69d5201712ded97","name":"Francesca Alampi","url":"https:\/\/www.arepoquality.eu\/it\/author\/francesca-alampi\/"}]}},"_links":{"self":[{"href":"https:\/\/www.arepoquality.eu\/it\/wp-json\/wp\/v2\/posts\/3456","targetHints":{"allow":["GET"]}}],"collection":[{"href":"https:\/\/www.arepoquality.eu\/it\/wp-json\/wp\/v2\/posts"}],"about":[{"href":"https:\/\/www.arepoquality.eu\/it\/wp-json\/wp\/v2\/types\/post"}],"author":[{"embeddable":true,"href":"https:\/\/www.arepoquality.eu\/it\/wp-json\/wp\/v2\/users\/3"}],"replies":[{"embeddable":true,"href":"https:\/\/www.arepoquality.eu\/it\/wp-json\/wp\/v2\/comments?post=3456"}],"version-history":[{"count":1,"href":"https:\/\/www.arepoquality.eu\/it\/wp-json\/wp\/v2\/posts\/3456\/revisions"}],"predecessor-version":[{"id":3459,"href":"https:\/\/www.arepoquality.eu\/it\/wp-json\/wp\/v2\/posts\/3456\/revisions\/3459"}],"wp:attachment":[{"href":"https:\/\/www.arepoquality.eu\/it\/wp-json\/wp\/v2\/media?parent=3456"}],"wp:term":[{"taxonomy":"category","embeddable":true,"href":"https:\/\/www.arepoquality.eu\/it\/wp-json\/wp\/v2\/categories?post=3456"},{"taxonomy":"post_tag","embeddable":true,"href":"https:\/\/www.arepoquality.eu\/it\/wp-json\/wp\/v2\/tags?post=3456"}],"curies":[{"name":"wp","href":"https:\/\/api.w.org\/{rel}","templated":true}]}}