{"id":3880,"date":"2016-09-08T18:01:09","date_gmt":"2016-09-08T16:01:09","guid":{"rendered":"http:\/\/252373706c.url-de-test.ws\/arepo\/?p=3880"},"modified":"2021-07-31T18:01:37","modified_gmt":"2021-07-31T16:01:37","slug":"larepo-ha-partecipato-alla-conferenza-cork-2-0-sullo-sviluppo-rurale","status":"publish","type":"post","link":"https:\/\/www.arepoquality.eu\/it\/2016\/09\/08\/larepo-ha-partecipato-alla-conferenza-cork-2-0-sullo-sviluppo-rurale\/","title":{"rendered":"L\u2019AREPO ha partecipato alla conferenza Cork 2.0 sullo Sviluppo Rurale"},"content":{"rendered":"\n<p>Il 6 settembre, una nuova dichiarazione di Cork intitolata \u201c<a href=\"http:\/\/ec.europa.eu\/agriculture\/events\/2016\/rural-development\/cork-declaration-2-0_en.pdf\">Una vita migliore nelle zone rurali<\/a>\u201d \u00e8 stata redatta in seguito a due giorni di conferenza, che ha riunito gli stakeholder del settore dello sviluppo rurale. L\u2019AREPO ha partecipato alla Conferenza Cork 2.0 per contribuire alla discussione, sottolineando il potenziale dei prodotti di qualit\u00e0 e d\u2019origine per lo sviluppo rurale.<\/p>\n\n\n\n<p>Organizzata esattamente 20 anni dopo la prima conferenza, Cork 2.0 ha riunito circa 300 stakeholder in una serie di seminari, finalizzati alla redazione di una nuova dichiarazione che possa tenere conto delle nuove sfide che il settore deve affrontare nel XXI secolo.<\/p>\n\n\n\n<p>Il Commissario Europeo Phil Hogan ha aperto e concluso la conferenza, assieme ad altri relatori, tra cui il Presidente della COMAGRI Czes\u0142aw Siekierski, la Ministra Slovacca nonch\u00e9 attuale Presidente del Consiglio AGRIFISH Gabrielea Mate\u010dn\u00e1, e gli ex-Commissari Europei Janesz Poto\u010dnik e Franz Fischler.<\/p>\n\n\n\n<p>La dichiarazione richiede una politica rurale e agricola dell\u2019UE innovativa, integrata ed inclusiva. Inoltre, il documento definisce 10 orientamenti politici per raggiungere questo obiettivo, favorendo la prosperit\u00e0 e la vitalit\u00e0 rurale, rafforzando le catene di valore rurali, preservando l\u2019ambiente e le risorse naturali, incoraggiando l\u2019azione climatica, stimulando la conoscenza e l\u2019innovazione e migliorando la governance rurale. Questi orientamenti sottolineano anche la necessit\u00e0 di migliorare l\u2019implementazione e la semplificazione delle politiche, cos\u00ec come i loro risultati e responsabilit\u00e0.<\/p>\n\n\n\n<p>La dichiarazione precisa inoltre che \u00e8 necessario dare una risposta alla richiesta dei consumatori per prodotti agroalimentari di qualit\u00e0 e cos\u00ec come risulta molto importante riconoscere il ruolo determinante dell\u2019identit\u00e0 alimentare.<\/p>\n\n\n\n<p>Il Commissario Europeo Phil Hogan ha concluso la conferenza approvando la richiesta di un migliore riconoscimento del potenziale rurale nell\u2019offrire soluzioni innovative, sostenibili ed inclusive per le sfide sociali attuali. Infine ha raccolto l\u2019appello a testare l\u2019impatto di tutte le politiche dell\u2019UE sulle zone rurali.<\/p>\n\n\n\n<p><strong>Per maggiori dettagli, consultare il&nbsp;<\/strong><strong><a href=\"http:\/\/ec.europa.eu\/agriculture\/events\/rural-development-2016_en.htm\">sito web della conferenza<\/a><\/strong><strong>.<\/strong><\/p>\n\n\n\n<p><a href=\"http:\/\/ec.europa.eu\/agriculture\/events\/2016\/rural-development\/cork-declaration-2-0_en.pdf\">Cliccare qui per leggere il contenuto integrale della dichiarazione \u201c<strong>A Better Life in Rural Areas\u201d.&nbsp;<\/strong><\/a><\/p>\n","protected":false},"excerpt":{"rendered":"<p>Il 6 settembre, una nuova dichiarazione di Cork intitolata \u201cUna vita migliore nelle zone rurali\u201d \u00e8 stata redatta in seguito a due giorni di conferenza, che ha riunito gli stakeholder del settore dello sviluppo rurale. L\u2019AREPO ha partecipato alla Conferenza Cork 2.0 per contribuire alla discussione, sottolineando il potenziale dei prodotti di qualit\u00e0 e d\u2019origine [&hellip;]<\/p>\n","protected":false},"author":3,"featured_media":0,"comment_status":"open","ping_status":"open","sticky":false,"template":"","format":"standard","meta":{"_acf_changed":false,"footnotes":""},"categories":[231,40],"tags":[],"class_list":["post-3880","post","type-post","status-publish","format-standard","hentry","category-arepo-participations","category-politica-di-qualita"],"acf":[],"yoast_head":"<!-- This site is optimized with the Yoast SEO plugin v27.5 - https:\/\/yoast.com\/product\/yoast-seo-wordpress\/ -->\n<title>L\u2019AREPO ha partecipato alla conferenza Cork 2.0 sullo Sviluppo Rurale - AREPO<\/title>\n<meta name=\"robots\" content=\"index, follow, max-snippet:-1, max-image-preview:large, max-video-preview:-1\" \/>\n<link rel=\"canonical\" href=\"https:\/\/www.arepoquality.eu\/it\/2016\/09\/08\/larepo-ha-partecipato-alla-conferenza-cork-2-0-sullo-sviluppo-rurale\/\" \/>\n<meta property=\"og:locale\" content=\"it_IT\" \/>\n<meta property=\"og:type\" content=\"article\" \/>\n<meta property=\"og:title\" content=\"L\u2019AREPO ha partecipato alla conferenza Cork 2.0 sullo Sviluppo Rurale - AREPO\" \/>\n<meta property=\"og:description\" content=\"Il 6 settembre, una nuova dichiarazione di Cork intitolata \u201cUna vita migliore nelle zone rurali\u201d \u00e8 stata redatta in seguito a due giorni di conferenza, che ha riunito gli stakeholder del settore dello sviluppo rurale. L\u2019AREPO ha partecipato alla Conferenza Cork 2.0 per contribuire alla discussione, sottolineando il potenziale dei prodotti di qualit\u00e0 e d\u2019origine [&hellip;]\" \/>\n<meta property=\"og:url\" content=\"https:\/\/www.arepoquality.eu\/it\/2016\/09\/08\/larepo-ha-partecipato-alla-conferenza-cork-2-0-sullo-sviluppo-rurale\/\" \/>\n<meta property=\"og:site_name\" content=\"AREPO\" \/>\n<meta property=\"article:publisher\" content=\"https:\/\/www.facebook.com\/arepoquality\/\" \/>\n<meta property=\"article:published_time\" content=\"2016-09-08T16:01:09+00:00\" \/>\n<meta property=\"article:modified_time\" content=\"2021-07-31T16:01:37+00:00\" \/>\n<meta name=\"author\" content=\"Francesca Alampi\" \/>\n<meta name=\"twitter:card\" content=\"summary_large_image\" \/>\n<meta name=\"twitter:creator\" content=\"@arepoquality_eu\" \/>\n<meta name=\"twitter:site\" content=\"@arepoquality_eu\" \/>\n<meta name=\"twitter:label1\" content=\"Scritto da\" \/>\n\t<meta name=\"twitter:data1\" content=\"Francesca Alampi\" \/>\n\t<meta name=\"twitter:label2\" content=\"Tempo di lettura stimato\" \/>\n\t<meta name=\"twitter:data2\" content=\"2 minuti\" \/>\n<script type=\"application\/ld+json\" class=\"yoast-schema-graph\">{\"@context\":\"https:\\\/\\\/schema.org\",\"@graph\":[{\"@type\":\"Article\",\"@id\":\"https:\\\/\\\/www.arepoquality.eu\\\/it\\\/2016\\\/09\\\/08\\\/larepo-ha-partecipato-alla-conferenza-cork-2-0-sullo-sviluppo-rurale\\\/#article\",\"isPartOf\":{\"@id\":\"https:\\\/\\\/www.arepoquality.eu\\\/it\\\/2016\\\/09\\\/08\\\/larepo-ha-partecipato-alla-conferenza-cork-2-0-sullo-sviluppo-rurale\\\/\"},\"author\":{\"name\":\"Francesca Alampi\",\"@id\":\"https:\\\/\\\/www.arepoquality.eu\\\/#\\\/schema\\\/person\\\/15f7c6b22cbe9706c69d5201712ded97\"},\"headline\":\"L\u2019AREPO ha partecipato alla conferenza Cork 2.0 sullo Sviluppo Rurale\",\"datePublished\":\"2016-09-08T16:01:09+00:00\",\"dateModified\":\"2021-07-31T16:01:37+00:00\",\"mainEntityOfPage\":{\"@id\":\"https:\\\/\\\/www.arepoquality.eu\\\/it\\\/2016\\\/09\\\/08\\\/larepo-ha-partecipato-alla-conferenza-cork-2-0-sullo-sviluppo-rurale\\\/\"},\"wordCount\":340,\"commentCount\":0,\"publisher\":{\"@id\":\"https:\\\/\\\/www.arepoquality.eu\\\/#organization\"},\"articleSection\":[\"Partecipazione AREPO\",\"Politica di qualit\u00e0\"],\"inLanguage\":\"it-IT\",\"potentialAction\":[{\"@type\":\"CommentAction\",\"name\":\"Comment\",\"target\":[\"https:\\\/\\\/www.arepoquality.eu\\\/it\\\/2016\\\/09\\\/08\\\/larepo-ha-partecipato-alla-conferenza-cork-2-0-sullo-sviluppo-rurale\\\/#respond\"]}]},{\"@type\":\"WebPage\",\"@id\":\"https:\\\/\\\/www.arepoquality.eu\\\/it\\\/2016\\\/09\\\/08\\\/larepo-ha-partecipato-alla-conferenza-cork-2-0-sullo-sviluppo-rurale\\\/\",\"url\":\"https:\\\/\\\/www.arepoquality.eu\\\/it\\\/2016\\\/09\\\/08\\\/larepo-ha-partecipato-alla-conferenza-cork-2-0-sullo-sviluppo-rurale\\\/\",\"name\":\"L\u2019AREPO ha partecipato alla conferenza Cork 2.0 sullo Sviluppo Rurale - AREPO\",\"isPartOf\":{\"@id\":\"https:\\\/\\\/www.arepoquality.eu\\\/#website\"},\"datePublished\":\"2016-09-08T16:01:09+00:00\",\"dateModified\":\"2021-07-31T16:01:37+00:00\",\"breadcrumb\":{\"@id\":\"https:\\\/\\\/www.arepoquality.eu\\\/it\\\/2016\\\/09\\\/08\\\/larepo-ha-partecipato-alla-conferenza-cork-2-0-sullo-sviluppo-rurale\\\/#breadcrumb\"},\"inLanguage\":\"it-IT\",\"potentialAction\":[{\"@type\":\"ReadAction\",\"target\":[\"https:\\\/\\\/www.arepoquality.eu\\\/it\\\/2016\\\/09\\\/08\\\/larepo-ha-partecipato-alla-conferenza-cork-2-0-sullo-sviluppo-rurale\\\/\"]}]},{\"@type\":\"BreadcrumbList\",\"@id\":\"https:\\\/\\\/www.arepoquality.eu\\\/it\\\/2016\\\/09\\\/08\\\/larepo-ha-partecipato-alla-conferenza-cork-2-0-sullo-sviluppo-rurale\\\/#breadcrumb\",\"itemListElement\":[{\"@type\":\"ListItem\",\"position\":1,\"name\":\"Home\",\"item\":\"https:\\\/\\\/www.arepoquality.eu\\\/\"},{\"@type\":\"ListItem\",\"position\":2,\"name\":\"L\u2019AREPO ha partecipato alla conferenza Cork 2.0 sullo Sviluppo Rurale\"}]},{\"@type\":\"WebSite\",\"@id\":\"https:\\\/\\\/www.arepoquality.eu\\\/#website\",\"url\":\"https:\\\/\\\/www.arepoquality.eu\\\/\",\"name\":\"AREPO\",\"description\":\"\",\"publisher\":{\"@id\":\"https:\\\/\\\/www.arepoquality.eu\\\/#organization\"},\"potentialAction\":[{\"@type\":\"SearchAction\",\"target\":{\"@type\":\"EntryPoint\",\"urlTemplate\":\"https:\\\/\\\/www.arepoquality.eu\\\/?s={search_term_string}\"},\"query-input\":{\"@type\":\"PropertyValueSpecification\",\"valueRequired\":true,\"valueName\":\"search_term_string\"}}],\"inLanguage\":\"it-IT\"},{\"@type\":\"Organization\",\"@id\":\"https:\\\/\\\/www.arepoquality.eu\\\/#organization\",\"name\":\"AREPO\",\"url\":\"https:\\\/\\\/www.arepoquality.eu\\\/\",\"logo\":{\"@type\":\"ImageObject\",\"inLanguage\":\"it-IT\",\"@id\":\"https:\\\/\\\/www.arepoquality.eu\\\/#\\\/schema\\\/logo\\\/image\\\/\",\"url\":\"https:\\\/\\\/www.arepoquality.eu\\\/wp-content\\\/uploads\\\/2024\\\/05\\\/arepo.jpg\",\"contentUrl\":\"https:\\\/\\\/www.arepoquality.eu\\\/wp-content\\\/uploads\\\/2024\\\/05\\\/arepo.jpg\",\"width\":1113,\"height\":705,\"caption\":\"AREPO\"},\"image\":{\"@id\":\"https:\\\/\\\/www.arepoquality.eu\\\/#\\\/schema\\\/logo\\\/image\\\/\"},\"sameAs\":[\"https:\\\/\\\/www.facebook.com\\\/arepoquality\\\/\",\"https:\\\/\\\/x.com\\\/arepoquality_eu\",\"https:\\\/\\\/www.linkedin.com\\\/company\\\/arepoquality\\\/?viewAsMember=true\"]},{\"@type\":\"Person\",\"@id\":\"https:\\\/\\\/www.arepoquality.eu\\\/#\\\/schema\\\/person\\\/15f7c6b22cbe9706c69d5201712ded97\",\"name\":\"Francesca Alampi\",\"url\":\"https:\\\/\\\/www.arepoquality.eu\\\/it\\\/author\\\/francesca-alampi\\\/\"}]}<\/script>\n<!-- \/ Yoast SEO plugin. -->","yoast_head_json":{"title":"L\u2019AREPO ha partecipato alla conferenza Cork 2.0 sullo Sviluppo Rurale - AREPO","robots":{"index":"index","follow":"follow","max-snippet":"max-snippet:-1","max-image-preview":"max-image-preview:large","max-video-preview":"max-video-preview:-1"},"canonical":"https:\/\/www.arepoquality.eu\/it\/2016\/09\/08\/larepo-ha-partecipato-alla-conferenza-cork-2-0-sullo-sviluppo-rurale\/","og_locale":"it_IT","og_type":"article","og_title":"L\u2019AREPO ha partecipato alla conferenza Cork 2.0 sullo Sviluppo Rurale - AREPO","og_description":"Il 6 settembre, una nuova dichiarazione di Cork intitolata \u201cUna vita migliore nelle zone rurali\u201d \u00e8 stata redatta in seguito a due giorni di conferenza, che ha riunito gli stakeholder del settore dello sviluppo rurale. L\u2019AREPO ha partecipato alla Conferenza Cork 2.0 per contribuire alla discussione, sottolineando il potenziale dei prodotti di qualit\u00e0 e d\u2019origine [&hellip;]","og_url":"https:\/\/www.arepoquality.eu\/it\/2016\/09\/08\/larepo-ha-partecipato-alla-conferenza-cork-2-0-sullo-sviluppo-rurale\/","og_site_name":"AREPO","article_publisher":"https:\/\/www.facebook.com\/arepoquality\/","article_published_time":"2016-09-08T16:01:09+00:00","article_modified_time":"2021-07-31T16:01:37+00:00","author":"Francesca Alampi","twitter_card":"summary_large_image","twitter_creator":"@arepoquality_eu","twitter_site":"@arepoquality_eu","twitter_misc":{"Scritto da":"Francesca Alampi","Tempo di lettura stimato":"2 minuti"},"schema":{"@context":"https:\/\/schema.org","@graph":[{"@type":"Article","@id":"https:\/\/www.arepoquality.eu\/it\/2016\/09\/08\/larepo-ha-partecipato-alla-conferenza-cork-2-0-sullo-sviluppo-rurale\/#article","isPartOf":{"@id":"https:\/\/www.arepoquality.eu\/it\/2016\/09\/08\/larepo-ha-partecipato-alla-conferenza-cork-2-0-sullo-sviluppo-rurale\/"},"author":{"name":"Francesca Alampi","@id":"https:\/\/www.arepoquality.eu\/#\/schema\/person\/15f7c6b22cbe9706c69d5201712ded97"},"headline":"L\u2019AREPO ha partecipato alla conferenza Cork 2.0 sullo Sviluppo Rurale","datePublished":"2016-09-08T16:01:09+00:00","dateModified":"2021-07-31T16:01:37+00:00","mainEntityOfPage":{"@id":"https:\/\/www.arepoquality.eu\/it\/2016\/09\/08\/larepo-ha-partecipato-alla-conferenza-cork-2-0-sullo-sviluppo-rurale\/"},"wordCount":340,"commentCount":0,"publisher":{"@id":"https:\/\/www.arepoquality.eu\/#organization"},"articleSection":["Partecipazione AREPO","Politica di qualit\u00e0"],"inLanguage":"it-IT","potentialAction":[{"@type":"CommentAction","name":"Comment","target":["https:\/\/www.arepoquality.eu\/it\/2016\/09\/08\/larepo-ha-partecipato-alla-conferenza-cork-2-0-sullo-sviluppo-rurale\/#respond"]}]},{"@type":"WebPage","@id":"https:\/\/www.arepoquality.eu\/it\/2016\/09\/08\/larepo-ha-partecipato-alla-conferenza-cork-2-0-sullo-sviluppo-rurale\/","url":"https:\/\/www.arepoquality.eu\/it\/2016\/09\/08\/larepo-ha-partecipato-alla-conferenza-cork-2-0-sullo-sviluppo-rurale\/","name":"L\u2019AREPO ha partecipato alla conferenza Cork 2.0 sullo Sviluppo Rurale - AREPO","isPartOf":{"@id":"https:\/\/www.arepoquality.eu\/#website"},"datePublished":"2016-09-08T16:01:09+00:00","dateModified":"2021-07-31T16:01:37+00:00","breadcrumb":{"@id":"https:\/\/www.arepoquality.eu\/it\/2016\/09\/08\/larepo-ha-partecipato-alla-conferenza-cork-2-0-sullo-sviluppo-rurale\/#breadcrumb"},"inLanguage":"it-IT","potentialAction":[{"@type":"ReadAction","target":["https:\/\/www.arepoquality.eu\/it\/2016\/09\/08\/larepo-ha-partecipato-alla-conferenza-cork-2-0-sullo-sviluppo-rurale\/"]}]},{"@type":"BreadcrumbList","@id":"https:\/\/www.arepoquality.eu\/it\/2016\/09\/08\/larepo-ha-partecipato-alla-conferenza-cork-2-0-sullo-sviluppo-rurale\/#breadcrumb","itemListElement":[{"@type":"ListItem","position":1,"name":"Home","item":"https:\/\/www.arepoquality.eu\/"},{"@type":"ListItem","position":2,"name":"L\u2019AREPO ha partecipato alla conferenza Cork 2.0 sullo Sviluppo Rurale"}]},{"@type":"WebSite","@id":"https:\/\/www.arepoquality.eu\/#website","url":"https:\/\/www.arepoquality.eu\/","name":"AREPO","description":"","publisher":{"@id":"https:\/\/www.arepoquality.eu\/#organization"},"potentialAction":[{"@type":"SearchAction","target":{"@type":"EntryPoint","urlTemplate":"https:\/\/www.arepoquality.eu\/?s={search_term_string}"},"query-input":{"@type":"PropertyValueSpecification","valueRequired":true,"valueName":"search_term_string"}}],"inLanguage":"it-IT"},{"@type":"Organization","@id":"https:\/\/www.arepoquality.eu\/#organization","name":"AREPO","url":"https:\/\/www.arepoquality.eu\/","logo":{"@type":"ImageObject","inLanguage":"it-IT","@id":"https:\/\/www.arepoquality.eu\/#\/schema\/logo\/image\/","url":"https:\/\/www.arepoquality.eu\/wp-content\/uploads\/2024\/05\/arepo.jpg","contentUrl":"https:\/\/www.arepoquality.eu\/wp-content\/uploads\/2024\/05\/arepo.jpg","width":1113,"height":705,"caption":"AREPO"},"image":{"@id":"https:\/\/www.arepoquality.eu\/#\/schema\/logo\/image\/"},"sameAs":["https:\/\/www.facebook.com\/arepoquality\/","https:\/\/x.com\/arepoquality_eu","https:\/\/www.linkedin.com\/company\/arepoquality\/?viewAsMember=true"]},{"@type":"Person","@id":"https:\/\/www.arepoquality.eu\/#\/schema\/person\/15f7c6b22cbe9706c69d5201712ded97","name":"Francesca Alampi","url":"https:\/\/www.arepoquality.eu\/it\/author\/francesca-alampi\/"}]}},"_links":{"self":[{"href":"https:\/\/www.arepoquality.eu\/it\/wp-json\/wp\/v2\/posts\/3880","targetHints":{"allow":["GET"]}}],"collection":[{"href":"https:\/\/www.arepoquality.eu\/it\/wp-json\/wp\/v2\/posts"}],"about":[{"href":"https:\/\/www.arepoquality.eu\/it\/wp-json\/wp\/v2\/types\/post"}],"author":[{"embeddable":true,"href":"https:\/\/www.arepoquality.eu\/it\/wp-json\/wp\/v2\/users\/3"}],"replies":[{"embeddable":true,"href":"https:\/\/www.arepoquality.eu\/it\/wp-json\/wp\/v2\/comments?post=3880"}],"version-history":[{"count":1,"href":"https:\/\/www.arepoquality.eu\/it\/wp-json\/wp\/v2\/posts\/3880\/revisions"}],"predecessor-version":[{"id":3881,"href":"https:\/\/www.arepoquality.eu\/it\/wp-json\/wp\/v2\/posts\/3880\/revisions\/3881"}],"wp:attachment":[{"href":"https:\/\/www.arepoquality.eu\/it\/wp-json\/wp\/v2\/media?parent=3880"}],"wp:term":[{"taxonomy":"category","embeddable":true,"href":"https:\/\/www.arepoquality.eu\/it\/wp-json\/wp\/v2\/categories?post=3880"},{"taxonomy":"post_tag","embeddable":true,"href":"https:\/\/www.arepoquality.eu\/it\/wp-json\/wp\/v2\/tags?post=3880"}],"curies":[{"name":"wp","href":"https:\/\/api.w.org\/{rel}","templated":true}]}}