{"id":6773,"date":"2021-09-14T15:34:23","date_gmt":"2021-09-14T13:34:23","guid":{"rendered":"http:\/\/252373706c.url-de-test.ws\/arepo\/?p=6773"},"modified":"2021-09-14T15:34:25","modified_gmt":"2021-09-14T13:34:25","slug":"la-comagri-approva-laccordo-sulla-riforma-della-pac-quali-modifiche-per-le-indicazioni-geografiche-dellue","status":"publish","type":"post","link":"https:\/\/www.arepoquality.eu\/it\/2021\/09\/14\/la-comagri-approva-laccordo-sulla-riforma-della-pac-quali-modifiche-per-le-indicazioni-geografiche-dellue\/","title":{"rendered":"La ComAgri approva l&#8217;accordo sulla riforma della PAC : quali modifiche per le indicazioni geografiche dell&#8217;UE?"},"content":{"rendered":"\n<p>Il 9 settembre, la Commissione Agricoltura e Sviluppo Rurale del Parlamento europeo (PE) ha dato il suo via libera ai tre regolamenti UE che regoleranno la politica agricola comune (PAC) 2023-2027.<\/p>\n\n\n\n<p>Se approvata dall&#8217;intero Parlamento durante la sessione plenaria di novembre, la nuova PAC introdurr\u00e0 nuove disposizioni relative ai sistemi di qualit\u00e0 dell&#8217;UE.&nbsp;<\/p>\n\n\n\n<p>Guardando al regolamento di modifica dell&#8217;OCM, il testo finale concordato va verso il&nbsp;<strong>rafforzamento della regolamentazione del mercato e della gestione delle crisi.<\/strong>&nbsp;Nel dettaglio, l&#8217;innovazione pi\u00f9 importante per il settore delle IG \u00e8<strong>&nbsp;l&#8217;estensione dello strumento di regolamentazione dell&#8217;offerta&nbsp;<\/strong>(gi\u00e0 esistente per i formaggi, i prosciutti e i vini DOP\/IGP)&nbsp;<strong>a tutti i prodotti DOP e IGP.<\/strong><\/p>\n\n\n\n<p>In relazione alla semplificazione del sistema delle IG, i<strong>l campo di applicazione del regolamento (UE) n. 1151\/2012 \u00e8 stato esteso anche ai vini aromatizzati.<\/strong><\/p>\n\n\n\n<p>Tra i principali cambiamenti,&nbsp;<strong>la definizione di denominazione d&#8217;origine e di indicazione geografica \u00e8 stata allineata a quella data a livello internazionale dall&#8217;accordo di Lisbona<\/strong>. Inoltre,<strong>&nbsp;il fattore umano<\/strong>, indebolito nella proposta iniziale della Commissione, \u00e8 stato&nbsp;<strong>reintrodotto come elemento obbligatorio per la definizione di una DOP<\/strong>&nbsp;(sia per i vini che per i prodotti alimentari).<\/p>\n\n\n\n<p>Per quanto riguarda i disciplinari dei prodotti DOP e IGP e il&nbsp;<strong>fattore umano come legame della qualit\u00e0 a un ambiente geografico particolare<\/strong>, il testo approvato dai deputati della ComAgri&nbsp;permette,&nbsp;<strong>se del caso<\/strong>, di limitarsi a una descrizione della gestione del suolo e del paesaggio, delle pratiche di coltivazione o di qualsiasi altro contributo umano pertinente al mantenimento dei fattori naturali dell&#8217;ambiente geografico. Questo si riferisce in particolare a quei prodotti il cui contributo del&nbsp;fattore&nbsp;umano&nbsp;alla qualit\u00e0 e alle caratteristiche del prodotto pu\u00f2 essere meno specifico. Inoltre,&nbsp;<strong>la descrizione del contributo delle IG allo sviluppo sostenibile \u00e8 stata resa volontaria.<\/strong><\/p>\n\n\n\n<p>Un&#8217;altra modifica proposta \u00e8 la semplificazione della procedura di approvazione delle modifiche.&nbsp;<strong>Il testo legislativo introduce una distinzione tra modifiche dell&#8217;Unione e modifiche standard<\/strong>. Mentre le prime richiederanno una procedura di opposizione a livello dell&#8217;Unione, le seconde saranno trattate a livello degli Stati membri.<\/p>\n\n\n\n<p>Infine, il nuovo regolamento&nbsp;<strong>rafforza la protezione&nbsp;<\/strong>estendendo il suo campo di applicazione a tutti i prodotti IG, comprese le merci in transito e vendute online. In particolare, fa riferimento alla&nbsp;<strong>protezione contro l&#8217;abuso di reputazione<\/strong>. Purtroppo,&nbsp;<strong>la protezione in relazione ai nomi di dominio<\/strong>, una delle principali richieste della strategia comune AREPO-oriGIn,&nbsp;<strong>non \u00e8 stata mantenuta<\/strong>. Questo rimarr\u00e0 un tema centrale per far rispettare la protezione online delle IG.<\/p>\n\n\n\n<p>Per quanto riguarda il regolamento sui piani strategici, gli Stati membri potranno scegliere di sostenere i sistemi di qualit\u00e0 sotto il tipo di intervento &#8220;cooperazione&#8221;.&nbsp;Nello specifico, il testo approvato prevede la possibilit\u00e0 di attuare misure sia per promuovere che per istituire sistemi di qualit\u00e0.&nbsp;<strong>Per quanto riguarda la possibilit\u00e0 di coprire anche i costi di certificazione, questa proposta non \u00e8 stata mantenuta nel testo concordato durante i negoziati interistituzionali.<\/strong><\/p>\n\n\n\n<p>I regolamenti sulla nuova PAC dell&#8217;UE sono stati approvati dalla commissione AGRI con 38 voti a favore, 8 contro e 2 astensioni (Piani strategici), 40 voti a favore, 5 contro e&nbsp;3 astensioni (Organizzazione comune del mercato dei prodotti agricoli) e 39 voti a favore, 7 contro e 2 astensioni (Finanziamento, gestione e monitoraggio della PAC).<\/p>\n\n\n\n<p>Il voto espresso si riferisce a un processo legislativo iniziato nel 2018 con la proposta legislativa della precedente Commissione guidata da Jean-Claude Juncker. Ora deve essere approvata da tutto il Parlamento durante la sessione plenaria di novembre,&nbsp;<strong>entrando cos\u00ec in pieno vigore nel 2023, dopo due anni di regolamentazione transitoria.<\/strong><\/p>\n\n\n\n<p><em>*AREPO ha lavorato sulla PAC in collaborazione con oriGIn EU, sviluppando e adottando una posizione comune e una strategia di lobbying per difendere insieme le Indicazioni Geografiche a livello europeo.<\/em><\/p>\n","protected":false},"excerpt":{"rendered":"<p>Il 9 settembre, la Commissione Agricoltura e Sviluppo Rurale del Parlamento europeo (PE) ha dato il suo via libera ai tre regolamenti UE che regoleranno la politica agricola comune (PAC) 2023-2027. Se approvata dall&#8217;intero Parlamento durante la sessione plenaria di novembre, la nuova PAC introdurr\u00e0 nuove disposizioni relative ai sistemi di qualit\u00e0 dell&#8217;UE.&nbsp; Guardando al [&hellip;]<\/p>\n","protected":false},"author":3,"featured_media":0,"comment_status":"open","ping_status":"open","sticky":false,"template":"","format":"standard","meta":{"_acf_changed":false,"footnotes":""},"categories":[44,125],"tags":[],"class_list":["post-6773","post","type-post","status-publish","format-standard","hentry","category-pac-it","category-sistemi-di-qualita-it"],"acf":[],"yoast_head":"<!-- This site is optimized with the Yoast SEO plugin v27.4 - https:\/\/yoast.com\/product\/yoast-seo-wordpress\/ -->\n<title>La ComAgri approva l&#039;accordo sulla riforma della PAC : quali modifiche per le indicazioni geografiche dell&#039;UE? - AREPO<\/title>\n<meta name=\"robots\" content=\"index, follow, max-snippet:-1, max-image-preview:large, max-video-preview:-1\" \/>\n<link rel=\"canonical\" href=\"https:\/\/www.arepoquality.eu\/it\/2021\/09\/14\/la-comagri-approva-laccordo-sulla-riforma-della-pac-quali-modifiche-per-le-indicazioni-geografiche-dellue\/\" \/>\n<meta property=\"og:locale\" content=\"it_IT\" \/>\n<meta property=\"og:type\" content=\"article\" \/>\n<meta property=\"og:title\" content=\"La ComAgri approva l&#039;accordo sulla riforma della PAC : quali modifiche per le indicazioni geografiche dell&#039;UE? - AREPO\" \/>\n<meta property=\"og:description\" content=\"Il 9 settembre, la Commissione Agricoltura e Sviluppo Rurale del Parlamento europeo (PE) ha dato il suo via libera ai tre regolamenti UE che regoleranno la politica agricola comune (PAC) 2023-2027. Se approvata dall&#8217;intero Parlamento durante la sessione plenaria di novembre, la nuova PAC introdurr\u00e0 nuove disposizioni relative ai sistemi di qualit\u00e0 dell&#8217;UE.&nbsp; Guardando al [&hellip;]\" \/>\n<meta property=\"og:url\" content=\"https:\/\/www.arepoquality.eu\/it\/2021\/09\/14\/la-comagri-approva-laccordo-sulla-riforma-della-pac-quali-modifiche-per-le-indicazioni-geografiche-dellue\/\" \/>\n<meta property=\"og:site_name\" content=\"AREPO\" \/>\n<meta property=\"article:publisher\" content=\"https:\/\/www.facebook.com\/arepoquality\/\" \/>\n<meta property=\"article:published_time\" content=\"2021-09-14T13:34:23+00:00\" \/>\n<meta property=\"article:modified_time\" content=\"2021-09-14T13:34:25+00:00\" \/>\n<meta name=\"author\" content=\"Francesca Alampi\" \/>\n<meta name=\"twitter:card\" content=\"summary_large_image\" \/>\n<meta name=\"twitter:creator\" content=\"@arepoquality_eu\" \/>\n<meta name=\"twitter:site\" content=\"@arepoquality_eu\" \/>\n<meta name=\"twitter:label1\" content=\"Scritto da\" \/>\n\t<meta name=\"twitter:data1\" content=\"Francesca Alampi\" \/>\n\t<meta name=\"twitter:label2\" content=\"Tempo di lettura stimato\" \/>\n\t<meta name=\"twitter:data2\" content=\"3 minuti\" \/>\n<script type=\"application\/ld+json\" class=\"yoast-schema-graph\">{\"@context\":\"https:\\\/\\\/schema.org\",\"@graph\":[{\"@type\":\"Article\",\"@id\":\"https:\\\/\\\/www.arepoquality.eu\\\/it\\\/2021\\\/09\\\/14\\\/la-comagri-approva-laccordo-sulla-riforma-della-pac-quali-modifiche-per-le-indicazioni-geografiche-dellue\\\/#article\",\"isPartOf\":{\"@id\":\"https:\\\/\\\/www.arepoquality.eu\\\/it\\\/2021\\\/09\\\/14\\\/la-comagri-approva-laccordo-sulla-riforma-della-pac-quali-modifiche-per-le-indicazioni-geografiche-dellue\\\/\"},\"author\":{\"name\":\"Francesca Alampi\",\"@id\":\"https:\\\/\\\/www.arepoquality.eu\\\/#\\\/schema\\\/person\\\/15f7c6b22cbe9706c69d5201712ded97\"},\"headline\":\"La ComAgri approva l&#8217;accordo sulla riforma della PAC : quali modifiche per le indicazioni geografiche dell&#8217;UE?\",\"datePublished\":\"2021-09-14T13:34:23+00:00\",\"dateModified\":\"2021-09-14T13:34:25+00:00\",\"mainEntityOfPage\":{\"@id\":\"https:\\\/\\\/www.arepoquality.eu\\\/it\\\/2021\\\/09\\\/14\\\/la-comagri-approva-laccordo-sulla-riforma-della-pac-quali-modifiche-per-le-indicazioni-geografiche-dellue\\\/\"},\"wordCount\":636,\"commentCount\":0,\"publisher\":{\"@id\":\"https:\\\/\\\/www.arepoquality.eu\\\/#organization\"},\"articleSection\":[\"PAC\",\"Sistemi di qualit\u00e0\"],\"inLanguage\":\"it-IT\",\"potentialAction\":[{\"@type\":\"CommentAction\",\"name\":\"Comment\",\"target\":[\"https:\\\/\\\/www.arepoquality.eu\\\/it\\\/2021\\\/09\\\/14\\\/la-comagri-approva-laccordo-sulla-riforma-della-pac-quali-modifiche-per-le-indicazioni-geografiche-dellue\\\/#respond\"]}]},{\"@type\":\"WebPage\",\"@id\":\"https:\\\/\\\/www.arepoquality.eu\\\/it\\\/2021\\\/09\\\/14\\\/la-comagri-approva-laccordo-sulla-riforma-della-pac-quali-modifiche-per-le-indicazioni-geografiche-dellue\\\/\",\"url\":\"https:\\\/\\\/www.arepoquality.eu\\\/it\\\/2021\\\/09\\\/14\\\/la-comagri-approva-laccordo-sulla-riforma-della-pac-quali-modifiche-per-le-indicazioni-geografiche-dellue\\\/\",\"name\":\"La ComAgri approva l'accordo sulla riforma della PAC : quali modifiche per le indicazioni geografiche dell'UE? - AREPO\",\"isPartOf\":{\"@id\":\"https:\\\/\\\/www.arepoquality.eu\\\/#website\"},\"datePublished\":\"2021-09-14T13:34:23+00:00\",\"dateModified\":\"2021-09-14T13:34:25+00:00\",\"breadcrumb\":{\"@id\":\"https:\\\/\\\/www.arepoquality.eu\\\/it\\\/2021\\\/09\\\/14\\\/la-comagri-approva-laccordo-sulla-riforma-della-pac-quali-modifiche-per-le-indicazioni-geografiche-dellue\\\/#breadcrumb\"},\"inLanguage\":\"it-IT\",\"potentialAction\":[{\"@type\":\"ReadAction\",\"target\":[\"https:\\\/\\\/www.arepoquality.eu\\\/it\\\/2021\\\/09\\\/14\\\/la-comagri-approva-laccordo-sulla-riforma-della-pac-quali-modifiche-per-le-indicazioni-geografiche-dellue\\\/\"]}]},{\"@type\":\"BreadcrumbList\",\"@id\":\"https:\\\/\\\/www.arepoquality.eu\\\/it\\\/2021\\\/09\\\/14\\\/la-comagri-approva-laccordo-sulla-riforma-della-pac-quali-modifiche-per-le-indicazioni-geografiche-dellue\\\/#breadcrumb\",\"itemListElement\":[{\"@type\":\"ListItem\",\"position\":1,\"name\":\"Home\",\"item\":\"https:\\\/\\\/www.arepoquality.eu\\\/\"},{\"@type\":\"ListItem\",\"position\":2,\"name\":\"La ComAgri approva l&#8217;accordo sulla riforma della PAC : quali modifiche per le indicazioni geografiche dell&#8217;UE?\"}]},{\"@type\":\"WebSite\",\"@id\":\"https:\\\/\\\/www.arepoquality.eu\\\/#website\",\"url\":\"https:\\\/\\\/www.arepoquality.eu\\\/\",\"name\":\"AREPO\",\"description\":\"\",\"publisher\":{\"@id\":\"https:\\\/\\\/www.arepoquality.eu\\\/#organization\"},\"potentialAction\":[{\"@type\":\"SearchAction\",\"target\":{\"@type\":\"EntryPoint\",\"urlTemplate\":\"https:\\\/\\\/www.arepoquality.eu\\\/?s={search_term_string}\"},\"query-input\":{\"@type\":\"PropertyValueSpecification\",\"valueRequired\":true,\"valueName\":\"search_term_string\"}}],\"inLanguage\":\"it-IT\"},{\"@type\":\"Organization\",\"@id\":\"https:\\\/\\\/www.arepoquality.eu\\\/#organization\",\"name\":\"AREPO\",\"url\":\"https:\\\/\\\/www.arepoquality.eu\\\/\",\"logo\":{\"@type\":\"ImageObject\",\"inLanguage\":\"it-IT\",\"@id\":\"https:\\\/\\\/www.arepoquality.eu\\\/#\\\/schema\\\/logo\\\/image\\\/\",\"url\":\"https:\\\/\\\/www.arepoquality.eu\\\/wp-content\\\/uploads\\\/2024\\\/05\\\/arepo.jpg\",\"contentUrl\":\"https:\\\/\\\/www.arepoquality.eu\\\/wp-content\\\/uploads\\\/2024\\\/05\\\/arepo.jpg\",\"width\":1113,\"height\":705,\"caption\":\"AREPO\"},\"image\":{\"@id\":\"https:\\\/\\\/www.arepoquality.eu\\\/#\\\/schema\\\/logo\\\/image\\\/\"},\"sameAs\":[\"https:\\\/\\\/www.facebook.com\\\/arepoquality\\\/\",\"https:\\\/\\\/x.com\\\/arepoquality_eu\",\"https:\\\/\\\/www.linkedin.com\\\/company\\\/arepoquality\\\/?viewAsMember=true\"]},{\"@type\":\"Person\",\"@id\":\"https:\\\/\\\/www.arepoquality.eu\\\/#\\\/schema\\\/person\\\/15f7c6b22cbe9706c69d5201712ded97\",\"name\":\"Francesca Alampi\",\"url\":\"https:\\\/\\\/www.arepoquality.eu\\\/it\\\/author\\\/francesca-alampi\\\/\"}]}<\/script>\n<!-- \/ Yoast SEO plugin. -->","yoast_head_json":{"title":"La ComAgri approva l'accordo sulla riforma della PAC : quali modifiche per le indicazioni geografiche dell'UE? - AREPO","robots":{"index":"index","follow":"follow","max-snippet":"max-snippet:-1","max-image-preview":"max-image-preview:large","max-video-preview":"max-video-preview:-1"},"canonical":"https:\/\/www.arepoquality.eu\/it\/2021\/09\/14\/la-comagri-approva-laccordo-sulla-riforma-della-pac-quali-modifiche-per-le-indicazioni-geografiche-dellue\/","og_locale":"it_IT","og_type":"article","og_title":"La ComAgri approva l'accordo sulla riforma della PAC : quali modifiche per le indicazioni geografiche dell'UE? - AREPO","og_description":"Il 9 settembre, la Commissione Agricoltura e Sviluppo Rurale del Parlamento europeo (PE) ha dato il suo via libera ai tre regolamenti UE che regoleranno la politica agricola comune (PAC) 2023-2027. Se approvata dall&#8217;intero Parlamento durante la sessione plenaria di novembre, la nuova PAC introdurr\u00e0 nuove disposizioni relative ai sistemi di qualit\u00e0 dell&#8217;UE.&nbsp; Guardando al [&hellip;]","og_url":"https:\/\/www.arepoquality.eu\/it\/2021\/09\/14\/la-comagri-approva-laccordo-sulla-riforma-della-pac-quali-modifiche-per-le-indicazioni-geografiche-dellue\/","og_site_name":"AREPO","article_publisher":"https:\/\/www.facebook.com\/arepoquality\/","article_published_time":"2021-09-14T13:34:23+00:00","article_modified_time":"2021-09-14T13:34:25+00:00","author":"Francesca Alampi","twitter_card":"summary_large_image","twitter_creator":"@arepoquality_eu","twitter_site":"@arepoquality_eu","twitter_misc":{"Scritto da":"Francesca Alampi","Tempo di lettura stimato":"3 minuti"},"schema":{"@context":"https:\/\/schema.org","@graph":[{"@type":"Article","@id":"https:\/\/www.arepoquality.eu\/it\/2021\/09\/14\/la-comagri-approva-laccordo-sulla-riforma-della-pac-quali-modifiche-per-le-indicazioni-geografiche-dellue\/#article","isPartOf":{"@id":"https:\/\/www.arepoquality.eu\/it\/2021\/09\/14\/la-comagri-approva-laccordo-sulla-riforma-della-pac-quali-modifiche-per-le-indicazioni-geografiche-dellue\/"},"author":{"name":"Francesca Alampi","@id":"https:\/\/www.arepoquality.eu\/#\/schema\/person\/15f7c6b22cbe9706c69d5201712ded97"},"headline":"La ComAgri approva l&#8217;accordo sulla riforma della PAC : quali modifiche per le indicazioni geografiche dell&#8217;UE?","datePublished":"2021-09-14T13:34:23+00:00","dateModified":"2021-09-14T13:34:25+00:00","mainEntityOfPage":{"@id":"https:\/\/www.arepoquality.eu\/it\/2021\/09\/14\/la-comagri-approva-laccordo-sulla-riforma-della-pac-quali-modifiche-per-le-indicazioni-geografiche-dellue\/"},"wordCount":636,"commentCount":0,"publisher":{"@id":"https:\/\/www.arepoquality.eu\/#organization"},"articleSection":["PAC","Sistemi di qualit\u00e0"],"inLanguage":"it-IT","potentialAction":[{"@type":"CommentAction","name":"Comment","target":["https:\/\/www.arepoquality.eu\/it\/2021\/09\/14\/la-comagri-approva-laccordo-sulla-riforma-della-pac-quali-modifiche-per-le-indicazioni-geografiche-dellue\/#respond"]}]},{"@type":"WebPage","@id":"https:\/\/www.arepoquality.eu\/it\/2021\/09\/14\/la-comagri-approva-laccordo-sulla-riforma-della-pac-quali-modifiche-per-le-indicazioni-geografiche-dellue\/","url":"https:\/\/www.arepoquality.eu\/it\/2021\/09\/14\/la-comagri-approva-laccordo-sulla-riforma-della-pac-quali-modifiche-per-le-indicazioni-geografiche-dellue\/","name":"La ComAgri approva l'accordo sulla riforma della PAC : quali modifiche per le indicazioni geografiche dell'UE? - AREPO","isPartOf":{"@id":"https:\/\/www.arepoquality.eu\/#website"},"datePublished":"2021-09-14T13:34:23+00:00","dateModified":"2021-09-14T13:34:25+00:00","breadcrumb":{"@id":"https:\/\/www.arepoquality.eu\/it\/2021\/09\/14\/la-comagri-approva-laccordo-sulla-riforma-della-pac-quali-modifiche-per-le-indicazioni-geografiche-dellue\/#breadcrumb"},"inLanguage":"it-IT","potentialAction":[{"@type":"ReadAction","target":["https:\/\/www.arepoquality.eu\/it\/2021\/09\/14\/la-comagri-approva-laccordo-sulla-riforma-della-pac-quali-modifiche-per-le-indicazioni-geografiche-dellue\/"]}]},{"@type":"BreadcrumbList","@id":"https:\/\/www.arepoquality.eu\/it\/2021\/09\/14\/la-comagri-approva-laccordo-sulla-riforma-della-pac-quali-modifiche-per-le-indicazioni-geografiche-dellue\/#breadcrumb","itemListElement":[{"@type":"ListItem","position":1,"name":"Home","item":"https:\/\/www.arepoquality.eu\/"},{"@type":"ListItem","position":2,"name":"La ComAgri approva l&#8217;accordo sulla riforma della PAC : quali modifiche per le indicazioni geografiche dell&#8217;UE?"}]},{"@type":"WebSite","@id":"https:\/\/www.arepoquality.eu\/#website","url":"https:\/\/www.arepoquality.eu\/","name":"AREPO","description":"","publisher":{"@id":"https:\/\/www.arepoquality.eu\/#organization"},"potentialAction":[{"@type":"SearchAction","target":{"@type":"EntryPoint","urlTemplate":"https:\/\/www.arepoquality.eu\/?s={search_term_string}"},"query-input":{"@type":"PropertyValueSpecification","valueRequired":true,"valueName":"search_term_string"}}],"inLanguage":"it-IT"},{"@type":"Organization","@id":"https:\/\/www.arepoquality.eu\/#organization","name":"AREPO","url":"https:\/\/www.arepoquality.eu\/","logo":{"@type":"ImageObject","inLanguage":"it-IT","@id":"https:\/\/www.arepoquality.eu\/#\/schema\/logo\/image\/","url":"https:\/\/www.arepoquality.eu\/wp-content\/uploads\/2024\/05\/arepo.jpg","contentUrl":"https:\/\/www.arepoquality.eu\/wp-content\/uploads\/2024\/05\/arepo.jpg","width":1113,"height":705,"caption":"AREPO"},"image":{"@id":"https:\/\/www.arepoquality.eu\/#\/schema\/logo\/image\/"},"sameAs":["https:\/\/www.facebook.com\/arepoquality\/","https:\/\/x.com\/arepoquality_eu","https:\/\/www.linkedin.com\/company\/arepoquality\/?viewAsMember=true"]},{"@type":"Person","@id":"https:\/\/www.arepoquality.eu\/#\/schema\/person\/15f7c6b22cbe9706c69d5201712ded97","name":"Francesca Alampi","url":"https:\/\/www.arepoquality.eu\/it\/author\/francesca-alampi\/"}]}},"_links":{"self":[{"href":"https:\/\/www.arepoquality.eu\/it\/wp-json\/wp\/v2\/posts\/6773","targetHints":{"allow":["GET"]}}],"collection":[{"href":"https:\/\/www.arepoquality.eu\/it\/wp-json\/wp\/v2\/posts"}],"about":[{"href":"https:\/\/www.arepoquality.eu\/it\/wp-json\/wp\/v2\/types\/post"}],"author":[{"embeddable":true,"href":"https:\/\/www.arepoquality.eu\/it\/wp-json\/wp\/v2\/users\/3"}],"replies":[{"embeddable":true,"href":"https:\/\/www.arepoquality.eu\/it\/wp-json\/wp\/v2\/comments?post=6773"}],"version-history":[{"count":2,"href":"https:\/\/www.arepoquality.eu\/it\/wp-json\/wp\/v2\/posts\/6773\/revisions"}],"predecessor-version":[{"id":6775,"href":"https:\/\/www.arepoquality.eu\/it\/wp-json\/wp\/v2\/posts\/6773\/revisions\/6775"}],"wp:attachment":[{"href":"https:\/\/www.arepoquality.eu\/it\/wp-json\/wp\/v2\/media?parent=6773"}],"wp:term":[{"taxonomy":"category","embeddable":true,"href":"https:\/\/www.arepoquality.eu\/it\/wp-json\/wp\/v2\/categories?post=6773"},{"taxonomy":"post_tag","embeddable":true,"href":"https:\/\/www.arepoquality.eu\/it\/wp-json\/wp\/v2\/tags?post=6773"}],"curies":[{"name":"wp","href":"https:\/\/api.w.org\/{rel}","templated":true}]}}